{"id":1073,"date":"2018-05-27T23:08:44","date_gmt":"2018-05-27T23:08:44","guid":{"rendered":"http:\/\/cauceecologico.org\/?p=1073"},"modified":"2018-05-27T23:08:44","modified_gmt":"2018-05-27T23:08:44","slug":"la-crisis-evitable","status":"publish","type":"post","link":"https:\/\/cauceecologico.org\/?p=1073","title":{"rendered":"La crisis evitable"},"content":{"rendered":"<p><strong>La cat\u00e1strofe ambiental de la industria europea de la carne (informe)<\/strong><\/p>\n<p>A nivel internacional, Europa es conocida por su compromiso con el medio ambiente y su lucha contra el cambio clim\u00e1tico. Sin embargo, pese a esta preocupaci\u00f3n p\u00fablica, se mantiene un negocio que sigue encarnando la temeridad de la pasada era de contaminaci\u00f3n y destrucci\u00f3n: la industria europea de la carne. El consumo de carne ha aumentado en Europa y, de media, en 2016, se consumieron por persona alrededor de 32 kg de cerdo, 24 kg de ave, 11 kg de vacuno y 2 kg de cordero .<\/p>\n<p>La industria c\u00e1rnica depende de cantidades masivas de soja que se emplean como pienso animal para la ganader\u00eda: aproximadamente un 75% de toda la soja mundial se utiliza como pienso animal. Se destina m\u00e1s de un mill\u00f3n de kil\u00f3metros cuadrados de tierra al cultivo de la soja , un \u00e1rea casi tres veces mayor que Alemania.<\/p>\n<p><a href=\"http:\/\/alianzasistema.org\/2013\/wp-content\/uploads\/2018\/05\/la-crisis-evitable.pdf\" target=\"_blank\" rel=\"noopener\">Informe completo<\/a><\/p>\n","protected":false},"excerpt":{"rendered":"<p>La cat\u00e1strofe ambiental de la industria europea de la carne (informe) A nivel internacional, Europa es conocida por su compromiso con el medio ambiente y su lucha contra el cambio clim\u00e1tico. Sin embargo, pese a esta preocupaci\u00f3n p\u00fablica, se mantiene un negocio que sigue encarnando la temeridad de la pasada era de contaminaci\u00f3n y destrucci\u00f3n: [&hellip;]<\/p>\n","protected":false},"author":1,"featured_media":1074,"comment_status":"open","ping_status":"open","sticky":false,"template":"","format":"standard","meta":{"om_disable_all_campaigns":false,"_monsterinsights_skip_tracking":false,"amp_status":"","footnotes":""},"categories":[3],"tags":[],"class_list":["post-1073","post","type-post","status-publish","format-standard","has-post-thumbnail","hentry","category-documentos"],"aioseo_notices":[],"aioseo_head":"\n\t\t<!-- All in One SEO 4.9.10 - aioseo.com -->\n\t<meta name=\"description\" content=\"La cat\u00e1strofe ambiental de la industria europea de la carne (informe) A nivel internacional, Europa es conocida por su compromiso con el medio ambiente y su lucha contra el cambio clim\u00e1tico. Sin embargo, pese a esta preocupaci\u00f3n p\u00fablica, se mantiene un negocio que sigue encarnando la temeridad de la pasada era de contaminaci\u00f3n y destrucci\u00f3n:\" \/>\n\t<meta name=\"robots\" content=\"max-image-preview:large\" \/>\n\t<meta name=\"author\" content=\"cauceeocologico\"\/>\n\t<link rel=\"canonical\" href=\"https:\/\/cauceecologico.org\/?p=1073\" \/>\n\t<meta name=\"generator\" content=\"All in One SEO (AIOSEO) 4.9.10\" \/>\n\t\t<meta property=\"og:locale\" content=\"es_ES\" \/>\n\t\t<meta property=\"og:site_name\" content=\"CAUCE - Cultura Ambiental - Causa Ecologista\" \/>\n\t\t<meta property=\"og:type\" content=\"article\" \/>\n\t\t<meta property=\"og:title\" content=\"La crisis evitable - CAUCE\" \/>\n\t\t<meta property=\"og:description\" content=\"La cat\u00e1strofe ambiental de la industria europea de la carne (informe) A nivel internacional, Europa es conocida por su compromiso con el medio ambiente y su lucha contra el cambio clim\u00e1tico. Sin embargo, pese a esta preocupaci\u00f3n p\u00fablica, se mantiene un negocio que sigue encarnando la temeridad de la pasada era de contaminaci\u00f3n y destrucci\u00f3n:\" \/>\n\t\t<meta property=\"og:url\" content=\"https:\/\/cauceecologico.org\/?p=1073\" \/>\n\t\t<meta property=\"article:published_time\" content=\"2018-05-27T23:08:44+00:00\" \/>\n\t\t<meta property=\"article:modified_time\" content=\"2018-05-27T23:08:44+00:00\" \/>\n\t\t<meta name=\"twitter:card\" content=\"summary_large_image\" \/>\n\t\t<meta name=\"twitter:title\" content=\"La crisis evitable - CAUCE\" \/>\n\t\t<meta name=\"twitter:description\" content=\"La cat\u00e1strofe ambiental de la industria europea de la carne (informe) A nivel internacional, Europa es conocida por su compromiso con el medio ambiente y su lucha contra el cambio clim\u00e1tico. Sin embargo, pese a esta preocupaci\u00f3n p\u00fablica, se mantiene un negocio que sigue encarnando la temeridad de la pasada era de contaminaci\u00f3n y destrucci\u00f3n:\" \/>\n\t\t<script type=\"application\/ld+json\" class=\"aioseo-schema\">\n\t\t\t{\"@context\":\"https:\\\/\\\/schema.org\",\"@graph\":[{\"@type\":\"BlogPosting\",\"@id\":\"https:\\\/\\\/cauceecologico.org\\\/?p=1073#blogposting\",\"name\":\"La crisis evitable - CAUCE\",\"headline\":\"La crisis evitable\",\"author\":{\"@id\":\"https:\\\/\\\/cauceecologico.org\\\/?author=1#author\"},\"publisher\":{\"@id\":\"https:\\\/\\\/cauceecologico.org\\\/#organization\"},\"image\":{\"@type\":\"ImageObject\",\"url\":\"https:\\\/\\\/cauceecologico.org\\\/wp-content\\\/uploads\\\/2018\\\/05\\\/crisis1.jpg\",\"width\":1000,\"height\":666},\"datePublished\":\"2018-05-27T23:08:44+00:00\",\"dateModified\":\"2018-05-27T23:08:44+00:00\",\"inLanguage\":\"es-ES\",\"mainEntityOfPage\":{\"@id\":\"https:\\\/\\\/cauceecologico.org\\\/?p=1073#webpage\"},\"isPartOf\":{\"@id\":\"https:\\\/\\\/cauceecologico.org\\\/?p=1073#webpage\"},\"articleSection\":\"Documentos\"},{\"@type\":\"BreadcrumbList\",\"@id\":\"https:\\\/\\\/cauceecologico.org\\\/?p=1073#breadcrumblist\",\"itemListElement\":[{\"@type\":\"ListItem\",\"@id\":\"https:\\\/\\\/cauceecologico.org#listItem\",\"position\":1,\"name\":\"Home\",\"item\":\"https:\\\/\\\/cauceecologico.org\",\"nextItem\":{\"@type\":\"ListItem\",\"@id\":\"https:\\\/\\\/cauceecologico.org\\\/?cat=3#listItem\",\"name\":\"Documentos\"}},{\"@type\":\"ListItem\",\"@id\":\"https:\\\/\\\/cauceecologico.org\\\/?cat=3#listItem\",\"position\":2,\"name\":\"Documentos\",\"item\":\"https:\\\/\\\/cauceecologico.org\\\/?cat=3\",\"nextItem\":{\"@type\":\"ListItem\",\"@id\":\"https:\\\/\\\/cauceecologico.org\\\/?p=1073#listItem\",\"name\":\"La crisis evitable\"},\"previousItem\":{\"@type\":\"ListItem\",\"@id\":\"https:\\\/\\\/cauceecologico.org#listItem\",\"name\":\"Home\"}},{\"@type\":\"ListItem\",\"@id\":\"https:\\\/\\\/cauceecologico.org\\\/?p=1073#listItem\",\"position\":3,\"name\":\"La crisis evitable\",\"previousItem\":{\"@type\":\"ListItem\",\"@id\":\"https:\\\/\\\/cauceecologico.org\\\/?cat=3#listItem\",\"name\":\"Documentos\"}}]},{\"@type\":\"Organization\",\"@id\":\"https:\\\/\\\/cauceecologico.org\\\/#organization\",\"name\":\"CAUCE\",\"description\":\"Cultura Ambiental - Causa Ecologista\",\"url\":\"https:\\\/\\\/cauceecologico.org\\\/\"},{\"@type\":\"Person\",\"@id\":\"https:\\\/\\\/cauceecologico.org\\\/?author=1#author\",\"url\":\"https:\\\/\\\/cauceecologico.org\\\/?author=1\",\"name\":\"cauceeocologico\",\"image\":{\"@type\":\"ImageObject\",\"@id\":\"https:\\\/\\\/cauceecologico.org\\\/?p=1073#authorImage\",\"url\":\"https:\\\/\\\/secure.gravatar.com\\\/avatar\\\/d0be34204ab9efc02d886ce6b78f47072ff93360b704d3705db84f1385e4e7ce?s=96&d=mm&r=g\",\"width\":96,\"height\":96,\"caption\":\"cauceeocologico\"}},{\"@type\":\"WebPage\",\"@id\":\"https:\\\/\\\/cauceecologico.org\\\/?p=1073#webpage\",\"url\":\"https:\\\/\\\/cauceecologico.org\\\/?p=1073\",\"name\":\"La crisis evitable - CAUCE\",\"description\":\"La cat\\u00e1strofe ambiental de la industria europea de la carne (informe) A nivel internacional, Europa es conocida por su compromiso con el medio ambiente y su lucha contra el cambio clim\\u00e1tico. Sin embargo, pese a esta preocupaci\\u00f3n p\\u00fablica, se mantiene un negocio que sigue encarnando la temeridad de la pasada era de contaminaci\\u00f3n y destrucci\\u00f3n:\",\"inLanguage\":\"es-ES\",\"isPartOf\":{\"@id\":\"https:\\\/\\\/cauceecologico.org\\\/#website\"},\"breadcrumb\":{\"@id\":\"https:\\\/\\\/cauceecologico.org\\\/?p=1073#breadcrumblist\"},\"author\":{\"@id\":\"https:\\\/\\\/cauceecologico.org\\\/?author=1#author\"},\"creator\":{\"@id\":\"https:\\\/\\\/cauceecologico.org\\\/?author=1#author\"},\"image\":{\"@type\":\"ImageObject\",\"url\":\"https:\\\/\\\/cauceecologico.org\\\/wp-content\\\/uploads\\\/2018\\\/05\\\/crisis1.jpg\",\"@id\":\"https:\\\/\\\/cauceecologico.org\\\/?p=1073\\\/#mainImage\",\"width\":1000,\"height\":666},\"primaryImageOfPage\":{\"@id\":\"https:\\\/\\\/cauceecologico.org\\\/?p=1073#mainImage\"},\"datePublished\":\"2018-05-27T23:08:44+00:00\",\"dateModified\":\"2018-05-27T23:08:44+00:00\"},{\"@type\":\"WebSite\",\"@id\":\"https:\\\/\\\/cauceecologico.org\\\/#website\",\"url\":\"https:\\\/\\\/cauceecologico.org\\\/\",\"name\":\"CAUCE\",\"description\":\"Cultura Ambiental - Causa Ecologista\",\"inLanguage\":\"es-ES\",\"publisher\":{\"@id\":\"https:\\\/\\\/cauceecologico.org\\\/#organization\"}}]}\n\t\t<\/script>\n\t\t<!-- All in One SEO -->\n\n","aioseo_head_json":{"title":"La crisis evitable - CAUCE","description":"La cat\u00e1strofe ambiental de la industria europea de la carne (informe) A nivel internacional, Europa es conocida por su compromiso con el medio ambiente y su lucha contra el cambio clim\u00e1tico. Sin embargo, pese a esta preocupaci\u00f3n p\u00fablica, se mantiene un negocio que sigue encarnando la temeridad de la pasada era de contaminaci\u00f3n y destrucci\u00f3n:","canonical_url":"https:\/\/cauceecologico.org\/?p=1073","robots":"max-image-preview:large","keywords":"","webmasterTools":{"miscellaneous":""},"schema":{"@context":"https:\/\/schema.org","@graph":[{"@type":"BlogPosting","@id":"https:\/\/cauceecologico.org\/?p=1073#blogposting","name":"La crisis evitable - CAUCE","headline":"La crisis evitable","author":{"@id":"https:\/\/cauceecologico.org\/?author=1#author"},"publisher":{"@id":"https:\/\/cauceecologico.org\/#organization"},"image":{"@type":"ImageObject","url":"https:\/\/cauceecologico.org\/wp-content\/uploads\/2018\/05\/crisis1.jpg","width":1000,"height":666},"datePublished":"2018-05-27T23:08:44+00:00","dateModified":"2018-05-27T23:08:44+00:00","inLanguage":"es-ES","mainEntityOfPage":{"@id":"https:\/\/cauceecologico.org\/?p=1073#webpage"},"isPartOf":{"@id":"https:\/\/cauceecologico.org\/?p=1073#webpage"},"articleSection":"Documentos"},{"@type":"BreadcrumbList","@id":"https:\/\/cauceecologico.org\/?p=1073#breadcrumblist","itemListElement":[{"@type":"ListItem","@id":"https:\/\/cauceecologico.org#listItem","position":1,"name":"Home","item":"https:\/\/cauceecologico.org","nextItem":{"@type":"ListItem","@id":"https:\/\/cauceecologico.org\/?cat=3#listItem","name":"Documentos"}},{"@type":"ListItem","@id":"https:\/\/cauceecologico.org\/?cat=3#listItem","position":2,"name":"Documentos","item":"https:\/\/cauceecologico.org\/?cat=3","nextItem":{"@type":"ListItem","@id":"https:\/\/cauceecologico.org\/?p=1073#listItem","name":"La crisis evitable"},"previousItem":{"@type":"ListItem","@id":"https:\/\/cauceecologico.org#listItem","name":"Home"}},{"@type":"ListItem","@id":"https:\/\/cauceecologico.org\/?p=1073#listItem","position":3,"name":"La crisis evitable","previousItem":{"@type":"ListItem","@id":"https:\/\/cauceecologico.org\/?cat=3#listItem","name":"Documentos"}}]},{"@type":"Organization","@id":"https:\/\/cauceecologico.org\/#organization","name":"CAUCE","description":"Cultura Ambiental - Causa Ecologista","url":"https:\/\/cauceecologico.org\/"},{"@type":"Person","@id":"https:\/\/cauceecologico.org\/?author=1#author","url":"https:\/\/cauceecologico.org\/?author=1","name":"cauceeocologico","image":{"@type":"ImageObject","@id":"https:\/\/cauceecologico.org\/?p=1073#authorImage","url":"https:\/\/secure.gravatar.com\/avatar\/d0be34204ab9efc02d886ce6b78f47072ff93360b704d3705db84f1385e4e7ce?s=96&d=mm&r=g","width":96,"height":96,"caption":"cauceeocologico"}},{"@type":"WebPage","@id":"https:\/\/cauceecologico.org\/?p=1073#webpage","url":"https:\/\/cauceecologico.org\/?p=1073","name":"La crisis evitable - CAUCE","description":"La cat\u00e1strofe ambiental de la industria europea de la carne (informe) A nivel internacional, Europa es conocida por su compromiso con el medio ambiente y su lucha contra el cambio clim\u00e1tico. Sin embargo, pese a esta preocupaci\u00f3n p\u00fablica, se mantiene un negocio que sigue encarnando la temeridad de la pasada era de contaminaci\u00f3n y destrucci\u00f3n:","inLanguage":"es-ES","isPartOf":{"@id":"https:\/\/cauceecologico.org\/#website"},"breadcrumb":{"@id":"https:\/\/cauceecologico.org\/?p=1073#breadcrumblist"},"author":{"@id":"https:\/\/cauceecologico.org\/?author=1#author"},"creator":{"@id":"https:\/\/cauceecologico.org\/?author=1#author"},"image":{"@type":"ImageObject","url":"https:\/\/cauceecologico.org\/wp-content\/uploads\/2018\/05\/crisis1.jpg","@id":"https:\/\/cauceecologico.org\/?p=1073\/#mainImage","width":1000,"height":666},"primaryImageOfPage":{"@id":"https:\/\/cauceecologico.org\/?p=1073#mainImage"},"datePublished":"2018-05-27T23:08:44+00:00","dateModified":"2018-05-27T23:08:44+00:00"},{"@type":"WebSite","@id":"https:\/\/cauceecologico.org\/#website","url":"https:\/\/cauceecologico.org\/","name":"CAUCE","description":"Cultura Ambiental - Causa Ecologista","inLanguage":"es-ES","publisher":{"@id":"https:\/\/cauceecologico.org\/#organization"}}]},"og:locale":"es_ES","og:site_name":"CAUCE - Cultura Ambiental - Causa Ecologista","og:type":"article","og:title":"La crisis evitable - CAUCE","og:description":"La cat\u00e1strofe ambiental de la industria europea de la carne (informe) A nivel internacional, Europa es conocida por su compromiso con el medio ambiente y su lucha contra el cambio clim\u00e1tico. Sin embargo, pese a esta preocupaci\u00f3n p\u00fablica, se mantiene un negocio que sigue encarnando la temeridad de la pasada era de contaminaci\u00f3n y destrucci\u00f3n:","og:url":"https:\/\/cauceecologico.org\/?p=1073","article:published_time":"2018-05-27T23:08:44+00:00","article:modified_time":"2018-05-27T23:08:44+00:00","twitter:card":"summary_large_image","twitter:title":"La crisis evitable - CAUCE","twitter:description":"La cat\u00e1strofe ambiental de la industria europea de la carne (informe) A nivel internacional, Europa es conocida por su compromiso con el medio ambiente y su lucha contra el cambio clim\u00e1tico. Sin embargo, pese a esta preocupaci\u00f3n p\u00fablica, se mantiene un negocio que sigue encarnando la temeridad de la pasada era de contaminaci\u00f3n y destrucci\u00f3n:"},"aioseo_meta_data":{"post_id":"1073","title":null,"description":null,"keywords":null,"keyphrases":null,"primary_term":null,"canonical_url":null,"og_title":null,"og_description":null,"og_object_type":"default","og_image_type":"default","og_image_url":null,"og_image_width":null,"og_image_height":null,"og_image_custom_url":null,"og_image_custom_fields":null,"og_video":null,"og_custom_url":null,"og_article_section":null,"og_article_tags":null,"twitter_use_og":false,"twitter_card":"default","twitter_image_type":"default","twitter_image_url":null,"twitter_image_custom_url":null,"twitter_image_custom_fields":null,"twitter_title":null,"twitter_description":null,"schema":{"blockGraphs":[],"customGraphs":[],"default":{"data":{"Article":[],"Course":[],"Dataset":[],"FAQPage":[],"Movie":[],"Person":[],"Product":[],"ProductReview":[],"Car":[],"Recipe":[],"Service":[],"SoftwareApplication":[],"WebPage":[]},"graphName":"","isEnabled":true},"graphs":[]},"schema_type":"default","schema_type_options":null,"pillar_content":false,"robots_default":true,"robots_noindex":false,"robots_noarchive":false,"robots_nosnippet":false,"robots_nofollow":false,"robots_noimageindex":false,"robots_noodp":false,"robots_notranslate":false,"robots_max_snippet":null,"robots_max_videopreview":null,"robots_max_imagepreview":"large","priority":null,"frequency":null,"local_seo":null,"limit_modified_date":false,"created":"2023-03-16 20:14:29","updated":"2026-07-28 00:31:00","ai":null,"breadcrumb_settings":null,"seo_analyzer_scan_date":null},"aioseo_breadcrumb":"<div class=\"aioseo-breadcrumbs\"><span class=\"aioseo-breadcrumb\">\n\t\t\t<a href=\"https:\/\/cauceecologico.org\" title=\"Home\">Home<\/a>\n\t\t<\/span><span class=\"aioseo-breadcrumb-separator\">&raquo;<\/span><span class=\"aioseo-breadcrumb\">\n\t\t\t<a href=\"https:\/\/cauceecologico.org\/?cat=3\" title=\"Documentos\">Documentos<\/a>\n\t\t<\/span><span class=\"aioseo-breadcrumb-separator\">&raquo;<\/span><span class=\"aioseo-breadcrumb\">\n\t\t\tLa crisis evitable\n\t\t<\/span><\/div>","aioseo_breadcrumb_json":[{"label":"Home","link":"https:\/\/cauceecologico.org"},{"label":"Documentos","link":"https:\/\/cauceecologico.org\/?cat=3"},{"label":"La crisis evitable","link":"https:\/\/cauceecologico.org\/?p=1073"}],"_links":{"self":[{"href":"https:\/\/cauceecologico.org\/index.php?rest_route=\/wp\/v2\/posts\/1073","targetHints":{"allow":["GET"]}}],"collection":[{"href":"https:\/\/cauceecologico.org\/index.php?rest_route=\/wp\/v2\/posts"}],"about":[{"href":"https:\/\/cauceecologico.org\/index.php?rest_route=\/wp\/v2\/types\/post"}],"author":[{"embeddable":true,"href":"https:\/\/cauceecologico.org\/index.php?rest_route=\/wp\/v2\/users\/1"}],"replies":[{"embeddable":true,"href":"https:\/\/cauceecologico.org\/index.php?rest_route=%2Fwp%2Fv2%2Fcomments&post=1073"}],"version-history":[{"count":1,"href":"https:\/\/cauceecologico.org\/index.php?rest_route=\/wp\/v2\/posts\/1073\/revisions"}],"predecessor-version":[{"id":1075,"href":"https:\/\/cauceecologico.org\/index.php?rest_route=\/wp\/v2\/posts\/1073\/revisions\/1075"}],"wp:featuredmedia":[{"embeddable":true,"href":"https:\/\/cauceecologico.org\/index.php?rest_route=\/wp\/v2\/media\/1074"}],"wp:attachment":[{"href":"https:\/\/cauceecologico.org\/index.php?rest_route=%2Fwp%2Fv2%2Fmedia&parent=1073"}],"wp:term":[{"taxonomy":"category","embeddable":true,"href":"https:\/\/cauceecologico.org\/index.php?rest_route=%2Fwp%2Fv2%2Fcategories&post=1073"},{"taxonomy":"post_tag","embeddable":true,"href":"https:\/\/cauceecologico.org\/index.php?rest_route=%2Fwp%2Fv2%2Ftags&post=1073"}],"curies":[{"name":"wp","href":"https:\/\/api.w.org\/{rel}","templated":true}]}}