{"id":1077,"date":"2018-05-27T23:35:21","date_gmt":"2018-05-27T23:35:21","guid":{"rendered":"http:\/\/cauceecologico.org\/?p=1077"},"modified":"2018-05-27T23:37:42","modified_gmt":"2018-05-27T23:37:42","slug":"puente-cauce-se-reunio-con-organizaciones-de-santa-fe","status":"publish","type":"post","link":"https:\/\/cauceecologico.org\/?p=1077","title":{"rendered":"Puente: CAUCE se reuni\u00f3 con organizaciones de Santa Fe"},"content":{"rendered":"<p>Acompa\u00f1ando al movimiento Despierta Paran\u00e1, la Fundaci\u00f3n CAUCE (Cultura Ambiental-Causa Ecologista) particip\u00f3 d\u00edas atr\u00e1s de una reuni\u00f3n con distintas organizaciones de la vecina ciudad de Santa Fe. El prop\u00f3sito del encuentro fue evaluar una agenda com\u00fan de acciones frente al proyecto del puente Paran\u00e1-Santa Fe, que en la traza planteada afecta de modo directo a cientos de vecinos de ambas orillas, \u00a0atropella un \u00e1rea natural protegida y avanza contra el paisaje de la capital entrerriana en uno de sus perfiles m\u00e1s ic\u00f3nicos y reconocibles.<\/p>\n<p>La doctora Valeria Enderle, directora ejecutiva de CAUCE, particip\u00f3 junto a H\u00e9ctor Luis Fischbach y Patricia Pajares -del movimiento Despierta Paran\u00e1- en un encuentro realizado en Colastin\u00e9 Sur con diferentes organizaciones de Santa Fe.<\/p>\n<p>\u201cLa reuni\u00f3n fue positiva, pudimos escuchar las inquietudes de ellos en relaci\u00f3n a c\u00f3mo actuar frente al proyecto de la traza planteada\u201d, describi\u00f3 Enderle y se\u00f1al\u00f3 que \u201cnuestra propuesta en este sentido fue muy clara: defender a los vecinos, defender la salud, las islas, el r\u00edo, el paisaje y decir no a esta traza\u201d.<\/p>\n<p>En ese marco, coment\u00f3 la profesional, surgi\u00f3 la iniciativa de constituir en Santa Fe un espacio de confluencia para reunir fuerzas y voces que puedan poner en agenda la posici\u00f3n de los vecinos frente a un proyecto que afecta a las dos orillas en sus bienes m\u00e1s sensibles.<\/p>\n<p>En definitiva, el encuentro fue el punto de partida para un trabajo conjunto que, en lo sucesivo, tendr\u00e1 nuevas instancias de intercambio y una agenda com\u00fan para defender a los ciudadanos, los bienes naturales, la salud y el paisaje.<\/p>\n","protected":false},"excerpt":{"rendered":"<p>Acompa\u00f1ando al movimiento Despierta Paran\u00e1, la Fundaci\u00f3n CAUCE (Cultura Ambiental-Causa Ecologista) particip\u00f3 d\u00edas atr\u00e1s de una reuni\u00f3n con distintas organizaciones de la vecina ciudad de Santa Fe. El prop\u00f3sito del encuentro fue evaluar una agenda com\u00fan de acciones frente al proyecto del puente Paran\u00e1-Santa Fe, que en la traza planteada afecta de modo directo a [&hellip;]<\/p>\n","protected":false},"author":1,"featured_media":1078,"comment_status":"open","ping_status":"open","sticky":false,"template":"","format":"standard","meta":{"om_disable_all_campaigns":false,"_monsterinsights_skip_tracking":false,"amp_status":"","footnotes":""},"categories":[6,5],"tags":[],"class_list":["post-1077","post","type-post","status-publish","format-standard","has-post-thumbnail","hentry","category-destacados","category-noticias"],"aioseo_notices":[],"aioseo_head":"\n\t\t<!-- All in One SEO 4.9.10 - aioseo.com -->\n\t<meta name=\"description\" content=\"Acompa\u00f1ando al movimiento Despierta Paran\u00e1, la Fundaci\u00f3n CAUCE (Cultura Ambiental-Causa Ecologista) particip\u00f3 d\u00edas atr\u00e1s de una reuni\u00f3n con distintas organizaciones de la vecina ciudad de Santa Fe. El prop\u00f3sito del encuentro fue evaluar una agenda com\u00fan de acciones frente al proyecto del puente Paran\u00e1-Santa Fe, que en la traza planteada afecta de modo directo a\" \/>\n\t<meta name=\"robots\" content=\"max-image-preview:large\" \/>\n\t<meta name=\"author\" content=\"cauceeocologico\"\/>\n\t<link rel=\"canonical\" href=\"https:\/\/cauceecologico.org\/?p=1077\" \/>\n\t<meta name=\"generator\" content=\"All in One SEO (AIOSEO) 4.9.10\" \/>\n\t\t<meta property=\"og:locale\" content=\"es_ES\" \/>\n\t\t<meta property=\"og:site_name\" content=\"CAUCE - Cultura Ambiental - Causa Ecologista\" \/>\n\t\t<meta property=\"og:type\" content=\"article\" \/>\n\t\t<meta property=\"og:title\" content=\"Puente: CAUCE se reuni\u00f3 con organizaciones de Santa Fe - CAUCE\" \/>\n\t\t<meta property=\"og:description\" content=\"Acompa\u00f1ando al movimiento Despierta Paran\u00e1, la Fundaci\u00f3n CAUCE (Cultura Ambiental-Causa Ecologista) particip\u00f3 d\u00edas atr\u00e1s de una reuni\u00f3n con distintas organizaciones de la vecina ciudad de Santa Fe. El prop\u00f3sito del encuentro fue evaluar una agenda com\u00fan de acciones frente al proyecto del puente Paran\u00e1-Santa Fe, que en la traza planteada afecta de modo directo a\" \/>\n\t\t<meta property=\"og:url\" content=\"https:\/\/cauceecologico.org\/?p=1077\" \/>\n\t\t<meta property=\"article:published_time\" content=\"2018-05-27T23:35:21+00:00\" \/>\n\t\t<meta property=\"article:modified_time\" content=\"2018-05-27T23:37:42+00:00\" \/>\n\t\t<meta name=\"twitter:card\" content=\"summary_large_image\" \/>\n\t\t<meta name=\"twitter:title\" content=\"Puente: CAUCE se reuni\u00f3 con organizaciones de Santa Fe - CAUCE\" \/>\n\t\t<meta name=\"twitter:description\" content=\"Acompa\u00f1ando al movimiento Despierta Paran\u00e1, la Fundaci\u00f3n CAUCE (Cultura Ambiental-Causa Ecologista) particip\u00f3 d\u00edas atr\u00e1s de una reuni\u00f3n con distintas organizaciones de la vecina ciudad de Santa Fe. El prop\u00f3sito del encuentro fue evaluar una agenda com\u00fan de acciones frente al proyecto del puente Paran\u00e1-Santa Fe, que en la traza planteada afecta de modo directo a\" \/>\n\t\t<script type=\"application\/ld+json\" class=\"aioseo-schema\">\n\t\t\t{\"@context\":\"https:\\\/\\\/schema.org\",\"@graph\":[{\"@type\":\"BlogPosting\",\"@id\":\"https:\\\/\\\/cauceecologico.org\\\/?p=1077#blogposting\",\"name\":\"Puente: CAUCE se reuni\\u00f3 con organizaciones de Santa Fe - CAUCE\",\"headline\":\"Puente: CAUCE se reuni\\u00f3 con organizaciones de Santa Fe\",\"author\":{\"@id\":\"https:\\\/\\\/cauceecologico.org\\\/?author=1#author\"},\"publisher\":{\"@id\":\"https:\\\/\\\/cauceecologico.org\\\/#organization\"},\"image\":{\"@type\":\"ImageObject\",\"url\":\"https:\\\/\\\/cauceecologico.org\\\/wp-content\\\/uploads\\\/2018\\\/05\\\/santa-fe-puente.jpg\",\"width\":1280,\"height\":960},\"datePublished\":\"2018-05-27T23:35:21+00:00\",\"dateModified\":\"2018-05-27T23:37:42+00:00\",\"inLanguage\":\"es-ES\",\"mainEntityOfPage\":{\"@id\":\"https:\\\/\\\/cauceecologico.org\\\/?p=1077#webpage\"},\"isPartOf\":{\"@id\":\"https:\\\/\\\/cauceecologico.org\\\/?p=1077#webpage\"},\"articleSection\":\"Destacados, Noticias\"},{\"@type\":\"BreadcrumbList\",\"@id\":\"https:\\\/\\\/cauceecologico.org\\\/?p=1077#breadcrumblist\",\"itemListElement\":[{\"@type\":\"ListItem\",\"@id\":\"https:\\\/\\\/cauceecologico.org#listItem\",\"position\":1,\"name\":\"Home\",\"item\":\"https:\\\/\\\/cauceecologico.org\",\"nextItem\":{\"@type\":\"ListItem\",\"@id\":\"https:\\\/\\\/cauceecologico.org\\\/?cat=5#listItem\",\"name\":\"Noticias\"}},{\"@type\":\"ListItem\",\"@id\":\"https:\\\/\\\/cauceecologico.org\\\/?cat=5#listItem\",\"position\":2,\"name\":\"Noticias\",\"item\":\"https:\\\/\\\/cauceecologico.org\\\/?cat=5\",\"nextItem\":{\"@type\":\"ListItem\",\"@id\":\"https:\\\/\\\/cauceecologico.org\\\/?p=1077#listItem\",\"name\":\"Puente: CAUCE se reuni\\u00f3 con organizaciones de Santa Fe\"},\"previousItem\":{\"@type\":\"ListItem\",\"@id\":\"https:\\\/\\\/cauceecologico.org#listItem\",\"name\":\"Home\"}},{\"@type\":\"ListItem\",\"@id\":\"https:\\\/\\\/cauceecologico.org\\\/?p=1077#listItem\",\"position\":3,\"name\":\"Puente: CAUCE se reuni\\u00f3 con organizaciones de Santa Fe\",\"previousItem\":{\"@type\":\"ListItem\",\"@id\":\"https:\\\/\\\/cauceecologico.org\\\/?cat=5#listItem\",\"name\":\"Noticias\"}}]},{\"@type\":\"Organization\",\"@id\":\"https:\\\/\\\/cauceecologico.org\\\/#organization\",\"name\":\"CAUCE\",\"description\":\"Cultura Ambiental - Causa Ecologista\",\"url\":\"https:\\\/\\\/cauceecologico.org\\\/\"},{\"@type\":\"Person\",\"@id\":\"https:\\\/\\\/cauceecologico.org\\\/?author=1#author\",\"url\":\"https:\\\/\\\/cauceecologico.org\\\/?author=1\",\"name\":\"cauceeocologico\",\"image\":{\"@type\":\"ImageObject\",\"@id\":\"https:\\\/\\\/cauceecologico.org\\\/?p=1077#authorImage\",\"url\":\"https:\\\/\\\/secure.gravatar.com\\\/avatar\\\/d0be34204ab9efc02d886ce6b78f47072ff93360b704d3705db84f1385e4e7ce?s=96&d=mm&r=g\",\"width\":96,\"height\":96,\"caption\":\"cauceeocologico\"}},{\"@type\":\"WebPage\",\"@id\":\"https:\\\/\\\/cauceecologico.org\\\/?p=1077#webpage\",\"url\":\"https:\\\/\\\/cauceecologico.org\\\/?p=1077\",\"name\":\"Puente: CAUCE se reuni\\u00f3 con organizaciones de Santa Fe - CAUCE\",\"description\":\"Acompa\\u00f1ando al movimiento Despierta Paran\\u00e1, la Fundaci\\u00f3n CAUCE (Cultura Ambiental-Causa Ecologista) particip\\u00f3 d\\u00edas atr\\u00e1s de una reuni\\u00f3n con distintas organizaciones de la vecina ciudad de Santa Fe. El prop\\u00f3sito del encuentro fue evaluar una agenda com\\u00fan de acciones frente al proyecto del puente Paran\\u00e1-Santa Fe, que en la traza planteada afecta de modo directo a\",\"inLanguage\":\"es-ES\",\"isPartOf\":{\"@id\":\"https:\\\/\\\/cauceecologico.org\\\/#website\"},\"breadcrumb\":{\"@id\":\"https:\\\/\\\/cauceecologico.org\\\/?p=1077#breadcrumblist\"},\"author\":{\"@id\":\"https:\\\/\\\/cauceecologico.org\\\/?author=1#author\"},\"creator\":{\"@id\":\"https:\\\/\\\/cauceecologico.org\\\/?author=1#author\"},\"image\":{\"@type\":\"ImageObject\",\"url\":\"https:\\\/\\\/cauceecologico.org\\\/wp-content\\\/uploads\\\/2018\\\/05\\\/santa-fe-puente.jpg\",\"@id\":\"https:\\\/\\\/cauceecologico.org\\\/?p=1077\\\/#mainImage\",\"width\":1280,\"height\":960},\"primaryImageOfPage\":{\"@id\":\"https:\\\/\\\/cauceecologico.org\\\/?p=1077#mainImage\"},\"datePublished\":\"2018-05-27T23:35:21+00:00\",\"dateModified\":\"2018-05-27T23:37:42+00:00\"},{\"@type\":\"WebSite\",\"@id\":\"https:\\\/\\\/cauceecologico.org\\\/#website\",\"url\":\"https:\\\/\\\/cauceecologico.org\\\/\",\"name\":\"CAUCE\",\"description\":\"Cultura Ambiental - Causa Ecologista\",\"inLanguage\":\"es-ES\",\"publisher\":{\"@id\":\"https:\\\/\\\/cauceecologico.org\\\/#organization\"}}]}\n\t\t<\/script>\n\t\t<!-- All in One SEO -->\n\n","aioseo_head_json":{"title":"Puente: CAUCE se reuni\u00f3 con organizaciones de Santa Fe - CAUCE","description":"Acompa\u00f1ando al movimiento Despierta Paran\u00e1, la Fundaci\u00f3n CAUCE (Cultura Ambiental-Causa Ecologista) particip\u00f3 d\u00edas atr\u00e1s de una reuni\u00f3n con distintas organizaciones de la vecina ciudad de Santa Fe. El prop\u00f3sito del encuentro fue evaluar una agenda com\u00fan de acciones frente al proyecto del puente Paran\u00e1-Santa Fe, que en la traza planteada afecta de modo directo a","canonical_url":"https:\/\/cauceecologico.org\/?p=1077","robots":"max-image-preview:large","keywords":"","webmasterTools":{"miscellaneous":""},"schema":{"@context":"https:\/\/schema.org","@graph":[{"@type":"BlogPosting","@id":"https:\/\/cauceecologico.org\/?p=1077#blogposting","name":"Puente: CAUCE se reuni\u00f3 con organizaciones de Santa Fe - CAUCE","headline":"Puente: CAUCE se reuni\u00f3 con organizaciones de Santa Fe","author":{"@id":"https:\/\/cauceecologico.org\/?author=1#author"},"publisher":{"@id":"https:\/\/cauceecologico.org\/#organization"},"image":{"@type":"ImageObject","url":"https:\/\/cauceecologico.org\/wp-content\/uploads\/2018\/05\/santa-fe-puente.jpg","width":1280,"height":960},"datePublished":"2018-05-27T23:35:21+00:00","dateModified":"2018-05-27T23:37:42+00:00","inLanguage":"es-ES","mainEntityOfPage":{"@id":"https:\/\/cauceecologico.org\/?p=1077#webpage"},"isPartOf":{"@id":"https:\/\/cauceecologico.org\/?p=1077#webpage"},"articleSection":"Destacados, Noticias"},{"@type":"BreadcrumbList","@id":"https:\/\/cauceecologico.org\/?p=1077#breadcrumblist","itemListElement":[{"@type":"ListItem","@id":"https:\/\/cauceecologico.org#listItem","position":1,"name":"Home","item":"https:\/\/cauceecologico.org","nextItem":{"@type":"ListItem","@id":"https:\/\/cauceecologico.org\/?cat=5#listItem","name":"Noticias"}},{"@type":"ListItem","@id":"https:\/\/cauceecologico.org\/?cat=5#listItem","position":2,"name":"Noticias","item":"https:\/\/cauceecologico.org\/?cat=5","nextItem":{"@type":"ListItem","@id":"https:\/\/cauceecologico.org\/?p=1077#listItem","name":"Puente: CAUCE se reuni\u00f3 con organizaciones de Santa Fe"},"previousItem":{"@type":"ListItem","@id":"https:\/\/cauceecologico.org#listItem","name":"Home"}},{"@type":"ListItem","@id":"https:\/\/cauceecologico.org\/?p=1077#listItem","position":3,"name":"Puente: CAUCE se reuni\u00f3 con organizaciones de Santa Fe","previousItem":{"@type":"ListItem","@id":"https:\/\/cauceecologico.org\/?cat=5#listItem","name":"Noticias"}}]},{"@type":"Organization","@id":"https:\/\/cauceecologico.org\/#organization","name":"CAUCE","description":"Cultura Ambiental - Causa Ecologista","url":"https:\/\/cauceecologico.org\/"},{"@type":"Person","@id":"https:\/\/cauceecologico.org\/?author=1#author","url":"https:\/\/cauceecologico.org\/?author=1","name":"cauceeocologico","image":{"@type":"ImageObject","@id":"https:\/\/cauceecologico.org\/?p=1077#authorImage","url":"https:\/\/secure.gravatar.com\/avatar\/d0be34204ab9efc02d886ce6b78f47072ff93360b704d3705db84f1385e4e7ce?s=96&d=mm&r=g","width":96,"height":96,"caption":"cauceeocologico"}},{"@type":"WebPage","@id":"https:\/\/cauceecologico.org\/?p=1077#webpage","url":"https:\/\/cauceecologico.org\/?p=1077","name":"Puente: CAUCE se reuni\u00f3 con organizaciones de Santa Fe - CAUCE","description":"Acompa\u00f1ando al movimiento Despierta Paran\u00e1, la Fundaci\u00f3n CAUCE (Cultura Ambiental-Causa Ecologista) particip\u00f3 d\u00edas atr\u00e1s de una reuni\u00f3n con distintas organizaciones de la vecina ciudad de Santa Fe. El prop\u00f3sito del encuentro fue evaluar una agenda com\u00fan de acciones frente al proyecto del puente Paran\u00e1-Santa Fe, que en la traza planteada afecta de modo directo a","inLanguage":"es-ES","isPartOf":{"@id":"https:\/\/cauceecologico.org\/#website"},"breadcrumb":{"@id":"https:\/\/cauceecologico.org\/?p=1077#breadcrumblist"},"author":{"@id":"https:\/\/cauceecologico.org\/?author=1#author"},"creator":{"@id":"https:\/\/cauceecologico.org\/?author=1#author"},"image":{"@type":"ImageObject","url":"https:\/\/cauceecologico.org\/wp-content\/uploads\/2018\/05\/santa-fe-puente.jpg","@id":"https:\/\/cauceecologico.org\/?p=1077\/#mainImage","width":1280,"height":960},"primaryImageOfPage":{"@id":"https:\/\/cauceecologico.org\/?p=1077#mainImage"},"datePublished":"2018-05-27T23:35:21+00:00","dateModified":"2018-05-27T23:37:42+00:00"},{"@type":"WebSite","@id":"https:\/\/cauceecologico.org\/#website","url":"https:\/\/cauceecologico.org\/","name":"CAUCE","description":"Cultura Ambiental - Causa Ecologista","inLanguage":"es-ES","publisher":{"@id":"https:\/\/cauceecologico.org\/#organization"}}]},"og:locale":"es_ES","og:site_name":"CAUCE - Cultura Ambiental - Causa Ecologista","og:type":"article","og:title":"Puente: CAUCE se reuni\u00f3 con organizaciones de Santa Fe - CAUCE","og:description":"Acompa\u00f1ando al movimiento Despierta Paran\u00e1, la Fundaci\u00f3n CAUCE (Cultura Ambiental-Causa Ecologista) particip\u00f3 d\u00edas atr\u00e1s de una reuni\u00f3n con distintas organizaciones de la vecina ciudad de Santa Fe. El prop\u00f3sito del encuentro fue evaluar una agenda com\u00fan de acciones frente al proyecto del puente Paran\u00e1-Santa Fe, que en la traza planteada afecta de modo directo a","og:url":"https:\/\/cauceecologico.org\/?p=1077","article:published_time":"2018-05-27T23:35:21+00:00","article:modified_time":"2018-05-27T23:37:42+00:00","twitter:card":"summary_large_image","twitter:title":"Puente: CAUCE se reuni\u00f3 con organizaciones de Santa Fe - CAUCE","twitter:description":"Acompa\u00f1ando al movimiento Despierta Paran\u00e1, la Fundaci\u00f3n CAUCE (Cultura Ambiental-Causa Ecologista) particip\u00f3 d\u00edas atr\u00e1s de una reuni\u00f3n con distintas organizaciones de la vecina ciudad de Santa Fe. El prop\u00f3sito del encuentro fue evaluar una agenda com\u00fan de acciones frente al proyecto del puente Paran\u00e1-Santa Fe, que en la traza planteada afecta de modo directo a"},"aioseo_meta_data":{"post_id":"1077","title":null,"description":null,"keywords":null,"keyphrases":null,"primary_term":null,"canonical_url":null,"og_title":null,"og_description":null,"og_object_type":"default","og_image_type":"default","og_image_url":null,"og_image_width":null,"og_image_height":null,"og_image_custom_url":null,"og_image_custom_fields":null,"og_video":null,"og_custom_url":null,"og_article_section":null,"og_article_tags":null,"twitter_use_og":false,"twitter_card":"default","twitter_image_type":"default","twitter_image_url":null,"twitter_image_custom_url":null,"twitter_image_custom_fields":null,"twitter_title":null,"twitter_description":null,"schema":{"blockGraphs":[],"customGraphs":[],"default":{"data":{"Article":[],"Course":[],"Dataset":[],"FAQPage":[],"Movie":[],"Person":[],"Product":[],"ProductReview":[],"Car":[],"Recipe":[],"Service":[],"SoftwareApplication":[],"WebPage":[]},"graphName":"","isEnabled":true},"graphs":[]},"schema_type":"default","schema_type_options":null,"pillar_content":false,"robots_default":true,"robots_noindex":false,"robots_noarchive":false,"robots_nosnippet":false,"robots_nofollow":false,"robots_noimageindex":false,"robots_noodp":false,"robots_notranslate":false,"robots_max_snippet":null,"robots_max_videopreview":null,"robots_max_imagepreview":"large","priority":null,"frequency":null,"local_seo":null,"limit_modified_date":false,"created":"2023-03-16 20:14:29","updated":"2026-07-28 00:31:00","ai":null,"breadcrumb_settings":null,"seo_analyzer_scan_date":null},"aioseo_breadcrumb":"<div class=\"aioseo-breadcrumbs\"><span class=\"aioseo-breadcrumb\">\n\t\t\t<a href=\"https:\/\/cauceecologico.org\" title=\"Home\">Home<\/a>\n\t\t<\/span><span class=\"aioseo-breadcrumb-separator\">&raquo;<\/span><span class=\"aioseo-breadcrumb\">\n\t\t\t<a href=\"https:\/\/cauceecologico.org\/?cat=5\" title=\"Noticias\">Noticias<\/a>\n\t\t<\/span><span class=\"aioseo-breadcrumb-separator\">&raquo;<\/span><span class=\"aioseo-breadcrumb\">\n\t\t\tPuente: CAUCE se reuni\u00f3 con organizaciones de Santa Fe\n\t\t<\/span><\/div>","aioseo_breadcrumb_json":[{"label":"Home","link":"https:\/\/cauceecologico.org"},{"label":"Noticias","link":"https:\/\/cauceecologico.org\/?cat=5"},{"label":"Puente: CAUCE se reuni\u00f3 con organizaciones de Santa Fe","link":"https:\/\/cauceecologico.org\/?p=1077"}],"_links":{"self":[{"href":"https:\/\/cauceecologico.org\/index.php?rest_route=\/wp\/v2\/posts\/1077","targetHints":{"allow":["GET"]}}],"collection":[{"href":"https:\/\/cauceecologico.org\/index.php?rest_route=\/wp\/v2\/posts"}],"about":[{"href":"https:\/\/cauceecologico.org\/index.php?rest_route=\/wp\/v2\/types\/post"}],"author":[{"embeddable":true,"href":"https:\/\/cauceecologico.org\/index.php?rest_route=\/wp\/v2\/users\/1"}],"replies":[{"embeddable":true,"href":"https:\/\/cauceecologico.org\/index.php?rest_route=%2Fwp%2Fv2%2Fcomments&post=1077"}],"version-history":[{"count":2,"href":"https:\/\/cauceecologico.org\/index.php?rest_route=\/wp\/v2\/posts\/1077\/revisions"}],"predecessor-version":[{"id":1080,"href":"https:\/\/cauceecologico.org\/index.php?rest_route=\/wp\/v2\/posts\/1077\/revisions\/1080"}],"wp:featuredmedia":[{"embeddable":true,"href":"https:\/\/cauceecologico.org\/index.php?rest_route=\/wp\/v2\/media\/1078"}],"wp:attachment":[{"href":"https:\/\/cauceecologico.org\/index.php?rest_route=%2Fwp%2Fv2%2Fmedia&parent=1077"}],"wp:term":[{"taxonomy":"category","embeddable":true,"href":"https:\/\/cauceecologico.org\/index.php?rest_route=%2Fwp%2Fv2%2Fcategories&post=1077"},{"taxonomy":"post_tag","embeddable":true,"href":"https:\/\/cauceecologico.org\/index.php?rest_route=%2Fwp%2Fv2%2Ftags&post=1077"}],"curies":[{"name":"wp","href":"https:\/\/api.w.org\/{rel}","templated":true}]}}