{"id":1292,"date":"2019-05-20T23:41:46","date_gmt":"2019-05-20T23:41:46","guid":{"rendered":"http:\/\/cauceecologico.org\/?p=1292"},"modified":"2019-05-20T23:41:46","modified_gmt":"2019-05-20T23:41:46","slug":"tres-experiencia-sustentables","status":"publish","type":"post","link":"https:\/\/cauceecologico.org\/?p=1292","title":{"rendered":"Tres experiencia sustentables"},"content":{"rendered":"<p>El mi\u00e9rcoles 22 de mayo, a las 19,30, el auditorio Rodolfo Walsh de la Facultad de Ciencias de la Educaci\u00f3n de la UNER ser\u00e1 sede del segundo encuentro correspondiente al ciclo \u201cLa agenda verde en debate\u201d que organizan Fundaci\u00f3n CAUCE y Era Verde periodismo ambiental.<\/p>\n<p>En esta oportunidad la cita tiene por objeto poner a consideraci\u00f3n de los asistentes el origen, desarrollo y objetivos de proyectos agroecol\u00f3gicos en la regi\u00f3n y el pa\u00eds. Por esa raz\u00f3n la invitaci\u00f3n lleva por t\u00edtulo \u201cTres experiencias sustentables\u201d y tiene como prop\u00f3sito central visualizar otro modo de trabajar la tierra, desde una \u00e9tica del cuidado, que contemple los bienes de la naturaleza, la defensa de los humedales y la promoci\u00f3n de una alimentaci\u00f3n sana.<\/p>\n<p>Los protagonistas, en esta ocasi\u00f3n, ser\u00e1n referentes del emprendimiento Minhoca, de La Picada (Paran\u00e1) y Uni\u00f3n de Trabajadores de la Tierra. Adem\u00e1s, en la oportunidad, se proyectar\u00e1 el audiovisual realizado por la Fundaci\u00f3n CAUCE en relaci\u00f3n, justamente, a otra iniciativa impulsada desde la capital provincial: La Porota Granja Agroecol\u00f3gica.<\/p>\n<p>La actividad es con entrada libre y gratuita.<\/p>\n","protected":false},"excerpt":{"rendered":"<p>El mi\u00e9rcoles 22 de mayo, a las 19,30, el auditorio Rodolfo Walsh de la Facultad de Ciencias de la Educaci\u00f3n de la UNER ser\u00e1 sede del segundo encuentro correspondiente al ciclo \u201cLa agenda verde en debate\u201d que organizan Fundaci\u00f3n CAUCE y Era Verde periodismo ambiental. En esta oportunidad la cita tiene por objeto poner a [&hellip;]<\/p>\n","protected":false},"author":1,"featured_media":1293,"comment_status":"open","ping_status":"open","sticky":false,"template":"","format":"standard","meta":{"om_disable_all_campaigns":false,"_monsterinsights_skip_tracking":false,"amp_status":"","footnotes":""},"categories":[6,3,5,2],"tags":[],"class_list":["post-1292","post","type-post","status-publish","format-standard","has-post-thumbnail","hentry","category-destacados","category-documentos","category-noticias","category-nuestro-trabajo"],"aioseo_notices":[],"aioseo_head":"\n\t\t<!-- All in One SEO 4.9.10 - aioseo.com -->\n\t<meta name=\"description\" content=\"El mi\u00e9rcoles 22 de mayo, a las 19,30, el auditorio Rodolfo Walsh de la Facultad de Ciencias de la Educaci\u00f3n de la UNER ser\u00e1 sede del segundo encuentro correspondiente al ciclo \u201cLa agenda verde en debate\u201d que organizan Fundaci\u00f3n CAUCE y Era Verde periodismo ambiental. En esta oportunidad la cita tiene por objeto poner a\" \/>\n\t<meta name=\"robots\" content=\"max-image-preview:large\" \/>\n\t<meta name=\"author\" content=\"cauceeocologico\"\/>\n\t<link rel=\"canonical\" href=\"https:\/\/cauceecologico.org\/?p=1292\" \/>\n\t<meta name=\"generator\" content=\"All in One SEO (AIOSEO) 4.9.10\" \/>\n\t\t<meta property=\"og:locale\" content=\"es_ES\" \/>\n\t\t<meta property=\"og:site_name\" content=\"CAUCE - Cultura Ambiental - Causa Ecologista\" \/>\n\t\t<meta property=\"og:type\" content=\"article\" \/>\n\t\t<meta property=\"og:title\" content=\"Tres experiencia sustentables - CAUCE\" \/>\n\t\t<meta property=\"og:description\" content=\"El mi\u00e9rcoles 22 de mayo, a las 19,30, el auditorio Rodolfo Walsh de la Facultad de Ciencias de la Educaci\u00f3n de la UNER ser\u00e1 sede del segundo encuentro correspondiente al ciclo \u201cLa agenda verde en debate\u201d que organizan Fundaci\u00f3n CAUCE y Era Verde periodismo ambiental. En esta oportunidad la cita tiene por objeto poner a\" \/>\n\t\t<meta property=\"og:url\" content=\"https:\/\/cauceecologico.org\/?p=1292\" \/>\n\t\t<meta property=\"article:published_time\" content=\"2019-05-20T23:41:46+00:00\" \/>\n\t\t<meta property=\"article:modified_time\" content=\"2019-05-20T23:41:46+00:00\" \/>\n\t\t<meta name=\"twitter:card\" content=\"summary_large_image\" \/>\n\t\t<meta name=\"twitter:title\" content=\"Tres experiencia sustentables - CAUCE\" \/>\n\t\t<meta name=\"twitter:description\" content=\"El mi\u00e9rcoles 22 de mayo, a las 19,30, el auditorio Rodolfo Walsh de la Facultad de Ciencias de la Educaci\u00f3n de la UNER ser\u00e1 sede del segundo encuentro correspondiente al ciclo \u201cLa agenda verde en debate\u201d que organizan Fundaci\u00f3n CAUCE y Era Verde periodismo ambiental. En esta oportunidad la cita tiene por objeto poner a\" \/>\n\t\t<script type=\"application\/ld+json\" class=\"aioseo-schema\">\n\t\t\t{\"@context\":\"https:\\\/\\\/schema.org\",\"@graph\":[{\"@type\":\"BlogPosting\",\"@id\":\"https:\\\/\\\/cauceecologico.org\\\/?p=1292#blogposting\",\"name\":\"Tres experiencia sustentables - CAUCE\",\"headline\":\"Tres experiencia sustentables\",\"author\":{\"@id\":\"https:\\\/\\\/cauceecologico.org\\\/?author=1#author\"},\"publisher\":{\"@id\":\"https:\\\/\\\/cauceecologico.org\\\/#organization\"},\"image\":{\"@type\":\"ImageObject\",\"url\":\"https:\\\/\\\/cauceecologico.org\\\/wp-content\\\/uploads\\\/2019\\\/05\\\/flyer.jpg\",\"width\":600,\"height\":600},\"datePublished\":\"2019-05-20T23:41:46+00:00\",\"dateModified\":\"2019-05-20T23:41:46+00:00\",\"inLanguage\":\"es-ES\",\"mainEntityOfPage\":{\"@id\":\"https:\\\/\\\/cauceecologico.org\\\/?p=1292#webpage\"},\"isPartOf\":{\"@id\":\"https:\\\/\\\/cauceecologico.org\\\/?p=1292#webpage\"},\"articleSection\":\"Destacados, Documentos, Noticias, Nuestro trabajo\"},{\"@type\":\"BreadcrumbList\",\"@id\":\"https:\\\/\\\/cauceecologico.org\\\/?p=1292#breadcrumblist\",\"itemListElement\":[{\"@type\":\"ListItem\",\"@id\":\"https:\\\/\\\/cauceecologico.org#listItem\",\"position\":1,\"name\":\"Home\",\"item\":\"https:\\\/\\\/cauceecologico.org\",\"nextItem\":{\"@type\":\"ListItem\",\"@id\":\"https:\\\/\\\/cauceecologico.org\\\/?cat=2#listItem\",\"name\":\"Nuestro trabajo\"}},{\"@type\":\"ListItem\",\"@id\":\"https:\\\/\\\/cauceecologico.org\\\/?cat=2#listItem\",\"position\":2,\"name\":\"Nuestro trabajo\",\"item\":\"https:\\\/\\\/cauceecologico.org\\\/?cat=2\",\"nextItem\":{\"@type\":\"ListItem\",\"@id\":\"https:\\\/\\\/cauceecologico.org\\\/?p=1292#listItem\",\"name\":\"Tres experiencia sustentables\"},\"previousItem\":{\"@type\":\"ListItem\",\"@id\":\"https:\\\/\\\/cauceecologico.org#listItem\",\"name\":\"Home\"}},{\"@type\":\"ListItem\",\"@id\":\"https:\\\/\\\/cauceecologico.org\\\/?p=1292#listItem\",\"position\":3,\"name\":\"Tres experiencia sustentables\",\"previousItem\":{\"@type\":\"ListItem\",\"@id\":\"https:\\\/\\\/cauceecologico.org\\\/?cat=2#listItem\",\"name\":\"Nuestro trabajo\"}}]},{\"@type\":\"Organization\",\"@id\":\"https:\\\/\\\/cauceecologico.org\\\/#organization\",\"name\":\"CAUCE\",\"description\":\"Cultura Ambiental - Causa Ecologista\",\"url\":\"https:\\\/\\\/cauceecologico.org\\\/\"},{\"@type\":\"Person\",\"@id\":\"https:\\\/\\\/cauceecologico.org\\\/?author=1#author\",\"url\":\"https:\\\/\\\/cauceecologico.org\\\/?author=1\",\"name\":\"cauceeocologico\",\"image\":{\"@type\":\"ImageObject\",\"@id\":\"https:\\\/\\\/cauceecologico.org\\\/?p=1292#authorImage\",\"url\":\"https:\\\/\\\/secure.gravatar.com\\\/avatar\\\/d0be34204ab9efc02d886ce6b78f47072ff93360b704d3705db84f1385e4e7ce?s=96&d=mm&r=g\",\"width\":96,\"height\":96,\"caption\":\"cauceeocologico\"}},{\"@type\":\"WebPage\",\"@id\":\"https:\\\/\\\/cauceecologico.org\\\/?p=1292#webpage\",\"url\":\"https:\\\/\\\/cauceecologico.org\\\/?p=1292\",\"name\":\"Tres experiencia sustentables - CAUCE\",\"description\":\"El mi\\u00e9rcoles 22 de mayo, a las 19,30, el auditorio Rodolfo Walsh de la Facultad de Ciencias de la Educaci\\u00f3n de la UNER ser\\u00e1 sede del segundo encuentro correspondiente al ciclo \\u201cLa agenda verde en debate\\u201d que organizan Fundaci\\u00f3n CAUCE y Era Verde periodismo ambiental. En esta oportunidad la cita tiene por objeto poner a\",\"inLanguage\":\"es-ES\",\"isPartOf\":{\"@id\":\"https:\\\/\\\/cauceecologico.org\\\/#website\"},\"breadcrumb\":{\"@id\":\"https:\\\/\\\/cauceecologico.org\\\/?p=1292#breadcrumblist\"},\"author\":{\"@id\":\"https:\\\/\\\/cauceecologico.org\\\/?author=1#author\"},\"creator\":{\"@id\":\"https:\\\/\\\/cauceecologico.org\\\/?author=1#author\"},\"image\":{\"@type\":\"ImageObject\",\"url\":\"https:\\\/\\\/cauceecologico.org\\\/wp-content\\\/uploads\\\/2019\\\/05\\\/flyer.jpg\",\"@id\":\"https:\\\/\\\/cauceecologico.org\\\/?p=1292\\\/#mainImage\",\"width\":600,\"height\":600},\"primaryImageOfPage\":{\"@id\":\"https:\\\/\\\/cauceecologico.org\\\/?p=1292#mainImage\"},\"datePublished\":\"2019-05-20T23:41:46+00:00\",\"dateModified\":\"2019-05-20T23:41:46+00:00\"},{\"@type\":\"WebSite\",\"@id\":\"https:\\\/\\\/cauceecologico.org\\\/#website\",\"url\":\"https:\\\/\\\/cauceecologico.org\\\/\",\"name\":\"CAUCE\",\"description\":\"Cultura Ambiental - Causa Ecologista\",\"inLanguage\":\"es-ES\",\"publisher\":{\"@id\":\"https:\\\/\\\/cauceecologico.org\\\/#organization\"}}]}\n\t\t<\/script>\n\t\t<!-- All in One SEO -->\n\n","aioseo_head_json":{"title":"Tres experiencia sustentables - CAUCE","description":"El mi\u00e9rcoles 22 de mayo, a las 19,30, el auditorio Rodolfo Walsh de la Facultad de Ciencias de la Educaci\u00f3n de la UNER ser\u00e1 sede del segundo encuentro correspondiente al ciclo \u201cLa agenda verde en debate\u201d que organizan Fundaci\u00f3n CAUCE y Era Verde periodismo ambiental. En esta oportunidad la cita tiene por objeto poner a","canonical_url":"https:\/\/cauceecologico.org\/?p=1292","robots":"max-image-preview:large","keywords":"","webmasterTools":{"miscellaneous":""},"schema":{"@context":"https:\/\/schema.org","@graph":[{"@type":"BlogPosting","@id":"https:\/\/cauceecologico.org\/?p=1292#blogposting","name":"Tres experiencia sustentables - CAUCE","headline":"Tres experiencia sustentables","author":{"@id":"https:\/\/cauceecologico.org\/?author=1#author"},"publisher":{"@id":"https:\/\/cauceecologico.org\/#organization"},"image":{"@type":"ImageObject","url":"https:\/\/cauceecologico.org\/wp-content\/uploads\/2019\/05\/flyer.jpg","width":600,"height":600},"datePublished":"2019-05-20T23:41:46+00:00","dateModified":"2019-05-20T23:41:46+00:00","inLanguage":"es-ES","mainEntityOfPage":{"@id":"https:\/\/cauceecologico.org\/?p=1292#webpage"},"isPartOf":{"@id":"https:\/\/cauceecologico.org\/?p=1292#webpage"},"articleSection":"Destacados, Documentos, Noticias, Nuestro trabajo"},{"@type":"BreadcrumbList","@id":"https:\/\/cauceecologico.org\/?p=1292#breadcrumblist","itemListElement":[{"@type":"ListItem","@id":"https:\/\/cauceecologico.org#listItem","position":1,"name":"Home","item":"https:\/\/cauceecologico.org","nextItem":{"@type":"ListItem","@id":"https:\/\/cauceecologico.org\/?cat=2#listItem","name":"Nuestro trabajo"}},{"@type":"ListItem","@id":"https:\/\/cauceecologico.org\/?cat=2#listItem","position":2,"name":"Nuestro trabajo","item":"https:\/\/cauceecologico.org\/?cat=2","nextItem":{"@type":"ListItem","@id":"https:\/\/cauceecologico.org\/?p=1292#listItem","name":"Tres experiencia sustentables"},"previousItem":{"@type":"ListItem","@id":"https:\/\/cauceecologico.org#listItem","name":"Home"}},{"@type":"ListItem","@id":"https:\/\/cauceecologico.org\/?p=1292#listItem","position":3,"name":"Tres experiencia sustentables","previousItem":{"@type":"ListItem","@id":"https:\/\/cauceecologico.org\/?cat=2#listItem","name":"Nuestro trabajo"}}]},{"@type":"Organization","@id":"https:\/\/cauceecologico.org\/#organization","name":"CAUCE","description":"Cultura Ambiental - Causa Ecologista","url":"https:\/\/cauceecologico.org\/"},{"@type":"Person","@id":"https:\/\/cauceecologico.org\/?author=1#author","url":"https:\/\/cauceecologico.org\/?author=1","name":"cauceeocologico","image":{"@type":"ImageObject","@id":"https:\/\/cauceecologico.org\/?p=1292#authorImage","url":"https:\/\/secure.gravatar.com\/avatar\/d0be34204ab9efc02d886ce6b78f47072ff93360b704d3705db84f1385e4e7ce?s=96&d=mm&r=g","width":96,"height":96,"caption":"cauceeocologico"}},{"@type":"WebPage","@id":"https:\/\/cauceecologico.org\/?p=1292#webpage","url":"https:\/\/cauceecologico.org\/?p=1292","name":"Tres experiencia sustentables - CAUCE","description":"El mi\u00e9rcoles 22 de mayo, a las 19,30, el auditorio Rodolfo Walsh de la Facultad de Ciencias de la Educaci\u00f3n de la UNER ser\u00e1 sede del segundo encuentro correspondiente al ciclo \u201cLa agenda verde en debate\u201d que organizan Fundaci\u00f3n CAUCE y Era Verde periodismo ambiental. En esta oportunidad la cita tiene por objeto poner a","inLanguage":"es-ES","isPartOf":{"@id":"https:\/\/cauceecologico.org\/#website"},"breadcrumb":{"@id":"https:\/\/cauceecologico.org\/?p=1292#breadcrumblist"},"author":{"@id":"https:\/\/cauceecologico.org\/?author=1#author"},"creator":{"@id":"https:\/\/cauceecologico.org\/?author=1#author"},"image":{"@type":"ImageObject","url":"https:\/\/cauceecologico.org\/wp-content\/uploads\/2019\/05\/flyer.jpg","@id":"https:\/\/cauceecologico.org\/?p=1292\/#mainImage","width":600,"height":600},"primaryImageOfPage":{"@id":"https:\/\/cauceecologico.org\/?p=1292#mainImage"},"datePublished":"2019-05-20T23:41:46+00:00","dateModified":"2019-05-20T23:41:46+00:00"},{"@type":"WebSite","@id":"https:\/\/cauceecologico.org\/#website","url":"https:\/\/cauceecologico.org\/","name":"CAUCE","description":"Cultura Ambiental - Causa Ecologista","inLanguage":"es-ES","publisher":{"@id":"https:\/\/cauceecologico.org\/#organization"}}]},"og:locale":"es_ES","og:site_name":"CAUCE - Cultura Ambiental - Causa Ecologista","og:type":"article","og:title":"Tres experiencia sustentables - CAUCE","og:description":"El mi\u00e9rcoles 22 de mayo, a las 19,30, el auditorio Rodolfo Walsh de la Facultad de Ciencias de la Educaci\u00f3n de la UNER ser\u00e1 sede del segundo encuentro correspondiente al ciclo \u201cLa agenda verde en debate\u201d que organizan Fundaci\u00f3n CAUCE y Era Verde periodismo ambiental. En esta oportunidad la cita tiene por objeto poner a","og:url":"https:\/\/cauceecologico.org\/?p=1292","article:published_time":"2019-05-20T23:41:46+00:00","article:modified_time":"2019-05-20T23:41:46+00:00","twitter:card":"summary_large_image","twitter:title":"Tres experiencia sustentables - CAUCE","twitter:description":"El mi\u00e9rcoles 22 de mayo, a las 19,30, el auditorio Rodolfo Walsh de la Facultad de Ciencias de la Educaci\u00f3n de la UNER ser\u00e1 sede del segundo encuentro correspondiente al ciclo \u201cLa agenda verde en debate\u201d que organizan Fundaci\u00f3n CAUCE y Era Verde periodismo ambiental. En esta oportunidad la cita tiene por objeto poner a"},"aioseo_meta_data":{"post_id":"1292","title":null,"description":null,"keywords":null,"keyphrases":null,"primary_term":null,"canonical_url":null,"og_title":null,"og_description":null,"og_object_type":"default","og_image_type":"default","og_image_url":null,"og_image_width":null,"og_image_height":null,"og_image_custom_url":null,"og_image_custom_fields":null,"og_video":null,"og_custom_url":null,"og_article_section":null,"og_article_tags":null,"twitter_use_og":false,"twitter_card":"default","twitter_image_type":"default","twitter_image_url":null,"twitter_image_custom_url":null,"twitter_image_custom_fields":null,"twitter_title":null,"twitter_description":null,"schema":{"blockGraphs":[],"customGraphs":[],"default":{"data":{"Article":[],"Course":[],"Dataset":[],"FAQPage":[],"Movie":[],"Person":[],"Product":[],"ProductReview":[],"Car":[],"Recipe":[],"Service":[],"SoftwareApplication":[],"WebPage":[]},"graphName":"","isEnabled":true},"graphs":[]},"schema_type":"default","schema_type_options":null,"pillar_content":false,"robots_default":true,"robots_noindex":false,"robots_noarchive":false,"robots_nosnippet":false,"robots_nofollow":false,"robots_noimageindex":false,"robots_noodp":false,"robots_notranslate":false,"robots_max_snippet":null,"robots_max_videopreview":null,"robots_max_imagepreview":"large","priority":null,"frequency":null,"local_seo":null,"limit_modified_date":false,"created":"2023-03-16 20:20:28","updated":"2026-07-28 00:52:47","ai":null,"breadcrumb_settings":null,"seo_analyzer_scan_date":null},"aioseo_breadcrumb":"<div class=\"aioseo-breadcrumbs\"><span class=\"aioseo-breadcrumb\">\n\t\t\t<a href=\"https:\/\/cauceecologico.org\" title=\"Home\">Home<\/a>\n\t\t<\/span><span class=\"aioseo-breadcrumb-separator\">&raquo;<\/span><span class=\"aioseo-breadcrumb\">\n\t\t\t<a href=\"https:\/\/cauceecologico.org\/?cat=2\" title=\"Nuestro trabajo\">Nuestro trabajo<\/a>\n\t\t<\/span><span class=\"aioseo-breadcrumb-separator\">&raquo;<\/span><span class=\"aioseo-breadcrumb\">\n\t\t\tTres experiencia sustentables\n\t\t<\/span><\/div>","aioseo_breadcrumb_json":[{"label":"Home","link":"https:\/\/cauceecologico.org"},{"label":"Nuestro trabajo","link":"https:\/\/cauceecologico.org\/?cat=2"},{"label":"Tres experiencia sustentables","link":"https:\/\/cauceecologico.org\/?p=1292"}],"_links":{"self":[{"href":"https:\/\/cauceecologico.org\/index.php?rest_route=\/wp\/v2\/posts\/1292","targetHints":{"allow":["GET"]}}],"collection":[{"href":"https:\/\/cauceecologico.org\/index.php?rest_route=\/wp\/v2\/posts"}],"about":[{"href":"https:\/\/cauceecologico.org\/index.php?rest_route=\/wp\/v2\/types\/post"}],"author":[{"embeddable":true,"href":"https:\/\/cauceecologico.org\/index.php?rest_route=\/wp\/v2\/users\/1"}],"replies":[{"embeddable":true,"href":"https:\/\/cauceecologico.org\/index.php?rest_route=%2Fwp%2Fv2%2Fcomments&post=1292"}],"version-history":[{"count":1,"href":"https:\/\/cauceecologico.org\/index.php?rest_route=\/wp\/v2\/posts\/1292\/revisions"}],"predecessor-version":[{"id":1294,"href":"https:\/\/cauceecologico.org\/index.php?rest_route=\/wp\/v2\/posts\/1292\/revisions\/1294"}],"wp:featuredmedia":[{"embeddable":true,"href":"https:\/\/cauceecologico.org\/index.php?rest_route=\/wp\/v2\/media\/1293"}],"wp:attachment":[{"href":"https:\/\/cauceecologico.org\/index.php?rest_route=%2Fwp%2Fv2%2Fmedia&parent=1292"}],"wp:term":[{"taxonomy":"category","embeddable":true,"href":"https:\/\/cauceecologico.org\/index.php?rest_route=%2Fwp%2Fv2%2Fcategories&post=1292"},{"taxonomy":"post_tag","embeddable":true,"href":"https:\/\/cauceecologico.org\/index.php?rest_route=%2Fwp%2Fv2%2Ftags&post=1292"}],"curies":[{"name":"wp","href":"https:\/\/api.w.org\/{rel}","templated":true}]}}