{"id":1347,"date":"2019-10-06T02:15:22","date_gmt":"2019-10-06T02:15:22","guid":{"rendered":"http:\/\/cauceecologico.org\/?p=1347"},"modified":"2019-10-06T13:45:13","modified_gmt":"2019-10-06T13:45:13","slug":"repudio-a-la-violencia-ejercida-contra-integrantes-de-basta-es-basta","status":"publish","type":"post","link":"https:\/\/cauceecologico.org\/?p=1347","title":{"rendered":"Repudio a la violencia ejercida contra integrantes de \u201cBasta es Basta\u201d"},"content":{"rendered":"<p>Fundaci\u00f3n CAUCE se solidariza con la Coordinadora Por una Vida sin Agrot\u00f3xicos en Entre R\u00edos, Basta es Basta, que denunci\u00f3 amenazas a uno de sus miembros por parte de un importante dirigente gremial agropecuario. Este tipo de hechos visibilizan la impunidad con la que se manejan estos sectores de poder y muestran la violencia propia de un modelo agroalimentario que atenta contra la vida en todas sus formas.<\/p>\n<p>D\u00edas previos a este suceso, el Fiscal de Estado de Entre R\u00edos, Julio Rodr\u00edguez Signes, fue denunciado por compa\u00f1eros y compa\u00f1eras de la provincia por el delito de \u00abinstigaci\u00f3n a desobedecer la autoridad\u00bb, ya que declar\u00f3 que el decreto 2239 se encuentra vigente, negando de esta forma el fallo que proh\u00edbe fumigar con agrot\u00f3xicos las zonas cercanas a las escuelas rurales.<\/p>\n<p>Desde nuestro lugar y nuestras convicciones colectivas abrazamos a la comunidad que conforma Basta es Basta y sostenemos un pedido com\u00fan: mayor justicia ambiental y social, no m\u00e1s violencia. Por ello, exigimos a las autoridades de nuestra provincia que eval\u00faen las consecuencias que trae el accionar de actores pol\u00edticos que desaf\u00edan p\u00fablicamente el sistema de justicia y nuestro estado de derecho.<\/p>\n<p>Queremos un gobierno que est\u00e9 dispuesto a hacer lo necesario para avanzar hacia un modelo de producci\u00f3n que tenga como prioridad el bienestar de la sociedad en su conjunto, que promueva el respeto a los ciclos de la tierra y que considere vital generar alimentos sanos, libres de venenos.<\/p>\n","protected":false},"excerpt":{"rendered":"<p>Fundaci\u00f3n CAUCE se solidariza con la Coordinadora Por una Vida sin Agrot\u00f3xicos en Entre R\u00edos, Basta es Basta, que denunci\u00f3 amenazas a uno de sus miembros por parte de un importante dirigente gremial agropecuario. Este tipo de hechos visibilizan la impunidad con la que se manejan estos sectores de poder y muestran la violencia propia [&hellip;]<\/p>\n","protected":false},"author":2,"featured_media":1349,"comment_status":"open","ping_status":"open","sticky":false,"template":"","format":"standard","meta":{"om_disable_all_campaigns":false,"_monsterinsights_skip_tracking":false,"amp_status":"","footnotes":""},"categories":[6,5],"tags":[],"class_list":["post-1347","post","type-post","status-publish","format-standard","has-post-thumbnail","hentry","category-destacados","category-noticias"],"aioseo_notices":[],"aioseo_head":"\n\t\t<!-- All in One SEO 4.9.10 - aioseo.com -->\n\t<meta name=\"description\" content=\"Fundaci\u00f3n CAUCE se solidariza con la Coordinadora Por una Vida sin Agrot\u00f3xicos en Entre R\u00edos, Basta es Basta, que denunci\u00f3 amenazas a uno de sus miembros por parte de un importante dirigente gremial agropecuario. Este tipo de hechos visibilizan la impunidad con la que se manejan estos sectores de poder y muestran la violencia propia\" \/>\n\t<meta name=\"robots\" content=\"max-image-preview:large\" \/>\n\t<meta name=\"author\" content=\"Ana Lucia Vergara\"\/>\n\t<link rel=\"canonical\" href=\"https:\/\/cauceecologico.org\/?p=1347\" \/>\n\t<meta name=\"generator\" content=\"All in One SEO (AIOSEO) 4.9.10\" \/>\n\t\t<meta property=\"og:locale\" content=\"es_ES\" \/>\n\t\t<meta property=\"og:site_name\" content=\"CAUCE - Cultura Ambiental - Causa Ecologista\" \/>\n\t\t<meta property=\"og:type\" content=\"article\" \/>\n\t\t<meta property=\"og:title\" content=\"Repudio a la violencia ejercida contra integrantes de \u201cBasta es Basta\u201d - CAUCE\" \/>\n\t\t<meta property=\"og:description\" content=\"Fundaci\u00f3n CAUCE se solidariza con la Coordinadora Por una Vida sin Agrot\u00f3xicos en Entre R\u00edos, Basta es Basta, que denunci\u00f3 amenazas a uno de sus miembros por parte de un importante dirigente gremial agropecuario. Este tipo de hechos visibilizan la impunidad con la que se manejan estos sectores de poder y muestran la violencia propia\" \/>\n\t\t<meta property=\"og:url\" content=\"https:\/\/cauceecologico.org\/?p=1347\" \/>\n\t\t<meta property=\"article:published_time\" content=\"2019-10-06T02:15:22+00:00\" \/>\n\t\t<meta property=\"article:modified_time\" content=\"2019-10-06T13:45:13+00:00\" \/>\n\t\t<meta name=\"twitter:card\" content=\"summary_large_image\" \/>\n\t\t<meta name=\"twitter:title\" content=\"Repudio a la violencia ejercida contra integrantes de \u201cBasta es Basta\u201d - CAUCE\" \/>\n\t\t<meta name=\"twitter:description\" content=\"Fundaci\u00f3n CAUCE se solidariza con la Coordinadora Por una Vida sin Agrot\u00f3xicos en Entre R\u00edos, Basta es Basta, que denunci\u00f3 amenazas a uno de sus miembros por parte de un importante dirigente gremial agropecuario. Este tipo de hechos visibilizan la impunidad con la que se manejan estos sectores de poder y muestran la violencia propia\" \/>\n\t\t<script type=\"application\/ld+json\" class=\"aioseo-schema\">\n\t\t\t{\"@context\":\"https:\\\/\\\/schema.org\",\"@graph\":[{\"@type\":\"BlogPosting\",\"@id\":\"https:\\\/\\\/cauceecologico.org\\\/?p=1347#blogposting\",\"name\":\"Repudio a la violencia ejercida contra integrantes de \\u201cBasta es Basta\\u201d - CAUCE\",\"headline\":\"Repudio a la violencia ejercida contra integrantes de \\u201cBasta es Basta\\u201d\",\"author\":{\"@id\":\"https:\\\/\\\/cauceecologico.org\\\/?author=2#author\"},\"publisher\":{\"@id\":\"https:\\\/\\\/cauceecologico.org\\\/#organization\"},\"image\":{\"@type\":\"ImageObject\",\"url\":\"https:\\\/\\\/cauceecologico.org\\\/wp-content\\\/uploads\\\/2019\\\/10\\\/basta.jpg\",\"width\":640,\"height\":360},\"datePublished\":\"2019-10-06T02:15:22+00:00\",\"dateModified\":\"2019-10-06T13:45:13+00:00\",\"inLanguage\":\"es-ES\",\"mainEntityOfPage\":{\"@id\":\"https:\\\/\\\/cauceecologico.org\\\/?p=1347#webpage\"},\"isPartOf\":{\"@id\":\"https:\\\/\\\/cauceecologico.org\\\/?p=1347#webpage\"},\"articleSection\":\"Destacados, Noticias\"},{\"@type\":\"BreadcrumbList\",\"@id\":\"https:\\\/\\\/cauceecologico.org\\\/?p=1347#breadcrumblist\",\"itemListElement\":[{\"@type\":\"ListItem\",\"@id\":\"https:\\\/\\\/cauceecologico.org#listItem\",\"position\":1,\"name\":\"Home\",\"item\":\"https:\\\/\\\/cauceecologico.org\",\"nextItem\":{\"@type\":\"ListItem\",\"@id\":\"https:\\\/\\\/cauceecologico.org\\\/?cat=5#listItem\",\"name\":\"Noticias\"}},{\"@type\":\"ListItem\",\"@id\":\"https:\\\/\\\/cauceecologico.org\\\/?cat=5#listItem\",\"position\":2,\"name\":\"Noticias\",\"item\":\"https:\\\/\\\/cauceecologico.org\\\/?cat=5\",\"nextItem\":{\"@type\":\"ListItem\",\"@id\":\"https:\\\/\\\/cauceecologico.org\\\/?p=1347#listItem\",\"name\":\"Repudio a la violencia ejercida contra integrantes de \\u201cBasta es Basta\\u201d\"},\"previousItem\":{\"@type\":\"ListItem\",\"@id\":\"https:\\\/\\\/cauceecologico.org#listItem\",\"name\":\"Home\"}},{\"@type\":\"ListItem\",\"@id\":\"https:\\\/\\\/cauceecologico.org\\\/?p=1347#listItem\",\"position\":3,\"name\":\"Repudio a la violencia ejercida contra integrantes de \\u201cBasta es Basta\\u201d\",\"previousItem\":{\"@type\":\"ListItem\",\"@id\":\"https:\\\/\\\/cauceecologico.org\\\/?cat=5#listItem\",\"name\":\"Noticias\"}}]},{\"@type\":\"Organization\",\"@id\":\"https:\\\/\\\/cauceecologico.org\\\/#organization\",\"name\":\"CAUCE\",\"description\":\"Cultura Ambiental - Causa Ecologista\",\"url\":\"https:\\\/\\\/cauceecologico.org\\\/\"},{\"@type\":\"Person\",\"@id\":\"https:\\\/\\\/cauceecologico.org\\\/?author=2#author\",\"url\":\"https:\\\/\\\/cauceecologico.org\\\/?author=2\",\"name\":\"Ana Lucia Vergara\",\"image\":{\"@type\":\"ImageObject\",\"@id\":\"https:\\\/\\\/cauceecologico.org\\\/?p=1347#authorImage\",\"url\":\"https:\\\/\\\/secure.gravatar.com\\\/avatar\\\/e8720df08f5c466573fb9f3d6cec14bcac9a305e2049123e58e6bc9c03f3a77b?s=96&d=mm&r=g\",\"width\":96,\"height\":96,\"caption\":\"Ana Lucia Vergara\"}},{\"@type\":\"WebPage\",\"@id\":\"https:\\\/\\\/cauceecologico.org\\\/?p=1347#webpage\",\"url\":\"https:\\\/\\\/cauceecologico.org\\\/?p=1347\",\"name\":\"Repudio a la violencia ejercida contra integrantes de \\u201cBasta es Basta\\u201d - CAUCE\",\"description\":\"Fundaci\\u00f3n CAUCE se solidariza con la Coordinadora Por una Vida sin Agrot\\u00f3xicos en Entre R\\u00edos, Basta es Basta, que denunci\\u00f3 amenazas a uno de sus miembros por parte de un importante dirigente gremial agropecuario. Este tipo de hechos visibilizan la impunidad con la que se manejan estos sectores de poder y muestran la violencia propia\",\"inLanguage\":\"es-ES\",\"isPartOf\":{\"@id\":\"https:\\\/\\\/cauceecologico.org\\\/#website\"},\"breadcrumb\":{\"@id\":\"https:\\\/\\\/cauceecologico.org\\\/?p=1347#breadcrumblist\"},\"author\":{\"@id\":\"https:\\\/\\\/cauceecologico.org\\\/?author=2#author\"},\"creator\":{\"@id\":\"https:\\\/\\\/cauceecologico.org\\\/?author=2#author\"},\"image\":{\"@type\":\"ImageObject\",\"url\":\"https:\\\/\\\/cauceecologico.org\\\/wp-content\\\/uploads\\\/2019\\\/10\\\/basta.jpg\",\"@id\":\"https:\\\/\\\/cauceecologico.org\\\/?p=1347\\\/#mainImage\",\"width\":640,\"height\":360},\"primaryImageOfPage\":{\"@id\":\"https:\\\/\\\/cauceecologico.org\\\/?p=1347#mainImage\"},\"datePublished\":\"2019-10-06T02:15:22+00:00\",\"dateModified\":\"2019-10-06T13:45:13+00:00\"},{\"@type\":\"WebSite\",\"@id\":\"https:\\\/\\\/cauceecologico.org\\\/#website\",\"url\":\"https:\\\/\\\/cauceecologico.org\\\/\",\"name\":\"CAUCE\",\"description\":\"Cultura Ambiental - Causa Ecologista\",\"inLanguage\":\"es-ES\",\"publisher\":{\"@id\":\"https:\\\/\\\/cauceecologico.org\\\/#organization\"}}]}\n\t\t<\/script>\n\t\t<!-- All in One SEO -->\n\n","aioseo_head_json":{"title":"Repudio a la violencia ejercida contra integrantes de \u201cBasta es Basta\u201d - CAUCE","description":"Fundaci\u00f3n CAUCE se solidariza con la Coordinadora Por una Vida sin Agrot\u00f3xicos en Entre R\u00edos, Basta es Basta, que denunci\u00f3 amenazas a uno de sus miembros por parte de un importante dirigente gremial agropecuario. Este tipo de hechos visibilizan la impunidad con la que se manejan estos sectores de poder y muestran la violencia propia","canonical_url":"https:\/\/cauceecologico.org\/?p=1347","robots":"max-image-preview:large","keywords":"","webmasterTools":{"miscellaneous":""},"schema":{"@context":"https:\/\/schema.org","@graph":[{"@type":"BlogPosting","@id":"https:\/\/cauceecologico.org\/?p=1347#blogposting","name":"Repudio a la violencia ejercida contra integrantes de \u201cBasta es Basta\u201d - CAUCE","headline":"Repudio a la violencia ejercida contra integrantes de \u201cBasta es Basta\u201d","author":{"@id":"https:\/\/cauceecologico.org\/?author=2#author"},"publisher":{"@id":"https:\/\/cauceecologico.org\/#organization"},"image":{"@type":"ImageObject","url":"https:\/\/cauceecologico.org\/wp-content\/uploads\/2019\/10\/basta.jpg","width":640,"height":360},"datePublished":"2019-10-06T02:15:22+00:00","dateModified":"2019-10-06T13:45:13+00:00","inLanguage":"es-ES","mainEntityOfPage":{"@id":"https:\/\/cauceecologico.org\/?p=1347#webpage"},"isPartOf":{"@id":"https:\/\/cauceecologico.org\/?p=1347#webpage"},"articleSection":"Destacados, Noticias"},{"@type":"BreadcrumbList","@id":"https:\/\/cauceecologico.org\/?p=1347#breadcrumblist","itemListElement":[{"@type":"ListItem","@id":"https:\/\/cauceecologico.org#listItem","position":1,"name":"Home","item":"https:\/\/cauceecologico.org","nextItem":{"@type":"ListItem","@id":"https:\/\/cauceecologico.org\/?cat=5#listItem","name":"Noticias"}},{"@type":"ListItem","@id":"https:\/\/cauceecologico.org\/?cat=5#listItem","position":2,"name":"Noticias","item":"https:\/\/cauceecologico.org\/?cat=5","nextItem":{"@type":"ListItem","@id":"https:\/\/cauceecologico.org\/?p=1347#listItem","name":"Repudio a la violencia ejercida contra integrantes de \u201cBasta es Basta\u201d"},"previousItem":{"@type":"ListItem","@id":"https:\/\/cauceecologico.org#listItem","name":"Home"}},{"@type":"ListItem","@id":"https:\/\/cauceecologico.org\/?p=1347#listItem","position":3,"name":"Repudio a la violencia ejercida contra integrantes de \u201cBasta es Basta\u201d","previousItem":{"@type":"ListItem","@id":"https:\/\/cauceecologico.org\/?cat=5#listItem","name":"Noticias"}}]},{"@type":"Organization","@id":"https:\/\/cauceecologico.org\/#organization","name":"CAUCE","description":"Cultura Ambiental - Causa Ecologista","url":"https:\/\/cauceecologico.org\/"},{"@type":"Person","@id":"https:\/\/cauceecologico.org\/?author=2#author","url":"https:\/\/cauceecologico.org\/?author=2","name":"Ana Lucia Vergara","image":{"@type":"ImageObject","@id":"https:\/\/cauceecologico.org\/?p=1347#authorImage","url":"https:\/\/secure.gravatar.com\/avatar\/e8720df08f5c466573fb9f3d6cec14bcac9a305e2049123e58e6bc9c03f3a77b?s=96&d=mm&r=g","width":96,"height":96,"caption":"Ana Lucia Vergara"}},{"@type":"WebPage","@id":"https:\/\/cauceecologico.org\/?p=1347#webpage","url":"https:\/\/cauceecologico.org\/?p=1347","name":"Repudio a la violencia ejercida contra integrantes de \u201cBasta es Basta\u201d - CAUCE","description":"Fundaci\u00f3n CAUCE se solidariza con la Coordinadora Por una Vida sin Agrot\u00f3xicos en Entre R\u00edos, Basta es Basta, que denunci\u00f3 amenazas a uno de sus miembros por parte de un importante dirigente gremial agropecuario. Este tipo de hechos visibilizan la impunidad con la que se manejan estos sectores de poder y muestran la violencia propia","inLanguage":"es-ES","isPartOf":{"@id":"https:\/\/cauceecologico.org\/#website"},"breadcrumb":{"@id":"https:\/\/cauceecologico.org\/?p=1347#breadcrumblist"},"author":{"@id":"https:\/\/cauceecologico.org\/?author=2#author"},"creator":{"@id":"https:\/\/cauceecologico.org\/?author=2#author"},"image":{"@type":"ImageObject","url":"https:\/\/cauceecologico.org\/wp-content\/uploads\/2019\/10\/basta.jpg","@id":"https:\/\/cauceecologico.org\/?p=1347\/#mainImage","width":640,"height":360},"primaryImageOfPage":{"@id":"https:\/\/cauceecologico.org\/?p=1347#mainImage"},"datePublished":"2019-10-06T02:15:22+00:00","dateModified":"2019-10-06T13:45:13+00:00"},{"@type":"WebSite","@id":"https:\/\/cauceecologico.org\/#website","url":"https:\/\/cauceecologico.org\/","name":"CAUCE","description":"Cultura Ambiental - Causa Ecologista","inLanguage":"es-ES","publisher":{"@id":"https:\/\/cauceecologico.org\/#organization"}}]},"og:locale":"es_ES","og:site_name":"CAUCE - Cultura Ambiental - Causa Ecologista","og:type":"article","og:title":"Repudio a la violencia ejercida contra integrantes de \u201cBasta es Basta\u201d - CAUCE","og:description":"Fundaci\u00f3n CAUCE se solidariza con la Coordinadora Por una Vida sin Agrot\u00f3xicos en Entre R\u00edos, Basta es Basta, que denunci\u00f3 amenazas a uno de sus miembros por parte de un importante dirigente gremial agropecuario. Este tipo de hechos visibilizan la impunidad con la que se manejan estos sectores de poder y muestran la violencia propia","og:url":"https:\/\/cauceecologico.org\/?p=1347","article:published_time":"2019-10-06T02:15:22+00:00","article:modified_time":"2019-10-06T13:45:13+00:00","twitter:card":"summary_large_image","twitter:title":"Repudio a la violencia ejercida contra integrantes de \u201cBasta es Basta\u201d - CAUCE","twitter:description":"Fundaci\u00f3n CAUCE se solidariza con la Coordinadora Por una Vida sin Agrot\u00f3xicos en Entre R\u00edos, Basta es Basta, que denunci\u00f3 amenazas a uno de sus miembros por parte de un importante dirigente gremial agropecuario. Este tipo de hechos visibilizan la impunidad con la que se manejan estos sectores de poder y muestran la violencia propia"},"aioseo_meta_data":{"post_id":"1347","title":null,"description":null,"keywords":null,"keyphrases":null,"primary_term":null,"canonical_url":null,"og_title":null,"og_description":null,"og_object_type":"default","og_image_type":"default","og_image_url":null,"og_image_width":null,"og_image_height":null,"og_image_custom_url":null,"og_image_custom_fields":null,"og_video":null,"og_custom_url":null,"og_article_section":null,"og_article_tags":null,"twitter_use_og":false,"twitter_card":"default","twitter_image_type":"default","twitter_image_url":null,"twitter_image_custom_url":null,"twitter_image_custom_fields":null,"twitter_title":null,"twitter_description":null,"schema":{"blockGraphs":[],"customGraphs":[],"default":{"data":{"Article":[],"Course":[],"Dataset":[],"FAQPage":[],"Movie":[],"Person":[],"Product":[],"ProductReview":[],"Car":[],"Recipe":[],"Service":[],"SoftwareApplication":[],"WebPage":[]},"graphName":"","isEnabled":true},"graphs":[]},"schema_type":"default","schema_type_options":null,"pillar_content":false,"robots_default":true,"robots_noindex":false,"robots_noarchive":false,"robots_nosnippet":false,"robots_nofollow":false,"robots_noimageindex":false,"robots_noodp":false,"robots_notranslate":false,"robots_max_snippet":null,"robots_max_videopreview":null,"robots_max_imagepreview":"large","priority":null,"frequency":null,"local_seo":null,"limit_modified_date":false,"created":"2023-03-16 20:22:41","updated":"2026-07-28 00:54:56","ai":null,"breadcrumb_settings":null,"seo_analyzer_scan_date":null},"aioseo_breadcrumb":"<div class=\"aioseo-breadcrumbs\"><span class=\"aioseo-breadcrumb\">\n\t\t\t<a href=\"https:\/\/cauceecologico.org\" title=\"Home\">Home<\/a>\n\t\t<\/span><span class=\"aioseo-breadcrumb-separator\">&raquo;<\/span><span class=\"aioseo-breadcrumb\">\n\t\t\t<a href=\"https:\/\/cauceecologico.org\/?cat=5\" title=\"Noticias\">Noticias<\/a>\n\t\t<\/span><span class=\"aioseo-breadcrumb-separator\">&raquo;<\/span><span class=\"aioseo-breadcrumb\">\n\t\t\tRepudio a la violencia ejercida contra integrantes de \u201cBasta es Basta\u201d\n\t\t<\/span><\/div>","aioseo_breadcrumb_json":[{"label":"Home","link":"https:\/\/cauceecologico.org"},{"label":"Noticias","link":"https:\/\/cauceecologico.org\/?cat=5"},{"label":"Repudio a la violencia ejercida contra integrantes de \u201cBasta es Basta\u201d","link":"https:\/\/cauceecologico.org\/?p=1347"}],"_links":{"self":[{"href":"https:\/\/cauceecologico.org\/index.php?rest_route=\/wp\/v2\/posts\/1347","targetHints":{"allow":["GET"]}}],"collection":[{"href":"https:\/\/cauceecologico.org\/index.php?rest_route=\/wp\/v2\/posts"}],"about":[{"href":"https:\/\/cauceecologico.org\/index.php?rest_route=\/wp\/v2\/types\/post"}],"author":[{"embeddable":true,"href":"https:\/\/cauceecologico.org\/index.php?rest_route=\/wp\/v2\/users\/2"}],"replies":[{"embeddable":true,"href":"https:\/\/cauceecologico.org\/index.php?rest_route=%2Fwp%2Fv2%2Fcomments&post=1347"}],"version-history":[{"count":8,"href":"https:\/\/cauceecologico.org\/index.php?rest_route=\/wp\/v2\/posts\/1347\/revisions"}],"predecessor-version":[{"id":1356,"href":"https:\/\/cauceecologico.org\/index.php?rest_route=\/wp\/v2\/posts\/1347\/revisions\/1356"}],"wp:featuredmedia":[{"embeddable":true,"href":"https:\/\/cauceecologico.org\/index.php?rest_route=\/wp\/v2\/media\/1349"}],"wp:attachment":[{"href":"https:\/\/cauceecologico.org\/index.php?rest_route=%2Fwp%2Fv2%2Fmedia&parent=1347"}],"wp:term":[{"taxonomy":"category","embeddable":true,"href":"https:\/\/cauceecologico.org\/index.php?rest_route=%2Fwp%2Fv2%2Fcategories&post=1347"},{"taxonomy":"post_tag","embeddable":true,"href":"https:\/\/cauceecologico.org\/index.php?rest_route=%2Fwp%2Fv2%2Ftags&post=1347"}],"curies":[{"name":"wp","href":"https:\/\/api.w.org\/{rel}","templated":true}]}}