{"id":1710,"date":"2020-02-27T17:36:17","date_gmt":"2020-02-27T17:36:17","guid":{"rendered":"http:\/\/cauceecologico.org\/?p=1710"},"modified":"2020-03-02T15:11:55","modified_gmt":"2020-03-02T15:11:55","slug":"incendios-en-islas-del-delta-nota-dirigida-al-ministro-de-ambiente-de-la-nacion","status":"publish","type":"post","link":"https:\/\/cauceecologico.org\/?p=1710","title":{"rendered":"Incendios en islas del Delta: nota dirigida al Ministro de Ambiente de la Naci\u00f3n"},"content":{"rendered":"<p>Junto a organizaciones ambientalistas presentamos la semana pasada una nota dirigida al Ministro de Ambiente y Desarrollo Sustentable, Juan Cabandi\u00e9, para manifestar nuestra preocupaci\u00f3n por los incendios que se registraron en las inmediaciones de la conexi\u00f3n vial interisle\u00f1a Victoria-Rosario (RN 174) y solicitar formalmente la intervenci\u00f3n de las autoridades competentes para contener la propagaci\u00f3n de los incendios. Asimismo, volvimos a se\u00f1alar la importancia de la reactivaci\u00f3n del espacio de coordinaci\u00f3n interjurisdiccional establecido con el Plan Integral Estrat\u00e9gico para la Conservaci\u00f3n y Aprovechamiento Sostenible en el Delta del Paran\u00e1 (PIECAS-DP) para desarrollar acciones de prevenci\u00f3n y control de quemas e incendios en el \u00e1rea actualmente afectada.<\/p>\n<p>En la misma nos referimos a los graves impactos en el ambiente y la salud de los pobladores del Delta del Paran\u00e1 y de las ciudades ribere\u00f1as de Santa Fe que ocasionan los incendios de magnitud producidos por las quemas en el sector islas del Municipio de Victoria en un contexto de prolongada bajante del r\u00edo Paran\u00e1. Asimismo, recordamos los incendios masivos ocurridos en las islas en el a\u00f1o 2008 y sus efectos en la vegetaci\u00f3n, la fauna silvestre y la poblaci\u00f3n isle\u00f1a, hecho que motiv\u00f3 la elaboraci\u00f3n del PIECAS-DP.<\/p>\n<p><em>\u00abCabe destacar adem\u00e1s, que se han establecido mediante ley nacional presupuestos m\u00ednimos de protecci\u00f3n ambiental para control de actividades de quema en todo el territorio nacional (ley 26.562) que en su art\u00edculo 3 concretamente indica: \u201cQueda prohibida en todo el territorio nacional toda actividad de quema que no cuente con la debida autorizaci\u00f3n expedida por la autoridad local competente, la que ser\u00e1 otorgada en forma espec\u00edfica.\u201d Y posteriormente se cre\u00f3 el Sistema Federal de Manejo del Fuego (ley 26.815) del cual es autoridad de aplicaci\u00f3n su Ministerio conforme art\u00edculo 5, quien debe velar por la protecci\u00f3n y preservaci\u00f3n del medio ambiente y por la seguridad de la poblaci\u00f3n en general y de las personas afectadas al combate de incendios en un ejercicio de articulaci\u00f3n, para \u201cimplementar pol\u00edticas preventivas, el apoyo a las estrategias de manejo del fuego, el alerta anticipada y el combate r\u00e1pido y eficaz de los incendios, a efectos de hacer posible mantener los ecosistemas y sus procesos con una gesti\u00f3n integral\u201d (art. 8)\u00bb, <\/em>argumentamos.<\/p>\n<p><span style=\"color: #4674b0;\"><a style=\"color: #4674b0;\" href=\"http:\/\/cauceecologico.org\/wp-content\/uploads\/2020\/02\/Nota-MAyDS-incendios-21.02.2020-1.pdf\"> Nota completa<\/a><\/span><\/p>\n<p><span style=\"color: #4674b0;\"><a style=\"color: #4674b0;\" href=\"http:\/\/cauceecologico.org\/?p=1584\">Material relacionado<\/a><\/span><\/p>\n<p><a href=\"http:\/\/cauceecologico.org\/wp-content\/uploads\/2020\/01\/PIECAS-DP-2014.pdf\"><span style=\"color: #4674b0;\">PIECAS-DP<\/span><\/a><\/p>\n<p style=\"text-align: right;\">27\/02\/20<\/p>\n","protected":false},"excerpt":{"rendered":"<p>Junto a organizaciones ambientalistas presentamos la semana pasada una nota dirigida al Ministro de Ambiente y Desarrollo Sustentable, Juan Cabandi\u00e9, para manifestar nuestra preocupaci\u00f3n por los incendios que se registraron en las inmediaciones de la conexi\u00f3n vial interisle\u00f1a Victoria-Rosario (RN 174) y solicitar formalmente la intervenci\u00f3n de las autoridades competentes para contener la propagaci\u00f3n de [&hellip;]<\/p>\n","protected":false},"author":2,"featured_media":1717,"comment_status":"open","ping_status":"open","sticky":false,"template":"","format":"standard","meta":{"om_disable_all_campaigns":false,"_monsterinsights_skip_tracking":false,"amp_status":"","footnotes":""},"categories":[6,5],"tags":[],"class_list":["post-1710","post","type-post","status-publish","format-standard","has-post-thumbnail","hentry","category-destacados","category-noticias"],"aioseo_notices":[],"aioseo_head":"\n\t\t<!-- All in One SEO 4.9.10 - aioseo.com -->\n\t<meta name=\"description\" content=\"Junto a organizaciones ambientalistas presentamos la semana pasada una nota dirigida al Ministro de Ambiente y Desarrollo Sustentable, Juan Cabandi\u00e9, para manifestar nuestra preocupaci\u00f3n por los incendios que se registraron en las inmediaciones de la conexi\u00f3n vial interisle\u00f1a Victoria-Rosario (RN 174) y solicitar formalmente la intervenci\u00f3n de las autoridades competentes para contener la propagaci\u00f3n de\" \/>\n\t<meta name=\"robots\" content=\"max-image-preview:large\" \/>\n\t<meta name=\"author\" content=\"Ana Lucia Vergara\"\/>\n\t<link rel=\"canonical\" href=\"https:\/\/cauceecologico.org\/?p=1710\" \/>\n\t<meta name=\"generator\" content=\"All in One SEO (AIOSEO) 4.9.10\" \/>\n\t\t<meta property=\"og:locale\" content=\"es_ES\" \/>\n\t\t<meta property=\"og:site_name\" content=\"CAUCE - Cultura Ambiental - Causa Ecologista\" \/>\n\t\t<meta property=\"og:type\" content=\"article\" \/>\n\t\t<meta property=\"og:title\" content=\"Incendios en islas del Delta: nota dirigida al Ministro de Ambiente de la Naci\u00f3n - CAUCE\" \/>\n\t\t<meta property=\"og:description\" content=\"Junto a organizaciones ambientalistas presentamos la semana pasada una nota dirigida al Ministro de Ambiente y Desarrollo Sustentable, Juan Cabandi\u00e9, para manifestar nuestra preocupaci\u00f3n por los incendios que se registraron en las inmediaciones de la conexi\u00f3n vial interisle\u00f1a Victoria-Rosario (RN 174) y solicitar formalmente la intervenci\u00f3n de las autoridades competentes para contener la propagaci\u00f3n de\" \/>\n\t\t<meta property=\"og:url\" content=\"https:\/\/cauceecologico.org\/?p=1710\" \/>\n\t\t<meta property=\"article:published_time\" content=\"2020-02-27T17:36:17+00:00\" \/>\n\t\t<meta property=\"article:modified_time\" content=\"2020-03-02T15:11:55+00:00\" \/>\n\t\t<meta name=\"twitter:card\" content=\"summary_large_image\" \/>\n\t\t<meta name=\"twitter:title\" content=\"Incendios en islas del Delta: nota dirigida al Ministro de Ambiente de la Naci\u00f3n - CAUCE\" \/>\n\t\t<meta name=\"twitter:description\" content=\"Junto a organizaciones ambientalistas presentamos la semana pasada una nota dirigida al Ministro de Ambiente y Desarrollo Sustentable, Juan Cabandi\u00e9, para manifestar nuestra preocupaci\u00f3n por los incendios que se registraron en las inmediaciones de la conexi\u00f3n vial interisle\u00f1a Victoria-Rosario (RN 174) y solicitar formalmente la intervenci\u00f3n de las autoridades competentes para contener la propagaci\u00f3n de\" \/>\n\t\t<script type=\"application\/ld+json\" class=\"aioseo-schema\">\n\t\t\t{\"@context\":\"https:\\\/\\\/schema.org\",\"@graph\":[{\"@type\":\"BlogPosting\",\"@id\":\"https:\\\/\\\/cauceecologico.org\\\/?p=1710#blogposting\",\"name\":\"Incendios en islas del Delta: nota dirigida al Ministro de Ambiente de la Naci\\u00f3n - CAUCE\",\"headline\":\"Incendios en islas del Delta: nota dirigida al Ministro de Ambiente de la Naci\\u00f3n\",\"author\":{\"@id\":\"https:\\\/\\\/cauceecologico.org\\\/?author=2#author\"},\"publisher\":{\"@id\":\"https:\\\/\\\/cauceecologico.org\\\/#organization\"},\"image\":{\"@type\":\"ImageObject\",\"url\":\"https:\\\/\\\/cauceecologico.org\\\/wp-content\\\/uploads\\\/2020\\\/02\\\/03_incendios.jpg\",\"width\":700,\"height\":415},\"datePublished\":\"2020-02-27T17:36:17+00:00\",\"dateModified\":\"2020-03-02T15:11:55+00:00\",\"inLanguage\":\"es-ES\",\"mainEntityOfPage\":{\"@id\":\"https:\\\/\\\/cauceecologico.org\\\/?p=1710#webpage\"},\"isPartOf\":{\"@id\":\"https:\\\/\\\/cauceecologico.org\\\/?p=1710#webpage\"},\"articleSection\":\"Destacados, Noticias\"},{\"@type\":\"BreadcrumbList\",\"@id\":\"https:\\\/\\\/cauceecologico.org\\\/?p=1710#breadcrumblist\",\"itemListElement\":[{\"@type\":\"ListItem\",\"@id\":\"https:\\\/\\\/cauceecologico.org#listItem\",\"position\":1,\"name\":\"Home\",\"item\":\"https:\\\/\\\/cauceecologico.org\",\"nextItem\":{\"@type\":\"ListItem\",\"@id\":\"https:\\\/\\\/cauceecologico.org\\\/?cat=5#listItem\",\"name\":\"Noticias\"}},{\"@type\":\"ListItem\",\"@id\":\"https:\\\/\\\/cauceecologico.org\\\/?cat=5#listItem\",\"position\":2,\"name\":\"Noticias\",\"item\":\"https:\\\/\\\/cauceecologico.org\\\/?cat=5\",\"nextItem\":{\"@type\":\"ListItem\",\"@id\":\"https:\\\/\\\/cauceecologico.org\\\/?p=1710#listItem\",\"name\":\"Incendios en islas del Delta: nota dirigida al Ministro de Ambiente de la Naci\\u00f3n\"},\"previousItem\":{\"@type\":\"ListItem\",\"@id\":\"https:\\\/\\\/cauceecologico.org#listItem\",\"name\":\"Home\"}},{\"@type\":\"ListItem\",\"@id\":\"https:\\\/\\\/cauceecologico.org\\\/?p=1710#listItem\",\"position\":3,\"name\":\"Incendios en islas del Delta: nota dirigida al Ministro de Ambiente de la Naci\\u00f3n\",\"previousItem\":{\"@type\":\"ListItem\",\"@id\":\"https:\\\/\\\/cauceecologico.org\\\/?cat=5#listItem\",\"name\":\"Noticias\"}}]},{\"@type\":\"Organization\",\"@id\":\"https:\\\/\\\/cauceecologico.org\\\/#organization\",\"name\":\"CAUCE\",\"description\":\"Cultura Ambiental - Causa Ecologista\",\"url\":\"https:\\\/\\\/cauceecologico.org\\\/\"},{\"@type\":\"Person\",\"@id\":\"https:\\\/\\\/cauceecologico.org\\\/?author=2#author\",\"url\":\"https:\\\/\\\/cauceecologico.org\\\/?author=2\",\"name\":\"Ana Lucia Vergara\",\"image\":{\"@type\":\"ImageObject\",\"@id\":\"https:\\\/\\\/cauceecologico.org\\\/?p=1710#authorImage\",\"url\":\"https:\\\/\\\/secure.gravatar.com\\\/avatar\\\/e8720df08f5c466573fb9f3d6cec14bcac9a305e2049123e58e6bc9c03f3a77b?s=96&d=mm&r=g\",\"width\":96,\"height\":96,\"caption\":\"Ana Lucia Vergara\"}},{\"@type\":\"WebPage\",\"@id\":\"https:\\\/\\\/cauceecologico.org\\\/?p=1710#webpage\",\"url\":\"https:\\\/\\\/cauceecologico.org\\\/?p=1710\",\"name\":\"Incendios en islas del Delta: nota dirigida al Ministro de Ambiente de la Naci\\u00f3n - CAUCE\",\"description\":\"Junto a organizaciones ambientalistas presentamos la semana pasada una nota dirigida al Ministro de Ambiente y Desarrollo Sustentable, Juan Cabandi\\u00e9, para manifestar nuestra preocupaci\\u00f3n por los incendios que se registraron en las inmediaciones de la conexi\\u00f3n vial interisle\\u00f1a Victoria-Rosario (RN 174) y solicitar formalmente la intervenci\\u00f3n de las autoridades competentes para contener la propagaci\\u00f3n de\",\"inLanguage\":\"es-ES\",\"isPartOf\":{\"@id\":\"https:\\\/\\\/cauceecologico.org\\\/#website\"},\"breadcrumb\":{\"@id\":\"https:\\\/\\\/cauceecologico.org\\\/?p=1710#breadcrumblist\"},\"author\":{\"@id\":\"https:\\\/\\\/cauceecologico.org\\\/?author=2#author\"},\"creator\":{\"@id\":\"https:\\\/\\\/cauceecologico.org\\\/?author=2#author\"},\"image\":{\"@type\":\"ImageObject\",\"url\":\"https:\\\/\\\/cauceecologico.org\\\/wp-content\\\/uploads\\\/2020\\\/02\\\/03_incendios.jpg\",\"@id\":\"https:\\\/\\\/cauceecologico.org\\\/?p=1710\\\/#mainImage\",\"width\":700,\"height\":415},\"primaryImageOfPage\":{\"@id\":\"https:\\\/\\\/cauceecologico.org\\\/?p=1710#mainImage\"},\"datePublished\":\"2020-02-27T17:36:17+00:00\",\"dateModified\":\"2020-03-02T15:11:55+00:00\"},{\"@type\":\"WebSite\",\"@id\":\"https:\\\/\\\/cauceecologico.org\\\/#website\",\"url\":\"https:\\\/\\\/cauceecologico.org\\\/\",\"name\":\"CAUCE\",\"description\":\"Cultura Ambiental - Causa Ecologista\",\"inLanguage\":\"es-ES\",\"publisher\":{\"@id\":\"https:\\\/\\\/cauceecologico.org\\\/#organization\"}}]}\n\t\t<\/script>\n\t\t<!-- All in One SEO -->\n\n","aioseo_head_json":{"title":"Incendios en islas del Delta: nota dirigida al Ministro de Ambiente de la Naci\u00f3n - CAUCE","description":"Junto a organizaciones ambientalistas presentamos la semana pasada una nota dirigida al Ministro de Ambiente y Desarrollo Sustentable, Juan Cabandi\u00e9, para manifestar nuestra preocupaci\u00f3n por los incendios que se registraron en las inmediaciones de la conexi\u00f3n vial interisle\u00f1a Victoria-Rosario (RN 174) y solicitar formalmente la intervenci\u00f3n de las autoridades competentes para contener la propagaci\u00f3n de","canonical_url":"https:\/\/cauceecologico.org\/?p=1710","robots":"max-image-preview:large","keywords":"","webmasterTools":{"miscellaneous":""},"schema":{"@context":"https:\/\/schema.org","@graph":[{"@type":"BlogPosting","@id":"https:\/\/cauceecologico.org\/?p=1710#blogposting","name":"Incendios en islas del Delta: nota dirigida al Ministro de Ambiente de la Naci\u00f3n - CAUCE","headline":"Incendios en islas del Delta: nota dirigida al Ministro de Ambiente de la Naci\u00f3n","author":{"@id":"https:\/\/cauceecologico.org\/?author=2#author"},"publisher":{"@id":"https:\/\/cauceecologico.org\/#organization"},"image":{"@type":"ImageObject","url":"https:\/\/cauceecologico.org\/wp-content\/uploads\/2020\/02\/03_incendios.jpg","width":700,"height":415},"datePublished":"2020-02-27T17:36:17+00:00","dateModified":"2020-03-02T15:11:55+00:00","inLanguage":"es-ES","mainEntityOfPage":{"@id":"https:\/\/cauceecologico.org\/?p=1710#webpage"},"isPartOf":{"@id":"https:\/\/cauceecologico.org\/?p=1710#webpage"},"articleSection":"Destacados, Noticias"},{"@type":"BreadcrumbList","@id":"https:\/\/cauceecologico.org\/?p=1710#breadcrumblist","itemListElement":[{"@type":"ListItem","@id":"https:\/\/cauceecologico.org#listItem","position":1,"name":"Home","item":"https:\/\/cauceecologico.org","nextItem":{"@type":"ListItem","@id":"https:\/\/cauceecologico.org\/?cat=5#listItem","name":"Noticias"}},{"@type":"ListItem","@id":"https:\/\/cauceecologico.org\/?cat=5#listItem","position":2,"name":"Noticias","item":"https:\/\/cauceecologico.org\/?cat=5","nextItem":{"@type":"ListItem","@id":"https:\/\/cauceecologico.org\/?p=1710#listItem","name":"Incendios en islas del Delta: nota dirigida al Ministro de Ambiente de la Naci\u00f3n"},"previousItem":{"@type":"ListItem","@id":"https:\/\/cauceecologico.org#listItem","name":"Home"}},{"@type":"ListItem","@id":"https:\/\/cauceecologico.org\/?p=1710#listItem","position":3,"name":"Incendios en islas del Delta: nota dirigida al Ministro de Ambiente de la Naci\u00f3n","previousItem":{"@type":"ListItem","@id":"https:\/\/cauceecologico.org\/?cat=5#listItem","name":"Noticias"}}]},{"@type":"Organization","@id":"https:\/\/cauceecologico.org\/#organization","name":"CAUCE","description":"Cultura Ambiental - Causa Ecologista","url":"https:\/\/cauceecologico.org\/"},{"@type":"Person","@id":"https:\/\/cauceecologico.org\/?author=2#author","url":"https:\/\/cauceecologico.org\/?author=2","name":"Ana Lucia Vergara","image":{"@type":"ImageObject","@id":"https:\/\/cauceecologico.org\/?p=1710#authorImage","url":"https:\/\/secure.gravatar.com\/avatar\/e8720df08f5c466573fb9f3d6cec14bcac9a305e2049123e58e6bc9c03f3a77b?s=96&d=mm&r=g","width":96,"height":96,"caption":"Ana Lucia Vergara"}},{"@type":"WebPage","@id":"https:\/\/cauceecologico.org\/?p=1710#webpage","url":"https:\/\/cauceecologico.org\/?p=1710","name":"Incendios en islas del Delta: nota dirigida al Ministro de Ambiente de la Naci\u00f3n - CAUCE","description":"Junto a organizaciones ambientalistas presentamos la semana pasada una nota dirigida al Ministro de Ambiente y Desarrollo Sustentable, Juan Cabandi\u00e9, para manifestar nuestra preocupaci\u00f3n por los incendios que se registraron en las inmediaciones de la conexi\u00f3n vial interisle\u00f1a Victoria-Rosario (RN 174) y solicitar formalmente la intervenci\u00f3n de las autoridades competentes para contener la propagaci\u00f3n de","inLanguage":"es-ES","isPartOf":{"@id":"https:\/\/cauceecologico.org\/#website"},"breadcrumb":{"@id":"https:\/\/cauceecologico.org\/?p=1710#breadcrumblist"},"author":{"@id":"https:\/\/cauceecologico.org\/?author=2#author"},"creator":{"@id":"https:\/\/cauceecologico.org\/?author=2#author"},"image":{"@type":"ImageObject","url":"https:\/\/cauceecologico.org\/wp-content\/uploads\/2020\/02\/03_incendios.jpg","@id":"https:\/\/cauceecologico.org\/?p=1710\/#mainImage","width":700,"height":415},"primaryImageOfPage":{"@id":"https:\/\/cauceecologico.org\/?p=1710#mainImage"},"datePublished":"2020-02-27T17:36:17+00:00","dateModified":"2020-03-02T15:11:55+00:00"},{"@type":"WebSite","@id":"https:\/\/cauceecologico.org\/#website","url":"https:\/\/cauceecologico.org\/","name":"CAUCE","description":"Cultura Ambiental - Causa Ecologista","inLanguage":"es-ES","publisher":{"@id":"https:\/\/cauceecologico.org\/#organization"}}]},"og:locale":"es_ES","og:site_name":"CAUCE - Cultura Ambiental - Causa Ecologista","og:type":"article","og:title":"Incendios en islas del Delta: nota dirigida al Ministro de Ambiente de la Naci\u00f3n - CAUCE","og:description":"Junto a organizaciones ambientalistas presentamos la semana pasada una nota dirigida al Ministro de Ambiente y Desarrollo Sustentable, Juan Cabandi\u00e9, para manifestar nuestra preocupaci\u00f3n por los incendios que se registraron en las inmediaciones de la conexi\u00f3n vial interisle\u00f1a Victoria-Rosario (RN 174) y solicitar formalmente la intervenci\u00f3n de las autoridades competentes para contener la propagaci\u00f3n de","og:url":"https:\/\/cauceecologico.org\/?p=1710","article:published_time":"2020-02-27T17:36:17+00:00","article:modified_time":"2020-03-02T15:11:55+00:00","twitter:card":"summary_large_image","twitter:title":"Incendios en islas del Delta: nota dirigida al Ministro de Ambiente de la Naci\u00f3n - CAUCE","twitter:description":"Junto a organizaciones ambientalistas presentamos la semana pasada una nota dirigida al Ministro de Ambiente y Desarrollo Sustentable, Juan Cabandi\u00e9, para manifestar nuestra preocupaci\u00f3n por los incendios que se registraron en las inmediaciones de la conexi\u00f3n vial interisle\u00f1a Victoria-Rosario (RN 174) y solicitar formalmente la intervenci\u00f3n de las autoridades competentes para contener la propagaci\u00f3n de"},"aioseo_meta_data":{"post_id":"1710","title":null,"description":null,"keywords":null,"keyphrases":null,"primary_term":null,"canonical_url":null,"og_title":null,"og_description":null,"og_object_type":"default","og_image_type":"default","og_image_url":null,"og_image_width":null,"og_image_height":null,"og_image_custom_url":null,"og_image_custom_fields":null,"og_video":null,"og_custom_url":null,"og_article_section":null,"og_article_tags":null,"twitter_use_og":false,"twitter_card":"default","twitter_image_type":"default","twitter_image_url":null,"twitter_image_custom_url":null,"twitter_image_custom_fields":null,"twitter_title":null,"twitter_description":null,"schema":{"blockGraphs":[],"customGraphs":[],"default":{"data":{"Article":[],"Course":[],"Dataset":[],"FAQPage":[],"Movie":[],"Person":[],"Product":[],"ProductReview":[],"Car":[],"Recipe":[],"Service":[],"SoftwareApplication":[],"WebPage":[]},"graphName":"","isEnabled":true},"graphs":[]},"schema_type":"default","schema_type_options":null,"pillar_content":false,"robots_default":true,"robots_noindex":false,"robots_noarchive":false,"robots_nosnippet":false,"robots_nofollow":false,"robots_noimageindex":false,"robots_noodp":false,"robots_notranslate":false,"robots_max_snippet":null,"robots_max_videopreview":null,"robots_max_imagepreview":"large","priority":null,"frequency":null,"local_seo":null,"limit_modified_date":false,"created":"2023-03-16 20:28:29","updated":"2026-07-28 00:58:07","ai":null,"breadcrumb_settings":null,"seo_analyzer_scan_date":null},"aioseo_breadcrumb":"<div class=\"aioseo-breadcrumbs\"><span class=\"aioseo-breadcrumb\">\n\t\t\t<a href=\"https:\/\/cauceecologico.org\" title=\"Home\">Home<\/a>\n\t\t<\/span><span class=\"aioseo-breadcrumb-separator\">&raquo;<\/span><span class=\"aioseo-breadcrumb\">\n\t\t\t<a href=\"https:\/\/cauceecologico.org\/?cat=5\" title=\"Noticias\">Noticias<\/a>\n\t\t<\/span><span class=\"aioseo-breadcrumb-separator\">&raquo;<\/span><span class=\"aioseo-breadcrumb\">\n\t\t\tIncendios en islas del Delta: nota dirigida al Ministro de Ambiente de la Naci\u00f3n\n\t\t<\/span><\/div>","aioseo_breadcrumb_json":[{"label":"Home","link":"https:\/\/cauceecologico.org"},{"label":"Noticias","link":"https:\/\/cauceecologico.org\/?cat=5"},{"label":"Incendios en islas del Delta: nota dirigida al Ministro de Ambiente de la Naci\u00f3n","link":"https:\/\/cauceecologico.org\/?p=1710"}],"_links":{"self":[{"href":"https:\/\/cauceecologico.org\/index.php?rest_route=\/wp\/v2\/posts\/1710","targetHints":{"allow":["GET"]}}],"collection":[{"href":"https:\/\/cauceecologico.org\/index.php?rest_route=\/wp\/v2\/posts"}],"about":[{"href":"https:\/\/cauceecologico.org\/index.php?rest_route=\/wp\/v2\/types\/post"}],"author":[{"embeddable":true,"href":"https:\/\/cauceecologico.org\/index.php?rest_route=\/wp\/v2\/users\/2"}],"replies":[{"embeddable":true,"href":"https:\/\/cauceecologico.org\/index.php?rest_route=%2Fwp%2Fv2%2Fcomments&post=1710"}],"version-history":[{"count":12,"href":"https:\/\/cauceecologico.org\/index.php?rest_route=\/wp\/v2\/posts\/1710\/revisions"}],"predecessor-version":[{"id":1727,"href":"https:\/\/cauceecologico.org\/index.php?rest_route=\/wp\/v2\/posts\/1710\/revisions\/1727"}],"wp:featuredmedia":[{"embeddable":true,"href":"https:\/\/cauceecologico.org\/index.php?rest_route=\/wp\/v2\/media\/1717"}],"wp:attachment":[{"href":"https:\/\/cauceecologico.org\/index.php?rest_route=%2Fwp%2Fv2%2Fmedia&parent=1710"}],"wp:term":[{"taxonomy":"category","embeddable":true,"href":"https:\/\/cauceecologico.org\/index.php?rest_route=%2Fwp%2Fv2%2Fcategories&post=1710"},{"taxonomy":"post_tag","embeddable":true,"href":"https:\/\/cauceecologico.org\/index.php?rest_route=%2Fwp%2Fv2%2Ftags&post=1710"}],"curies":[{"name":"wp","href":"https:\/\/api.w.org\/{rel}","templated":true}]}}