{"id":1747,"date":"2020-03-06T12:43:51","date_gmt":"2020-03-06T12:43:51","guid":{"rendered":"http:\/\/cauceecologico.org\/?p=1747"},"modified":"2020-03-06T12:56:36","modified_gmt":"2020-03-06T12:56:36","slug":"incendios-en-islas-entrerrianas-nota-al-secretario-de-ambiente-de-la-provincia","status":"publish","type":"post","link":"https:\/\/cauceecologico.org\/?p=1747","title":{"rendered":"Incendios en islas entrerrianas: nota al Secretario de Ambiente de la provincia"},"content":{"rendered":"<p>Fundaci\u00f3n CAUCE, Cultura Ambiental &#8211; Causa Ecologista, junto a organizaciones ambientalistas del pa\u00eds present\u00f3 este jueves una nota dirigida al Secretario de Ambiente de Entre R\u00edos, Ing. Mart\u00edn Barbieri, para solicitar la urgente intervenci\u00f3n ante los incendios que se est\u00e1n registrando en las islas del Municipio de Victoria en nuestra provincia.<\/p>\n<p>Fragmento de la nota<\/p>\n<h5>Desde inicios de este a\u00f1o, en el contexto de una prolongada bajante del r\u00edo Paran\u00e1, se suceden quemas ilegales en las islas entrerrianas que est\u00e1n generando incendios de magnitud. Los incendios se iniciaron en las inmediaciones de la conexi\u00f3n vial interisle\u00f1a Victoria-Rosario (RN 174), y posteriormente se propagaron en distintas zonas de la secci\u00f3n islas, generando impactos en el ambiente y la salud de pobladores de las islas y las ciudades ribere\u00f1as de Santa Fe, en particular de la ciudad de Rosario.<\/h5>\n<h5>Pese a la reciente asistencia del Sistema Federal de Manejo del Fuego y la coordinaci\u00f3n de esfuerzos entre diferentes organismos inter-provinciales para contener el fuego, los incendios contin\u00faan. En este alarmante escenario, y teniendo como tr\u00e1gico antecedente los sucesos del a\u00f1o 2008, solicitamos que su Secretar\u00eda, autoridad de aplicaci\u00f3n de la Ley 9868 de Manejo del fuego:<\/h5>\n<h5><strong>&#8211; determine la suspensi\u00f3n de las autorizaciones de quemas controladas en el territorio de islas por un plazo conveniente;<\/strong><br \/>\n<strong>&#8211; extreme los controles sobre quemas ilegales, a fin de evitar la generaci\u00f3n de nuevos focos de incendios;<\/strong><br \/>\n<strong>&#8211; y cree a la brevedad una instancia inter-institucional de abordaje de esta problem\u00e1tica recurrente en el Delta entrerriano, en base a los lineamientos aprobados por su provincia en el Plan Integral Estrat\u00e9gico para la Conservaci\u00f3n y Aprovechamiento Sustentable del Delta del Paran\u00e1 (PIECAS-DP)<\/strong><\/h5>\n<p><span style=\"color: #4674b0;\"><a style=\"color: #4674b0;\" href=\"http:\/\/cauceecologico.org\/wp-content\/uploads\/2020\/03\/nota-incendios-ER-05.03.2020-pdf.pdf\">Nota<\/a><\/span><\/p>\n<p style=\"text-align: right;\">06\/06\/20<\/p>\n","protected":false},"excerpt":{"rendered":"<p>Fundaci\u00f3n CAUCE, Cultura Ambiental &#8211; Causa Ecologista, junto a organizaciones ambientalistas del pa\u00eds present\u00f3 este jueves una nota dirigida al Secretario de Ambiente de Entre R\u00edos, Ing. Mart\u00edn Barbieri, para solicitar la urgente intervenci\u00f3n ante los incendios que se est\u00e1n registrando en las islas del Municipio de Victoria en nuestra provincia. Fragmento de la nota [&hellip;]<\/p>\n","protected":false},"author":2,"featured_media":1751,"comment_status":"open","ping_status":"open","sticky":false,"template":"","format":"standard","meta":{"om_disable_all_campaigns":false,"_monsterinsights_skip_tracking":false,"amp_status":"","footnotes":""},"categories":[6,5],"tags":[],"class_list":["post-1747","post","type-post","status-publish","format-standard","has-post-thumbnail","hentry","category-destacados","category-noticias"],"aioseo_notices":[],"aioseo_head":"\n\t\t<!-- All in One SEO 4.9.10 - aioseo.com -->\n\t<meta name=\"description\" content=\"Fundaci\u00f3n CAUCE, Cultura Ambiental - Causa Ecologista, junto a organizaciones ambientalistas del pa\u00eds present\u00f3 este jueves una nota dirigida al Secretario de Ambiente de Entre R\u00edos, Ing. Mart\u00edn Barbieri, para solicitar la urgente intervenci\u00f3n ante los incendios que se est\u00e1n registrando en las islas del Municipio de Victoria en nuestra provincia. Fragmento de la nota\" \/>\n\t<meta name=\"robots\" content=\"max-image-preview:large\" \/>\n\t<meta name=\"author\" content=\"Ana Lucia Vergara\"\/>\n\t<link rel=\"canonical\" href=\"https:\/\/cauceecologico.org\/?p=1747\" \/>\n\t<meta name=\"generator\" content=\"All in One SEO (AIOSEO) 4.9.10\" \/>\n\t\t<meta property=\"og:locale\" content=\"es_ES\" \/>\n\t\t<meta property=\"og:site_name\" content=\"CAUCE - Cultura Ambiental - Causa Ecologista\" \/>\n\t\t<meta property=\"og:type\" content=\"article\" \/>\n\t\t<meta property=\"og:title\" content=\"Incendios en islas entrerrianas: nota al Secretario de Ambiente de la provincia - CAUCE\" \/>\n\t\t<meta property=\"og:description\" content=\"Fundaci\u00f3n CAUCE, Cultura Ambiental - Causa Ecologista, junto a organizaciones ambientalistas del pa\u00eds present\u00f3 este jueves una nota dirigida al Secretario de Ambiente de Entre R\u00edos, Ing. Mart\u00edn Barbieri, para solicitar la urgente intervenci\u00f3n ante los incendios que se est\u00e1n registrando en las islas del Municipio de Victoria en nuestra provincia. Fragmento de la nota\" \/>\n\t\t<meta property=\"og:url\" content=\"https:\/\/cauceecologico.org\/?p=1747\" \/>\n\t\t<meta property=\"article:published_time\" content=\"2020-03-06T12:43:51+00:00\" \/>\n\t\t<meta property=\"article:modified_time\" content=\"2020-03-06T12:56:36+00:00\" \/>\n\t\t<meta name=\"twitter:card\" content=\"summary_large_image\" \/>\n\t\t<meta name=\"twitter:title\" content=\"Incendios en islas entrerrianas: nota al Secretario de Ambiente de la provincia - CAUCE\" \/>\n\t\t<meta name=\"twitter:description\" content=\"Fundaci\u00f3n CAUCE, Cultura Ambiental - Causa Ecologista, junto a organizaciones ambientalistas del pa\u00eds present\u00f3 este jueves una nota dirigida al Secretario de Ambiente de Entre R\u00edos, Ing. Mart\u00edn Barbieri, para solicitar la urgente intervenci\u00f3n ante los incendios que se est\u00e1n registrando en las islas del Municipio de Victoria en nuestra provincia. Fragmento de la nota\" \/>\n\t\t<script type=\"application\/ld+json\" class=\"aioseo-schema\">\n\t\t\t{\"@context\":\"https:\\\/\\\/schema.org\",\"@graph\":[{\"@type\":\"BlogPosting\",\"@id\":\"https:\\\/\\\/cauceecologico.org\\\/?p=1747#blogposting\",\"name\":\"Incendios en islas entrerrianas: nota al Secretario de Ambiente de la provincia - CAUCE\",\"headline\":\"Incendios en islas entrerrianas: nota al Secretario de Ambiente de la provincia\",\"author\":{\"@id\":\"https:\\\/\\\/cauceecologico.org\\\/?author=2#author\"},\"publisher\":{\"@id\":\"https:\\\/\\\/cauceecologico.org\\\/#organization\"},\"image\":{\"@type\":\"ImageObject\",\"url\":\"https:\\\/\\\/cauceecologico.org\\\/wp-content\\\/uploads\\\/2020\\\/03\\\/0000063288.jpg\",\"width\":900,\"height\":675},\"datePublished\":\"2020-03-06T12:43:51+00:00\",\"dateModified\":\"2020-03-06T12:56:36+00:00\",\"inLanguage\":\"es-ES\",\"mainEntityOfPage\":{\"@id\":\"https:\\\/\\\/cauceecologico.org\\\/?p=1747#webpage\"},\"isPartOf\":{\"@id\":\"https:\\\/\\\/cauceecologico.org\\\/?p=1747#webpage\"},\"articleSection\":\"Destacados, Noticias\"},{\"@type\":\"BreadcrumbList\",\"@id\":\"https:\\\/\\\/cauceecologico.org\\\/?p=1747#breadcrumblist\",\"itemListElement\":[{\"@type\":\"ListItem\",\"@id\":\"https:\\\/\\\/cauceecologico.org#listItem\",\"position\":1,\"name\":\"Home\",\"item\":\"https:\\\/\\\/cauceecologico.org\",\"nextItem\":{\"@type\":\"ListItem\",\"@id\":\"https:\\\/\\\/cauceecologico.org\\\/?cat=5#listItem\",\"name\":\"Noticias\"}},{\"@type\":\"ListItem\",\"@id\":\"https:\\\/\\\/cauceecologico.org\\\/?cat=5#listItem\",\"position\":2,\"name\":\"Noticias\",\"item\":\"https:\\\/\\\/cauceecologico.org\\\/?cat=5\",\"nextItem\":{\"@type\":\"ListItem\",\"@id\":\"https:\\\/\\\/cauceecologico.org\\\/?p=1747#listItem\",\"name\":\"Incendios en islas entrerrianas: nota al Secretario de Ambiente de la provincia\"},\"previousItem\":{\"@type\":\"ListItem\",\"@id\":\"https:\\\/\\\/cauceecologico.org#listItem\",\"name\":\"Home\"}},{\"@type\":\"ListItem\",\"@id\":\"https:\\\/\\\/cauceecologico.org\\\/?p=1747#listItem\",\"position\":3,\"name\":\"Incendios en islas entrerrianas: nota al Secretario de Ambiente de la provincia\",\"previousItem\":{\"@type\":\"ListItem\",\"@id\":\"https:\\\/\\\/cauceecologico.org\\\/?cat=5#listItem\",\"name\":\"Noticias\"}}]},{\"@type\":\"Organization\",\"@id\":\"https:\\\/\\\/cauceecologico.org\\\/#organization\",\"name\":\"CAUCE\",\"description\":\"Cultura Ambiental - Causa Ecologista\",\"url\":\"https:\\\/\\\/cauceecologico.org\\\/\"},{\"@type\":\"Person\",\"@id\":\"https:\\\/\\\/cauceecologico.org\\\/?author=2#author\",\"url\":\"https:\\\/\\\/cauceecologico.org\\\/?author=2\",\"name\":\"Ana Lucia Vergara\",\"image\":{\"@type\":\"ImageObject\",\"@id\":\"https:\\\/\\\/cauceecologico.org\\\/?p=1747#authorImage\",\"url\":\"https:\\\/\\\/secure.gravatar.com\\\/avatar\\\/e8720df08f5c466573fb9f3d6cec14bcac9a305e2049123e58e6bc9c03f3a77b?s=96&d=mm&r=g\",\"width\":96,\"height\":96,\"caption\":\"Ana Lucia Vergara\"}},{\"@type\":\"WebPage\",\"@id\":\"https:\\\/\\\/cauceecologico.org\\\/?p=1747#webpage\",\"url\":\"https:\\\/\\\/cauceecologico.org\\\/?p=1747\",\"name\":\"Incendios en islas entrerrianas: nota al Secretario de Ambiente de la provincia - CAUCE\",\"description\":\"Fundaci\\u00f3n CAUCE, Cultura Ambiental - Causa Ecologista, junto a organizaciones ambientalistas del pa\\u00eds present\\u00f3 este jueves una nota dirigida al Secretario de Ambiente de Entre R\\u00edos, Ing. Mart\\u00edn Barbieri, para solicitar la urgente intervenci\\u00f3n ante los incendios que se est\\u00e1n registrando en las islas del Municipio de Victoria en nuestra provincia. Fragmento de la nota\",\"inLanguage\":\"es-ES\",\"isPartOf\":{\"@id\":\"https:\\\/\\\/cauceecologico.org\\\/#website\"},\"breadcrumb\":{\"@id\":\"https:\\\/\\\/cauceecologico.org\\\/?p=1747#breadcrumblist\"},\"author\":{\"@id\":\"https:\\\/\\\/cauceecologico.org\\\/?author=2#author\"},\"creator\":{\"@id\":\"https:\\\/\\\/cauceecologico.org\\\/?author=2#author\"},\"image\":{\"@type\":\"ImageObject\",\"url\":\"https:\\\/\\\/cauceecologico.org\\\/wp-content\\\/uploads\\\/2020\\\/03\\\/0000063288.jpg\",\"@id\":\"https:\\\/\\\/cauceecologico.org\\\/?p=1747\\\/#mainImage\",\"width\":900,\"height\":675},\"primaryImageOfPage\":{\"@id\":\"https:\\\/\\\/cauceecologico.org\\\/?p=1747#mainImage\"},\"datePublished\":\"2020-03-06T12:43:51+00:00\",\"dateModified\":\"2020-03-06T12:56:36+00:00\"},{\"@type\":\"WebSite\",\"@id\":\"https:\\\/\\\/cauceecologico.org\\\/#website\",\"url\":\"https:\\\/\\\/cauceecologico.org\\\/\",\"name\":\"CAUCE\",\"description\":\"Cultura Ambiental - Causa Ecologista\",\"inLanguage\":\"es-ES\",\"publisher\":{\"@id\":\"https:\\\/\\\/cauceecologico.org\\\/#organization\"}}]}\n\t\t<\/script>\n\t\t<!-- All in One SEO -->\n\n","aioseo_head_json":{"title":"Incendios en islas entrerrianas: nota al Secretario de Ambiente de la provincia - CAUCE","description":"Fundaci\u00f3n CAUCE, Cultura Ambiental - Causa Ecologista, junto a organizaciones ambientalistas del pa\u00eds present\u00f3 este jueves una nota dirigida al Secretario de Ambiente de Entre R\u00edos, Ing. Mart\u00edn Barbieri, para solicitar la urgente intervenci\u00f3n ante los incendios que se est\u00e1n registrando en las islas del Municipio de Victoria en nuestra provincia. Fragmento de la nota","canonical_url":"https:\/\/cauceecologico.org\/?p=1747","robots":"max-image-preview:large","keywords":"","webmasterTools":{"miscellaneous":""},"schema":{"@context":"https:\/\/schema.org","@graph":[{"@type":"BlogPosting","@id":"https:\/\/cauceecologico.org\/?p=1747#blogposting","name":"Incendios en islas entrerrianas: nota al Secretario de Ambiente de la provincia - CAUCE","headline":"Incendios en islas entrerrianas: nota al Secretario de Ambiente de la provincia","author":{"@id":"https:\/\/cauceecologico.org\/?author=2#author"},"publisher":{"@id":"https:\/\/cauceecologico.org\/#organization"},"image":{"@type":"ImageObject","url":"https:\/\/cauceecologico.org\/wp-content\/uploads\/2020\/03\/0000063288.jpg","width":900,"height":675},"datePublished":"2020-03-06T12:43:51+00:00","dateModified":"2020-03-06T12:56:36+00:00","inLanguage":"es-ES","mainEntityOfPage":{"@id":"https:\/\/cauceecologico.org\/?p=1747#webpage"},"isPartOf":{"@id":"https:\/\/cauceecologico.org\/?p=1747#webpage"},"articleSection":"Destacados, Noticias"},{"@type":"BreadcrumbList","@id":"https:\/\/cauceecologico.org\/?p=1747#breadcrumblist","itemListElement":[{"@type":"ListItem","@id":"https:\/\/cauceecologico.org#listItem","position":1,"name":"Home","item":"https:\/\/cauceecologico.org","nextItem":{"@type":"ListItem","@id":"https:\/\/cauceecologico.org\/?cat=5#listItem","name":"Noticias"}},{"@type":"ListItem","@id":"https:\/\/cauceecologico.org\/?cat=5#listItem","position":2,"name":"Noticias","item":"https:\/\/cauceecologico.org\/?cat=5","nextItem":{"@type":"ListItem","@id":"https:\/\/cauceecologico.org\/?p=1747#listItem","name":"Incendios en islas entrerrianas: nota al Secretario de Ambiente de la provincia"},"previousItem":{"@type":"ListItem","@id":"https:\/\/cauceecologico.org#listItem","name":"Home"}},{"@type":"ListItem","@id":"https:\/\/cauceecologico.org\/?p=1747#listItem","position":3,"name":"Incendios en islas entrerrianas: nota al Secretario de Ambiente de la provincia","previousItem":{"@type":"ListItem","@id":"https:\/\/cauceecologico.org\/?cat=5#listItem","name":"Noticias"}}]},{"@type":"Organization","@id":"https:\/\/cauceecologico.org\/#organization","name":"CAUCE","description":"Cultura Ambiental - Causa Ecologista","url":"https:\/\/cauceecologico.org\/"},{"@type":"Person","@id":"https:\/\/cauceecologico.org\/?author=2#author","url":"https:\/\/cauceecologico.org\/?author=2","name":"Ana Lucia Vergara","image":{"@type":"ImageObject","@id":"https:\/\/cauceecologico.org\/?p=1747#authorImage","url":"https:\/\/secure.gravatar.com\/avatar\/e8720df08f5c466573fb9f3d6cec14bcac9a305e2049123e58e6bc9c03f3a77b?s=96&d=mm&r=g","width":96,"height":96,"caption":"Ana Lucia Vergara"}},{"@type":"WebPage","@id":"https:\/\/cauceecologico.org\/?p=1747#webpage","url":"https:\/\/cauceecologico.org\/?p=1747","name":"Incendios en islas entrerrianas: nota al Secretario de Ambiente de la provincia - CAUCE","description":"Fundaci\u00f3n CAUCE, Cultura Ambiental - Causa Ecologista, junto a organizaciones ambientalistas del pa\u00eds present\u00f3 este jueves una nota dirigida al Secretario de Ambiente de Entre R\u00edos, Ing. Mart\u00edn Barbieri, para solicitar la urgente intervenci\u00f3n ante los incendios que se est\u00e1n registrando en las islas del Municipio de Victoria en nuestra provincia. Fragmento de la nota","inLanguage":"es-ES","isPartOf":{"@id":"https:\/\/cauceecologico.org\/#website"},"breadcrumb":{"@id":"https:\/\/cauceecologico.org\/?p=1747#breadcrumblist"},"author":{"@id":"https:\/\/cauceecologico.org\/?author=2#author"},"creator":{"@id":"https:\/\/cauceecologico.org\/?author=2#author"},"image":{"@type":"ImageObject","url":"https:\/\/cauceecologico.org\/wp-content\/uploads\/2020\/03\/0000063288.jpg","@id":"https:\/\/cauceecologico.org\/?p=1747\/#mainImage","width":900,"height":675},"primaryImageOfPage":{"@id":"https:\/\/cauceecologico.org\/?p=1747#mainImage"},"datePublished":"2020-03-06T12:43:51+00:00","dateModified":"2020-03-06T12:56:36+00:00"},{"@type":"WebSite","@id":"https:\/\/cauceecologico.org\/#website","url":"https:\/\/cauceecologico.org\/","name":"CAUCE","description":"Cultura Ambiental - Causa Ecologista","inLanguage":"es-ES","publisher":{"@id":"https:\/\/cauceecologico.org\/#organization"}}]},"og:locale":"es_ES","og:site_name":"CAUCE - Cultura Ambiental - Causa Ecologista","og:type":"article","og:title":"Incendios en islas entrerrianas: nota al Secretario de Ambiente de la provincia - CAUCE","og:description":"Fundaci\u00f3n CAUCE, Cultura Ambiental - Causa Ecologista, junto a organizaciones ambientalistas del pa\u00eds present\u00f3 este jueves una nota dirigida al Secretario de Ambiente de Entre R\u00edos, Ing. Mart\u00edn Barbieri, para solicitar la urgente intervenci\u00f3n ante los incendios que se est\u00e1n registrando en las islas del Municipio de Victoria en nuestra provincia. Fragmento de la nota","og:url":"https:\/\/cauceecologico.org\/?p=1747","article:published_time":"2020-03-06T12:43:51+00:00","article:modified_time":"2020-03-06T12:56:36+00:00","twitter:card":"summary_large_image","twitter:title":"Incendios en islas entrerrianas: nota al Secretario de Ambiente de la provincia - CAUCE","twitter:description":"Fundaci\u00f3n CAUCE, Cultura Ambiental - Causa Ecologista, junto a organizaciones ambientalistas del pa\u00eds present\u00f3 este jueves una nota dirigida al Secretario de Ambiente de Entre R\u00edos, Ing. Mart\u00edn Barbieri, para solicitar la urgente intervenci\u00f3n ante los incendios que se est\u00e1n registrando en las islas del Municipio de Victoria en nuestra provincia. Fragmento de la nota"},"aioseo_meta_data":{"post_id":"1747","title":null,"description":null,"keywords":null,"keyphrases":null,"primary_term":null,"canonical_url":null,"og_title":null,"og_description":null,"og_object_type":"default","og_image_type":"default","og_image_url":null,"og_image_width":null,"og_image_height":null,"og_image_custom_url":null,"og_image_custom_fields":null,"og_video":null,"og_custom_url":null,"og_article_section":null,"og_article_tags":null,"twitter_use_og":false,"twitter_card":"default","twitter_image_type":"default","twitter_image_url":null,"twitter_image_custom_url":null,"twitter_image_custom_fields":null,"twitter_title":null,"twitter_description":null,"schema":{"blockGraphs":[],"customGraphs":[],"default":{"data":{"Article":[],"Course":[],"Dataset":[],"FAQPage":[],"Movie":[],"Person":[],"Product":[],"ProductReview":[],"Car":[],"Recipe":[],"Service":[],"SoftwareApplication":[],"WebPage":[]},"graphName":"","isEnabled":true},"graphs":[]},"schema_type":"default","schema_type_options":null,"pillar_content":false,"robots_default":true,"robots_noindex":false,"robots_noarchive":false,"robots_nosnippet":false,"robots_nofollow":false,"robots_noimageindex":false,"robots_noodp":false,"robots_notranslate":false,"robots_max_snippet":null,"robots_max_videopreview":null,"robots_max_imagepreview":"large","priority":null,"frequency":null,"local_seo":null,"limit_modified_date":false,"created":"2023-03-16 20:28:29","updated":"2026-07-28 00:58:07","ai":null,"breadcrumb_settings":null,"seo_analyzer_scan_date":null},"aioseo_breadcrumb":"<div class=\"aioseo-breadcrumbs\"><span class=\"aioseo-breadcrumb\">\n\t\t\t<a href=\"https:\/\/cauceecologico.org\" title=\"Home\">Home<\/a>\n\t\t<\/span><span class=\"aioseo-breadcrumb-separator\">&raquo;<\/span><span class=\"aioseo-breadcrumb\">\n\t\t\t<a href=\"https:\/\/cauceecologico.org\/?cat=5\" title=\"Noticias\">Noticias<\/a>\n\t\t<\/span><span class=\"aioseo-breadcrumb-separator\">&raquo;<\/span><span class=\"aioseo-breadcrumb\">\n\t\t\tIncendios en islas entrerrianas: nota al Secretario de Ambiente de la provincia\n\t\t<\/span><\/div>","aioseo_breadcrumb_json":[{"label":"Home","link":"https:\/\/cauceecologico.org"},{"label":"Noticias","link":"https:\/\/cauceecologico.org\/?cat=5"},{"label":"Incendios en islas entrerrianas: nota al Secretario de Ambiente de la provincia","link":"https:\/\/cauceecologico.org\/?p=1747"}],"_links":{"self":[{"href":"https:\/\/cauceecologico.org\/index.php?rest_route=\/wp\/v2\/posts\/1747","targetHints":{"allow":["GET"]}}],"collection":[{"href":"https:\/\/cauceecologico.org\/index.php?rest_route=\/wp\/v2\/posts"}],"about":[{"href":"https:\/\/cauceecologico.org\/index.php?rest_route=\/wp\/v2\/types\/post"}],"author":[{"embeddable":true,"href":"https:\/\/cauceecologico.org\/index.php?rest_route=\/wp\/v2\/users\/2"}],"replies":[{"embeddable":true,"href":"https:\/\/cauceecologico.org\/index.php?rest_route=%2Fwp%2Fv2%2Fcomments&post=1747"}],"version-history":[{"count":3,"href":"https:\/\/cauceecologico.org\/index.php?rest_route=\/wp\/v2\/posts\/1747\/revisions"}],"predecessor-version":[{"id":1753,"href":"https:\/\/cauceecologico.org\/index.php?rest_route=\/wp\/v2\/posts\/1747\/revisions\/1753"}],"wp:featuredmedia":[{"embeddable":true,"href":"https:\/\/cauceecologico.org\/index.php?rest_route=\/wp\/v2\/media\/1751"}],"wp:attachment":[{"href":"https:\/\/cauceecologico.org\/index.php?rest_route=%2Fwp%2Fv2%2Fmedia&parent=1747"}],"wp:term":[{"taxonomy":"category","embeddable":true,"href":"https:\/\/cauceecologico.org\/index.php?rest_route=%2Fwp%2Fv2%2Fcategories&post=1747"},{"taxonomy":"post_tag","embeddable":true,"href":"https:\/\/cauceecologico.org\/index.php?rest_route=%2Fwp%2Fv2%2Ftags&post=1747"}],"curies":[{"name":"wp","href":"https:\/\/api.w.org\/{rel}","templated":true}]}}