{"id":1796,"date":"2020-03-13T17:38:31","date_gmt":"2020-03-13T17:38:31","guid":{"rendered":"http:\/\/cauceecologico.org\/?p=1796"},"modified":"2020-05-29T14:05:14","modified_gmt":"2020-05-29T14:05:14","slug":"humedales-y-delta-del-parana-nota-al-ministro-de-ambiente-de-la-nacion","status":"publish","type":"post","link":"https:\/\/cauceecologico.org\/?p=1796","title":{"rendered":"Humedales y Delta del Paran\u00e1: nota al Ministro de Ambiente de la Naci\u00f3n"},"content":{"rendered":"<p>Junto a las organizaciones ambientalistas, FARN, Casa R\u00edo y Taller Ecologista -integrantes del Programa Humedales Sin Fronteras-, y con el respaldo de MOTT Foundation, presentamos ayer una nota dirigida al Ministro de Ambiente y Desarrollo Sustentable, Juan Cabandi\u00e9, para solicitar una reuni\u00f3n para tratar la importancia de los humedales, sus comunidades y dar a conocer el trabajo y los aportes que venimos realizando desde las organizaciones. Asimismo, se destac\u00f3 el rol del Plan Integral Estrat\u00e9gico para la Conservaci\u00f3n y el Aprovechamiento Sostenible de la Regi\u00f3n Delta del Paran\u00e1 (PIECAS-DP).<\/p>\n<p>En la misma se mencion\u00f3 la publicaci\u00f3n que hizo el Ministro en su cuenta de Instagram sobre la reuni\u00f3n con el gobernador entrerriano, Gustavo Bordet, para tratar la reactivaci\u00f3n del PIECAS que,\u00a0 seg\u00fan expresa la nota,\u00a0 \u00abconstituye una novedosa estrategia de coordinaci\u00f3n interjurisdiccional y articulaci\u00f3n intersectorial para la gesti\u00f3n sostenible del mayor sistema de humedales del pa\u00eds. Confiamos entonces que cobrar\u00e1 el impulso necesario y que se retomar\u00e1 el trabajo participativo y constructivo entre la Naci\u00f3n, los gobiernos provinciales, organizaciones de la sociedad civil e instituciones t\u00e9cnicas y acad\u00e9micas\u00bb.<\/p>\n<p>&nbsp;<\/p>\n<h4>Sobre el tema:<\/h4>\n<p><span style=\"color: #3366ff;\"><a style=\"color: #3366ff;\" href=\"http:\/\/cauceecologico.org\/?p=1710\">Incendios en islas del Delta: nota dirigida al Ministro de Ambiente de la Naci\u00f3n<\/a><\/span><\/p>\n<p><span style=\"color: #3366ff;\"><a style=\"color: #3366ff;\" href=\"http:\/\/cauceecologico.org\/?p=1584\">Delta del Paran\u00e1: presentaci\u00f3n de una nota a las autoridades de ambiente para la reactivaci\u00f3n del PIECAS<\/a><\/span><\/p>\n<p style=\"text-align: right;\">13\/03\/20<\/p>\n","protected":false},"excerpt":{"rendered":"<p>Junto a las organizaciones ambientalistas, FARN, Casa R\u00edo y Taller Ecologista -integrantes del Programa Humedales Sin Fronteras-, y con el respaldo de MOTT Foundation, presentamos ayer una nota dirigida al Ministro de Ambiente y Desarrollo Sustentable, Juan Cabandi\u00e9, para solicitar una reuni\u00f3n para tratar la importancia de los humedales, sus comunidades y dar a conocer [&hellip;]<\/p>\n","protected":false},"author":2,"featured_media":1311,"comment_status":"open","ping_status":"open","sticky":false,"template":"","format":"standard","meta":{"om_disable_all_campaigns":false,"_monsterinsights_skip_tracking":false,"amp_status":"","footnotes":""},"categories":[6,5],"tags":[],"class_list":["post-1796","post","type-post","status-publish","format-standard","has-post-thumbnail","hentry","category-destacados","category-noticias"],"aioseo_notices":[],"aioseo_head":"\n\t\t<!-- All in One SEO 4.9.10 - aioseo.com -->\n\t<meta name=\"description\" content=\"Junto a las organizaciones ambientalistas, FARN, Casa R\u00edo y Taller Ecologista -integrantes del Programa Humedales Sin Fronteras-, y con el respaldo de MOTT Foundation, presentamos ayer una nota dirigida al Ministro de Ambiente y Desarrollo Sustentable, Juan Cabandi\u00e9, para solicitar una reuni\u00f3n para tratar la importancia de los humedales, sus comunidades y dar a conocer\" \/>\n\t<meta name=\"robots\" content=\"max-image-preview:large\" \/>\n\t<meta name=\"author\" content=\"Ana Lucia Vergara\"\/>\n\t<link rel=\"canonical\" href=\"https:\/\/cauceecologico.org\/?p=1796\" \/>\n\t<meta name=\"generator\" content=\"All in One SEO (AIOSEO) 4.9.10\" \/>\n\t\t<meta property=\"og:locale\" content=\"es_ES\" \/>\n\t\t<meta property=\"og:site_name\" content=\"CAUCE - Cultura Ambiental - Causa Ecologista\" \/>\n\t\t<meta property=\"og:type\" content=\"article\" \/>\n\t\t<meta property=\"og:title\" content=\"Humedales y Delta del Paran\u00e1: nota al Ministro de Ambiente de la Naci\u00f3n - CAUCE\" \/>\n\t\t<meta property=\"og:description\" content=\"Junto a las organizaciones ambientalistas, FARN, Casa R\u00edo y Taller Ecologista -integrantes del Programa Humedales Sin Fronteras-, y con el respaldo de MOTT Foundation, presentamos ayer una nota dirigida al Ministro de Ambiente y Desarrollo Sustentable, Juan Cabandi\u00e9, para solicitar una reuni\u00f3n para tratar la importancia de los humedales, sus comunidades y dar a conocer\" \/>\n\t\t<meta property=\"og:url\" content=\"https:\/\/cauceecologico.org\/?p=1796\" \/>\n\t\t<meta property=\"article:published_time\" content=\"2020-03-13T17:38:31+00:00\" \/>\n\t\t<meta property=\"article:modified_time\" content=\"2020-05-29T14:05:14+00:00\" \/>\n\t\t<meta name=\"twitter:card\" content=\"summary_large_image\" \/>\n\t\t<meta name=\"twitter:title\" content=\"Humedales y Delta del Paran\u00e1: nota al Ministro de Ambiente de la Naci\u00f3n - CAUCE\" \/>\n\t\t<meta name=\"twitter:description\" content=\"Junto a las organizaciones ambientalistas, FARN, Casa R\u00edo y Taller Ecologista -integrantes del Programa Humedales Sin Fronteras-, y con el respaldo de MOTT Foundation, presentamos ayer una nota dirigida al Ministro de Ambiente y Desarrollo Sustentable, Juan Cabandi\u00e9, para solicitar una reuni\u00f3n para tratar la importancia de los humedales, sus comunidades y dar a conocer\" \/>\n\t\t<script type=\"application\/ld+json\" class=\"aioseo-schema\">\n\t\t\t{\"@context\":\"https:\\\/\\\/schema.org\",\"@graph\":[{\"@type\":\"BlogPosting\",\"@id\":\"https:\\\/\\\/cauceecologico.org\\\/?p=1796#blogposting\",\"name\":\"Humedales y Delta del Paran\\u00e1: nota al Ministro de Ambiente de la Naci\\u00f3n - CAUCE\",\"headline\":\"Humedales y Delta del Paran\\u00e1: nota al Ministro de Ambiente de la Naci\\u00f3n\",\"author\":{\"@id\":\"https:\\\/\\\/cauceecologico.org\\\/?author=2#author\"},\"publisher\":{\"@id\":\"https:\\\/\\\/cauceecologico.org\\\/#organization\"},\"image\":{\"@type\":\"ImageObject\",\"url\":\"https:\\\/\\\/cauceecologico.org\\\/wp-content\\\/uploads\\\/2019\\\/07\\\/delta.jpg\",\"width\":448,\"height\":298,\"caption\":\"????????????????????????????????????\"},\"datePublished\":\"2020-03-13T17:38:31+00:00\",\"dateModified\":\"2020-05-29T14:05:14+00:00\",\"inLanguage\":\"es-ES\",\"mainEntityOfPage\":{\"@id\":\"https:\\\/\\\/cauceecologico.org\\\/?p=1796#webpage\"},\"isPartOf\":{\"@id\":\"https:\\\/\\\/cauceecologico.org\\\/?p=1796#webpage\"},\"articleSection\":\"Destacados, Noticias\"},{\"@type\":\"BreadcrumbList\",\"@id\":\"https:\\\/\\\/cauceecologico.org\\\/?p=1796#breadcrumblist\",\"itemListElement\":[{\"@type\":\"ListItem\",\"@id\":\"https:\\\/\\\/cauceecologico.org#listItem\",\"position\":1,\"name\":\"Home\",\"item\":\"https:\\\/\\\/cauceecologico.org\",\"nextItem\":{\"@type\":\"ListItem\",\"@id\":\"https:\\\/\\\/cauceecologico.org\\\/?cat=5#listItem\",\"name\":\"Noticias\"}},{\"@type\":\"ListItem\",\"@id\":\"https:\\\/\\\/cauceecologico.org\\\/?cat=5#listItem\",\"position\":2,\"name\":\"Noticias\",\"item\":\"https:\\\/\\\/cauceecologico.org\\\/?cat=5\",\"nextItem\":{\"@type\":\"ListItem\",\"@id\":\"https:\\\/\\\/cauceecologico.org\\\/?p=1796#listItem\",\"name\":\"Humedales y Delta del Paran\\u00e1: nota al Ministro de Ambiente de la Naci\\u00f3n\"},\"previousItem\":{\"@type\":\"ListItem\",\"@id\":\"https:\\\/\\\/cauceecologico.org#listItem\",\"name\":\"Home\"}},{\"@type\":\"ListItem\",\"@id\":\"https:\\\/\\\/cauceecologico.org\\\/?p=1796#listItem\",\"position\":3,\"name\":\"Humedales y Delta del Paran\\u00e1: nota al Ministro de Ambiente de la Naci\\u00f3n\",\"previousItem\":{\"@type\":\"ListItem\",\"@id\":\"https:\\\/\\\/cauceecologico.org\\\/?cat=5#listItem\",\"name\":\"Noticias\"}}]},{\"@type\":\"Organization\",\"@id\":\"https:\\\/\\\/cauceecologico.org\\\/#organization\",\"name\":\"CAUCE\",\"description\":\"Cultura Ambiental - Causa Ecologista\",\"url\":\"https:\\\/\\\/cauceecologico.org\\\/\"},{\"@type\":\"Person\",\"@id\":\"https:\\\/\\\/cauceecologico.org\\\/?author=2#author\",\"url\":\"https:\\\/\\\/cauceecologico.org\\\/?author=2\",\"name\":\"Ana Lucia Vergara\",\"image\":{\"@type\":\"ImageObject\",\"@id\":\"https:\\\/\\\/cauceecologico.org\\\/?p=1796#authorImage\",\"url\":\"https:\\\/\\\/secure.gravatar.com\\\/avatar\\\/e8720df08f5c466573fb9f3d6cec14bcac9a305e2049123e58e6bc9c03f3a77b?s=96&d=mm&r=g\",\"width\":96,\"height\":96,\"caption\":\"Ana Lucia Vergara\"}},{\"@type\":\"WebPage\",\"@id\":\"https:\\\/\\\/cauceecologico.org\\\/?p=1796#webpage\",\"url\":\"https:\\\/\\\/cauceecologico.org\\\/?p=1796\",\"name\":\"Humedales y Delta del Paran\\u00e1: nota al Ministro de Ambiente de la Naci\\u00f3n - CAUCE\",\"description\":\"Junto a las organizaciones ambientalistas, FARN, Casa R\\u00edo y Taller Ecologista -integrantes del Programa Humedales Sin Fronteras-, y con el respaldo de MOTT Foundation, presentamos ayer una nota dirigida al Ministro de Ambiente y Desarrollo Sustentable, Juan Cabandi\\u00e9, para solicitar una reuni\\u00f3n para tratar la importancia de los humedales, sus comunidades y dar a conocer\",\"inLanguage\":\"es-ES\",\"isPartOf\":{\"@id\":\"https:\\\/\\\/cauceecologico.org\\\/#website\"},\"breadcrumb\":{\"@id\":\"https:\\\/\\\/cauceecologico.org\\\/?p=1796#breadcrumblist\"},\"author\":{\"@id\":\"https:\\\/\\\/cauceecologico.org\\\/?author=2#author\"},\"creator\":{\"@id\":\"https:\\\/\\\/cauceecologico.org\\\/?author=2#author\"},\"image\":{\"@type\":\"ImageObject\",\"url\":\"https:\\\/\\\/cauceecologico.org\\\/wp-content\\\/uploads\\\/2019\\\/07\\\/delta.jpg\",\"@id\":\"https:\\\/\\\/cauceecologico.org\\\/?p=1796\\\/#mainImage\",\"width\":448,\"height\":298,\"caption\":\"????????????????????????????????????\"},\"primaryImageOfPage\":{\"@id\":\"https:\\\/\\\/cauceecologico.org\\\/?p=1796#mainImage\"},\"datePublished\":\"2020-03-13T17:38:31+00:00\",\"dateModified\":\"2020-05-29T14:05:14+00:00\"},{\"@type\":\"WebSite\",\"@id\":\"https:\\\/\\\/cauceecologico.org\\\/#website\",\"url\":\"https:\\\/\\\/cauceecologico.org\\\/\",\"name\":\"CAUCE\",\"description\":\"Cultura Ambiental - Causa Ecologista\",\"inLanguage\":\"es-ES\",\"publisher\":{\"@id\":\"https:\\\/\\\/cauceecologico.org\\\/#organization\"}}]}\n\t\t<\/script>\n\t\t<!-- All in One SEO -->\n\n","aioseo_head_json":{"title":"Humedales y Delta del Paran\u00e1: nota al Ministro de Ambiente de la Naci\u00f3n - CAUCE","description":"Junto a las organizaciones ambientalistas, FARN, Casa R\u00edo y Taller Ecologista -integrantes del Programa Humedales Sin Fronteras-, y con el respaldo de MOTT Foundation, presentamos ayer una nota dirigida al Ministro de Ambiente y Desarrollo Sustentable, Juan Cabandi\u00e9, para solicitar una reuni\u00f3n para tratar la importancia de los humedales, sus comunidades y dar a conocer","canonical_url":"https:\/\/cauceecologico.org\/?p=1796","robots":"max-image-preview:large","keywords":"","webmasterTools":{"miscellaneous":""},"schema":{"@context":"https:\/\/schema.org","@graph":[{"@type":"BlogPosting","@id":"https:\/\/cauceecologico.org\/?p=1796#blogposting","name":"Humedales y Delta del Paran\u00e1: nota al Ministro de Ambiente de la Naci\u00f3n - CAUCE","headline":"Humedales y Delta del Paran\u00e1: nota al Ministro de Ambiente de la Naci\u00f3n","author":{"@id":"https:\/\/cauceecologico.org\/?author=2#author"},"publisher":{"@id":"https:\/\/cauceecologico.org\/#organization"},"image":{"@type":"ImageObject","url":"https:\/\/cauceecologico.org\/wp-content\/uploads\/2019\/07\/delta.jpg","width":448,"height":298,"caption":"????????????????????????????????????"},"datePublished":"2020-03-13T17:38:31+00:00","dateModified":"2020-05-29T14:05:14+00:00","inLanguage":"es-ES","mainEntityOfPage":{"@id":"https:\/\/cauceecologico.org\/?p=1796#webpage"},"isPartOf":{"@id":"https:\/\/cauceecologico.org\/?p=1796#webpage"},"articleSection":"Destacados, Noticias"},{"@type":"BreadcrumbList","@id":"https:\/\/cauceecologico.org\/?p=1796#breadcrumblist","itemListElement":[{"@type":"ListItem","@id":"https:\/\/cauceecologico.org#listItem","position":1,"name":"Home","item":"https:\/\/cauceecologico.org","nextItem":{"@type":"ListItem","@id":"https:\/\/cauceecologico.org\/?cat=5#listItem","name":"Noticias"}},{"@type":"ListItem","@id":"https:\/\/cauceecologico.org\/?cat=5#listItem","position":2,"name":"Noticias","item":"https:\/\/cauceecologico.org\/?cat=5","nextItem":{"@type":"ListItem","@id":"https:\/\/cauceecologico.org\/?p=1796#listItem","name":"Humedales y Delta del Paran\u00e1: nota al Ministro de Ambiente de la Naci\u00f3n"},"previousItem":{"@type":"ListItem","@id":"https:\/\/cauceecologico.org#listItem","name":"Home"}},{"@type":"ListItem","@id":"https:\/\/cauceecologico.org\/?p=1796#listItem","position":3,"name":"Humedales y Delta del Paran\u00e1: nota al Ministro de Ambiente de la Naci\u00f3n","previousItem":{"@type":"ListItem","@id":"https:\/\/cauceecologico.org\/?cat=5#listItem","name":"Noticias"}}]},{"@type":"Organization","@id":"https:\/\/cauceecologico.org\/#organization","name":"CAUCE","description":"Cultura Ambiental - Causa Ecologista","url":"https:\/\/cauceecologico.org\/"},{"@type":"Person","@id":"https:\/\/cauceecologico.org\/?author=2#author","url":"https:\/\/cauceecologico.org\/?author=2","name":"Ana Lucia Vergara","image":{"@type":"ImageObject","@id":"https:\/\/cauceecologico.org\/?p=1796#authorImage","url":"https:\/\/secure.gravatar.com\/avatar\/e8720df08f5c466573fb9f3d6cec14bcac9a305e2049123e58e6bc9c03f3a77b?s=96&d=mm&r=g","width":96,"height":96,"caption":"Ana Lucia Vergara"}},{"@type":"WebPage","@id":"https:\/\/cauceecologico.org\/?p=1796#webpage","url":"https:\/\/cauceecologico.org\/?p=1796","name":"Humedales y Delta del Paran\u00e1: nota al Ministro de Ambiente de la Naci\u00f3n - CAUCE","description":"Junto a las organizaciones ambientalistas, FARN, Casa R\u00edo y Taller Ecologista -integrantes del Programa Humedales Sin Fronteras-, y con el respaldo de MOTT Foundation, presentamos ayer una nota dirigida al Ministro de Ambiente y Desarrollo Sustentable, Juan Cabandi\u00e9, para solicitar una reuni\u00f3n para tratar la importancia de los humedales, sus comunidades y dar a conocer","inLanguage":"es-ES","isPartOf":{"@id":"https:\/\/cauceecologico.org\/#website"},"breadcrumb":{"@id":"https:\/\/cauceecologico.org\/?p=1796#breadcrumblist"},"author":{"@id":"https:\/\/cauceecologico.org\/?author=2#author"},"creator":{"@id":"https:\/\/cauceecologico.org\/?author=2#author"},"image":{"@type":"ImageObject","url":"https:\/\/cauceecologico.org\/wp-content\/uploads\/2019\/07\/delta.jpg","@id":"https:\/\/cauceecologico.org\/?p=1796\/#mainImage","width":448,"height":298,"caption":"????????????????????????????????????"},"primaryImageOfPage":{"@id":"https:\/\/cauceecologico.org\/?p=1796#mainImage"},"datePublished":"2020-03-13T17:38:31+00:00","dateModified":"2020-05-29T14:05:14+00:00"},{"@type":"WebSite","@id":"https:\/\/cauceecologico.org\/#website","url":"https:\/\/cauceecologico.org\/","name":"CAUCE","description":"Cultura Ambiental - Causa Ecologista","inLanguage":"es-ES","publisher":{"@id":"https:\/\/cauceecologico.org\/#organization"}}]},"og:locale":"es_ES","og:site_name":"CAUCE - Cultura Ambiental - Causa Ecologista","og:type":"article","og:title":"Humedales y Delta del Paran\u00e1: nota al Ministro de Ambiente de la Naci\u00f3n - CAUCE","og:description":"Junto a las organizaciones ambientalistas, FARN, Casa R\u00edo y Taller Ecologista -integrantes del Programa Humedales Sin Fronteras-, y con el respaldo de MOTT Foundation, presentamos ayer una nota dirigida al Ministro de Ambiente y Desarrollo Sustentable, Juan Cabandi\u00e9, para solicitar una reuni\u00f3n para tratar la importancia de los humedales, sus comunidades y dar a conocer","og:url":"https:\/\/cauceecologico.org\/?p=1796","article:published_time":"2020-03-13T17:38:31+00:00","article:modified_time":"2020-05-29T14:05:14+00:00","twitter:card":"summary_large_image","twitter:title":"Humedales y Delta del Paran\u00e1: nota al Ministro de Ambiente de la Naci\u00f3n - CAUCE","twitter:description":"Junto a las organizaciones ambientalistas, FARN, Casa R\u00edo y Taller Ecologista -integrantes del Programa Humedales Sin Fronteras-, y con el respaldo de MOTT Foundation, presentamos ayer una nota dirigida al Ministro de Ambiente y Desarrollo Sustentable, Juan Cabandi\u00e9, para solicitar una reuni\u00f3n para tratar la importancia de los humedales, sus comunidades y dar a conocer"},"aioseo_meta_data":{"post_id":"1796","title":null,"description":null,"keywords":null,"keyphrases":null,"primary_term":null,"canonical_url":null,"og_title":null,"og_description":null,"og_object_type":"default","og_image_type":"default","og_image_url":null,"og_image_width":null,"og_image_height":null,"og_image_custom_url":null,"og_image_custom_fields":null,"og_video":null,"og_custom_url":null,"og_article_section":null,"og_article_tags":null,"twitter_use_og":false,"twitter_card":"default","twitter_image_type":"default","twitter_image_url":null,"twitter_image_custom_url":null,"twitter_image_custom_fields":null,"twitter_title":null,"twitter_description":null,"schema":{"blockGraphs":[],"customGraphs":[],"default":{"data":{"Article":[],"Course":[],"Dataset":[],"FAQPage":[],"Movie":[],"Person":[],"Product":[],"ProductReview":[],"Car":[],"Recipe":[],"Service":[],"SoftwareApplication":[],"WebPage":[]},"graphName":"","isEnabled":true},"graphs":[]},"schema_type":"default","schema_type_options":null,"pillar_content":false,"robots_default":true,"robots_noindex":false,"robots_noarchive":false,"robots_nosnippet":false,"robots_nofollow":false,"robots_noimageindex":false,"robots_noodp":false,"robots_notranslate":false,"robots_max_snippet":null,"robots_max_videopreview":null,"robots_max_imagepreview":"large","priority":null,"frequency":null,"local_seo":null,"limit_modified_date":false,"created":"2023-03-16 20:28:29","updated":"2026-07-28 00:59:23","ai":null,"breadcrumb_settings":null,"seo_analyzer_scan_date":null},"aioseo_breadcrumb":"<div class=\"aioseo-breadcrumbs\"><span class=\"aioseo-breadcrumb\">\n\t\t\t<a href=\"https:\/\/cauceecologico.org\" title=\"Home\">Home<\/a>\n\t\t<\/span><span class=\"aioseo-breadcrumb-separator\">&raquo;<\/span><span class=\"aioseo-breadcrumb\">\n\t\t\t<a href=\"https:\/\/cauceecologico.org\/?cat=5\" title=\"Noticias\">Noticias<\/a>\n\t\t<\/span><span class=\"aioseo-breadcrumb-separator\">&raquo;<\/span><span class=\"aioseo-breadcrumb\">\n\t\t\tHumedales y Delta del Paran\u00e1: nota al Ministro de Ambiente de la Naci\u00f3n\n\t\t<\/span><\/div>","aioseo_breadcrumb_json":[{"label":"Home","link":"https:\/\/cauceecologico.org"},{"label":"Noticias","link":"https:\/\/cauceecologico.org\/?cat=5"},{"label":"Humedales y Delta del Paran\u00e1: nota al Ministro de Ambiente de la Naci\u00f3n","link":"https:\/\/cauceecologico.org\/?p=1796"}],"_links":{"self":[{"href":"https:\/\/cauceecologico.org\/index.php?rest_route=\/wp\/v2\/posts\/1796","targetHints":{"allow":["GET"]}}],"collection":[{"href":"https:\/\/cauceecologico.org\/index.php?rest_route=\/wp\/v2\/posts"}],"about":[{"href":"https:\/\/cauceecologico.org\/index.php?rest_route=\/wp\/v2\/types\/post"}],"author":[{"embeddable":true,"href":"https:\/\/cauceecologico.org\/index.php?rest_route=\/wp\/v2\/users\/2"}],"replies":[{"embeddable":true,"href":"https:\/\/cauceecologico.org\/index.php?rest_route=%2Fwp%2Fv2%2Fcomments&post=1796"}],"version-history":[{"count":7,"href":"https:\/\/cauceecologico.org\/index.php?rest_route=\/wp\/v2\/posts\/1796\/revisions"}],"predecessor-version":[{"id":1937,"href":"https:\/\/cauceecologico.org\/index.php?rest_route=\/wp\/v2\/posts\/1796\/revisions\/1937"}],"wp:featuredmedia":[{"embeddable":true,"href":"https:\/\/cauceecologico.org\/index.php?rest_route=\/wp\/v2\/media\/1311"}],"wp:attachment":[{"href":"https:\/\/cauceecologico.org\/index.php?rest_route=%2Fwp%2Fv2%2Fmedia&parent=1796"}],"wp:term":[{"taxonomy":"category","embeddable":true,"href":"https:\/\/cauceecologico.org\/index.php?rest_route=%2Fwp%2Fv2%2Fcategories&post=1796"},{"taxonomy":"post_tag","embeddable":true,"href":"https:\/\/cauceecologico.org\/index.php?rest_route=%2Fwp%2Fv2%2Ftags&post=1796"}],"curies":[{"name":"wp","href":"https:\/\/api.w.org\/{rel}","templated":true}]}}