{"id":1807,"date":"2020-03-18T13:49:17","date_gmt":"2020-03-18T13:49:17","guid":{"rendered":"http:\/\/cauceecologico.org\/?p=1807"},"modified":"2020-03-18T18:48:49","modified_gmt":"2020-03-18T18:48:49","slug":"profundo-pesar-por-el-fallecimiento-de-ecio-bertellotti","status":"publish","type":"post","link":"https:\/\/cauceecologico.org\/?p=1807","title":{"rendered":"Profundo pesar por el fallecimiento de Ecio Bertellotti"},"content":{"rendered":"<p>Fundaci\u00f3n CAUCE, Cultura Ambiental &#8211; Causa Ecologista, expresa su profundo pesar por el fallecimiento de Ecio Bertellotti, quien se desempe\u00f1\u00f3 como Vocal en el Consejo Administrativo de nuestra Fundaci\u00f3n.<\/p>\n<p>Hacemos llegar nuestras condolencias a todos sus seres queridos, acompa\u00f1\u00e1ndolos en este momento tan dif\u00edcil.<\/p>\n<h4>Palabras de Marcela Haiek, Presidenta de Fundaci\u00f3n CAUCE:<\/h4>\n<p><em>Despedimos con profundo dolor a Ecio, tenaz compa\u00f1ero en la lucha por la protecci\u00f3n de nuestro ambiente. Con su precisa labor abri\u00f3 caminos a la conciencia del cuidado personal y colectivo, haciendo de ello una forma de vida. S\u00f3lo agradecimiento infinito a su esp\u00edritu por la generosa entrega en su vida, por su compromiso en la transmisi\u00f3n de sabidur\u00eda que hizo de \u00e9l un \u00abmaestro de luz\u00bb. GRACIAS ECIO. Un abrazo a su familia.<\/em><\/p>\n<p style=\"text-align: right;\">18\/03\/20<\/p>\n<p>&nbsp;<\/p>\n<p>&nbsp;<\/p>\n","protected":false},"excerpt":{"rendered":"<p>Fundaci\u00f3n CAUCE, Cultura Ambiental &#8211; Causa Ecologista, expresa su profundo pesar por el fallecimiento de Ecio Bertellotti, quien se desempe\u00f1\u00f3 como Vocal en el Consejo Administrativo de nuestra Fundaci\u00f3n. Hacemos llegar nuestras condolencias a todos sus seres queridos, acompa\u00f1\u00e1ndolos en este momento tan dif\u00edcil. Palabras de Marcela Haiek, Presidenta de Fundaci\u00f3n CAUCE: Despedimos con profundo [&hellip;]<\/p>\n","protected":false},"author":2,"featured_media":1818,"comment_status":"open","ping_status":"open","sticky":false,"template":"","format":"standard","meta":{"om_disable_all_campaigns":false,"_monsterinsights_skip_tracking":false,"amp_status":"","footnotes":""},"categories":[6,5],"tags":[],"class_list":["post-1807","post","type-post","status-publish","format-standard","has-post-thumbnail","hentry","category-destacados","category-noticias"],"aioseo_notices":[],"aioseo_head":"\n\t\t<!-- All in One SEO 4.9.10 - aioseo.com -->\n\t<meta name=\"description\" content=\"Fundaci\u00f3n CAUCE, Cultura Ambiental - Causa Ecologista, expresa su profundo pesar por el fallecimiento de Ecio Bertellotti, quien se desempe\u00f1\u00f3 como Vocal en el Consejo Administrativo de nuestra Fundaci\u00f3n. Hacemos llegar nuestras condolencias a todos sus seres queridos, acompa\u00f1\u00e1ndolos en este momento tan dif\u00edcil. Palabras de Marcela Haiek, Presidenta de Fundaci\u00f3n CAUCE: Despedimos con profundo\" \/>\n\t<meta name=\"robots\" content=\"max-image-preview:large\" \/>\n\t<meta name=\"author\" content=\"Ana Lucia Vergara\"\/>\n\t<link rel=\"canonical\" href=\"https:\/\/cauceecologico.org\/?p=1807\" \/>\n\t<meta name=\"generator\" content=\"All in One SEO (AIOSEO) 4.9.10\" \/>\n\t\t<meta property=\"og:locale\" content=\"es_ES\" \/>\n\t\t<meta property=\"og:site_name\" content=\"CAUCE - Cultura Ambiental - Causa Ecologista\" \/>\n\t\t<meta property=\"og:type\" content=\"article\" \/>\n\t\t<meta property=\"og:title\" content=\"Profundo pesar por el fallecimiento de Ecio Bertellotti - CAUCE\" \/>\n\t\t<meta property=\"og:description\" content=\"Fundaci\u00f3n CAUCE, Cultura Ambiental - Causa Ecologista, expresa su profundo pesar por el fallecimiento de Ecio Bertellotti, quien se desempe\u00f1\u00f3 como Vocal en el Consejo Administrativo de nuestra Fundaci\u00f3n. Hacemos llegar nuestras condolencias a todos sus seres queridos, acompa\u00f1\u00e1ndolos en este momento tan dif\u00edcil. Palabras de Marcela Haiek, Presidenta de Fundaci\u00f3n CAUCE: Despedimos con profundo\" \/>\n\t\t<meta property=\"og:url\" content=\"https:\/\/cauceecologico.org\/?p=1807\" \/>\n\t\t<meta property=\"article:published_time\" content=\"2020-03-18T13:49:17+00:00\" \/>\n\t\t<meta property=\"article:modified_time\" content=\"2020-03-18T18:48:49+00:00\" \/>\n\t\t<meta name=\"twitter:card\" content=\"summary_large_image\" \/>\n\t\t<meta name=\"twitter:title\" content=\"Profundo pesar por el fallecimiento de Ecio Bertellotti - CAUCE\" \/>\n\t\t<meta name=\"twitter:description\" content=\"Fundaci\u00f3n CAUCE, Cultura Ambiental - Causa Ecologista, expresa su profundo pesar por el fallecimiento de Ecio Bertellotti, quien se desempe\u00f1\u00f3 como Vocal en el Consejo Administrativo de nuestra Fundaci\u00f3n. Hacemos llegar nuestras condolencias a todos sus seres queridos, acompa\u00f1\u00e1ndolos en este momento tan dif\u00edcil. Palabras de Marcela Haiek, Presidenta de Fundaci\u00f3n CAUCE: Despedimos con profundo\" \/>\n\t\t<script type=\"application\/ld+json\" class=\"aioseo-schema\">\n\t\t\t{\"@context\":\"https:\\\/\\\/schema.org\",\"@graph\":[{\"@type\":\"BlogPosting\",\"@id\":\"https:\\\/\\\/cauceecologico.org\\\/?p=1807#blogposting\",\"name\":\"Profundo pesar por el fallecimiento de Ecio Bertellotti - CAUCE\",\"headline\":\"Profundo pesar por el fallecimiento de Ecio Bertellotti\",\"author\":{\"@id\":\"https:\\\/\\\/cauceecologico.org\\\/?author=2#author\"},\"publisher\":{\"@id\":\"https:\\\/\\\/cauceecologico.org\\\/#organization\"},\"image\":{\"@type\":\"ImageObject\",\"url\":\"https:\\\/\\\/cauceecologico.org\\\/wp-content\\\/uploads\\\/2020\\\/03\\\/ecio.jpg\",\"width\":1280,\"height\":853},\"datePublished\":\"2020-03-18T13:49:17+00:00\",\"dateModified\":\"2020-03-18T18:48:49+00:00\",\"inLanguage\":\"es-ES\",\"mainEntityOfPage\":{\"@id\":\"https:\\\/\\\/cauceecologico.org\\\/?p=1807#webpage\"},\"isPartOf\":{\"@id\":\"https:\\\/\\\/cauceecologico.org\\\/?p=1807#webpage\"},\"articleSection\":\"Destacados, Noticias\"},{\"@type\":\"BreadcrumbList\",\"@id\":\"https:\\\/\\\/cauceecologico.org\\\/?p=1807#breadcrumblist\",\"itemListElement\":[{\"@type\":\"ListItem\",\"@id\":\"https:\\\/\\\/cauceecologico.org#listItem\",\"position\":1,\"name\":\"Home\",\"item\":\"https:\\\/\\\/cauceecologico.org\",\"nextItem\":{\"@type\":\"ListItem\",\"@id\":\"https:\\\/\\\/cauceecologico.org\\\/?cat=5#listItem\",\"name\":\"Noticias\"}},{\"@type\":\"ListItem\",\"@id\":\"https:\\\/\\\/cauceecologico.org\\\/?cat=5#listItem\",\"position\":2,\"name\":\"Noticias\",\"item\":\"https:\\\/\\\/cauceecologico.org\\\/?cat=5\",\"nextItem\":{\"@type\":\"ListItem\",\"@id\":\"https:\\\/\\\/cauceecologico.org\\\/?p=1807#listItem\",\"name\":\"Profundo pesar por el fallecimiento de Ecio Bertellotti\"},\"previousItem\":{\"@type\":\"ListItem\",\"@id\":\"https:\\\/\\\/cauceecologico.org#listItem\",\"name\":\"Home\"}},{\"@type\":\"ListItem\",\"@id\":\"https:\\\/\\\/cauceecologico.org\\\/?p=1807#listItem\",\"position\":3,\"name\":\"Profundo pesar por el fallecimiento de Ecio Bertellotti\",\"previousItem\":{\"@type\":\"ListItem\",\"@id\":\"https:\\\/\\\/cauceecologico.org\\\/?cat=5#listItem\",\"name\":\"Noticias\"}}]},{\"@type\":\"Organization\",\"@id\":\"https:\\\/\\\/cauceecologico.org\\\/#organization\",\"name\":\"CAUCE\",\"description\":\"Cultura Ambiental - Causa Ecologista\",\"url\":\"https:\\\/\\\/cauceecologico.org\\\/\"},{\"@type\":\"Person\",\"@id\":\"https:\\\/\\\/cauceecologico.org\\\/?author=2#author\",\"url\":\"https:\\\/\\\/cauceecologico.org\\\/?author=2\",\"name\":\"Ana Lucia Vergara\",\"image\":{\"@type\":\"ImageObject\",\"@id\":\"https:\\\/\\\/cauceecologico.org\\\/?p=1807#authorImage\",\"url\":\"https:\\\/\\\/secure.gravatar.com\\\/avatar\\\/e8720df08f5c466573fb9f3d6cec14bcac9a305e2049123e58e6bc9c03f3a77b?s=96&d=mm&r=g\",\"width\":96,\"height\":96,\"caption\":\"Ana Lucia Vergara\"}},{\"@type\":\"WebPage\",\"@id\":\"https:\\\/\\\/cauceecologico.org\\\/?p=1807#webpage\",\"url\":\"https:\\\/\\\/cauceecologico.org\\\/?p=1807\",\"name\":\"Profundo pesar por el fallecimiento de Ecio Bertellotti - CAUCE\",\"description\":\"Fundaci\\u00f3n CAUCE, Cultura Ambiental - Causa Ecologista, expresa su profundo pesar por el fallecimiento de Ecio Bertellotti, quien se desempe\\u00f1\\u00f3 como Vocal en el Consejo Administrativo de nuestra Fundaci\\u00f3n. Hacemos llegar nuestras condolencias a todos sus seres queridos, acompa\\u00f1\\u00e1ndolos en este momento tan dif\\u00edcil. Palabras de Marcela Haiek, Presidenta de Fundaci\\u00f3n CAUCE: Despedimos con profundo\",\"inLanguage\":\"es-ES\",\"isPartOf\":{\"@id\":\"https:\\\/\\\/cauceecologico.org\\\/#website\"},\"breadcrumb\":{\"@id\":\"https:\\\/\\\/cauceecologico.org\\\/?p=1807#breadcrumblist\"},\"author\":{\"@id\":\"https:\\\/\\\/cauceecologico.org\\\/?author=2#author\"},\"creator\":{\"@id\":\"https:\\\/\\\/cauceecologico.org\\\/?author=2#author\"},\"image\":{\"@type\":\"ImageObject\",\"url\":\"https:\\\/\\\/cauceecologico.org\\\/wp-content\\\/uploads\\\/2020\\\/03\\\/ecio.jpg\",\"@id\":\"https:\\\/\\\/cauceecologico.org\\\/?p=1807\\\/#mainImage\",\"width\":1280,\"height\":853},\"primaryImageOfPage\":{\"@id\":\"https:\\\/\\\/cauceecologico.org\\\/?p=1807#mainImage\"},\"datePublished\":\"2020-03-18T13:49:17+00:00\",\"dateModified\":\"2020-03-18T18:48:49+00:00\"},{\"@type\":\"WebSite\",\"@id\":\"https:\\\/\\\/cauceecologico.org\\\/#website\",\"url\":\"https:\\\/\\\/cauceecologico.org\\\/\",\"name\":\"CAUCE\",\"description\":\"Cultura Ambiental - Causa Ecologista\",\"inLanguage\":\"es-ES\",\"publisher\":{\"@id\":\"https:\\\/\\\/cauceecologico.org\\\/#organization\"}}]}\n\t\t<\/script>\n\t\t<!-- All in One SEO -->\n\n","aioseo_head_json":{"title":"Profundo pesar por el fallecimiento de Ecio Bertellotti - CAUCE","description":"Fundaci\u00f3n CAUCE, Cultura Ambiental - Causa Ecologista, expresa su profundo pesar por el fallecimiento de Ecio Bertellotti, quien se desempe\u00f1\u00f3 como Vocal en el Consejo Administrativo de nuestra Fundaci\u00f3n. Hacemos llegar nuestras condolencias a todos sus seres queridos, acompa\u00f1\u00e1ndolos en este momento tan dif\u00edcil. Palabras de Marcela Haiek, Presidenta de Fundaci\u00f3n CAUCE: Despedimos con profundo","canonical_url":"https:\/\/cauceecologico.org\/?p=1807","robots":"max-image-preview:large","keywords":"","webmasterTools":{"miscellaneous":""},"schema":{"@context":"https:\/\/schema.org","@graph":[{"@type":"BlogPosting","@id":"https:\/\/cauceecologico.org\/?p=1807#blogposting","name":"Profundo pesar por el fallecimiento de Ecio Bertellotti - CAUCE","headline":"Profundo pesar por el fallecimiento de Ecio Bertellotti","author":{"@id":"https:\/\/cauceecologico.org\/?author=2#author"},"publisher":{"@id":"https:\/\/cauceecologico.org\/#organization"},"image":{"@type":"ImageObject","url":"https:\/\/cauceecologico.org\/wp-content\/uploads\/2020\/03\/ecio.jpg","width":1280,"height":853},"datePublished":"2020-03-18T13:49:17+00:00","dateModified":"2020-03-18T18:48:49+00:00","inLanguage":"es-ES","mainEntityOfPage":{"@id":"https:\/\/cauceecologico.org\/?p=1807#webpage"},"isPartOf":{"@id":"https:\/\/cauceecologico.org\/?p=1807#webpage"},"articleSection":"Destacados, Noticias"},{"@type":"BreadcrumbList","@id":"https:\/\/cauceecologico.org\/?p=1807#breadcrumblist","itemListElement":[{"@type":"ListItem","@id":"https:\/\/cauceecologico.org#listItem","position":1,"name":"Home","item":"https:\/\/cauceecologico.org","nextItem":{"@type":"ListItem","@id":"https:\/\/cauceecologico.org\/?cat=5#listItem","name":"Noticias"}},{"@type":"ListItem","@id":"https:\/\/cauceecologico.org\/?cat=5#listItem","position":2,"name":"Noticias","item":"https:\/\/cauceecologico.org\/?cat=5","nextItem":{"@type":"ListItem","@id":"https:\/\/cauceecologico.org\/?p=1807#listItem","name":"Profundo pesar por el fallecimiento de Ecio Bertellotti"},"previousItem":{"@type":"ListItem","@id":"https:\/\/cauceecologico.org#listItem","name":"Home"}},{"@type":"ListItem","@id":"https:\/\/cauceecologico.org\/?p=1807#listItem","position":3,"name":"Profundo pesar por el fallecimiento de Ecio Bertellotti","previousItem":{"@type":"ListItem","@id":"https:\/\/cauceecologico.org\/?cat=5#listItem","name":"Noticias"}}]},{"@type":"Organization","@id":"https:\/\/cauceecologico.org\/#organization","name":"CAUCE","description":"Cultura Ambiental - Causa Ecologista","url":"https:\/\/cauceecologico.org\/"},{"@type":"Person","@id":"https:\/\/cauceecologico.org\/?author=2#author","url":"https:\/\/cauceecologico.org\/?author=2","name":"Ana Lucia Vergara","image":{"@type":"ImageObject","@id":"https:\/\/cauceecologico.org\/?p=1807#authorImage","url":"https:\/\/secure.gravatar.com\/avatar\/e8720df08f5c466573fb9f3d6cec14bcac9a305e2049123e58e6bc9c03f3a77b?s=96&d=mm&r=g","width":96,"height":96,"caption":"Ana Lucia Vergara"}},{"@type":"WebPage","@id":"https:\/\/cauceecologico.org\/?p=1807#webpage","url":"https:\/\/cauceecologico.org\/?p=1807","name":"Profundo pesar por el fallecimiento de Ecio Bertellotti - CAUCE","description":"Fundaci\u00f3n CAUCE, Cultura Ambiental - Causa Ecologista, expresa su profundo pesar por el fallecimiento de Ecio Bertellotti, quien se desempe\u00f1\u00f3 como Vocal en el Consejo Administrativo de nuestra Fundaci\u00f3n. Hacemos llegar nuestras condolencias a todos sus seres queridos, acompa\u00f1\u00e1ndolos en este momento tan dif\u00edcil. Palabras de Marcela Haiek, Presidenta de Fundaci\u00f3n CAUCE: Despedimos con profundo","inLanguage":"es-ES","isPartOf":{"@id":"https:\/\/cauceecologico.org\/#website"},"breadcrumb":{"@id":"https:\/\/cauceecologico.org\/?p=1807#breadcrumblist"},"author":{"@id":"https:\/\/cauceecologico.org\/?author=2#author"},"creator":{"@id":"https:\/\/cauceecologico.org\/?author=2#author"},"image":{"@type":"ImageObject","url":"https:\/\/cauceecologico.org\/wp-content\/uploads\/2020\/03\/ecio.jpg","@id":"https:\/\/cauceecologico.org\/?p=1807\/#mainImage","width":1280,"height":853},"primaryImageOfPage":{"@id":"https:\/\/cauceecologico.org\/?p=1807#mainImage"},"datePublished":"2020-03-18T13:49:17+00:00","dateModified":"2020-03-18T18:48:49+00:00"},{"@type":"WebSite","@id":"https:\/\/cauceecologico.org\/#website","url":"https:\/\/cauceecologico.org\/","name":"CAUCE","description":"Cultura Ambiental - Causa Ecologista","inLanguage":"es-ES","publisher":{"@id":"https:\/\/cauceecologico.org\/#organization"}}]},"og:locale":"es_ES","og:site_name":"CAUCE - Cultura Ambiental - Causa Ecologista","og:type":"article","og:title":"Profundo pesar por el fallecimiento de Ecio Bertellotti - CAUCE","og:description":"Fundaci\u00f3n CAUCE, Cultura Ambiental - Causa Ecologista, expresa su profundo pesar por el fallecimiento de Ecio Bertellotti, quien se desempe\u00f1\u00f3 como Vocal en el Consejo Administrativo de nuestra Fundaci\u00f3n. Hacemos llegar nuestras condolencias a todos sus seres queridos, acompa\u00f1\u00e1ndolos en este momento tan dif\u00edcil. Palabras de Marcela Haiek, Presidenta de Fundaci\u00f3n CAUCE: Despedimos con profundo","og:url":"https:\/\/cauceecologico.org\/?p=1807","article:published_time":"2020-03-18T13:49:17+00:00","article:modified_time":"2020-03-18T18:48:49+00:00","twitter:card":"summary_large_image","twitter:title":"Profundo pesar por el fallecimiento de Ecio Bertellotti - CAUCE","twitter:description":"Fundaci\u00f3n CAUCE, Cultura Ambiental - Causa Ecologista, expresa su profundo pesar por el fallecimiento de Ecio Bertellotti, quien se desempe\u00f1\u00f3 como Vocal en el Consejo Administrativo de nuestra Fundaci\u00f3n. Hacemos llegar nuestras condolencias a todos sus seres queridos, acompa\u00f1\u00e1ndolos en este momento tan dif\u00edcil. Palabras de Marcela Haiek, Presidenta de Fundaci\u00f3n CAUCE: Despedimos con profundo"},"aioseo_meta_data":{"post_id":"1807","title":null,"description":null,"keywords":null,"keyphrases":null,"primary_term":null,"canonical_url":null,"og_title":null,"og_description":null,"og_object_type":"default","og_image_type":"default","og_image_url":null,"og_image_width":null,"og_image_height":null,"og_image_custom_url":null,"og_image_custom_fields":null,"og_video":null,"og_custom_url":null,"og_article_section":null,"og_article_tags":null,"twitter_use_og":false,"twitter_card":"default","twitter_image_type":"default","twitter_image_url":null,"twitter_image_custom_url":null,"twitter_image_custom_fields":null,"twitter_title":null,"twitter_description":null,"schema":{"blockGraphs":[],"customGraphs":[],"default":{"data":{"Article":[],"Course":[],"Dataset":[],"FAQPage":[],"Movie":[],"Person":[],"Product":[],"ProductReview":[],"Car":[],"Recipe":[],"Service":[],"SoftwareApplication":[],"WebPage":[]},"graphName":"","isEnabled":true},"graphs":[]},"schema_type":"default","schema_type_options":null,"pillar_content":false,"robots_default":true,"robots_noindex":false,"robots_noarchive":false,"robots_nosnippet":false,"robots_nofollow":false,"robots_noimageindex":false,"robots_noodp":false,"robots_notranslate":false,"robots_max_snippet":null,"robots_max_videopreview":null,"robots_max_imagepreview":"large","priority":null,"frequency":null,"local_seo":null,"limit_modified_date":false,"created":"2023-03-16 20:29:39","updated":"2026-07-28 00:59:23","ai":null,"breadcrumb_settings":null,"seo_analyzer_scan_date":null},"aioseo_breadcrumb":"<div class=\"aioseo-breadcrumbs\"><span class=\"aioseo-breadcrumb\">\n\t\t\t<a href=\"https:\/\/cauceecologico.org\" title=\"Home\">Home<\/a>\n\t\t<\/span><span class=\"aioseo-breadcrumb-separator\">&raquo;<\/span><span class=\"aioseo-breadcrumb\">\n\t\t\t<a href=\"https:\/\/cauceecologico.org\/?cat=5\" title=\"Noticias\">Noticias<\/a>\n\t\t<\/span><span class=\"aioseo-breadcrumb-separator\">&raquo;<\/span><span class=\"aioseo-breadcrumb\">\n\t\t\tProfundo pesar por el fallecimiento de Ecio Bertellotti\n\t\t<\/span><\/div>","aioseo_breadcrumb_json":[{"label":"Home","link":"https:\/\/cauceecologico.org"},{"label":"Noticias","link":"https:\/\/cauceecologico.org\/?cat=5"},{"label":"Profundo pesar por el fallecimiento de Ecio Bertellotti","link":"https:\/\/cauceecologico.org\/?p=1807"}],"_links":{"self":[{"href":"https:\/\/cauceecologico.org\/index.php?rest_route=\/wp\/v2\/posts\/1807","targetHints":{"allow":["GET"]}}],"collection":[{"href":"https:\/\/cauceecologico.org\/index.php?rest_route=\/wp\/v2\/posts"}],"about":[{"href":"https:\/\/cauceecologico.org\/index.php?rest_route=\/wp\/v2\/types\/post"}],"author":[{"embeddable":true,"href":"https:\/\/cauceecologico.org\/index.php?rest_route=\/wp\/v2\/users\/2"}],"replies":[{"embeddable":true,"href":"https:\/\/cauceecologico.org\/index.php?rest_route=%2Fwp%2Fv2%2Fcomments&post=1807"}],"version-history":[{"count":10,"href":"https:\/\/cauceecologico.org\/index.php?rest_route=\/wp\/v2\/posts\/1807\/revisions"}],"predecessor-version":[{"id":1821,"href":"https:\/\/cauceecologico.org\/index.php?rest_route=\/wp\/v2\/posts\/1807\/revisions\/1821"}],"wp:featuredmedia":[{"embeddable":true,"href":"https:\/\/cauceecologico.org\/index.php?rest_route=\/wp\/v2\/media\/1818"}],"wp:attachment":[{"href":"https:\/\/cauceecologico.org\/index.php?rest_route=%2Fwp%2Fv2%2Fmedia&parent=1807"}],"wp:term":[{"taxonomy":"category","embeddable":true,"href":"https:\/\/cauceecologico.org\/index.php?rest_route=%2Fwp%2Fv2%2Fcategories&post=1807"},{"taxonomy":"post_tag","embeddable":true,"href":"https:\/\/cauceecologico.org\/index.php?rest_route=%2Fwp%2Fv2%2Ftags&post=1807"}],"curies":[{"name":"wp","href":"https:\/\/api.w.org\/{rel}","templated":true}]}}