{"id":1822,"date":"2020-03-19T18:31:39","date_gmt":"2020-03-19T18:31:39","guid":{"rendered":"http:\/\/cauceecologico.org\/?p=1822"},"modified":"2020-03-19T18:31:39","modified_gmt":"2020-03-19T18:31:39","slug":"la-agroecologia-en-tiempos-del-covid-19","status":"publish","type":"post","link":"https:\/\/cauceecologico.org\/?p=1822","title":{"rendered":"La Agroecolog\u00eda en tiempos del COVID-19"},"content":{"rendered":"<p>Compartimos el documento \u00abLa Agroecolog\u00eda en tiempos del COVID-19\u00bb, elaborado por\u00a0 Miguel A. Altieri y Clara In\u00e9s Nicholls, University of California, Berkeley y Centro Latinoamericano de Investigaciones Agroecol\u00f3gicas (CELIA).<\/p>\n<p><strong>Fragmento<\/strong><\/p>\n<p><em>\u00abLa mayor\u00eda de nuestros problemas globales: escasez de energ\u00eda y de agua, degradaci\u00f3n ambiental, cambio clim\u00e1tico, desigualdad econ\u00f3mica, inseguridad alimentaria y otros, no pueden abordarse de forma aislada, ya que estos problemas est\u00e1n interconectados y son interdependientes. Cuando uno de los problemas se agrava, los efectos se extienden por todo el sistema, exacerbando los otros problemas.<\/em><\/p>\n<p><em>Como nunca antes, la pandemia de coronavirus nos revela la naturaleza sist\u00e9mica de nuestro mundo: la salud humana, animal y ecol\u00f3gica est\u00e1n estrechamente vinculadas. Sin duda el COVID -19, e es un llamado de atenci\u00f3n para la humanidad a repensar nuestro modo de desarrollo capitalista y altamente consumista y las formas en que nos relacionamos con la naturaleza. Los tiempos exigen una respuesta integral a la crisis actual, donde se aborden<\/em><br \/>\n<em>las causas profundas detr\u00e1s de la ya aparente fragilidad y vulnerabilidad socio ecol\u00f3gica de nuestro mundo.<\/em><\/p>\n<p><em>La agroecolog\u00eda representa un ejemplo inspirador de un enfoque sist\u00e9mico poderoso y, en este momento de la pandemia del coronavirus, la agroecolog\u00eda puede ayudar a explorar los v\u00ednculos entre la agricultura y la salud, demostrando que la forma en que se practica la agricultura puede por un lado auspiciar la salud o por el contrario, si se practica mal crear como lo hace la agricultura industrial, causar grandes riesgos para la salud\u00bb.<\/em><\/p>\n<p><a href=\"http:\/\/cauceecologico.org\/wp-content\/uploads\/2020\/03\/Marzo-18-2020-CELIA-agroecologia-y-COVID19-2-1.pdf\"><em><img loading=\"lazy\" decoding=\"async\" class=\"alignnone  wp-image-1703\" src=\"http:\/\/cauceecologico.org\/wp-content\/uploads\/2020\/02\/descargar.png\" alt=\"\" width=\"22\" height=\"23\" \/><\/em><span style=\"color: #3366ff;\">La Agroecolog\u00eda en tiempos del COVID-19<\/span><\/a><\/p>\n<p style=\"text-align: right;\">19\/03\/20<\/p>\n<p>&nbsp;<\/p>\n","protected":false},"excerpt":{"rendered":"<p>Compartimos el documento \u00abLa Agroecolog\u00eda en tiempos del COVID-19\u00bb, elaborado por\u00a0 Miguel A. Altieri y Clara In\u00e9s Nicholls, University of California, Berkeley y Centro Latinoamericano de Investigaciones Agroecol\u00f3gicas (CELIA). Fragmento \u00abLa mayor\u00eda de nuestros problemas globales: escasez de energ\u00eda y de agua, degradaci\u00f3n ambiental, cambio clim\u00e1tico, desigualdad econ\u00f3mica, inseguridad alimentaria y otros, no pueden abordarse [&hellip;]<\/p>\n","protected":false},"author":2,"featured_media":1125,"comment_status":"open","ping_status":"open","sticky":false,"template":"","format":"standard","meta":{"om_disable_all_campaigns":false,"_monsterinsights_skip_tracking":false,"_monsterinsights_sitenote_active":false,"_monsterinsights_sitenote_note":"","_monsterinsights_sitenote_category":0,"amp_status":"","footnotes":""},"categories":[3],"tags":[],"class_list":["post-1822","post","type-post","status-publish","format-standard","has-post-thumbnail","hentry","category-documentos"],"aioseo_notices":[],"_links":{"self":[{"href":"https:\/\/cauceecologico.org\/index.php?rest_route=\/wp\/v2\/posts\/1822","targetHints":{"allow":["GET"]}}],"collection":[{"href":"https:\/\/cauceecologico.org\/index.php?rest_route=\/wp\/v2\/posts"}],"about":[{"href":"https:\/\/cauceecologico.org\/index.php?rest_route=\/wp\/v2\/types\/post"}],"author":[{"embeddable":true,"href":"https:\/\/cauceecologico.org\/index.php?rest_route=\/wp\/v2\/users\/2"}],"replies":[{"embeddable":true,"href":"https:\/\/cauceecologico.org\/index.php?rest_route=%2Fwp%2Fv2%2Fcomments&post=1822"}],"version-history":[{"count":3,"href":"https:\/\/cauceecologico.org\/index.php?rest_route=\/wp\/v2\/posts\/1822\/revisions"}],"predecessor-version":[{"id":1827,"href":"https:\/\/cauceecologico.org\/index.php?rest_route=\/wp\/v2\/posts\/1822\/revisions\/1827"}],"wp:featuredmedia":[{"embeddable":true,"href":"https:\/\/cauceecologico.org\/index.php?rest_route=\/wp\/v2\/media\/1125"}],"wp:attachment":[{"href":"https:\/\/cauceecologico.org\/index.php?rest_route=%2Fwp%2Fv2%2Fmedia&parent=1822"}],"wp:term":[{"taxonomy":"category","embeddable":true,"href":"https:\/\/cauceecologico.org\/index.php?rest_route=%2Fwp%2Fv2%2Fcategories&post=1822"},{"taxonomy":"post_tag","embeddable":true,"href":"https:\/\/cauceecologico.org\/index.php?rest_route=%2Fwp%2Fv2%2Ftags&post=1822"}],"curies":[{"name":"wp","href":"https:\/\/api.w.org\/{rel}","templated":true}]}}