{"id":1852,"date":"2020-04-17T21:08:08","date_gmt":"2020-04-17T21:08:08","guid":{"rendered":"http:\/\/cauceecologico.org\/?p=1852"},"modified":"2021-02-06T18:00:18","modified_gmt":"2021-02-06T18:00:18","slug":"hidrovia-industrial-paraguay-parana","status":"publish","type":"post","link":"https:\/\/cauceecologico.org\/?p=1852","title":{"rendered":"Hidrov\u00eda industrial Paraguay &#8211; Paran\u00e1"},"content":{"rendered":"<p>Oscar Rivas (Sobrevivencia, Paraguay) y Ariel Ocantos (Taller Ecologista, Rosario) nos cuentan sobre la Hidrov\u00eda Industrial Paraguay &#8211; Paran\u00e1 y sus efectos socioambientales. Estos v\u00eddeos fueron filmados en el marco de una reuni\u00f3n del Programa Humedales Sin Fronteras, realizada en Paran\u00e1 en agosto de 2019<\/p>\n","protected":false},"excerpt":{"rendered":"<p>Oscar Rivas (Sobrevivencia, Paraguay) y Ariel Ocantos (Taller Ecologista, Rosario) nos cuentan sobre la Hidrov\u00eda Industrial Paraguay &#8211; Paran\u00e1 y sus efectos socioambientales. Estos v\u00eddeos fueron filmados en el marco de una reuni\u00f3n del Programa Humedales Sin Fronteras, realizada en Paran\u00e1 en agosto de 2019<\/p>\n","protected":false},"author":2,"featured_media":1855,"comment_status":"open","ping_status":"open","sticky":false,"template":"","format":"video","meta":{"om_disable_all_campaigns":false,"_monsterinsights_skip_tracking":false,"amp_status":"","footnotes":""},"categories":[82],"tags":[],"class_list":["post-1852","post","type-post","status-publish","format-video","has-post-thumbnail","hentry","category-videos","post_format-post-format-video"],"aioseo_notices":[],"aioseo_head":"\n\t\t<!-- All in One SEO 4.9.10 - aioseo.com -->\n\t<meta name=\"description\" content=\"Oscar Rivas (Sobrevivencia, Paraguay) y Ariel Ocantos (Taller Ecologista, Rosario) nos cuentan sobre la Hidrov\u00eda Industrial Paraguay - Paran\u00e1 y sus efectos socioambientales. Estos v\u00eddeos fueron filmados en el marco de una reuni\u00f3n del Programa Humedales Sin Fronteras, realizada en Paran\u00e1 en agosto de 2019\" \/>\n\t<meta name=\"robots\" content=\"max-image-preview:large\" \/>\n\t<meta name=\"author\" content=\"Ana Lucia Vergara\"\/>\n\t<link rel=\"canonical\" href=\"https:\/\/cauceecologico.org\/?p=1852\" \/>\n\t<meta name=\"generator\" content=\"All in One SEO (AIOSEO) 4.9.10\" \/>\n\t\t<meta property=\"og:locale\" content=\"es_ES\" \/>\n\t\t<meta property=\"og:site_name\" content=\"CAUCE - Cultura Ambiental - Causa Ecologista\" \/>\n\t\t<meta property=\"og:type\" content=\"article\" \/>\n\t\t<meta property=\"og:title\" content=\"Hidrov\u00eda industrial Paraguay \u2013 Paran\u00e1 - CAUCE\" \/>\n\t\t<meta property=\"og:description\" content=\"Oscar Rivas (Sobrevivencia, Paraguay) y Ariel Ocantos (Taller Ecologista, Rosario) nos cuentan sobre la Hidrov\u00eda Industrial Paraguay - Paran\u00e1 y sus efectos socioambientales. Estos v\u00eddeos fueron filmados en el marco de una reuni\u00f3n del Programa Humedales Sin Fronteras, realizada en Paran\u00e1 en agosto de 2019\" \/>\n\t\t<meta property=\"og:url\" content=\"https:\/\/cauceecologico.org\/?p=1852\" \/>\n\t\t<meta property=\"article:published_time\" content=\"2020-04-17T21:08:08+00:00\" \/>\n\t\t<meta property=\"article:modified_time\" content=\"2021-02-06T18:00:18+00:00\" \/>\n\t\t<meta name=\"twitter:card\" content=\"summary_large_image\" \/>\n\t\t<meta name=\"twitter:title\" content=\"Hidrov\u00eda industrial Paraguay \u2013 Paran\u00e1 - CAUCE\" \/>\n\t\t<meta name=\"twitter:description\" content=\"Oscar Rivas (Sobrevivencia, Paraguay) y Ariel Ocantos (Taller Ecologista, Rosario) nos cuentan sobre la Hidrov\u00eda Industrial Paraguay - Paran\u00e1 y sus efectos socioambientales. Estos v\u00eddeos fueron filmados en el marco de una reuni\u00f3n del Programa Humedales Sin Fronteras, realizada en Paran\u00e1 en agosto de 2019\" \/>\n\t\t<script type=\"application\/ld+json\" class=\"aioseo-schema\">\n\t\t\t{\"@context\":\"https:\\\/\\\/schema.org\",\"@graph\":[{\"@type\":\"BlogPosting\",\"@id\":\"https:\\\/\\\/cauceecologico.org\\\/?p=1852#blogposting\",\"name\":\"Hidrov\\u00eda industrial Paraguay \\u2013 Paran\\u00e1 - CAUCE\",\"headline\":\"Hidrov\\u00eda industrial Paraguay &#8211; Paran\\u00e1\",\"author\":{\"@id\":\"https:\\\/\\\/cauceecologico.org\\\/?author=2#author\"},\"publisher\":{\"@id\":\"https:\\\/\\\/cauceecologico.org\\\/#organization\"},\"image\":{\"@type\":\"ImageObject\",\"url\":\"https:\\\/\\\/cauceecologico.org\\\/wp-content\\\/uploads\\\/2020\\\/04\\\/hid-1.png\",\"width\":716,\"height\":415},\"datePublished\":\"2020-04-17T21:08:08+00:00\",\"dateModified\":\"2021-02-06T18:00:18+00:00\",\"inLanguage\":\"es-ES\",\"mainEntityOfPage\":{\"@id\":\"https:\\\/\\\/cauceecologico.org\\\/?p=1852#webpage\"},\"isPartOf\":{\"@id\":\"https:\\\/\\\/cauceecologico.org\\\/?p=1852#webpage\"},\"articleSection\":\"Videos, V\\u00eddeo\"},{\"@type\":\"BreadcrumbList\",\"@id\":\"https:\\\/\\\/cauceecologico.org\\\/?p=1852#breadcrumblist\",\"itemListElement\":[{\"@type\":\"ListItem\",\"@id\":\"https:\\\/\\\/cauceecologico.org#listItem\",\"position\":1,\"name\":\"Home\",\"item\":\"https:\\\/\\\/cauceecologico.org\",\"nextItem\":{\"@type\":\"ListItem\",\"@id\":\"https:\\\/\\\/cauceecologico.org\\\/?cat=82#listItem\",\"name\":\"Videos\"}},{\"@type\":\"ListItem\",\"@id\":\"https:\\\/\\\/cauceecologico.org\\\/?cat=82#listItem\",\"position\":2,\"name\":\"Videos\",\"item\":\"https:\\\/\\\/cauceecologico.org\\\/?cat=82\",\"nextItem\":{\"@type\":\"ListItem\",\"@id\":\"https:\\\/\\\/cauceecologico.org\\\/?p=1852#listItem\",\"name\":\"Hidrov\\u00eda industrial Paraguay &#8211; Paran\\u00e1\"},\"previousItem\":{\"@type\":\"ListItem\",\"@id\":\"https:\\\/\\\/cauceecologico.org#listItem\",\"name\":\"Home\"}},{\"@type\":\"ListItem\",\"@id\":\"https:\\\/\\\/cauceecologico.org\\\/?p=1852#listItem\",\"position\":3,\"name\":\"Hidrov\\u00eda industrial Paraguay &#8211; Paran\\u00e1\",\"previousItem\":{\"@type\":\"ListItem\",\"@id\":\"https:\\\/\\\/cauceecologico.org\\\/?cat=82#listItem\",\"name\":\"Videos\"}}]},{\"@type\":\"Organization\",\"@id\":\"https:\\\/\\\/cauceecologico.org\\\/#organization\",\"name\":\"CAUCE\",\"description\":\"Cultura Ambiental - Causa Ecologista\",\"url\":\"https:\\\/\\\/cauceecologico.org\\\/\"},{\"@type\":\"Person\",\"@id\":\"https:\\\/\\\/cauceecologico.org\\\/?author=2#author\",\"url\":\"https:\\\/\\\/cauceecologico.org\\\/?author=2\",\"name\":\"Ana Lucia Vergara\",\"image\":{\"@type\":\"ImageObject\",\"@id\":\"https:\\\/\\\/cauceecologico.org\\\/?p=1852#authorImage\",\"url\":\"https:\\\/\\\/secure.gravatar.com\\\/avatar\\\/e8720df08f5c466573fb9f3d6cec14bcac9a305e2049123e58e6bc9c03f3a77b?s=96&d=mm&r=g\",\"width\":96,\"height\":96,\"caption\":\"Ana Lucia Vergara\"}},{\"@type\":\"WebPage\",\"@id\":\"https:\\\/\\\/cauceecologico.org\\\/?p=1852#webpage\",\"url\":\"https:\\\/\\\/cauceecologico.org\\\/?p=1852\",\"name\":\"Hidrov\\u00eda industrial Paraguay \\u2013 Paran\\u00e1 - CAUCE\",\"description\":\"Oscar Rivas (Sobrevivencia, Paraguay) y Ariel Ocantos (Taller Ecologista, Rosario) nos cuentan sobre la Hidrov\\u00eda Industrial Paraguay - Paran\\u00e1 y sus efectos socioambientales. Estos v\\u00eddeos fueron filmados en el marco de una reuni\\u00f3n del Programa Humedales Sin Fronteras, realizada en Paran\\u00e1 en agosto de 2019\",\"inLanguage\":\"es-ES\",\"isPartOf\":{\"@id\":\"https:\\\/\\\/cauceecologico.org\\\/#website\"},\"breadcrumb\":{\"@id\":\"https:\\\/\\\/cauceecologico.org\\\/?p=1852#breadcrumblist\"},\"author\":{\"@id\":\"https:\\\/\\\/cauceecologico.org\\\/?author=2#author\"},\"creator\":{\"@id\":\"https:\\\/\\\/cauceecologico.org\\\/?author=2#author\"},\"image\":{\"@type\":\"ImageObject\",\"url\":\"https:\\\/\\\/cauceecologico.org\\\/wp-content\\\/uploads\\\/2020\\\/04\\\/hid-1.png\",\"@id\":\"https:\\\/\\\/cauceecologico.org\\\/?p=1852\\\/#mainImage\",\"width\":716,\"height\":415},\"primaryImageOfPage\":{\"@id\":\"https:\\\/\\\/cauceecologico.org\\\/?p=1852#mainImage\"},\"datePublished\":\"2020-04-17T21:08:08+00:00\",\"dateModified\":\"2021-02-06T18:00:18+00:00\"},{\"@type\":\"WebSite\",\"@id\":\"https:\\\/\\\/cauceecologico.org\\\/#website\",\"url\":\"https:\\\/\\\/cauceecologico.org\\\/\",\"name\":\"CAUCE\",\"description\":\"Cultura Ambiental - Causa Ecologista\",\"inLanguage\":\"es-ES\",\"publisher\":{\"@id\":\"https:\\\/\\\/cauceecologico.org\\\/#organization\"}}]}\n\t\t<\/script>\n\t\t<!-- All in One SEO -->\n\n","aioseo_head_json":{"title":"Hidrov\u00eda industrial Paraguay \u2013 Paran\u00e1 - CAUCE","description":"Oscar Rivas (Sobrevivencia, Paraguay) y Ariel Ocantos (Taller Ecologista, Rosario) nos cuentan sobre la Hidrov\u00eda Industrial Paraguay - Paran\u00e1 y sus efectos socioambientales. Estos v\u00eddeos fueron filmados en el marco de una reuni\u00f3n del Programa Humedales Sin Fronteras, realizada en Paran\u00e1 en agosto de 2019","canonical_url":"https:\/\/cauceecologico.org\/?p=1852","robots":"max-image-preview:large","keywords":"","webmasterTools":{"miscellaneous":""},"schema":{"@context":"https:\/\/schema.org","@graph":[{"@type":"BlogPosting","@id":"https:\/\/cauceecologico.org\/?p=1852#blogposting","name":"Hidrov\u00eda industrial Paraguay \u2013 Paran\u00e1 - CAUCE","headline":"Hidrov\u00eda industrial Paraguay &#8211; Paran\u00e1","author":{"@id":"https:\/\/cauceecologico.org\/?author=2#author"},"publisher":{"@id":"https:\/\/cauceecologico.org\/#organization"},"image":{"@type":"ImageObject","url":"https:\/\/cauceecologico.org\/wp-content\/uploads\/2020\/04\/hid-1.png","width":716,"height":415},"datePublished":"2020-04-17T21:08:08+00:00","dateModified":"2021-02-06T18:00:18+00:00","inLanguage":"es-ES","mainEntityOfPage":{"@id":"https:\/\/cauceecologico.org\/?p=1852#webpage"},"isPartOf":{"@id":"https:\/\/cauceecologico.org\/?p=1852#webpage"},"articleSection":"Videos, V\u00eddeo"},{"@type":"BreadcrumbList","@id":"https:\/\/cauceecologico.org\/?p=1852#breadcrumblist","itemListElement":[{"@type":"ListItem","@id":"https:\/\/cauceecologico.org#listItem","position":1,"name":"Home","item":"https:\/\/cauceecologico.org","nextItem":{"@type":"ListItem","@id":"https:\/\/cauceecologico.org\/?cat=82#listItem","name":"Videos"}},{"@type":"ListItem","@id":"https:\/\/cauceecologico.org\/?cat=82#listItem","position":2,"name":"Videos","item":"https:\/\/cauceecologico.org\/?cat=82","nextItem":{"@type":"ListItem","@id":"https:\/\/cauceecologico.org\/?p=1852#listItem","name":"Hidrov\u00eda industrial Paraguay &#8211; Paran\u00e1"},"previousItem":{"@type":"ListItem","@id":"https:\/\/cauceecologico.org#listItem","name":"Home"}},{"@type":"ListItem","@id":"https:\/\/cauceecologico.org\/?p=1852#listItem","position":3,"name":"Hidrov\u00eda industrial Paraguay &#8211; Paran\u00e1","previousItem":{"@type":"ListItem","@id":"https:\/\/cauceecologico.org\/?cat=82#listItem","name":"Videos"}}]},{"@type":"Organization","@id":"https:\/\/cauceecologico.org\/#organization","name":"CAUCE","description":"Cultura Ambiental - Causa Ecologista","url":"https:\/\/cauceecologico.org\/"},{"@type":"Person","@id":"https:\/\/cauceecologico.org\/?author=2#author","url":"https:\/\/cauceecologico.org\/?author=2","name":"Ana Lucia Vergara","image":{"@type":"ImageObject","@id":"https:\/\/cauceecologico.org\/?p=1852#authorImage","url":"https:\/\/secure.gravatar.com\/avatar\/e8720df08f5c466573fb9f3d6cec14bcac9a305e2049123e58e6bc9c03f3a77b?s=96&d=mm&r=g","width":96,"height":96,"caption":"Ana Lucia Vergara"}},{"@type":"WebPage","@id":"https:\/\/cauceecologico.org\/?p=1852#webpage","url":"https:\/\/cauceecologico.org\/?p=1852","name":"Hidrov\u00eda industrial Paraguay \u2013 Paran\u00e1 - CAUCE","description":"Oscar Rivas (Sobrevivencia, Paraguay) y Ariel Ocantos (Taller Ecologista, Rosario) nos cuentan sobre la Hidrov\u00eda Industrial Paraguay - Paran\u00e1 y sus efectos socioambientales. Estos v\u00eddeos fueron filmados en el marco de una reuni\u00f3n del Programa Humedales Sin Fronteras, realizada en Paran\u00e1 en agosto de 2019","inLanguage":"es-ES","isPartOf":{"@id":"https:\/\/cauceecologico.org\/#website"},"breadcrumb":{"@id":"https:\/\/cauceecologico.org\/?p=1852#breadcrumblist"},"author":{"@id":"https:\/\/cauceecologico.org\/?author=2#author"},"creator":{"@id":"https:\/\/cauceecologico.org\/?author=2#author"},"image":{"@type":"ImageObject","url":"https:\/\/cauceecologico.org\/wp-content\/uploads\/2020\/04\/hid-1.png","@id":"https:\/\/cauceecologico.org\/?p=1852\/#mainImage","width":716,"height":415},"primaryImageOfPage":{"@id":"https:\/\/cauceecologico.org\/?p=1852#mainImage"},"datePublished":"2020-04-17T21:08:08+00:00","dateModified":"2021-02-06T18:00:18+00:00"},{"@type":"WebSite","@id":"https:\/\/cauceecologico.org\/#website","url":"https:\/\/cauceecologico.org\/","name":"CAUCE","description":"Cultura Ambiental - Causa Ecologista","inLanguage":"es-ES","publisher":{"@id":"https:\/\/cauceecologico.org\/#organization"}}]},"og:locale":"es_ES","og:site_name":"CAUCE - Cultura Ambiental - Causa Ecologista","og:type":"article","og:title":"Hidrov\u00eda industrial Paraguay \u2013 Paran\u00e1 - CAUCE","og:description":"Oscar Rivas (Sobrevivencia, Paraguay) y Ariel Ocantos (Taller Ecologista, Rosario) nos cuentan sobre la Hidrov\u00eda Industrial Paraguay - Paran\u00e1 y sus efectos socioambientales. Estos v\u00eddeos fueron filmados en el marco de una reuni\u00f3n del Programa Humedales Sin Fronteras, realizada en Paran\u00e1 en agosto de 2019","og:url":"https:\/\/cauceecologico.org\/?p=1852","article:published_time":"2020-04-17T21:08:08+00:00","article:modified_time":"2021-02-06T18:00:18+00:00","twitter:card":"summary_large_image","twitter:title":"Hidrov\u00eda industrial Paraguay \u2013 Paran\u00e1 - CAUCE","twitter:description":"Oscar Rivas (Sobrevivencia, Paraguay) y Ariel Ocantos (Taller Ecologista, Rosario) nos cuentan sobre la Hidrov\u00eda Industrial Paraguay - Paran\u00e1 y sus efectos socioambientales. Estos v\u00eddeos fueron filmados en el marco de una reuni\u00f3n del Programa Humedales Sin Fronteras, realizada en Paran\u00e1 en agosto de 2019"},"aioseo_meta_data":{"post_id":"1852","title":null,"description":null,"keywords":null,"keyphrases":null,"primary_term":null,"canonical_url":null,"og_title":null,"og_description":null,"og_object_type":"default","og_image_type":"default","og_image_url":null,"og_image_width":null,"og_image_height":null,"og_image_custom_url":null,"og_image_custom_fields":null,"og_video":null,"og_custom_url":null,"og_article_section":null,"og_article_tags":null,"twitter_use_og":false,"twitter_card":"default","twitter_image_type":"default","twitter_image_url":null,"twitter_image_custom_url":null,"twitter_image_custom_fields":null,"twitter_title":null,"twitter_description":null,"schema":{"blockGraphs":[],"customGraphs":[],"default":{"data":{"Article":[],"Course":[],"Dataset":[],"FAQPage":[],"Movie":[],"Person":[],"Product":[],"ProductReview":[],"Car":[],"Recipe":[],"Service":[],"SoftwareApplication":[],"WebPage":[]},"graphName":"","isEnabled":true},"graphs":[]},"schema_type":"default","schema_type_options":null,"pillar_content":false,"robots_default":true,"robots_noindex":false,"robots_noarchive":false,"robots_nosnippet":false,"robots_nofollow":false,"robots_noimageindex":false,"robots_noodp":false,"robots_notranslate":false,"robots_max_snippet":null,"robots_max_videopreview":null,"robots_max_imagepreview":"large","priority":null,"frequency":null,"local_seo":null,"limit_modified_date":false,"created":"2023-03-16 20:29:39","updated":"2026-07-28 00:59:23","ai":null,"breadcrumb_settings":null,"seo_analyzer_scan_date":null},"aioseo_breadcrumb":"<div class=\"aioseo-breadcrumbs\"><span class=\"aioseo-breadcrumb\">\n\t\t\t<a href=\"https:\/\/cauceecologico.org\" title=\"Home\">Home<\/a>\n\t\t<\/span><span class=\"aioseo-breadcrumb-separator\">&raquo;<\/span><span class=\"aioseo-breadcrumb\">\n\t\t\t<a href=\"https:\/\/cauceecologico.org\/?cat=82\" title=\"Videos\">Videos<\/a>\n\t\t<\/span><span class=\"aioseo-breadcrumb-separator\">&raquo;<\/span><span class=\"aioseo-breadcrumb\">\n\t\t\tHidrov\u00eda industrial Paraguay \u2013 Paran\u00e1\n\t\t<\/span><\/div>","aioseo_breadcrumb_json":[{"label":"Home","link":"https:\/\/cauceecologico.org"},{"label":"Videos","link":"https:\/\/cauceecologico.org\/?cat=82"},{"label":"Hidrov\u00eda industrial Paraguay &#8211; Paran\u00e1","link":"https:\/\/cauceecologico.org\/?p=1852"}],"_links":{"self":[{"href":"https:\/\/cauceecologico.org\/index.php?rest_route=\/wp\/v2\/posts\/1852","targetHints":{"allow":["GET"]}}],"collection":[{"href":"https:\/\/cauceecologico.org\/index.php?rest_route=\/wp\/v2\/posts"}],"about":[{"href":"https:\/\/cauceecologico.org\/index.php?rest_route=\/wp\/v2\/types\/post"}],"author":[{"embeddable":true,"href":"https:\/\/cauceecologico.org\/index.php?rest_route=\/wp\/v2\/users\/2"}],"replies":[{"embeddable":true,"href":"https:\/\/cauceecologico.org\/index.php?rest_route=%2Fwp%2Fv2%2Fcomments&post=1852"}],"version-history":[{"count":2,"href":"https:\/\/cauceecologico.org\/index.php?rest_route=\/wp\/v2\/posts\/1852\/revisions"}],"predecessor-version":[{"id":2632,"href":"https:\/\/cauceecologico.org\/index.php?rest_route=\/wp\/v2\/posts\/1852\/revisions\/2632"}],"wp:featuredmedia":[{"embeddable":true,"href":"https:\/\/cauceecologico.org\/index.php?rest_route=\/wp\/v2\/media\/1855"}],"wp:attachment":[{"href":"https:\/\/cauceecologico.org\/index.php?rest_route=%2Fwp%2Fv2%2Fmedia&parent=1852"}],"wp:term":[{"taxonomy":"category","embeddable":true,"href":"https:\/\/cauceecologico.org\/index.php?rest_route=%2Fwp%2Fv2%2Fcategories&post=1852"},{"taxonomy":"post_tag","embeddable":true,"href":"https:\/\/cauceecologico.org\/index.php?rest_route=%2Fwp%2Fv2%2Ftags&post=1852"}],"curies":[{"name":"wp","href":"https:\/\/api.w.org\/{rel}","templated":true}]}}