{"id":1872,"date":"2020-04-22T14:10:44","date_gmt":"2020-04-22T14:10:44","guid":{"rendered":"http:\/\/cauceecologico.org\/?p=1872"},"modified":"2020-04-22T14:10:44","modified_gmt":"2020-04-22T14:10:44","slug":"comunicado-del-dia-de-la-tierra-un-planeta-una-salud","status":"publish","type":"post","link":"https:\/\/cauceecologico.org\/?p=1872","title":{"rendered":"Comunicado del D\u00eda de la Tierra: Un planeta, una salud"},"content":{"rendered":"<p>En el D\u00eda de la Tierra, el 22 de abril, Navdanya International, Naturaleza de Derechos, Fundaci\u00f3n Salud de la Madre Tierra \u2013 HOMEF, junto con 500 otras organizaciones y redes de 50 pa\u00edses, lanzaron un Comunicado Planetario y un llamado a la acci\u00f3n urgente en el que la salud y el bienestar de todos los pueblos y del planeta se encuentran en el centro de toda la pol\u00edtica gubernamental e institucional, la construcci\u00f3n de la comunidad y la acci\u00f3n c\u00edvica.<\/p>\n<p>Fundaci\u00f3n CAUCE adhiri\u00f3 al Comunicado.<\/p>\n<h4><strong>Nuestro compromiso del D\u00eda de la Tierra: Regresar a la Tierra, en nuestras mentes, nuestras vidas<\/strong><\/h4>\n<p>Durante la crisis del Covid-19 y mientras salimos de la Cuarentena necesitamos aprender definitivamente a proteger la Tierra, sus sistemas clim\u00e1ticos, los derechos y espacios ecol\u00f3gicos de diversas especies, y de diversas personas \u2013 ind\u00edgenas, ni\u00f1os, ni\u00f1as, j\u00f3venes, mujeres, agricultores\/as y trabajadores\/as. Para la Tierra no hay especies prescindibles, no hay personas desechables. Todos pertenecemos y somos parte de la Tierra.<\/p>\n<p>Para evitar futuras pandemias y hambrunas y un posible escenario de personas prescindibles, debemos ir m\u00e1s all\u00e1 del sistema econ\u00f3mico globalizado, industrializado y competitivo, que est\u00e1 incentivando el cambio clim\u00e1tico, empujando a las especies a la extinci\u00f3n y propagando enfermedades que amenazan la vida. La localizaci\u00f3n deja<br \/>\nespacio para que prosperen las diversas especies, las diversas culturas y las diversas econom\u00edas locales vivas.<\/p>\n<p>Debemos pasar de la econom\u00eda de la codicia y el crecimiento ilimitado, de la competencia y la violencia, que nos han empujado a una crisis existencial, a una \u00abEconom\u00eda del Cuidado\u00bb &#8211; para la Tierra, para las personas y para todas las especies vivas.<br \/>\nDebemos reducir nuestra huella ecol\u00f3gica, para dejar una parte justa de espacio ecol\u00f3gico para otras especies, todos los humanos y las generaciones futuras. Debemos dejar de ver los bienes comunes de la naturaleza como \u00abrecursos\u00bb,<br \/>\nabandonar la visi\u00f3n utilitaria, colonial, capitalista y antropoc\u00e9ntrica que nos ha ense\u00f1ado a nombrar los dones de la naturaleza como \u00abrecursos naturales\u00bb. S\u00f3lo as\u00ed podremos reducir conscientemente nuestra huella ecol\u00f3gica: actuando responsablemente como los antepasados del futuro.<\/p>\n<p>La emergencia sanitaria y el encierro han demostrado que cuando hay voluntad pol\u00edtica, podemos desglobalizar. Hagamos permanente esta desglobalizaci\u00f3n de la econom\u00eda, y localicemos la producci\u00f3n de acuerdo con la filosof\u00eda de Gandhi del \u00abSwadeshi\u00bb (basada en principios de autogobierno y autosuficiencia). Como muestra la pandemia, son las comunidades alimentarias locales las que pueden proporcionar y distribuir alimentos con regularidad, mientras que las cadenas alimentarias globalizadas, en algunas partes del mundo, se derrumbaron e incluso especularon con<br \/>\nel aumento de los precios de los alimentos.<\/p>\n<p>Contrariamente a lo que se nos hace creer, no es la globalizaci\u00f3n la que protege a las personas de las hambrunas, que ella misma produce y agrava, sino la soberan\u00eda alimentaria de los pueblos, en la que las personas a nivel comunitario tienen derecho a producir, elegir y consumir alimentos adecuados, sanos y nutritivos, en virtud de acuerdos de precios justos para la producci\u00f3n y el intercambio local. Los futuros sistemas alimentarios tienen que basarse en la soberan\u00eda de las semillas y la soberan\u00eda alimentaria, en econom\u00edas locales circulares que devuelvan a la tierra, y con la garant\u00eda de precios justos a los productores.<\/p>\n<p>La mente mecanicista que domina nuestras sociedades, crea beneficios corporativos y personales a trav\u00e9s de la extracci\u00f3n y la manipulaci\u00f3n. Las corporaciones y los multimillonarios que con sus acciones han declarado la guerra a la Tierra y han creado las m\u00faltiples crisis del mundo, se preparan ahora para la intensificaci\u00f3n de la agricultura industrializada a trav\u00e9s de la digitalizaci\u00f3n y la inteligencia artificial. Est\u00e1n imaginando un futuro de agricultura sin agricultores\/as, y un futuro de alimentos falsos producidos en laboratorios. Estos acontecimientos profundizar\u00e1n la crisis ecol\u00f3gica, destruyendo la biodiversidad y aumentando nuestra<br \/>\nseparaci\u00f3n de la Tierra.<\/p>\n<p>La comida es la red de la vida y hacer la paz con la Tierra comienza con la comida. Volvemos a la Tierra cuando cuidamos el suelo y la biodiversidad. Recordamos que somos humanos porque somos del \u00abhumus\u00bb &#8211; del suelo. S\u00f3lo nuestras mentes, corazones y manos trabajando junto con la Tierra, como parte integral de su<br \/>\ncreatividad, pueden sanar la Tierra, provey\u00e9ndonos a nosotros\/as y a todas las dem\u00e1s<br \/>\nespecies de alimentos saludables.<\/p>\n<p>Como nos ha ense\u00f1ado nuestra experiencia junto con otras organizaciones y redes de concientizaci\u00f3n sobre la Tierra para la Libertad de Semillas y la Libertad de Alimentos, los sistemas alimentarios org\u00e1nicos, agroecol\u00f3gicos locales y biodiversos regeneran el suelo, el agua y la biodiversidad y proporcionan alimentos sanos para todos\/as y fortalecen el sistema inmunol\u00f3gico humano. La riqueza de la biodiversidad en nuestros bosques, huertas, alimentos y el propio microbioma intestinal conectan el planeta y sus diversas especies, incluidos los seres humanos. As\u00ed, la salud se convierte en el hilo conductor, al igual que la enfermedad del Coronavirus, hoy en d\u00eda, nos muestra tan claramente.<\/p>\n<p><span style=\"color: #3366ff;\"><a style=\"color: #3366ff;\" href=\"https:\/\/navdanyainternational.org\/wp-content\/uploads\/2020\/04\/DOCUMENTO-TIERRA-ESPA%C3%91OL.pdf\"><img loading=\"lazy\" decoding=\"async\" class=\"alignnone  wp-image-1703\" src=\"http:\/\/cauceecologico.org\/wp-content\/uploads\/2020\/02\/descargar.png\" alt=\"\" width=\"19\" height=\"20\" \/>LEER DOCUMENTO COMPLETO<\/a><\/span><\/p>\n<p style=\"text-align: right;\">22\/04\/20<\/p>\n","protected":false},"excerpt":{"rendered":"<p>En el D\u00eda de la Tierra, el 22 de abril, Navdanya International, Naturaleza de Derechos, Fundaci\u00f3n Salud de la Madre Tierra \u2013 HOMEF, junto con 500 otras organizaciones y redes de 50 pa\u00edses, lanzaron un Comunicado Planetario y un llamado a la acci\u00f3n urgente en el que la salud y el bienestar de todos los [&hellip;]<\/p>\n","protected":false},"author":2,"featured_media":1875,"comment_status":"open","ping_status":"open","sticky":false,"template":"","format":"standard","meta":{"om_disable_all_campaigns":false,"_monsterinsights_skip_tracking":false,"amp_status":"","footnotes":""},"categories":[6,3],"tags":[],"class_list":["post-1872","post","type-post","status-publish","format-standard","has-post-thumbnail","hentry","category-destacados","category-documentos"],"aioseo_notices":[],"aioseo_head":"\n\t\t<!-- All in One SEO 4.9.10 - aioseo.com -->\n\t<meta name=\"description\" content=\"En el D\u00eda de la Tierra, el 22 de abril, Navdanya International, Naturaleza de Derechos, Fundaci\u00f3n Salud de la Madre Tierra \u2013 HOMEF, junto con 500 otras organizaciones y redes de 50 pa\u00edses, lanzaron un Comunicado Planetario y un llamado a la acci\u00f3n urgente en el que la salud y el bienestar de todos los\" \/>\n\t<meta name=\"robots\" content=\"max-image-preview:large\" \/>\n\t<meta name=\"author\" content=\"Ana Lucia Vergara\"\/>\n\t<link rel=\"canonical\" href=\"https:\/\/cauceecologico.org\/?p=1872\" \/>\n\t<meta name=\"generator\" content=\"All in One SEO (AIOSEO) 4.9.10\" \/>\n\t\t<meta property=\"og:locale\" content=\"es_ES\" \/>\n\t\t<meta property=\"og:site_name\" content=\"CAUCE - Cultura Ambiental - Causa Ecologista\" \/>\n\t\t<meta property=\"og:type\" content=\"article\" \/>\n\t\t<meta property=\"og:title\" content=\"Comunicado del D\u00eda de la Tierra: Un planeta, una salud - CAUCE\" \/>\n\t\t<meta property=\"og:description\" content=\"En el D\u00eda de la Tierra, el 22 de abril, Navdanya International, Naturaleza de Derechos, Fundaci\u00f3n Salud de la Madre Tierra \u2013 HOMEF, junto con 500 otras organizaciones y redes de 50 pa\u00edses, lanzaron un Comunicado Planetario y un llamado a la acci\u00f3n urgente en el que la salud y el bienestar de todos los\" \/>\n\t\t<meta property=\"og:url\" content=\"https:\/\/cauceecologico.org\/?p=1872\" \/>\n\t\t<meta property=\"article:published_time\" content=\"2020-04-22T14:10:44+00:00\" \/>\n\t\t<meta property=\"article:modified_time\" content=\"2020-04-22T14:10:44+00:00\" \/>\n\t\t<meta name=\"twitter:card\" content=\"summary_large_image\" \/>\n\t\t<meta name=\"twitter:title\" content=\"Comunicado del D\u00eda de la Tierra: Un planeta, una salud - CAUCE\" \/>\n\t\t<meta name=\"twitter:description\" content=\"En el D\u00eda de la Tierra, el 22 de abril, Navdanya International, Naturaleza de Derechos, Fundaci\u00f3n Salud de la Madre Tierra \u2013 HOMEF, junto con 500 otras organizaciones y redes de 50 pa\u00edses, lanzaron un Comunicado Planetario y un llamado a la acci\u00f3n urgente en el que la salud y el bienestar de todos los\" \/>\n\t\t<script type=\"application\/ld+json\" class=\"aioseo-schema\">\n\t\t\t{\"@context\":\"https:\\\/\\\/schema.org\",\"@graph\":[{\"@type\":\"BlogPosting\",\"@id\":\"https:\\\/\\\/cauceecologico.org\\\/?p=1872#blogposting\",\"name\":\"Comunicado del D\\u00eda de la Tierra: Un planeta, una salud - CAUCE\",\"headline\":\"Comunicado del D\\u00eda de la Tierra: Un planeta, una salud\",\"author\":{\"@id\":\"https:\\\/\\\/cauceecologico.org\\\/?author=2#author\"},\"publisher\":{\"@id\":\"https:\\\/\\\/cauceecologico.org\\\/#organization\"},\"image\":{\"@type\":\"ImageObject\",\"url\":\"https:\\\/\\\/cauceecologico.org\\\/wp-content\\\/uploads\\\/2020\\\/04\\\/comp.jpg\",\"width\":1706,\"height\":960},\"datePublished\":\"2020-04-22T14:10:44+00:00\",\"dateModified\":\"2020-04-22T14:10:44+00:00\",\"inLanguage\":\"es-ES\",\"mainEntityOfPage\":{\"@id\":\"https:\\\/\\\/cauceecologico.org\\\/?p=1872#webpage\"},\"isPartOf\":{\"@id\":\"https:\\\/\\\/cauceecologico.org\\\/?p=1872#webpage\"},\"articleSection\":\"Destacados, Documentos\"},{\"@type\":\"BreadcrumbList\",\"@id\":\"https:\\\/\\\/cauceecologico.org\\\/?p=1872#breadcrumblist\",\"itemListElement\":[{\"@type\":\"ListItem\",\"@id\":\"https:\\\/\\\/cauceecologico.org#listItem\",\"position\":1,\"name\":\"Home\",\"item\":\"https:\\\/\\\/cauceecologico.org\",\"nextItem\":{\"@type\":\"ListItem\",\"@id\":\"https:\\\/\\\/cauceecologico.org\\\/?cat=3#listItem\",\"name\":\"Documentos\"}},{\"@type\":\"ListItem\",\"@id\":\"https:\\\/\\\/cauceecologico.org\\\/?cat=3#listItem\",\"position\":2,\"name\":\"Documentos\",\"item\":\"https:\\\/\\\/cauceecologico.org\\\/?cat=3\",\"nextItem\":{\"@type\":\"ListItem\",\"@id\":\"https:\\\/\\\/cauceecologico.org\\\/?p=1872#listItem\",\"name\":\"Comunicado del D\\u00eda de la Tierra: Un planeta, una salud\"},\"previousItem\":{\"@type\":\"ListItem\",\"@id\":\"https:\\\/\\\/cauceecologico.org#listItem\",\"name\":\"Home\"}},{\"@type\":\"ListItem\",\"@id\":\"https:\\\/\\\/cauceecologico.org\\\/?p=1872#listItem\",\"position\":3,\"name\":\"Comunicado del D\\u00eda de la Tierra: Un planeta, una salud\",\"previousItem\":{\"@type\":\"ListItem\",\"@id\":\"https:\\\/\\\/cauceecologico.org\\\/?cat=3#listItem\",\"name\":\"Documentos\"}}]},{\"@type\":\"Organization\",\"@id\":\"https:\\\/\\\/cauceecologico.org\\\/#organization\",\"name\":\"CAUCE\",\"description\":\"Cultura Ambiental - Causa Ecologista\",\"url\":\"https:\\\/\\\/cauceecologico.org\\\/\"},{\"@type\":\"Person\",\"@id\":\"https:\\\/\\\/cauceecologico.org\\\/?author=2#author\",\"url\":\"https:\\\/\\\/cauceecologico.org\\\/?author=2\",\"name\":\"Ana Lucia Vergara\",\"image\":{\"@type\":\"ImageObject\",\"@id\":\"https:\\\/\\\/cauceecologico.org\\\/?p=1872#authorImage\",\"url\":\"https:\\\/\\\/secure.gravatar.com\\\/avatar\\\/e8720df08f5c466573fb9f3d6cec14bcac9a305e2049123e58e6bc9c03f3a77b?s=96&d=mm&r=g\",\"width\":96,\"height\":96,\"caption\":\"Ana Lucia Vergara\"}},{\"@type\":\"WebPage\",\"@id\":\"https:\\\/\\\/cauceecologico.org\\\/?p=1872#webpage\",\"url\":\"https:\\\/\\\/cauceecologico.org\\\/?p=1872\",\"name\":\"Comunicado del D\\u00eda de la Tierra: Un planeta, una salud - CAUCE\",\"description\":\"En el D\\u00eda de la Tierra, el 22 de abril, Navdanya International, Naturaleza de Derechos, Fundaci\\u00f3n Salud de la Madre Tierra \\u2013 HOMEF, junto con 500 otras organizaciones y redes de 50 pa\\u00edses, lanzaron un Comunicado Planetario y un llamado a la acci\\u00f3n urgente en el que la salud y el bienestar de todos los\",\"inLanguage\":\"es-ES\",\"isPartOf\":{\"@id\":\"https:\\\/\\\/cauceecologico.org\\\/#website\"},\"breadcrumb\":{\"@id\":\"https:\\\/\\\/cauceecologico.org\\\/?p=1872#breadcrumblist\"},\"author\":{\"@id\":\"https:\\\/\\\/cauceecologico.org\\\/?author=2#author\"},\"creator\":{\"@id\":\"https:\\\/\\\/cauceecologico.org\\\/?author=2#author\"},\"image\":{\"@type\":\"ImageObject\",\"url\":\"https:\\\/\\\/cauceecologico.org\\\/wp-content\\\/uploads\\\/2020\\\/04\\\/comp.jpg\",\"@id\":\"https:\\\/\\\/cauceecologico.org\\\/?p=1872\\\/#mainImage\",\"width\":1706,\"height\":960},\"primaryImageOfPage\":{\"@id\":\"https:\\\/\\\/cauceecologico.org\\\/?p=1872#mainImage\"},\"datePublished\":\"2020-04-22T14:10:44+00:00\",\"dateModified\":\"2020-04-22T14:10:44+00:00\"},{\"@type\":\"WebSite\",\"@id\":\"https:\\\/\\\/cauceecologico.org\\\/#website\",\"url\":\"https:\\\/\\\/cauceecologico.org\\\/\",\"name\":\"CAUCE\",\"description\":\"Cultura Ambiental - Causa Ecologista\",\"inLanguage\":\"es-ES\",\"publisher\":{\"@id\":\"https:\\\/\\\/cauceecologico.org\\\/#organization\"}}]}\n\t\t<\/script>\n\t\t<!-- All in One SEO -->\n\n","aioseo_head_json":{"title":"Comunicado del D\u00eda de la Tierra: Un planeta, una salud - CAUCE","description":"En el D\u00eda de la Tierra, el 22 de abril, Navdanya International, Naturaleza de Derechos, Fundaci\u00f3n Salud de la Madre Tierra \u2013 HOMEF, junto con 500 otras organizaciones y redes de 50 pa\u00edses, lanzaron un Comunicado Planetario y un llamado a la acci\u00f3n urgente en el que la salud y el bienestar de todos los","canonical_url":"https:\/\/cauceecologico.org\/?p=1872","robots":"max-image-preview:large","keywords":"","webmasterTools":{"miscellaneous":""},"schema":{"@context":"https:\/\/schema.org","@graph":[{"@type":"BlogPosting","@id":"https:\/\/cauceecologico.org\/?p=1872#blogposting","name":"Comunicado del D\u00eda de la Tierra: Un planeta, una salud - CAUCE","headline":"Comunicado del D\u00eda de la Tierra: Un planeta, una salud","author":{"@id":"https:\/\/cauceecologico.org\/?author=2#author"},"publisher":{"@id":"https:\/\/cauceecologico.org\/#organization"},"image":{"@type":"ImageObject","url":"https:\/\/cauceecologico.org\/wp-content\/uploads\/2020\/04\/comp.jpg","width":1706,"height":960},"datePublished":"2020-04-22T14:10:44+00:00","dateModified":"2020-04-22T14:10:44+00:00","inLanguage":"es-ES","mainEntityOfPage":{"@id":"https:\/\/cauceecologico.org\/?p=1872#webpage"},"isPartOf":{"@id":"https:\/\/cauceecologico.org\/?p=1872#webpage"},"articleSection":"Destacados, Documentos"},{"@type":"BreadcrumbList","@id":"https:\/\/cauceecologico.org\/?p=1872#breadcrumblist","itemListElement":[{"@type":"ListItem","@id":"https:\/\/cauceecologico.org#listItem","position":1,"name":"Home","item":"https:\/\/cauceecologico.org","nextItem":{"@type":"ListItem","@id":"https:\/\/cauceecologico.org\/?cat=3#listItem","name":"Documentos"}},{"@type":"ListItem","@id":"https:\/\/cauceecologico.org\/?cat=3#listItem","position":2,"name":"Documentos","item":"https:\/\/cauceecologico.org\/?cat=3","nextItem":{"@type":"ListItem","@id":"https:\/\/cauceecologico.org\/?p=1872#listItem","name":"Comunicado del D\u00eda de la Tierra: Un planeta, una salud"},"previousItem":{"@type":"ListItem","@id":"https:\/\/cauceecologico.org#listItem","name":"Home"}},{"@type":"ListItem","@id":"https:\/\/cauceecologico.org\/?p=1872#listItem","position":3,"name":"Comunicado del D\u00eda de la Tierra: Un planeta, una salud","previousItem":{"@type":"ListItem","@id":"https:\/\/cauceecologico.org\/?cat=3#listItem","name":"Documentos"}}]},{"@type":"Organization","@id":"https:\/\/cauceecologico.org\/#organization","name":"CAUCE","description":"Cultura Ambiental - Causa Ecologista","url":"https:\/\/cauceecologico.org\/"},{"@type":"Person","@id":"https:\/\/cauceecologico.org\/?author=2#author","url":"https:\/\/cauceecologico.org\/?author=2","name":"Ana Lucia Vergara","image":{"@type":"ImageObject","@id":"https:\/\/cauceecologico.org\/?p=1872#authorImage","url":"https:\/\/secure.gravatar.com\/avatar\/e8720df08f5c466573fb9f3d6cec14bcac9a305e2049123e58e6bc9c03f3a77b?s=96&d=mm&r=g","width":96,"height":96,"caption":"Ana Lucia Vergara"}},{"@type":"WebPage","@id":"https:\/\/cauceecologico.org\/?p=1872#webpage","url":"https:\/\/cauceecologico.org\/?p=1872","name":"Comunicado del D\u00eda de la Tierra: Un planeta, una salud - CAUCE","description":"En el D\u00eda de la Tierra, el 22 de abril, Navdanya International, Naturaleza de Derechos, Fundaci\u00f3n Salud de la Madre Tierra \u2013 HOMEF, junto con 500 otras organizaciones y redes de 50 pa\u00edses, lanzaron un Comunicado Planetario y un llamado a la acci\u00f3n urgente en el que la salud y el bienestar de todos los","inLanguage":"es-ES","isPartOf":{"@id":"https:\/\/cauceecologico.org\/#website"},"breadcrumb":{"@id":"https:\/\/cauceecologico.org\/?p=1872#breadcrumblist"},"author":{"@id":"https:\/\/cauceecologico.org\/?author=2#author"},"creator":{"@id":"https:\/\/cauceecologico.org\/?author=2#author"},"image":{"@type":"ImageObject","url":"https:\/\/cauceecologico.org\/wp-content\/uploads\/2020\/04\/comp.jpg","@id":"https:\/\/cauceecologico.org\/?p=1872\/#mainImage","width":1706,"height":960},"primaryImageOfPage":{"@id":"https:\/\/cauceecologico.org\/?p=1872#mainImage"},"datePublished":"2020-04-22T14:10:44+00:00","dateModified":"2020-04-22T14:10:44+00:00"},{"@type":"WebSite","@id":"https:\/\/cauceecologico.org\/#website","url":"https:\/\/cauceecologico.org\/","name":"CAUCE","description":"Cultura Ambiental - Causa Ecologista","inLanguage":"es-ES","publisher":{"@id":"https:\/\/cauceecologico.org\/#organization"}}]},"og:locale":"es_ES","og:site_name":"CAUCE - Cultura Ambiental - Causa Ecologista","og:type":"article","og:title":"Comunicado del D\u00eda de la Tierra: Un planeta, una salud - CAUCE","og:description":"En el D\u00eda de la Tierra, el 22 de abril, Navdanya International, Naturaleza de Derechos, Fundaci\u00f3n Salud de la Madre Tierra \u2013 HOMEF, junto con 500 otras organizaciones y redes de 50 pa\u00edses, lanzaron un Comunicado Planetario y un llamado a la acci\u00f3n urgente en el que la salud y el bienestar de todos los","og:url":"https:\/\/cauceecologico.org\/?p=1872","article:published_time":"2020-04-22T14:10:44+00:00","article:modified_time":"2020-04-22T14:10:44+00:00","twitter:card":"summary_large_image","twitter:title":"Comunicado del D\u00eda de la Tierra: Un planeta, una salud - CAUCE","twitter:description":"En el D\u00eda de la Tierra, el 22 de abril, Navdanya International, Naturaleza de Derechos, Fundaci\u00f3n Salud de la Madre Tierra \u2013 HOMEF, junto con 500 otras organizaciones y redes de 50 pa\u00edses, lanzaron un Comunicado Planetario y un llamado a la acci\u00f3n urgente en el que la salud y el bienestar de todos los"},"aioseo_meta_data":{"post_id":"1872","title":null,"description":null,"keywords":null,"keyphrases":null,"primary_term":null,"canonical_url":null,"og_title":null,"og_description":null,"og_object_type":"default","og_image_type":"default","og_image_url":null,"og_image_width":null,"og_image_height":null,"og_image_custom_url":null,"og_image_custom_fields":null,"og_video":null,"og_custom_url":null,"og_article_section":null,"og_article_tags":null,"twitter_use_og":false,"twitter_card":"default","twitter_image_type":"default","twitter_image_url":null,"twitter_image_custom_url":null,"twitter_image_custom_fields":null,"twitter_title":null,"twitter_description":null,"schema":{"blockGraphs":[],"customGraphs":[],"default":{"data":{"Article":[],"Course":[],"Dataset":[],"FAQPage":[],"Movie":[],"Person":[],"Product":[],"ProductReview":[],"Car":[],"Recipe":[],"Service":[],"SoftwareApplication":[],"WebPage":[]},"graphName":"","isEnabled":true},"graphs":[]},"schema_type":"default","schema_type_options":null,"pillar_content":false,"robots_default":true,"robots_noindex":false,"robots_noarchive":false,"robots_nosnippet":false,"robots_nofollow":false,"robots_noimageindex":false,"robots_noodp":false,"robots_notranslate":false,"robots_max_snippet":null,"robots_max_videopreview":null,"robots_max_imagepreview":"large","priority":null,"frequency":null,"local_seo":null,"limit_modified_date":false,"created":"2023-03-16 20:29:39","updated":"2026-07-28 00:59:23","ai":null,"breadcrumb_settings":null,"seo_analyzer_scan_date":null},"aioseo_breadcrumb":"<div class=\"aioseo-breadcrumbs\"><span class=\"aioseo-breadcrumb\">\n\t\t\t<a href=\"https:\/\/cauceecologico.org\" title=\"Home\">Home<\/a>\n\t\t<\/span><span class=\"aioseo-breadcrumb-separator\">&raquo;<\/span><span class=\"aioseo-breadcrumb\">\n\t\t\t<a href=\"https:\/\/cauceecologico.org\/?cat=3\" title=\"Documentos\">Documentos<\/a>\n\t\t<\/span><span class=\"aioseo-breadcrumb-separator\">&raquo;<\/span><span class=\"aioseo-breadcrumb\">\n\t\t\tComunicado del D\u00eda de la Tierra: Un planeta, una salud\n\t\t<\/span><\/div>","aioseo_breadcrumb_json":[{"label":"Home","link":"https:\/\/cauceecologico.org"},{"label":"Documentos","link":"https:\/\/cauceecologico.org\/?cat=3"},{"label":"Comunicado del D\u00eda de la Tierra: Un planeta, una salud","link":"https:\/\/cauceecologico.org\/?p=1872"}],"_links":{"self":[{"href":"https:\/\/cauceecologico.org\/index.php?rest_route=\/wp\/v2\/posts\/1872","targetHints":{"allow":["GET"]}}],"collection":[{"href":"https:\/\/cauceecologico.org\/index.php?rest_route=\/wp\/v2\/posts"}],"about":[{"href":"https:\/\/cauceecologico.org\/index.php?rest_route=\/wp\/v2\/types\/post"}],"author":[{"embeddable":true,"href":"https:\/\/cauceecologico.org\/index.php?rest_route=\/wp\/v2\/users\/2"}],"replies":[{"embeddable":true,"href":"https:\/\/cauceecologico.org\/index.php?rest_route=%2Fwp%2Fv2%2Fcomments&post=1872"}],"version-history":[{"count":1,"href":"https:\/\/cauceecologico.org\/index.php?rest_route=\/wp\/v2\/posts\/1872\/revisions"}],"predecessor-version":[{"id":1876,"href":"https:\/\/cauceecologico.org\/index.php?rest_route=\/wp\/v2\/posts\/1872\/revisions\/1876"}],"wp:featuredmedia":[{"embeddable":true,"href":"https:\/\/cauceecologico.org\/index.php?rest_route=\/wp\/v2\/media\/1875"}],"wp:attachment":[{"href":"https:\/\/cauceecologico.org\/index.php?rest_route=%2Fwp%2Fv2%2Fmedia&parent=1872"}],"wp:term":[{"taxonomy":"category","embeddable":true,"href":"https:\/\/cauceecologico.org\/index.php?rest_route=%2Fwp%2Fv2%2Fcategories&post=1872"},{"taxonomy":"post_tag","embeddable":true,"href":"https:\/\/cauceecologico.org\/index.php?rest_route=%2Fwp%2Fv2%2Ftags&post=1872"}],"curies":[{"name":"wp","href":"https:\/\/api.w.org\/{rel}","templated":true}]}}