{"id":1950,"date":"2020-06-16T18:24:28","date_gmt":"2020-06-16T18:24:28","guid":{"rendered":"http:\/\/cauceecologico.org\/?p=1950"},"modified":"2020-06-16T18:35:07","modified_gmt":"2020-06-16T18:35:07","slug":"reactivacion-transformadora-por-un-futuro-sostenible-justo-e-inclusivo","status":"publish","type":"post","link":"https:\/\/cauceecologico.org\/?p=1950","title":{"rendered":"Reactivaci\u00f3n transformadora: llamado a los gobiernos por un futuro sostenible"},"content":{"rendered":"<p>Fundaci\u00f3n CAUCE adhiere a la propuesta civil<span style=\"color: #3366ff;\"><a style=\"color: #3366ff;\" href=\"https:\/\/docs.google.com\/forms\/d\/e\/1FAIpQLSf_laDzb6M27-FSDp3G1jImgPEJ2eyitdjMGC-j16xN3EowhQ\/viewform\"><strong> \u00abREACTIVACI\u00d3N TRANSFORMADORA: por un futuro sostenible, justo e inclusivo en Am\u00e9rica Latina y el Caribe\u00bb<\/strong><\/a><\/span>. Se trata de un <span style=\"color: #3366ff;\"><a style=\"color: #3366ff;\" href=\"https:\/\/docs.google.com\/forms\/d\/e\/1FAIpQLSf_laDzb6M27-FSDp3G1jImgPEJ2eyitdjMGC-j16xN3EowhQ\/viewform\">documento<\/a><\/span>\u00a0firmado por organizaciones y personas de toda la regi\u00f3n para llamar a los gobiernos a implementar dentro de los paquetes de recuperaci\u00f3n post COVID-19, <strong>acciones concretas que protejan la biodiversidad, hagan frente a la crisis clim\u00e1tica y mejoren la calidad de vida de las comunidades<\/strong>.<\/p>\n<p>El llamado hace hincapi\u00e9 en la necesidad de <strong>dise\u00f1ar sistemas sociales m\u00e1s justos y amables con el ambiente, que rescaten saberes y pr\u00e1cticas ancestrales de nuestros pueblos y permitan un desarrollo en armon\u00eda con los l\u00edmites planetarios y el respeto a los derechos humanos y de la naturaleza. <\/strong>Para ello se destacan los Objetivos de Desarrollo Sostenible (ODS), el <span style=\"color: #3366ff;\"><a style=\"color: #3366ff;\" href=\"https:\/\/repositorio.cepal.org\/bitstream\/handle\/11362\/43595\/1\/S1800429_es.pdf\">Acuerdo de Escaz\u00fa<\/a><\/span> (firmado por 22 pa\u00edses de ALC, a punto de entrar en vigor), el Convenio de Biodiversidad y el Acuerdo de Par\u00eds para combatir el Cambio Clim\u00e1tico.<\/p>\n<p>Ver resumen (hacer clic en imagen)<\/p>\n<p><a href=\"http:\/\/cauceecologico.org\/wp-content\/uploads\/2020\/06\/Reactivaci%C3%B3n-transformadora-por-un-futuro-sostenible-justo-e-inclusivo-en-Am%C3%A9rica-Latina-y-el-Caribe_-Una-propuesta-de-la-sociedad-civil-3.pdf\"><img loading=\"lazy\" decoding=\"async\" class=\"alignnone wp-image-1952 size-full\" src=\"http:\/\/cauceecologico.org\/wp-content\/uploads\/2020\/06\/REACTIVACI\u00d3N.png\" alt=\"\" width=\"330\" height=\"471\" srcset=\"https:\/\/cauceecologico.org\/wp-content\/uploads\/2020\/06\/REACTIVACI\u00d3N.png 330w, https:\/\/cauceecologico.org\/wp-content\/uploads\/2020\/06\/REACTIVACI\u00d3N-210x300.png 210w\" sizes=\"auto, (max-width: 330px) 100vw, 330px\" \/><\/a><\/p>\n<p><img loading=\"lazy\" decoding=\"async\" class=\"alignnone wp-image-1706\" src=\"http:\/\/cauceecologico.org\/wp-content\/uploads\/2020\/02\/link.png\" alt=\"\" width=\"19\" height=\"20\" \/><span style=\"color: #3366ff;\"><a style=\"color: #3366ff;\" href=\"https:\/\/docs.google.com\/forms\/d\/e\/1FAIpQLSf_laDzb6M27-FSDp3G1jImgPEJ2eyitdjMGC-j16xN3EowhQ\/viewform\">REACTIVACI\u00d3N TRANSFORMADORA: POR UN FUTURO SOSTENIBLE, JUSTO E INCLUSIVO EN AM\u00c9RICA LATINA Y EL CARIBE<\/a><\/span><\/p>\n<p style=\"text-align: right;\">16\/06\/20<\/p>\n","protected":false},"excerpt":{"rendered":"<p>Fundaci\u00f3n CAUCE adhiere a la propuesta civil \u00abREACTIVACI\u00d3N TRANSFORMADORA: por un futuro sostenible, justo e inclusivo en Am\u00e9rica Latina y el Caribe\u00bb. Se trata de un documento\u00a0firmado por organizaciones y personas de toda la regi\u00f3n para llamar a los gobiernos a implementar dentro de los paquetes de recuperaci\u00f3n post COVID-19, acciones concretas que protejan la [&hellip;]<\/p>\n","protected":false},"author":2,"featured_media":1953,"comment_status":"open","ping_status":"open","sticky":false,"template":"","format":"standard","meta":{"om_disable_all_campaigns":false,"_monsterinsights_skip_tracking":false,"amp_status":"","footnotes":""},"categories":[6,3,5],"tags":[],"class_list":["post-1950","post","type-post","status-publish","format-standard","has-post-thumbnail","hentry","category-destacados","category-documentos","category-noticias"],"aioseo_notices":[],"aioseo_head":"\n\t\t<!-- All in One SEO 4.9.10 - aioseo.com -->\n\t<meta name=\"description\" content=\"Fundaci\u00f3n CAUCE adhiere a la propuesta civil &quot;REACTIVACI\u00d3N TRANSFORMADORA: por un futuro sostenible, justo e inclusivo en Am\u00e9rica Latina y el Caribe&quot;. Se trata de un documento firmado por organizaciones y personas de toda la regi\u00f3n para llamar a los gobiernos a implementar dentro de los paquetes de recuperaci\u00f3n post COVID-19, acciones concretas que protejan la\" \/>\n\t<meta name=\"robots\" content=\"max-image-preview:large\" \/>\n\t<meta name=\"author\" content=\"Ana Lucia Vergara\"\/>\n\t<link rel=\"canonical\" href=\"https:\/\/cauceecologico.org\/?p=1950\" \/>\n\t<meta name=\"generator\" content=\"All in One SEO (AIOSEO) 4.9.10\" \/>\n\t\t<meta property=\"og:locale\" content=\"es_ES\" \/>\n\t\t<meta property=\"og:site_name\" content=\"CAUCE - Cultura Ambiental - Causa Ecologista\" \/>\n\t\t<meta property=\"og:type\" content=\"article\" \/>\n\t\t<meta property=\"og:title\" content=\"Reactivaci\u00f3n transformadora: llamado a los gobiernos por un futuro sostenible - CAUCE\" \/>\n\t\t<meta property=\"og:description\" content=\"Fundaci\u00f3n CAUCE adhiere a la propuesta civil &quot;REACTIVACI\u00d3N TRANSFORMADORA: por un futuro sostenible, justo e inclusivo en Am\u00e9rica Latina y el Caribe&quot;. Se trata de un documento firmado por organizaciones y personas de toda la regi\u00f3n para llamar a los gobiernos a implementar dentro de los paquetes de recuperaci\u00f3n post COVID-19, acciones concretas que protejan la\" \/>\n\t\t<meta property=\"og:url\" content=\"https:\/\/cauceecologico.org\/?p=1950\" \/>\n\t\t<meta property=\"article:published_time\" content=\"2020-06-16T18:24:28+00:00\" \/>\n\t\t<meta property=\"article:modified_time\" content=\"2020-06-16T18:35:07+00:00\" \/>\n\t\t<meta name=\"twitter:card\" content=\"summary_large_image\" \/>\n\t\t<meta name=\"twitter:title\" content=\"Reactivaci\u00f3n transformadora: llamado a los gobiernos por un futuro sostenible - CAUCE\" \/>\n\t\t<meta name=\"twitter:description\" content=\"Fundaci\u00f3n CAUCE adhiere a la propuesta civil &quot;REACTIVACI\u00d3N TRANSFORMADORA: por un futuro sostenible, justo e inclusivo en Am\u00e9rica Latina y el Caribe&quot;. Se trata de un documento firmado por organizaciones y personas de toda la regi\u00f3n para llamar a los gobiernos a implementar dentro de los paquetes de recuperaci\u00f3n post COVID-19, acciones concretas que protejan la\" \/>\n\t\t<script type=\"application\/ld+json\" class=\"aioseo-schema\">\n\t\t\t{\"@context\":\"https:\\\/\\\/schema.org\",\"@graph\":[{\"@type\":\"BlogPosting\",\"@id\":\"https:\\\/\\\/cauceecologico.org\\\/?p=1950#blogposting\",\"name\":\"Reactivaci\\u00f3n transformadora: llamado a los gobiernos por un futuro sostenible - CAUCE\",\"headline\":\"Reactivaci\\u00f3n transformadora: llamado a los gobiernos por un futuro sostenible\",\"author\":{\"@id\":\"https:\\\/\\\/cauceecologico.org\\\/?author=2#author\"},\"publisher\":{\"@id\":\"https:\\\/\\\/cauceecologico.org\\\/#organization\"},\"image\":{\"@type\":\"ImageObject\",\"url\":\"https:\\\/\\\/cauceecologico.org\\\/wp-content\\\/uploads\\\/2020\\\/06\\\/DSC01028-scaled.jpg\",\"width\":2560,\"height\":1440},\"datePublished\":\"2020-06-16T18:24:28+00:00\",\"dateModified\":\"2020-06-16T18:35:07+00:00\",\"inLanguage\":\"es-ES\",\"mainEntityOfPage\":{\"@id\":\"https:\\\/\\\/cauceecologico.org\\\/?p=1950#webpage\"},\"isPartOf\":{\"@id\":\"https:\\\/\\\/cauceecologico.org\\\/?p=1950#webpage\"},\"articleSection\":\"Destacados, Documentos, Noticias\"},{\"@type\":\"BreadcrumbList\",\"@id\":\"https:\\\/\\\/cauceecologico.org\\\/?p=1950#breadcrumblist\",\"itemListElement\":[{\"@type\":\"ListItem\",\"@id\":\"https:\\\/\\\/cauceecologico.org#listItem\",\"position\":1,\"name\":\"Home\",\"item\":\"https:\\\/\\\/cauceecologico.org\",\"nextItem\":{\"@type\":\"ListItem\",\"@id\":\"https:\\\/\\\/cauceecologico.org\\\/?cat=3#listItem\",\"name\":\"Documentos\"}},{\"@type\":\"ListItem\",\"@id\":\"https:\\\/\\\/cauceecologico.org\\\/?cat=3#listItem\",\"position\":2,\"name\":\"Documentos\",\"item\":\"https:\\\/\\\/cauceecologico.org\\\/?cat=3\",\"nextItem\":{\"@type\":\"ListItem\",\"@id\":\"https:\\\/\\\/cauceecologico.org\\\/?p=1950#listItem\",\"name\":\"Reactivaci\\u00f3n transformadora: llamado a los gobiernos por un futuro sostenible\"},\"previousItem\":{\"@type\":\"ListItem\",\"@id\":\"https:\\\/\\\/cauceecologico.org#listItem\",\"name\":\"Home\"}},{\"@type\":\"ListItem\",\"@id\":\"https:\\\/\\\/cauceecologico.org\\\/?p=1950#listItem\",\"position\":3,\"name\":\"Reactivaci\\u00f3n transformadora: llamado a los gobiernos por un futuro sostenible\",\"previousItem\":{\"@type\":\"ListItem\",\"@id\":\"https:\\\/\\\/cauceecologico.org\\\/?cat=3#listItem\",\"name\":\"Documentos\"}}]},{\"@type\":\"Organization\",\"@id\":\"https:\\\/\\\/cauceecologico.org\\\/#organization\",\"name\":\"CAUCE\",\"description\":\"Cultura Ambiental - Causa Ecologista\",\"url\":\"https:\\\/\\\/cauceecologico.org\\\/\"},{\"@type\":\"Person\",\"@id\":\"https:\\\/\\\/cauceecologico.org\\\/?author=2#author\",\"url\":\"https:\\\/\\\/cauceecologico.org\\\/?author=2\",\"name\":\"Ana Lucia Vergara\",\"image\":{\"@type\":\"ImageObject\",\"@id\":\"https:\\\/\\\/cauceecologico.org\\\/?p=1950#authorImage\",\"url\":\"https:\\\/\\\/secure.gravatar.com\\\/avatar\\\/e8720df08f5c466573fb9f3d6cec14bcac9a305e2049123e58e6bc9c03f3a77b?s=96&d=mm&r=g\",\"width\":96,\"height\":96,\"caption\":\"Ana Lucia Vergara\"}},{\"@type\":\"WebPage\",\"@id\":\"https:\\\/\\\/cauceecologico.org\\\/?p=1950#webpage\",\"url\":\"https:\\\/\\\/cauceecologico.org\\\/?p=1950\",\"name\":\"Reactivaci\\u00f3n transformadora: llamado a los gobiernos por un futuro sostenible - CAUCE\",\"description\":\"Fundaci\\u00f3n CAUCE adhiere a la propuesta civil \\\"REACTIVACI\\u00d3N TRANSFORMADORA: por un futuro sostenible, justo e inclusivo en Am\\u00e9rica Latina y el Caribe\\\". Se trata de un documento firmado por organizaciones y personas de toda la regi\\u00f3n para llamar a los gobiernos a implementar dentro de los paquetes de recuperaci\\u00f3n post COVID-19, acciones concretas que protejan la\",\"inLanguage\":\"es-ES\",\"isPartOf\":{\"@id\":\"https:\\\/\\\/cauceecologico.org\\\/#website\"},\"breadcrumb\":{\"@id\":\"https:\\\/\\\/cauceecologico.org\\\/?p=1950#breadcrumblist\"},\"author\":{\"@id\":\"https:\\\/\\\/cauceecologico.org\\\/?author=2#author\"},\"creator\":{\"@id\":\"https:\\\/\\\/cauceecologico.org\\\/?author=2#author\"},\"image\":{\"@type\":\"ImageObject\",\"url\":\"https:\\\/\\\/cauceecologico.org\\\/wp-content\\\/uploads\\\/2020\\\/06\\\/DSC01028-scaled.jpg\",\"@id\":\"https:\\\/\\\/cauceecologico.org\\\/?p=1950\\\/#mainImage\",\"width\":2560,\"height\":1440},\"primaryImageOfPage\":{\"@id\":\"https:\\\/\\\/cauceecologico.org\\\/?p=1950#mainImage\"},\"datePublished\":\"2020-06-16T18:24:28+00:00\",\"dateModified\":\"2020-06-16T18:35:07+00:00\"},{\"@type\":\"WebSite\",\"@id\":\"https:\\\/\\\/cauceecologico.org\\\/#website\",\"url\":\"https:\\\/\\\/cauceecologico.org\\\/\",\"name\":\"CAUCE\",\"description\":\"Cultura Ambiental - Causa Ecologista\",\"inLanguage\":\"es-ES\",\"publisher\":{\"@id\":\"https:\\\/\\\/cauceecologico.org\\\/#organization\"}}]}\n\t\t<\/script>\n\t\t<!-- All in One SEO -->\n\n","aioseo_head_json":{"title":"Reactivaci\u00f3n transformadora: llamado a los gobiernos por un futuro sostenible - CAUCE","description":"Fundaci\u00f3n CAUCE adhiere a la propuesta civil \"REACTIVACI\u00d3N TRANSFORMADORA: por un futuro sostenible, justo e inclusivo en Am\u00e9rica Latina y el Caribe\". Se trata de un documento firmado por organizaciones y personas de toda la regi\u00f3n para llamar a los gobiernos a implementar dentro de los paquetes de recuperaci\u00f3n post COVID-19, acciones concretas que protejan la","canonical_url":"https:\/\/cauceecologico.org\/?p=1950","robots":"max-image-preview:large","keywords":"","webmasterTools":{"miscellaneous":""},"schema":{"@context":"https:\/\/schema.org","@graph":[{"@type":"BlogPosting","@id":"https:\/\/cauceecologico.org\/?p=1950#blogposting","name":"Reactivaci\u00f3n transformadora: llamado a los gobiernos por un futuro sostenible - CAUCE","headline":"Reactivaci\u00f3n transformadora: llamado a los gobiernos por un futuro sostenible","author":{"@id":"https:\/\/cauceecologico.org\/?author=2#author"},"publisher":{"@id":"https:\/\/cauceecologico.org\/#organization"},"image":{"@type":"ImageObject","url":"https:\/\/cauceecologico.org\/wp-content\/uploads\/2020\/06\/DSC01028-scaled.jpg","width":2560,"height":1440},"datePublished":"2020-06-16T18:24:28+00:00","dateModified":"2020-06-16T18:35:07+00:00","inLanguage":"es-ES","mainEntityOfPage":{"@id":"https:\/\/cauceecologico.org\/?p=1950#webpage"},"isPartOf":{"@id":"https:\/\/cauceecologico.org\/?p=1950#webpage"},"articleSection":"Destacados, Documentos, Noticias"},{"@type":"BreadcrumbList","@id":"https:\/\/cauceecologico.org\/?p=1950#breadcrumblist","itemListElement":[{"@type":"ListItem","@id":"https:\/\/cauceecologico.org#listItem","position":1,"name":"Home","item":"https:\/\/cauceecologico.org","nextItem":{"@type":"ListItem","@id":"https:\/\/cauceecologico.org\/?cat=3#listItem","name":"Documentos"}},{"@type":"ListItem","@id":"https:\/\/cauceecologico.org\/?cat=3#listItem","position":2,"name":"Documentos","item":"https:\/\/cauceecologico.org\/?cat=3","nextItem":{"@type":"ListItem","@id":"https:\/\/cauceecologico.org\/?p=1950#listItem","name":"Reactivaci\u00f3n transformadora: llamado a los gobiernos por un futuro sostenible"},"previousItem":{"@type":"ListItem","@id":"https:\/\/cauceecologico.org#listItem","name":"Home"}},{"@type":"ListItem","@id":"https:\/\/cauceecologico.org\/?p=1950#listItem","position":3,"name":"Reactivaci\u00f3n transformadora: llamado a los gobiernos por un futuro sostenible","previousItem":{"@type":"ListItem","@id":"https:\/\/cauceecologico.org\/?cat=3#listItem","name":"Documentos"}}]},{"@type":"Organization","@id":"https:\/\/cauceecologico.org\/#organization","name":"CAUCE","description":"Cultura Ambiental - Causa Ecologista","url":"https:\/\/cauceecologico.org\/"},{"@type":"Person","@id":"https:\/\/cauceecologico.org\/?author=2#author","url":"https:\/\/cauceecologico.org\/?author=2","name":"Ana Lucia Vergara","image":{"@type":"ImageObject","@id":"https:\/\/cauceecologico.org\/?p=1950#authorImage","url":"https:\/\/secure.gravatar.com\/avatar\/e8720df08f5c466573fb9f3d6cec14bcac9a305e2049123e58e6bc9c03f3a77b?s=96&d=mm&r=g","width":96,"height":96,"caption":"Ana Lucia Vergara"}},{"@type":"WebPage","@id":"https:\/\/cauceecologico.org\/?p=1950#webpage","url":"https:\/\/cauceecologico.org\/?p=1950","name":"Reactivaci\u00f3n transformadora: llamado a los gobiernos por un futuro sostenible - CAUCE","description":"Fundaci\u00f3n CAUCE adhiere a la propuesta civil \"REACTIVACI\u00d3N TRANSFORMADORA: por un futuro sostenible, justo e inclusivo en Am\u00e9rica Latina y el Caribe\". Se trata de un documento firmado por organizaciones y personas de toda la regi\u00f3n para llamar a los gobiernos a implementar dentro de los paquetes de recuperaci\u00f3n post COVID-19, acciones concretas que protejan la","inLanguage":"es-ES","isPartOf":{"@id":"https:\/\/cauceecologico.org\/#website"},"breadcrumb":{"@id":"https:\/\/cauceecologico.org\/?p=1950#breadcrumblist"},"author":{"@id":"https:\/\/cauceecologico.org\/?author=2#author"},"creator":{"@id":"https:\/\/cauceecologico.org\/?author=2#author"},"image":{"@type":"ImageObject","url":"https:\/\/cauceecologico.org\/wp-content\/uploads\/2020\/06\/DSC01028-scaled.jpg","@id":"https:\/\/cauceecologico.org\/?p=1950\/#mainImage","width":2560,"height":1440},"primaryImageOfPage":{"@id":"https:\/\/cauceecologico.org\/?p=1950#mainImage"},"datePublished":"2020-06-16T18:24:28+00:00","dateModified":"2020-06-16T18:35:07+00:00"},{"@type":"WebSite","@id":"https:\/\/cauceecologico.org\/#website","url":"https:\/\/cauceecologico.org\/","name":"CAUCE","description":"Cultura Ambiental - Causa Ecologista","inLanguage":"es-ES","publisher":{"@id":"https:\/\/cauceecologico.org\/#organization"}}]},"og:locale":"es_ES","og:site_name":"CAUCE - Cultura Ambiental - Causa Ecologista","og:type":"article","og:title":"Reactivaci\u00f3n transformadora: llamado a los gobiernos por un futuro sostenible - CAUCE","og:description":"Fundaci\u00f3n CAUCE adhiere a la propuesta civil &quot;REACTIVACI\u00d3N TRANSFORMADORA: por un futuro sostenible, justo e inclusivo en Am\u00e9rica Latina y el Caribe&quot;. Se trata de un documento firmado por organizaciones y personas de toda la regi\u00f3n para llamar a los gobiernos a implementar dentro de los paquetes de recuperaci\u00f3n post COVID-19, acciones concretas que protejan la","og:url":"https:\/\/cauceecologico.org\/?p=1950","article:published_time":"2020-06-16T18:24:28+00:00","article:modified_time":"2020-06-16T18:35:07+00:00","twitter:card":"summary_large_image","twitter:title":"Reactivaci\u00f3n transformadora: llamado a los gobiernos por un futuro sostenible - CAUCE","twitter:description":"Fundaci\u00f3n CAUCE adhiere a la propuesta civil &quot;REACTIVACI\u00d3N TRANSFORMADORA: por un futuro sostenible, justo e inclusivo en Am\u00e9rica Latina y el Caribe&quot;. Se trata de un documento firmado por organizaciones y personas de toda la regi\u00f3n para llamar a los gobiernos a implementar dentro de los paquetes de recuperaci\u00f3n post COVID-19, acciones concretas que protejan la"},"aioseo_meta_data":{"post_id":"1950","title":null,"description":null,"keywords":null,"keyphrases":null,"primary_term":null,"canonical_url":null,"og_title":null,"og_description":null,"og_object_type":"default","og_image_type":"default","og_image_url":null,"og_image_width":null,"og_image_height":null,"og_image_custom_url":null,"og_image_custom_fields":null,"og_video":null,"og_custom_url":null,"og_article_section":null,"og_article_tags":null,"twitter_use_og":false,"twitter_card":"default","twitter_image_type":"default","twitter_image_url":null,"twitter_image_custom_url":null,"twitter_image_custom_fields":null,"twitter_title":null,"twitter_description":null,"schema":{"blockGraphs":[],"customGraphs":[],"default":{"data":{"Article":[],"Course":[],"Dataset":[],"FAQPage":[],"Movie":[],"Person":[],"Product":[],"ProductReview":[],"Car":[],"Recipe":[],"Service":[],"SoftwareApplication":[],"WebPage":[]},"graphName":"","isEnabled":true},"graphs":[]},"schema_type":"default","schema_type_options":null,"pillar_content":false,"robots_default":true,"robots_noindex":false,"robots_noarchive":false,"robots_nosnippet":false,"robots_nofollow":false,"robots_noimageindex":false,"robots_noodp":false,"robots_notranslate":false,"robots_max_snippet":null,"robots_max_videopreview":null,"robots_max_imagepreview":"large","priority":null,"frequency":null,"local_seo":null,"limit_modified_date":false,"created":"2023-03-16 20:30:24","updated":"2026-07-28 01:01:11","ai":null,"breadcrumb_settings":null,"seo_analyzer_scan_date":null},"aioseo_breadcrumb":"<div class=\"aioseo-breadcrumbs\"><span class=\"aioseo-breadcrumb\">\n\t\t\t<a href=\"https:\/\/cauceecologico.org\" title=\"Home\">Home<\/a>\n\t\t<\/span><span class=\"aioseo-breadcrumb-separator\">&raquo;<\/span><span class=\"aioseo-breadcrumb\">\n\t\t\t<a href=\"https:\/\/cauceecologico.org\/?cat=3\" title=\"Documentos\">Documentos<\/a>\n\t\t<\/span><span class=\"aioseo-breadcrumb-separator\">&raquo;<\/span><span class=\"aioseo-breadcrumb\">\n\t\t\tReactivaci\u00f3n transformadora: llamado a los gobiernos por un futuro sostenible\n\t\t<\/span><\/div>","aioseo_breadcrumb_json":[{"label":"Home","link":"https:\/\/cauceecologico.org"},{"label":"Documentos","link":"https:\/\/cauceecologico.org\/?cat=3"},{"label":"Reactivaci\u00f3n transformadora: llamado a los gobiernos por un futuro sostenible","link":"https:\/\/cauceecologico.org\/?p=1950"}],"_links":{"self":[{"href":"https:\/\/cauceecologico.org\/index.php?rest_route=\/wp\/v2\/posts\/1950","targetHints":{"allow":["GET"]}}],"collection":[{"href":"https:\/\/cauceecologico.org\/index.php?rest_route=\/wp\/v2\/posts"}],"about":[{"href":"https:\/\/cauceecologico.org\/index.php?rest_route=\/wp\/v2\/types\/post"}],"author":[{"embeddable":true,"href":"https:\/\/cauceecologico.org\/index.php?rest_route=\/wp\/v2\/users\/2"}],"replies":[{"embeddable":true,"href":"https:\/\/cauceecologico.org\/index.php?rest_route=%2Fwp%2Fv2%2Fcomments&post=1950"}],"version-history":[{"count":10,"href":"https:\/\/cauceecologico.org\/index.php?rest_route=\/wp\/v2\/posts\/1950\/revisions"}],"predecessor-version":[{"id":1964,"href":"https:\/\/cauceecologico.org\/index.php?rest_route=\/wp\/v2\/posts\/1950\/revisions\/1964"}],"wp:featuredmedia":[{"embeddable":true,"href":"https:\/\/cauceecologico.org\/index.php?rest_route=\/wp\/v2\/media\/1953"}],"wp:attachment":[{"href":"https:\/\/cauceecologico.org\/index.php?rest_route=%2Fwp%2Fv2%2Fmedia&parent=1950"}],"wp:term":[{"taxonomy":"category","embeddable":true,"href":"https:\/\/cauceecologico.org\/index.php?rest_route=%2Fwp%2Fv2%2Fcategories&post=1950"},{"taxonomy":"post_tag","embeddable":true,"href":"https:\/\/cauceecologico.org\/index.php?rest_route=%2Fwp%2Fv2%2Ftags&post=1950"}],"curies":[{"name":"wp","href":"https:\/\/api.w.org\/{rel}","templated":true}]}}