{"id":2056,"date":"2020-07-24T12:30:28","date_gmt":"2020-07-24T12:30:28","guid":{"rendered":"http:\/\/cauceecologico.org\/?p=2056"},"modified":"2020-07-24T18:56:13","modified_gmt":"2020-07-24T18:56:13","slug":"reunion-con-cabandie-por-la-situacion-del-delta-del-parana","status":"publish","type":"post","link":"https:\/\/cauceecologico.org\/?p=2056","title":{"rendered":"Reuni\u00f3n con el ministro Cabandi\u00e9 por la situaci\u00f3n del Delta del Paran\u00e1"},"content":{"rendered":"<p>El Ministro de Ambiente de la Naci\u00f3n, Juan Cabandi\u00e9, convoc\u00f3 a organizaciones, funcionarios de las provincias de Entre R\u00edos, Santa Fe y Buenos Aires y autoridades de parques nacionales, a una audiencia para abordar la situaci\u00f3n socio-ambiental del Delta del Paran\u00e1 y la necesidad de sancionar la Ley de Humedales. Desde Fundaci\u00f3n CAUCE, celebramos\u00a0 este primer encuentro y pedimos su continuidad en el tiempo.<\/p>\n<p><img loading=\"lazy\" decoding=\"async\" class=\"alignnone wp-image-2063 size-full\" src=\"http:\/\/cauceecologico.org\/wp-content\/uploads\/2020\/07\/WhatsApp-Image-2020-07-24-at-09.54.51.jpeg\" alt=\"\" width=\"1275\" height=\"815\" srcset=\"https:\/\/cauceecologico.org\/wp-content\/uploads\/2020\/07\/WhatsApp-Image-2020-07-24-at-09.54.51.jpeg 1275w, https:\/\/cauceecologico.org\/wp-content\/uploads\/2020\/07\/WhatsApp-Image-2020-07-24-at-09.54.51-300x192.jpeg 300w, https:\/\/cauceecologico.org\/wp-content\/uploads\/2020\/07\/WhatsApp-Image-2020-07-24-at-09.54.51-1024x655.jpeg 1024w, https:\/\/cauceecologico.org\/wp-content\/uploads\/2020\/07\/WhatsApp-Image-2020-07-24-at-09.54.51-768x491.jpeg 768w\" sizes=\"auto, (max-width: 1275px) 100vw, 1275px\" \/><\/p>\n<p>De manera virtual, m\u00e1s de 15 organizaciones expusimos sobre las producciones agropecuarias sin control, las quemas de pastizales, endicamientos y terraplenes, pesca, extracci\u00f3n de arenas sil\u00edceas, obras de infraestructura en general, entre otras problem\u00e1ticas que afectan la regi\u00f3n. En este sentido, mencionamos los documentos, an\u00e1lisis de normas y pol\u00edticas p\u00fablicas y acciones judiciales -entabladas tanto ante la justicia federal como ante la Corte Suprema de Justicia de la Naci\u00f3n- realizadas para proteger uno de los sistemas de humedales m\u00e1s importantes de la Argentina.<\/p>\n<p>Por su parte, el Ministro inform\u00f3 sobre las acciones realizadas desde su equipo en el contexto de urgencia por los incendios en el Delta y manifest\u00f3 la necesidad de entablar este espacio para escuchar a las organizaciones que trabajamos en el territorio.<\/p>\n<p>Como hemos se\u00f1alado en las notas enviadas a autoridades, desde el programa Humedales sin Fronteras, promovemos estos espacios de di\u00e1logo pol\u00edtico y democr\u00e1tico y proponemos, fundamentalmente, que incorporen a todos los actores y personas que habitan los humedales.<\/p>\n<p>En el encuentro de ayer, destacamos la necesidad de que sancione una <strong><span style=\"color: #3366ff;\"><a style=\"color: #3366ff;\" href=\"http:\/\/cauceecologico.org\/wp-content\/uploads\/2020\/07\/documentoLHY.pdf\">ley de presupuestos m\u00ednimos de humedales <\/a><\/span><\/strong>con enfoque ecosist\u00e9mico, con perspectiva de derechos y de g\u00e9nero. Una legislaci\u00f3n que garantice el acceso a la informaci\u00f3n y la participaci\u00f3n ciudadana, y que se rija por los principios de prevenci\u00f3n, no regresi\u00f3n, precautorio, in dubio pro acqua* e in dubio pro natura.<\/p>\n<p>Asimismo, reiteramos nuestro pedido por una oportuna reactivaci\u00f3n del <span style=\"color: #3366ff;\"><a style=\"color: #3366ff;\" href=\"http:\/\/cauceecologico.org\/wp-content\/uploads\/2020\/05\/piecas-ya.pdf\"><strong>Plan Integral Estrat\u00e9gico para la Conservaci\u00f3n y el Aprovechamiento Sostenible del Delta del Paran\u00e1<\/strong><\/a> <\/span>(PIECAS- DP), que permita avanzar en temas estructurales de la gesti\u00f3n ambiental del Delta en el mediano y largo plazo.<\/p>\n<h6>*Principio\u00a0<em>in dubio pro aqua,<\/em>\u00a0en raz\u00f3n del cual \u201c<em>las controversias ambientales y de agua deben ser resueltas en los tribunales, y las leyes ser interpretadas del modo m\u00e1s favorable a la protecci\u00f3n y preservaci\u00f3n de los recursos de agua y ecosistemas conexos<\/em>\u201d (8vo Foro Mundial del Agua en Brasilia. Declaraci\u00f3n de Jueces sobre Justicia H\u00eddrica. 21 de marzo de 2018).<\/h6>\n<p>*Foto portada: Eduardo Bodi\u00f1o (2020)<\/p>\n<div><strong><em>Notas relacionadas:<\/em><\/strong><\/div>\n<div><\/div>\n<div><img loading=\"lazy\" decoding=\"async\" class=\"alignnone wp-image-1706\" src=\"http:\/\/cauceecologico.org\/wp-content\/uploads\/2020\/02\/link.png\" alt=\"\" width=\"15\" height=\"16\" \/> <span style=\"color: #3366ff;\"><a style=\"color: #3366ff;\" href=\"http:\/\/cauceecologico.org\/?p=2035\">Por una ley que proteja los humedales<\/a><\/span><\/div>\n<div><img loading=\"lazy\" decoding=\"async\" class=\"alignnone wp-image-1706\" src=\"http:\/\/cauceecologico.org\/wp-content\/uploads\/2020\/02\/link.png\" alt=\"\" width=\"15\" height=\"16\" \/> <span style=\"color: #3366ff;\"><a style=\"color: #3366ff;\" href=\"http:\/\/cauceecologico.org\/?p=2005\">Delta del Paran\u00e1 en llamas: \u00a1es hora de actuar!<\/a><\/span><\/div>\n<div><span style=\"color: #3366ff;\"><img loading=\"lazy\" decoding=\"async\" class=\"alignnone wp-image-1706\" src=\"http:\/\/cauceecologico.org\/wp-content\/uploads\/2020\/02\/link.png\" alt=\"\" width=\"15\" height=\"16\" \/> <a style=\"color: #3366ff;\" href=\"http:\/\/cauceecologico.org\/?p=1968\">Delta en llamas: nota a autoridades<\/a><\/span><\/div>\n<div><span style=\"color: #3366ff;\"><a style=\"color: #3366ff;\" href=\"http:\/\/cauceecologico.org\/?p=1944\"><img loading=\"lazy\" decoding=\"async\" class=\"alignnone wp-image-1706\" src=\"http:\/\/cauceecologico.org\/wp-content\/uploads\/2020\/02\/link.png\" alt=\"\" width=\"15\" height=\"16\" \/> Carta abierta por los incendios en islas del Delta<\/a><\/span><\/div>\n<div><span style=\"color: #3366ff;\"><a style=\"color: #3366ff;\" href=\"http:\/\/cauceecologico.org\/?p=1925\"><img loading=\"lazy\" decoding=\"async\" class=\"alignnone wp-image-1706\" src=\"http:\/\/cauceecologico.org\/wp-content\/uploads\/2020\/02\/link.png\" alt=\"\" width=\"15\" height=\"16\" \/> Delta del Paran\u00e1: comunicado por la reactivaci\u00f3n del PIECAS<\/a><\/span><\/div>\n<div><span style=\"color: #3366ff;\"><img loading=\"lazy\" decoding=\"async\" class=\"alignnone wp-image-1706\" src=\"http:\/\/cauceecologico.org\/wp-content\/uploads\/2020\/02\/link.png\" alt=\"\" width=\"15\" height=\"16\" \/>\u00a0<a style=\"color: #3366ff;\" href=\"http:\/\/cauceecologico.org\/?p=1796\">Humedales y Delta del Paran\u00e1: nota al Ministro de Ambiente de la Naci\u00f3n<\/a><\/span><\/div>\n<div><span style=\"color: #3366ff;\"><a style=\"color: #3366ff;\" href=\"http:\/\/cauceecologico.org\/?p=1844\"><img loading=\"lazy\" decoding=\"async\" class=\"alignnone wp-image-1706\" src=\"http:\/\/cauceecologico.org\/wp-content\/uploads\/2020\/02\/link.png\" alt=\"\" width=\"15\" height=\"16\" \/> Se prev\u00e9 un agraviamiento en los incendios en el Delta del Paran\u00e1<\/a><\/span><\/div>\n<div><span style=\"color: #3366ff;\"><a style=\"color: #3366ff;\" href=\"http:\/\/cauceecologico.org\/?p=1710\"><img loading=\"lazy\" decoding=\"async\" class=\"alignnone wp-image-1706\" src=\"http:\/\/cauceecologico.org\/wp-content\/uploads\/2020\/02\/link.png\" alt=\"\" width=\"15\" height=\"16\" \/> Incendios en islas del Delta: nota dirigida al Ministro de Ambiente de la Naci\u00f3n\u00a0<\/a><\/span><\/div>\n<div style=\"text-align: right;\">24\/07\/20<\/div>\n","protected":false},"excerpt":{"rendered":"<p>El Ministro de Ambiente de la Naci\u00f3n, Juan Cabandi\u00e9, convoc\u00f3 a organizaciones, funcionarios de las provincias de Entre R\u00edos, Santa Fe y Buenos Aires y autoridades de parques nacionales, a una audiencia para abordar la situaci\u00f3n socio-ambiental del Delta del Paran\u00e1 y la necesidad de sancionar la Ley de Humedales. Desde Fundaci\u00f3n CAUCE, celebramos\u00a0 este [&hellip;]<\/p>\n","protected":false},"author":2,"featured_media":2057,"comment_status":"open","ping_status":"open","sticky":false,"template":"","format":"standard","meta":{"om_disable_all_campaigns":false,"_monsterinsights_skip_tracking":false,"amp_status":"","footnotes":""},"categories":[6,5],"tags":[],"class_list":["post-2056","post","type-post","status-publish","format-standard","has-post-thumbnail","hentry","category-destacados","category-noticias"],"aioseo_notices":[],"aioseo_head":"\n\t\t<!-- All in One SEO 4.9.10 - aioseo.com -->\n\t<meta name=\"description\" content=\"El Ministro de Ambiente de la Naci\u00f3n, Juan Cabandi\u00e9, convoc\u00f3 a organizaciones, funcionarios de las provincias de Entre R\u00edos, Santa Fe y Buenos Aires y autoridades de parques nacionales, a una audiencia para abordar la situaci\u00f3n socio-ambiental del Delta del Paran\u00e1 y la necesidad de sancionar la Ley de Humedales. Desde Fundaci\u00f3n CAUCE, celebramos este\" \/>\n\t<meta name=\"robots\" content=\"max-image-preview:large\" \/>\n\t<meta name=\"author\" content=\"Ana Lucia Vergara\"\/>\n\t<link rel=\"canonical\" href=\"https:\/\/cauceecologico.org\/?p=2056\" \/>\n\t<meta name=\"generator\" content=\"All in One SEO (AIOSEO) 4.9.10\" \/>\n\t\t<meta property=\"og:locale\" content=\"es_ES\" \/>\n\t\t<meta property=\"og:site_name\" content=\"CAUCE - Cultura Ambiental - Causa Ecologista\" \/>\n\t\t<meta property=\"og:type\" content=\"article\" \/>\n\t\t<meta property=\"og:title\" content=\"Reuni\u00f3n con el ministro Cabandi\u00e9 por la situaci\u00f3n del Delta del Paran\u00e1 - CAUCE\" \/>\n\t\t<meta property=\"og:description\" content=\"El Ministro de Ambiente de la Naci\u00f3n, Juan Cabandi\u00e9, convoc\u00f3 a organizaciones, funcionarios de las provincias de Entre R\u00edos, Santa Fe y Buenos Aires y autoridades de parques nacionales, a una audiencia para abordar la situaci\u00f3n socio-ambiental del Delta del Paran\u00e1 y la necesidad de sancionar la Ley de Humedales. Desde Fundaci\u00f3n CAUCE, celebramos este\" \/>\n\t\t<meta property=\"og:url\" content=\"https:\/\/cauceecologico.org\/?p=2056\" \/>\n\t\t<meta property=\"article:published_time\" content=\"2020-07-24T12:30:28+00:00\" \/>\n\t\t<meta property=\"article:modified_time\" content=\"2020-07-24T18:56:13+00:00\" \/>\n\t\t<meta name=\"twitter:card\" content=\"summary_large_image\" \/>\n\t\t<meta name=\"twitter:title\" content=\"Reuni\u00f3n con el ministro Cabandi\u00e9 por la situaci\u00f3n del Delta del Paran\u00e1 - CAUCE\" \/>\n\t\t<meta name=\"twitter:description\" content=\"El Ministro de Ambiente de la Naci\u00f3n, Juan Cabandi\u00e9, convoc\u00f3 a organizaciones, funcionarios de las provincias de Entre R\u00edos, Santa Fe y Buenos Aires y autoridades de parques nacionales, a una audiencia para abordar la situaci\u00f3n socio-ambiental del Delta del Paran\u00e1 y la necesidad de sancionar la Ley de Humedales. Desde Fundaci\u00f3n CAUCE, celebramos este\" \/>\n\t\t<script type=\"application\/ld+json\" class=\"aioseo-schema\">\n\t\t\t{\"@context\":\"https:\\\/\\\/schema.org\",\"@graph\":[{\"@type\":\"BlogPosting\",\"@id\":\"https:\\\/\\\/cauceecologico.org\\\/?p=2056#blogposting\",\"name\":\"Reuni\\u00f3n con el ministro Cabandi\\u00e9 por la situaci\\u00f3n del Delta del Paran\\u00e1 - CAUCE\",\"headline\":\"Reuni\\u00f3n con el ministro Cabandi\\u00e9 por la situaci\\u00f3n del Delta del Paran\\u00e1\",\"author\":{\"@id\":\"https:\\\/\\\/cauceecologico.org\\\/?author=2#author\"},\"publisher\":{\"@id\":\"https:\\\/\\\/cauceecologico.org\\\/#organization\"},\"image\":{\"@type\":\"ImageObject\",\"url\":\"https:\\\/\\\/cauceecologico.org\\\/wp-content\\\/uploads\\\/2020\\\/07\\\/FLYER_1080x1080px_4.jpg\",\"width\":1080,\"height\":1080},\"datePublished\":\"2020-07-24T12:30:28+00:00\",\"dateModified\":\"2020-07-24T18:56:13+00:00\",\"inLanguage\":\"es-ES\",\"mainEntityOfPage\":{\"@id\":\"https:\\\/\\\/cauceecologico.org\\\/?p=2056#webpage\"},\"isPartOf\":{\"@id\":\"https:\\\/\\\/cauceecologico.org\\\/?p=2056#webpage\"},\"articleSection\":\"Destacados, Noticias\"},{\"@type\":\"BreadcrumbList\",\"@id\":\"https:\\\/\\\/cauceecologico.org\\\/?p=2056#breadcrumblist\",\"itemListElement\":[{\"@type\":\"ListItem\",\"@id\":\"https:\\\/\\\/cauceecologico.org#listItem\",\"position\":1,\"name\":\"Home\",\"item\":\"https:\\\/\\\/cauceecologico.org\",\"nextItem\":{\"@type\":\"ListItem\",\"@id\":\"https:\\\/\\\/cauceecologico.org\\\/?cat=5#listItem\",\"name\":\"Noticias\"}},{\"@type\":\"ListItem\",\"@id\":\"https:\\\/\\\/cauceecologico.org\\\/?cat=5#listItem\",\"position\":2,\"name\":\"Noticias\",\"item\":\"https:\\\/\\\/cauceecologico.org\\\/?cat=5\",\"nextItem\":{\"@type\":\"ListItem\",\"@id\":\"https:\\\/\\\/cauceecologico.org\\\/?p=2056#listItem\",\"name\":\"Reuni\\u00f3n con el ministro Cabandi\\u00e9 por la situaci\\u00f3n del Delta del Paran\\u00e1\"},\"previousItem\":{\"@type\":\"ListItem\",\"@id\":\"https:\\\/\\\/cauceecologico.org#listItem\",\"name\":\"Home\"}},{\"@type\":\"ListItem\",\"@id\":\"https:\\\/\\\/cauceecologico.org\\\/?p=2056#listItem\",\"position\":3,\"name\":\"Reuni\\u00f3n con el ministro Cabandi\\u00e9 por la situaci\\u00f3n del Delta del Paran\\u00e1\",\"previousItem\":{\"@type\":\"ListItem\",\"@id\":\"https:\\\/\\\/cauceecologico.org\\\/?cat=5#listItem\",\"name\":\"Noticias\"}}]},{\"@type\":\"Organization\",\"@id\":\"https:\\\/\\\/cauceecologico.org\\\/#organization\",\"name\":\"CAUCE\",\"description\":\"Cultura Ambiental - Causa Ecologista\",\"url\":\"https:\\\/\\\/cauceecologico.org\\\/\"},{\"@type\":\"Person\",\"@id\":\"https:\\\/\\\/cauceecologico.org\\\/?author=2#author\",\"url\":\"https:\\\/\\\/cauceecologico.org\\\/?author=2\",\"name\":\"Ana Lucia Vergara\",\"image\":{\"@type\":\"ImageObject\",\"@id\":\"https:\\\/\\\/cauceecologico.org\\\/?p=2056#authorImage\",\"url\":\"https:\\\/\\\/secure.gravatar.com\\\/avatar\\\/e8720df08f5c466573fb9f3d6cec14bcac9a305e2049123e58e6bc9c03f3a77b?s=96&d=mm&r=g\",\"width\":96,\"height\":96,\"caption\":\"Ana Lucia Vergara\"}},{\"@type\":\"WebPage\",\"@id\":\"https:\\\/\\\/cauceecologico.org\\\/?p=2056#webpage\",\"url\":\"https:\\\/\\\/cauceecologico.org\\\/?p=2056\",\"name\":\"Reuni\\u00f3n con el ministro Cabandi\\u00e9 por la situaci\\u00f3n del Delta del Paran\\u00e1 - CAUCE\",\"description\":\"El Ministro de Ambiente de la Naci\\u00f3n, Juan Cabandi\\u00e9, convoc\\u00f3 a organizaciones, funcionarios de las provincias de Entre R\\u00edos, Santa Fe y Buenos Aires y autoridades de parques nacionales, a una audiencia para abordar la situaci\\u00f3n socio-ambiental del Delta del Paran\\u00e1 y la necesidad de sancionar la Ley de Humedales. Desde Fundaci\\u00f3n CAUCE, celebramos este\",\"inLanguage\":\"es-ES\",\"isPartOf\":{\"@id\":\"https:\\\/\\\/cauceecologico.org\\\/#website\"},\"breadcrumb\":{\"@id\":\"https:\\\/\\\/cauceecologico.org\\\/?p=2056#breadcrumblist\"},\"author\":{\"@id\":\"https:\\\/\\\/cauceecologico.org\\\/?author=2#author\"},\"creator\":{\"@id\":\"https:\\\/\\\/cauceecologico.org\\\/?author=2#author\"},\"image\":{\"@type\":\"ImageObject\",\"url\":\"https:\\\/\\\/cauceecologico.org\\\/wp-content\\\/uploads\\\/2020\\\/07\\\/FLYER_1080x1080px_4.jpg\",\"@id\":\"https:\\\/\\\/cauceecologico.org\\\/?p=2056\\\/#mainImage\",\"width\":1080,\"height\":1080},\"primaryImageOfPage\":{\"@id\":\"https:\\\/\\\/cauceecologico.org\\\/?p=2056#mainImage\"},\"datePublished\":\"2020-07-24T12:30:28+00:00\",\"dateModified\":\"2020-07-24T18:56:13+00:00\"},{\"@type\":\"WebSite\",\"@id\":\"https:\\\/\\\/cauceecologico.org\\\/#website\",\"url\":\"https:\\\/\\\/cauceecologico.org\\\/\",\"name\":\"CAUCE\",\"description\":\"Cultura Ambiental - Causa Ecologista\",\"inLanguage\":\"es-ES\",\"publisher\":{\"@id\":\"https:\\\/\\\/cauceecologico.org\\\/#organization\"}}]}\n\t\t<\/script>\n\t\t<!-- All in One SEO -->\n\n","aioseo_head_json":{"title":"Reuni\u00f3n con el ministro Cabandi\u00e9 por la situaci\u00f3n del Delta del Paran\u00e1 - CAUCE","description":"El Ministro de Ambiente de la Naci\u00f3n, Juan Cabandi\u00e9, convoc\u00f3 a organizaciones, funcionarios de las provincias de Entre R\u00edos, Santa Fe y Buenos Aires y autoridades de parques nacionales, a una audiencia para abordar la situaci\u00f3n socio-ambiental del Delta del Paran\u00e1 y la necesidad de sancionar la Ley de Humedales. Desde Fundaci\u00f3n CAUCE, celebramos este","canonical_url":"https:\/\/cauceecologico.org\/?p=2056","robots":"max-image-preview:large","keywords":"","webmasterTools":{"miscellaneous":""},"schema":{"@context":"https:\/\/schema.org","@graph":[{"@type":"BlogPosting","@id":"https:\/\/cauceecologico.org\/?p=2056#blogposting","name":"Reuni\u00f3n con el ministro Cabandi\u00e9 por la situaci\u00f3n del Delta del Paran\u00e1 - CAUCE","headline":"Reuni\u00f3n con el ministro Cabandi\u00e9 por la situaci\u00f3n del Delta del Paran\u00e1","author":{"@id":"https:\/\/cauceecologico.org\/?author=2#author"},"publisher":{"@id":"https:\/\/cauceecologico.org\/#organization"},"image":{"@type":"ImageObject","url":"https:\/\/cauceecologico.org\/wp-content\/uploads\/2020\/07\/FLYER_1080x1080px_4.jpg","width":1080,"height":1080},"datePublished":"2020-07-24T12:30:28+00:00","dateModified":"2020-07-24T18:56:13+00:00","inLanguage":"es-ES","mainEntityOfPage":{"@id":"https:\/\/cauceecologico.org\/?p=2056#webpage"},"isPartOf":{"@id":"https:\/\/cauceecologico.org\/?p=2056#webpage"},"articleSection":"Destacados, Noticias"},{"@type":"BreadcrumbList","@id":"https:\/\/cauceecologico.org\/?p=2056#breadcrumblist","itemListElement":[{"@type":"ListItem","@id":"https:\/\/cauceecologico.org#listItem","position":1,"name":"Home","item":"https:\/\/cauceecologico.org","nextItem":{"@type":"ListItem","@id":"https:\/\/cauceecologico.org\/?cat=5#listItem","name":"Noticias"}},{"@type":"ListItem","@id":"https:\/\/cauceecologico.org\/?cat=5#listItem","position":2,"name":"Noticias","item":"https:\/\/cauceecologico.org\/?cat=5","nextItem":{"@type":"ListItem","@id":"https:\/\/cauceecologico.org\/?p=2056#listItem","name":"Reuni\u00f3n con el ministro Cabandi\u00e9 por la situaci\u00f3n del Delta del Paran\u00e1"},"previousItem":{"@type":"ListItem","@id":"https:\/\/cauceecologico.org#listItem","name":"Home"}},{"@type":"ListItem","@id":"https:\/\/cauceecologico.org\/?p=2056#listItem","position":3,"name":"Reuni\u00f3n con el ministro Cabandi\u00e9 por la situaci\u00f3n del Delta del Paran\u00e1","previousItem":{"@type":"ListItem","@id":"https:\/\/cauceecologico.org\/?cat=5#listItem","name":"Noticias"}}]},{"@type":"Organization","@id":"https:\/\/cauceecologico.org\/#organization","name":"CAUCE","description":"Cultura Ambiental - Causa Ecologista","url":"https:\/\/cauceecologico.org\/"},{"@type":"Person","@id":"https:\/\/cauceecologico.org\/?author=2#author","url":"https:\/\/cauceecologico.org\/?author=2","name":"Ana Lucia Vergara","image":{"@type":"ImageObject","@id":"https:\/\/cauceecologico.org\/?p=2056#authorImage","url":"https:\/\/secure.gravatar.com\/avatar\/e8720df08f5c466573fb9f3d6cec14bcac9a305e2049123e58e6bc9c03f3a77b?s=96&d=mm&r=g","width":96,"height":96,"caption":"Ana Lucia Vergara"}},{"@type":"WebPage","@id":"https:\/\/cauceecologico.org\/?p=2056#webpage","url":"https:\/\/cauceecologico.org\/?p=2056","name":"Reuni\u00f3n con el ministro Cabandi\u00e9 por la situaci\u00f3n del Delta del Paran\u00e1 - CAUCE","description":"El Ministro de Ambiente de la Naci\u00f3n, Juan Cabandi\u00e9, convoc\u00f3 a organizaciones, funcionarios de las provincias de Entre R\u00edos, Santa Fe y Buenos Aires y autoridades de parques nacionales, a una audiencia para abordar la situaci\u00f3n socio-ambiental del Delta del Paran\u00e1 y la necesidad de sancionar la Ley de Humedales. Desde Fundaci\u00f3n CAUCE, celebramos este","inLanguage":"es-ES","isPartOf":{"@id":"https:\/\/cauceecologico.org\/#website"},"breadcrumb":{"@id":"https:\/\/cauceecologico.org\/?p=2056#breadcrumblist"},"author":{"@id":"https:\/\/cauceecologico.org\/?author=2#author"},"creator":{"@id":"https:\/\/cauceecologico.org\/?author=2#author"},"image":{"@type":"ImageObject","url":"https:\/\/cauceecologico.org\/wp-content\/uploads\/2020\/07\/FLYER_1080x1080px_4.jpg","@id":"https:\/\/cauceecologico.org\/?p=2056\/#mainImage","width":1080,"height":1080},"primaryImageOfPage":{"@id":"https:\/\/cauceecologico.org\/?p=2056#mainImage"},"datePublished":"2020-07-24T12:30:28+00:00","dateModified":"2020-07-24T18:56:13+00:00"},{"@type":"WebSite","@id":"https:\/\/cauceecologico.org\/#website","url":"https:\/\/cauceecologico.org\/","name":"CAUCE","description":"Cultura Ambiental - Causa Ecologista","inLanguage":"es-ES","publisher":{"@id":"https:\/\/cauceecologico.org\/#organization"}}]},"og:locale":"es_ES","og:site_name":"CAUCE - Cultura Ambiental - Causa Ecologista","og:type":"article","og:title":"Reuni\u00f3n con el ministro Cabandi\u00e9 por la situaci\u00f3n del Delta del Paran\u00e1 - CAUCE","og:description":"El Ministro de Ambiente de la Naci\u00f3n, Juan Cabandi\u00e9, convoc\u00f3 a organizaciones, funcionarios de las provincias de Entre R\u00edos, Santa Fe y Buenos Aires y autoridades de parques nacionales, a una audiencia para abordar la situaci\u00f3n socio-ambiental del Delta del Paran\u00e1 y la necesidad de sancionar la Ley de Humedales. Desde Fundaci\u00f3n CAUCE, celebramos este","og:url":"https:\/\/cauceecologico.org\/?p=2056","article:published_time":"2020-07-24T12:30:28+00:00","article:modified_time":"2020-07-24T18:56:13+00:00","twitter:card":"summary_large_image","twitter:title":"Reuni\u00f3n con el ministro Cabandi\u00e9 por la situaci\u00f3n del Delta del Paran\u00e1 - CAUCE","twitter:description":"El Ministro de Ambiente de la Naci\u00f3n, Juan Cabandi\u00e9, convoc\u00f3 a organizaciones, funcionarios de las provincias de Entre R\u00edos, Santa Fe y Buenos Aires y autoridades de parques nacionales, a una audiencia para abordar la situaci\u00f3n socio-ambiental del Delta del Paran\u00e1 y la necesidad de sancionar la Ley de Humedales. Desde Fundaci\u00f3n CAUCE, celebramos este"},"aioseo_meta_data":{"post_id":"2056","title":null,"description":null,"keywords":null,"keyphrases":null,"primary_term":null,"canonical_url":null,"og_title":null,"og_description":null,"og_object_type":"default","og_image_type":"default","og_image_url":null,"og_image_width":null,"og_image_height":null,"og_image_custom_url":null,"og_image_custom_fields":null,"og_video":null,"og_custom_url":null,"og_article_section":null,"og_article_tags":null,"twitter_use_og":false,"twitter_card":"default","twitter_image_type":"default","twitter_image_url":null,"twitter_image_custom_url":null,"twitter_image_custom_fields":null,"twitter_title":null,"twitter_description":null,"schema":{"blockGraphs":[],"customGraphs":[],"default":{"data":{"Article":[],"Course":[],"Dataset":[],"FAQPage":[],"Movie":[],"Person":[],"Product":[],"ProductReview":[],"Car":[],"Recipe":[],"Service":[],"SoftwareApplication":[],"WebPage":[]},"graphName":"","isEnabled":true},"graphs":[]},"schema_type":"default","schema_type_options":null,"pillar_content":false,"robots_default":true,"robots_noindex":false,"robots_noarchive":false,"robots_nosnippet":false,"robots_nofollow":false,"robots_noimageindex":false,"robots_noodp":false,"robots_notranslate":false,"robots_max_snippet":null,"robots_max_videopreview":null,"robots_max_imagepreview":"large","priority":null,"frequency":null,"local_seo":null,"limit_modified_date":false,"created":"2023-03-16 20:31:04","updated":"2026-07-28 01:05:09","ai":null,"breadcrumb_settings":null,"seo_analyzer_scan_date":null},"aioseo_breadcrumb":"<div class=\"aioseo-breadcrumbs\"><span class=\"aioseo-breadcrumb\">\n\t\t\t<a href=\"https:\/\/cauceecologico.org\" title=\"Home\">Home<\/a>\n\t\t<\/span><span class=\"aioseo-breadcrumb-separator\">&raquo;<\/span><span class=\"aioseo-breadcrumb\">\n\t\t\t<a href=\"https:\/\/cauceecologico.org\/?cat=5\" title=\"Noticias\">Noticias<\/a>\n\t\t<\/span><span class=\"aioseo-breadcrumb-separator\">&raquo;<\/span><span class=\"aioseo-breadcrumb\">\n\t\t\tReuni\u00f3n con el ministro Cabandi\u00e9 por la situaci\u00f3n del Delta del Paran\u00e1\n\t\t<\/span><\/div>","aioseo_breadcrumb_json":[{"label":"Home","link":"https:\/\/cauceecologico.org"},{"label":"Noticias","link":"https:\/\/cauceecologico.org\/?cat=5"},{"label":"Reuni\u00f3n con el ministro Cabandi\u00e9 por la situaci\u00f3n del Delta del Paran\u00e1","link":"https:\/\/cauceecologico.org\/?p=2056"}],"_links":{"self":[{"href":"https:\/\/cauceecologico.org\/index.php?rest_route=\/wp\/v2\/posts\/2056","targetHints":{"allow":["GET"]}}],"collection":[{"href":"https:\/\/cauceecologico.org\/index.php?rest_route=\/wp\/v2\/posts"}],"about":[{"href":"https:\/\/cauceecologico.org\/index.php?rest_route=\/wp\/v2\/types\/post"}],"author":[{"embeddable":true,"href":"https:\/\/cauceecologico.org\/index.php?rest_route=\/wp\/v2\/users\/2"}],"replies":[{"embeddable":true,"href":"https:\/\/cauceecologico.org\/index.php?rest_route=%2Fwp%2Fv2%2Fcomments&post=2056"}],"version-history":[{"count":16,"href":"https:\/\/cauceecologico.org\/index.php?rest_route=\/wp\/v2\/posts\/2056\/revisions"}],"predecessor-version":[{"id":2075,"href":"https:\/\/cauceecologico.org\/index.php?rest_route=\/wp\/v2\/posts\/2056\/revisions\/2075"}],"wp:featuredmedia":[{"embeddable":true,"href":"https:\/\/cauceecologico.org\/index.php?rest_route=\/wp\/v2\/media\/2057"}],"wp:attachment":[{"href":"https:\/\/cauceecologico.org\/index.php?rest_route=%2Fwp%2Fv2%2Fmedia&parent=2056"}],"wp:term":[{"taxonomy":"category","embeddable":true,"href":"https:\/\/cauceecologico.org\/index.php?rest_route=%2Fwp%2Fv2%2Fcategories&post=2056"},{"taxonomy":"post_tag","embeddable":true,"href":"https:\/\/cauceecologico.org\/index.php?rest_route=%2Fwp%2Fv2%2Ftags&post=2056"}],"curies":[{"name":"wp","href":"https:\/\/api.w.org\/{rel}","templated":true}]}}