{"id":2117,"date":"2020-08-08T16:04:15","date_gmt":"2020-08-08T16:04:15","guid":{"rendered":"http:\/\/cauceecologico.org\/?p=2117"},"modified":"2020-08-08T16:04:15","modified_gmt":"2020-08-08T16:04:15","slug":"aportes-a-la-propuesta-de-red-de-faros-de-conservacion-rfc-para-el-delta","status":"publish","type":"post","link":"https:\/\/cauceecologico.org\/?p=2117","title":{"rendered":"Aportes a la propuesta de Red de Faros de Conservaci\u00f3n (RFC) para el Delta"},"content":{"rendered":"<p>Las organizaciones argentinas pertenecientes al programa Humedales sin Fronteras -CAUCE, FARN, Casa R\u00edo, Taller Ecologista- enviamos nuestros aportes a la propuesta de <strong>Red de Faros de Conservaci\u00f3n (RFC)<\/strong> <strong>para el Delta del r\u00edo Paran\u00e1, <\/strong>realizada por el <strong>ministro de Ambiente y Desarrollo Sostenible de la Naci\u00f3n (MAyDS), Juan Cabandi\u00e9<\/strong>.<\/p>\n<p>En este <span style=\"color: #3366ff;\"><a style=\"color: #3366ff;\" href=\"http:\/\/cauceecologico.org\/wp-content\/uploads\/2020\/08\/Aportes-Humedales-sin-Fronteras-a-la-Red-de-Faros-de-Conservaci%C3%B3n-RFC-para-el-Delta-del-r%C3%ADo-Paran%C3%A1.pdf\">documento<\/a><\/span> celebramos la iniciativa de avanzar en el intento de encontrar una soluci\u00f3n a la gesti\u00f3n territorial y realizamos <strong>una serie de consideraciones propositivas en base a nuestra experiencia de a\u00f1os de trabajo junto con pobladores del Delta y organizaciones de la sociedad civil, como tambi\u00e9n en el proceso de elaboraci\u00f3n del <\/strong><span style=\"color: #3366ff;\"><a style=\"color: #3366ff;\" href=\"http:\/\/cauceecologico.org\/?p=2091\"><strong>Plan Integral Estrat\u00e9gico para la Conservaci\u00f3n y Aprovechamiento Sostenible en el Delta del Paran<\/strong>\u00e1<\/a> <\/span>(PIECAS-DP).<\/p>\n<p>Mencionamos la importancia de la participaci\u00f3n de las personas que habitan los territorios en el desarrollo de la propuesta de RFC y en su implementaci\u00f3n, aconsejamos revisar el orden de las fases de implementaci\u00f3n de la RFC y priorizar el ordenamiento ambiental del territorio (OAT) del Delta, se\u00f1alado que en el PIECAS ya se han resumido acciones territoriales a desarrollar en el corto plazo con las tres jurisdicciones provinciales alcanzadas. Asimismo, destacamos que es fundamental que los poderes legislativos provinciales generen normas protectoras y, fundamentalmente no regresivas, hasta tanto se sancione una Ley de Humedales.<\/p>\n<p><strong><span style=\"color: #3366ff;\"><a style=\"color: #3366ff;\" href=\"http:\/\/cauceecologico.org\/wp-content\/uploads\/2020\/08\/Aportes-Humedales-sin-Fronteras-a-la-Red-de-Faros-de-Conservaci\u00f3n-RFC-para-el-Delta-del-r\u00edo-Paran\u00e1.pdf\"><img loading=\"lazy\" decoding=\"async\" class=\"alignnone  wp-image-1705\" src=\"http:\/\/cauceecologico.org\/wp-content\/uploads\/2020\/02\/editar.png\" alt=\"\" width=\"26\" height=\"27\" \/>Aportes Humedales sin Fronteras a la Red de Faros de Conservaci\u00f3n (RFC)<\/a><\/span><\/strong><\/p>\n<p style=\"text-align: right;\">08\/08\/20<\/p>\n","protected":false},"excerpt":{"rendered":"<p>Las organizaciones argentinas pertenecientes al programa Humedales sin Fronteras -CAUCE, FARN, Casa R\u00edo, Taller Ecologista- enviamos nuestros aportes a la propuesta de Red de Faros de Conservaci\u00f3n (RFC) para el Delta del r\u00edo Paran\u00e1, realizada por el ministro de Ambiente y Desarrollo Sostenible de la Naci\u00f3n (MAyDS), Juan Cabandi\u00e9. En este documento celebramos la iniciativa [&hellip;]<\/p>\n","protected":false},"author":2,"featured_media":1071,"comment_status":"open","ping_status":"open","sticky":false,"template":"","format":"standard","meta":{"om_disable_all_campaigns":false,"_monsterinsights_skip_tracking":false,"amp_status":"","footnotes":""},"categories":[6,5],"tags":[],"class_list":["post-2117","post","type-post","status-publish","format-standard","has-post-thumbnail","hentry","category-destacados","category-noticias"],"aioseo_notices":[],"aioseo_head":"\n\t\t<!-- All in One SEO 4.9.10 - aioseo.com -->\n\t<meta name=\"description\" content=\"Las organizaciones argentinas pertenecientes al programa Humedales sin Fronteras -CAUCE, FARN, Casa R\u00edo, Taller Ecologista- enviamos nuestros aportes a la propuesta de Red de Faros de Conservaci\u00f3n (RFC) para el Delta del r\u00edo Paran\u00e1, realizada por el ministro de Ambiente y Desarrollo Sostenible de la Naci\u00f3n (MAyDS), Juan Cabandi\u00e9. En este documento celebramos la iniciativa\" \/>\n\t<meta name=\"robots\" content=\"max-image-preview:large\" \/>\n\t<meta name=\"author\" content=\"Ana Lucia Vergara\"\/>\n\t<link rel=\"canonical\" href=\"https:\/\/cauceecologico.org\/?p=2117\" \/>\n\t<meta name=\"generator\" content=\"All in One SEO (AIOSEO) 4.9.10\" \/>\n\t\t<meta property=\"og:locale\" content=\"es_ES\" \/>\n\t\t<meta property=\"og:site_name\" content=\"CAUCE - Cultura Ambiental - Causa Ecologista\" \/>\n\t\t<meta property=\"og:type\" content=\"article\" \/>\n\t\t<meta property=\"og:title\" content=\"Aportes a la propuesta de Red de Faros de Conservaci\u00f3n (RFC) para el Delta - CAUCE\" \/>\n\t\t<meta property=\"og:description\" content=\"Las organizaciones argentinas pertenecientes al programa Humedales sin Fronteras -CAUCE, FARN, Casa R\u00edo, Taller Ecologista- enviamos nuestros aportes a la propuesta de Red de Faros de Conservaci\u00f3n (RFC) para el Delta del r\u00edo Paran\u00e1, realizada por el ministro de Ambiente y Desarrollo Sostenible de la Naci\u00f3n (MAyDS), Juan Cabandi\u00e9. En este documento celebramos la iniciativa\" \/>\n\t\t<meta property=\"og:url\" content=\"https:\/\/cauceecologico.org\/?p=2117\" \/>\n\t\t<meta property=\"article:published_time\" content=\"2020-08-08T16:04:15+00:00\" \/>\n\t\t<meta property=\"article:modified_time\" content=\"2020-08-08T16:04:15+00:00\" \/>\n\t\t<meta name=\"twitter:card\" content=\"summary_large_image\" \/>\n\t\t<meta name=\"twitter:title\" content=\"Aportes a la propuesta de Red de Faros de Conservaci\u00f3n (RFC) para el Delta - CAUCE\" \/>\n\t\t<meta name=\"twitter:description\" content=\"Las organizaciones argentinas pertenecientes al programa Humedales sin Fronteras -CAUCE, FARN, Casa R\u00edo, Taller Ecologista- enviamos nuestros aportes a la propuesta de Red de Faros de Conservaci\u00f3n (RFC) para el Delta del r\u00edo Paran\u00e1, realizada por el ministro de Ambiente y Desarrollo Sostenible de la Naci\u00f3n (MAyDS), Juan Cabandi\u00e9. En este documento celebramos la iniciativa\" \/>\n\t\t<script type=\"application\/ld+json\" class=\"aioseo-schema\">\n\t\t\t{\"@context\":\"https:\\\/\\\/schema.org\",\"@graph\":[{\"@type\":\"BlogPosting\",\"@id\":\"https:\\\/\\\/cauceecologico.org\\\/?p=2117#blogposting\",\"name\":\"Aportes a la propuesta de Red de Faros de Conservaci\\u00f3n (RFC) para el Delta - CAUCE\",\"headline\":\"Aportes a la propuesta de Red de Faros de Conservaci\\u00f3n (RFC) para el Delta\",\"author\":{\"@id\":\"https:\\\/\\\/cauceecologico.org\\\/?author=2#author\"},\"publisher\":{\"@id\":\"https:\\\/\\\/cauceecologico.org\\\/#organization\"},\"image\":{\"@type\":\"ImageObject\",\"url\":\"https:\\\/\\\/cauceecologico.org\\\/wp-content\\\/uploads\\\/2018\\\/05\\\/delta-5-1.jpg\",\"width\":1920,\"height\":1080},\"datePublished\":\"2020-08-08T16:04:15+00:00\",\"dateModified\":\"2020-08-08T16:04:15+00:00\",\"inLanguage\":\"es-ES\",\"mainEntityOfPage\":{\"@id\":\"https:\\\/\\\/cauceecologico.org\\\/?p=2117#webpage\"},\"isPartOf\":{\"@id\":\"https:\\\/\\\/cauceecologico.org\\\/?p=2117#webpage\"},\"articleSection\":\"Destacados, Noticias\"},{\"@type\":\"BreadcrumbList\",\"@id\":\"https:\\\/\\\/cauceecologico.org\\\/?p=2117#breadcrumblist\",\"itemListElement\":[{\"@type\":\"ListItem\",\"@id\":\"https:\\\/\\\/cauceecologico.org#listItem\",\"position\":1,\"name\":\"Home\",\"item\":\"https:\\\/\\\/cauceecologico.org\",\"nextItem\":{\"@type\":\"ListItem\",\"@id\":\"https:\\\/\\\/cauceecologico.org\\\/?cat=5#listItem\",\"name\":\"Noticias\"}},{\"@type\":\"ListItem\",\"@id\":\"https:\\\/\\\/cauceecologico.org\\\/?cat=5#listItem\",\"position\":2,\"name\":\"Noticias\",\"item\":\"https:\\\/\\\/cauceecologico.org\\\/?cat=5\",\"nextItem\":{\"@type\":\"ListItem\",\"@id\":\"https:\\\/\\\/cauceecologico.org\\\/?p=2117#listItem\",\"name\":\"Aportes a la propuesta de Red de Faros de Conservaci\\u00f3n (RFC) para el Delta\"},\"previousItem\":{\"@type\":\"ListItem\",\"@id\":\"https:\\\/\\\/cauceecologico.org#listItem\",\"name\":\"Home\"}},{\"@type\":\"ListItem\",\"@id\":\"https:\\\/\\\/cauceecologico.org\\\/?p=2117#listItem\",\"position\":3,\"name\":\"Aportes a la propuesta de Red de Faros de Conservaci\\u00f3n (RFC) para el Delta\",\"previousItem\":{\"@type\":\"ListItem\",\"@id\":\"https:\\\/\\\/cauceecologico.org\\\/?cat=5#listItem\",\"name\":\"Noticias\"}}]},{\"@type\":\"Organization\",\"@id\":\"https:\\\/\\\/cauceecologico.org\\\/#organization\",\"name\":\"CAUCE\",\"description\":\"Cultura Ambiental - Causa Ecologista\",\"url\":\"https:\\\/\\\/cauceecologico.org\\\/\"},{\"@type\":\"Person\",\"@id\":\"https:\\\/\\\/cauceecologico.org\\\/?author=2#author\",\"url\":\"https:\\\/\\\/cauceecologico.org\\\/?author=2\",\"name\":\"Ana Lucia Vergara\",\"image\":{\"@type\":\"ImageObject\",\"@id\":\"https:\\\/\\\/cauceecologico.org\\\/?p=2117#authorImage\",\"url\":\"https:\\\/\\\/secure.gravatar.com\\\/avatar\\\/e8720df08f5c466573fb9f3d6cec14bcac9a305e2049123e58e6bc9c03f3a77b?s=96&d=mm&r=g\",\"width\":96,\"height\":96,\"caption\":\"Ana Lucia Vergara\"}},{\"@type\":\"WebPage\",\"@id\":\"https:\\\/\\\/cauceecologico.org\\\/?p=2117#webpage\",\"url\":\"https:\\\/\\\/cauceecologico.org\\\/?p=2117\",\"name\":\"Aportes a la propuesta de Red de Faros de Conservaci\\u00f3n (RFC) para el Delta - CAUCE\",\"description\":\"Las organizaciones argentinas pertenecientes al programa Humedales sin Fronteras -CAUCE, FARN, Casa R\\u00edo, Taller Ecologista- enviamos nuestros aportes a la propuesta de Red de Faros de Conservaci\\u00f3n (RFC) para el Delta del r\\u00edo Paran\\u00e1, realizada por el ministro de Ambiente y Desarrollo Sostenible de la Naci\\u00f3n (MAyDS), Juan Cabandi\\u00e9. En este documento celebramos la iniciativa\",\"inLanguage\":\"es-ES\",\"isPartOf\":{\"@id\":\"https:\\\/\\\/cauceecologico.org\\\/#website\"},\"breadcrumb\":{\"@id\":\"https:\\\/\\\/cauceecologico.org\\\/?p=2117#breadcrumblist\"},\"author\":{\"@id\":\"https:\\\/\\\/cauceecologico.org\\\/?author=2#author\"},\"creator\":{\"@id\":\"https:\\\/\\\/cauceecologico.org\\\/?author=2#author\"},\"image\":{\"@type\":\"ImageObject\",\"url\":\"https:\\\/\\\/cauceecologico.org\\\/wp-content\\\/uploads\\\/2018\\\/05\\\/delta-5-1.jpg\",\"@id\":\"https:\\\/\\\/cauceecologico.org\\\/?p=2117\\\/#mainImage\",\"width\":1920,\"height\":1080},\"primaryImageOfPage\":{\"@id\":\"https:\\\/\\\/cauceecologico.org\\\/?p=2117#mainImage\"},\"datePublished\":\"2020-08-08T16:04:15+00:00\",\"dateModified\":\"2020-08-08T16:04:15+00:00\"},{\"@type\":\"WebSite\",\"@id\":\"https:\\\/\\\/cauceecologico.org\\\/#website\",\"url\":\"https:\\\/\\\/cauceecologico.org\\\/\",\"name\":\"CAUCE\",\"description\":\"Cultura Ambiental - Causa Ecologista\",\"inLanguage\":\"es-ES\",\"publisher\":{\"@id\":\"https:\\\/\\\/cauceecologico.org\\\/#organization\"}}]}\n\t\t<\/script>\n\t\t<!-- All in One SEO -->\n\n","aioseo_head_json":{"title":"Aportes a la propuesta de Red de Faros de Conservaci\u00f3n (RFC) para el Delta - CAUCE","description":"Las organizaciones argentinas pertenecientes al programa Humedales sin Fronteras -CAUCE, FARN, Casa R\u00edo, Taller Ecologista- enviamos nuestros aportes a la propuesta de Red de Faros de Conservaci\u00f3n (RFC) para el Delta del r\u00edo Paran\u00e1, realizada por el ministro de Ambiente y Desarrollo Sostenible de la Naci\u00f3n (MAyDS), Juan Cabandi\u00e9. En este documento celebramos la iniciativa","canonical_url":"https:\/\/cauceecologico.org\/?p=2117","robots":"max-image-preview:large","keywords":"","webmasterTools":{"miscellaneous":""},"schema":{"@context":"https:\/\/schema.org","@graph":[{"@type":"BlogPosting","@id":"https:\/\/cauceecologico.org\/?p=2117#blogposting","name":"Aportes a la propuesta de Red de Faros de Conservaci\u00f3n (RFC) para el Delta - CAUCE","headline":"Aportes a la propuesta de Red de Faros de Conservaci\u00f3n (RFC) para el Delta","author":{"@id":"https:\/\/cauceecologico.org\/?author=2#author"},"publisher":{"@id":"https:\/\/cauceecologico.org\/#organization"},"image":{"@type":"ImageObject","url":"https:\/\/cauceecologico.org\/wp-content\/uploads\/2018\/05\/delta-5-1.jpg","width":1920,"height":1080},"datePublished":"2020-08-08T16:04:15+00:00","dateModified":"2020-08-08T16:04:15+00:00","inLanguage":"es-ES","mainEntityOfPage":{"@id":"https:\/\/cauceecologico.org\/?p=2117#webpage"},"isPartOf":{"@id":"https:\/\/cauceecologico.org\/?p=2117#webpage"},"articleSection":"Destacados, Noticias"},{"@type":"BreadcrumbList","@id":"https:\/\/cauceecologico.org\/?p=2117#breadcrumblist","itemListElement":[{"@type":"ListItem","@id":"https:\/\/cauceecologico.org#listItem","position":1,"name":"Home","item":"https:\/\/cauceecologico.org","nextItem":{"@type":"ListItem","@id":"https:\/\/cauceecologico.org\/?cat=5#listItem","name":"Noticias"}},{"@type":"ListItem","@id":"https:\/\/cauceecologico.org\/?cat=5#listItem","position":2,"name":"Noticias","item":"https:\/\/cauceecologico.org\/?cat=5","nextItem":{"@type":"ListItem","@id":"https:\/\/cauceecologico.org\/?p=2117#listItem","name":"Aportes a la propuesta de Red de Faros de Conservaci\u00f3n (RFC) para el Delta"},"previousItem":{"@type":"ListItem","@id":"https:\/\/cauceecologico.org#listItem","name":"Home"}},{"@type":"ListItem","@id":"https:\/\/cauceecologico.org\/?p=2117#listItem","position":3,"name":"Aportes a la propuesta de Red de Faros de Conservaci\u00f3n (RFC) para el Delta","previousItem":{"@type":"ListItem","@id":"https:\/\/cauceecologico.org\/?cat=5#listItem","name":"Noticias"}}]},{"@type":"Organization","@id":"https:\/\/cauceecologico.org\/#organization","name":"CAUCE","description":"Cultura Ambiental - Causa Ecologista","url":"https:\/\/cauceecologico.org\/"},{"@type":"Person","@id":"https:\/\/cauceecologico.org\/?author=2#author","url":"https:\/\/cauceecologico.org\/?author=2","name":"Ana Lucia Vergara","image":{"@type":"ImageObject","@id":"https:\/\/cauceecologico.org\/?p=2117#authorImage","url":"https:\/\/secure.gravatar.com\/avatar\/e8720df08f5c466573fb9f3d6cec14bcac9a305e2049123e58e6bc9c03f3a77b?s=96&d=mm&r=g","width":96,"height":96,"caption":"Ana Lucia Vergara"}},{"@type":"WebPage","@id":"https:\/\/cauceecologico.org\/?p=2117#webpage","url":"https:\/\/cauceecologico.org\/?p=2117","name":"Aportes a la propuesta de Red de Faros de Conservaci\u00f3n (RFC) para el Delta - CAUCE","description":"Las organizaciones argentinas pertenecientes al programa Humedales sin Fronteras -CAUCE, FARN, Casa R\u00edo, Taller Ecologista- enviamos nuestros aportes a la propuesta de Red de Faros de Conservaci\u00f3n (RFC) para el Delta del r\u00edo Paran\u00e1, realizada por el ministro de Ambiente y Desarrollo Sostenible de la Naci\u00f3n (MAyDS), Juan Cabandi\u00e9. En este documento celebramos la iniciativa","inLanguage":"es-ES","isPartOf":{"@id":"https:\/\/cauceecologico.org\/#website"},"breadcrumb":{"@id":"https:\/\/cauceecologico.org\/?p=2117#breadcrumblist"},"author":{"@id":"https:\/\/cauceecologico.org\/?author=2#author"},"creator":{"@id":"https:\/\/cauceecologico.org\/?author=2#author"},"image":{"@type":"ImageObject","url":"https:\/\/cauceecologico.org\/wp-content\/uploads\/2018\/05\/delta-5-1.jpg","@id":"https:\/\/cauceecologico.org\/?p=2117\/#mainImage","width":1920,"height":1080},"primaryImageOfPage":{"@id":"https:\/\/cauceecologico.org\/?p=2117#mainImage"},"datePublished":"2020-08-08T16:04:15+00:00","dateModified":"2020-08-08T16:04:15+00:00"},{"@type":"WebSite","@id":"https:\/\/cauceecologico.org\/#website","url":"https:\/\/cauceecologico.org\/","name":"CAUCE","description":"Cultura Ambiental - Causa Ecologista","inLanguage":"es-ES","publisher":{"@id":"https:\/\/cauceecologico.org\/#organization"}}]},"og:locale":"es_ES","og:site_name":"CAUCE - Cultura Ambiental - Causa Ecologista","og:type":"article","og:title":"Aportes a la propuesta de Red de Faros de Conservaci\u00f3n (RFC) para el Delta - CAUCE","og:description":"Las organizaciones argentinas pertenecientes al programa Humedales sin Fronteras -CAUCE, FARN, Casa R\u00edo, Taller Ecologista- enviamos nuestros aportes a la propuesta de Red de Faros de Conservaci\u00f3n (RFC) para el Delta del r\u00edo Paran\u00e1, realizada por el ministro de Ambiente y Desarrollo Sostenible de la Naci\u00f3n (MAyDS), Juan Cabandi\u00e9. En este documento celebramos la iniciativa","og:url":"https:\/\/cauceecologico.org\/?p=2117","article:published_time":"2020-08-08T16:04:15+00:00","article:modified_time":"2020-08-08T16:04:15+00:00","twitter:card":"summary_large_image","twitter:title":"Aportes a la propuesta de Red de Faros de Conservaci\u00f3n (RFC) para el Delta - CAUCE","twitter:description":"Las organizaciones argentinas pertenecientes al programa Humedales sin Fronteras -CAUCE, FARN, Casa R\u00edo, Taller Ecologista- enviamos nuestros aportes a la propuesta de Red de Faros de Conservaci\u00f3n (RFC) para el Delta del r\u00edo Paran\u00e1, realizada por el ministro de Ambiente y Desarrollo Sostenible de la Naci\u00f3n (MAyDS), Juan Cabandi\u00e9. En este documento celebramos la iniciativa"},"aioseo_meta_data":{"post_id":"2117","title":null,"description":null,"keywords":null,"keyphrases":null,"primary_term":null,"canonical_url":null,"og_title":null,"og_description":null,"og_object_type":"default","og_image_type":"default","og_image_url":null,"og_image_width":null,"og_image_height":null,"og_image_custom_url":null,"og_image_custom_fields":null,"og_video":null,"og_custom_url":null,"og_article_section":null,"og_article_tags":null,"twitter_use_og":false,"twitter_card":"default","twitter_image_type":"default","twitter_image_url":null,"twitter_image_custom_url":null,"twitter_image_custom_fields":null,"twitter_title":null,"twitter_description":null,"schema":{"blockGraphs":[],"customGraphs":[],"default":{"data":{"Article":[],"Course":[],"Dataset":[],"FAQPage":[],"Movie":[],"Person":[],"Product":[],"ProductReview":[],"Car":[],"Recipe":[],"Service":[],"SoftwareApplication":[],"WebPage":[]},"graphName":"","isEnabled":true},"graphs":[]},"schema_type":"default","schema_type_options":null,"pillar_content":false,"robots_default":true,"robots_noindex":false,"robots_noarchive":false,"robots_nosnippet":false,"robots_nofollow":false,"robots_noimageindex":false,"robots_noodp":false,"robots_notranslate":false,"robots_max_snippet":null,"robots_max_videopreview":null,"robots_max_imagepreview":"large","priority":null,"frequency":null,"local_seo":null,"limit_modified_date":false,"created":"2023-03-16 20:31:04","updated":"2026-07-28 01:07:19","ai":null,"breadcrumb_settings":null,"seo_analyzer_scan_date":null},"aioseo_breadcrumb":"<div class=\"aioseo-breadcrumbs\"><span class=\"aioseo-breadcrumb\">\n\t\t\t<a href=\"https:\/\/cauceecologico.org\" title=\"Home\">Home<\/a>\n\t\t<\/span><span class=\"aioseo-breadcrumb-separator\">&raquo;<\/span><span class=\"aioseo-breadcrumb\">\n\t\t\t<a href=\"https:\/\/cauceecologico.org\/?cat=5\" title=\"Noticias\">Noticias<\/a>\n\t\t<\/span><span class=\"aioseo-breadcrumb-separator\">&raquo;<\/span><span class=\"aioseo-breadcrumb\">\n\t\t\tAportes a la propuesta de Red de Faros de Conservaci\u00f3n (RFC) para el Delta\n\t\t<\/span><\/div>","aioseo_breadcrumb_json":[{"label":"Home","link":"https:\/\/cauceecologico.org"},{"label":"Noticias","link":"https:\/\/cauceecologico.org\/?cat=5"},{"label":"Aportes a la propuesta de Red de Faros de Conservaci\u00f3n (RFC) para el Delta","link":"https:\/\/cauceecologico.org\/?p=2117"}],"_links":{"self":[{"href":"https:\/\/cauceecologico.org\/index.php?rest_route=\/wp\/v2\/posts\/2117","targetHints":{"allow":["GET"]}}],"collection":[{"href":"https:\/\/cauceecologico.org\/index.php?rest_route=\/wp\/v2\/posts"}],"about":[{"href":"https:\/\/cauceecologico.org\/index.php?rest_route=\/wp\/v2\/types\/post"}],"author":[{"embeddable":true,"href":"https:\/\/cauceecologico.org\/index.php?rest_route=\/wp\/v2\/users\/2"}],"replies":[{"embeddable":true,"href":"https:\/\/cauceecologico.org\/index.php?rest_route=%2Fwp%2Fv2%2Fcomments&post=2117"}],"version-history":[{"count":1,"href":"https:\/\/cauceecologico.org\/index.php?rest_route=\/wp\/v2\/posts\/2117\/revisions"}],"predecessor-version":[{"id":2119,"href":"https:\/\/cauceecologico.org\/index.php?rest_route=\/wp\/v2\/posts\/2117\/revisions\/2119"}],"wp:featuredmedia":[{"embeddable":true,"href":"https:\/\/cauceecologico.org\/index.php?rest_route=\/wp\/v2\/media\/1071"}],"wp:attachment":[{"href":"https:\/\/cauceecologico.org\/index.php?rest_route=%2Fwp%2Fv2%2Fmedia&parent=2117"}],"wp:term":[{"taxonomy":"category","embeddable":true,"href":"https:\/\/cauceecologico.org\/index.php?rest_route=%2Fwp%2Fv2%2Fcategories&post=2117"},{"taxonomy":"post_tag","embeddable":true,"href":"https:\/\/cauceecologico.org\/index.php?rest_route=%2Fwp%2Fv2%2Ftags&post=2117"}],"curies":[{"name":"wp","href":"https:\/\/api.w.org\/{rel}","templated":true}]}}