{"id":2174,"date":"2020-08-24T23:02:40","date_gmt":"2020-08-24T23:02:40","guid":{"rendered":"http:\/\/cauceecologico.org\/?p=2174"},"modified":"2020-08-25T17:11:32","modified_gmt":"2020-08-25T17:11:32","slug":"webinario-ley-de-humedales-ya","status":"publish","type":"post","link":"https:\/\/cauceecologico.org\/?p=2174","title":{"rendered":"Webinario \u00a1Ley de Humedales YA!"},"content":{"rendered":"<div class=\"o9v6fnle cxmmr5t8 oygrvhab hcukyx3x c1et5uql ii04i59q\">\n<div dir=\"auto\">Las organizaciones argentinas que integramos el programa Humedales sin Fronteras &#8211;<span class=\"style-scope yt-formatted-string\" dir=\"auto\">Fundaci\u00f3n CAUCE, FARN, Casa R\u00edo y Taller Ecologista- presentamos nuestro<\/span><span class=\"style-scope yt-formatted-string\" dir=\"auto\"> documento de posici\u00f3n camino a una Ley de Humedales. El webinario se realizar\u00e1 el <strong>26 de agosto a las 15:00<\/strong> por <a href=\"https:\/\/www.youtube.com\/watch?v=_BD1xFh4URI&amp;feature=youtu.be&amp;fbclid=IwAR2Z7hNscX-caNuVfPRXr32pe6ZaqbMrQHb6IvX1gl4-vgC3xt_yr4t0S_E\"><span style=\"color: #3366ff;\"><strong>YouTube<\/strong><\/span><\/a> y contar\u00e1 con las exposiciones de especialistas de distintas regiones de humedales de nuestro pa\u00eds.<\/span><\/div>\n<div dir=\"auto\"><\/div>\n<\/div>\n<div dir=\"auto\"><img loading=\"lazy\" decoding=\"async\" class=\"alignnone wp-image-2176 size-full\" src=\"http:\/\/cauceecologico.org\/wp-content\/uploads\/2020\/08\/webinario-expositores-corregido.jpeg\" alt=\"\" width=\"900\" height=\"900\" srcset=\"https:\/\/cauceecologico.org\/wp-content\/uploads\/2020\/08\/webinario-expositores-corregido.jpeg 900w, https:\/\/cauceecologico.org\/wp-content\/uploads\/2020\/08\/webinario-expositores-corregido-300x300.jpeg 300w, https:\/\/cauceecologico.org\/wp-content\/uploads\/2020\/08\/webinario-expositores-corregido-150x150.jpeg 150w, https:\/\/cauceecologico.org\/wp-content\/uploads\/2020\/08\/webinario-expositores-corregido-768x768.jpeg 768w\" sizes=\"auto, (max-width: 900px) 100vw, 900px\" \/><\/div>\n<p>&nbsp;<\/p>\n<p><span class=\"style-scope yt-formatted-string\" dir=\"auto\">A trav\u00e9s de nuestra p\u00e1gina web <span style=\"color: #3366ff;\"><a style=\"color: #3366ff;\" href=\"https:\/\/www.leydehumedalesya.org\/\">Ley de Humedales YA<\/a><\/span>\u00a0 las organizaciones buscamos hacer un aporte desde la sociedad civil a las discusiones y desarrollo de una <span style=\"color: #3366ff;\"><a style=\"color: #3366ff;\" href=\"http:\/\/cauceecologico.org\/wp-content\/uploads\/2020\/08\/Documento-Contenidos-Minimos-Ley-de-Humedales-HSF-VF-AGO20.pdf\">norma de presupuestos m\u00ednimos de protecci\u00f3n ambiental de los humedales<\/a><\/span> a nivel nacional. <\/span><\/p>\n<p><span class=\"style-scope yt-formatted-string\" dir=\"auto\">Los humedales son ecosistemas con enorme valor biol\u00f3gico, social, cultural y econ\u00f3mico. Pero los humedales se pierden y degradan cada d\u00eda. En los \u00faltimos 300 a\u00f1os ha desaparecido el 87 % de la superficie de humedales a nivel global. Entre los principales impulsores de tal p\u00e9rdida se encuentran la agricultura y ganader\u00eda industrial, la miner\u00eda y otras industrias extractivas, la urbanizaci\u00f3n, las especies ex\u00f3ticas invasoras, el cambio clim\u00e1tico, y el desecho de residuos dom\u00e9sticos e industriales sin tratar o deficientemente tratados. <\/span><\/p>\n<p><span class=\"style-scope yt-formatted-string\" dir=\"auto\">Argentina tiene una gran diversidad y riqueza de humedales, estim\u00e1ndose que cerca del 21% de su superficie incluye estos ecosistemas. Desde las turberas de Tierra del Fuego, pasando por los salares de la regi\u00f3n altoandina, los humedales de los grandes r\u00edos Paran\u00e1-Paraguay, humedales costeros como la alb\u00fafera de Mar Chiquita, y de tipo urbano como los incre\u00edbles humedales de la cuenca Matanza Riachuelo. <\/span><\/p>\n<p><span class=\"style-scope yt-formatted-string\" dir=\"auto\">Lamentablemente nuestro pa\u00eds no es ajeno a las presiones globales que est\u00e1n causando la desaparici\u00f3n y degradaci\u00f3n de los humedales. Los incendios en las islas del Delta del Paran\u00e1 son un claro ejemplo de ello. <\/span><\/p>\n<p><span class=\"style-scope yt-formatted-string\" dir=\"auto\">El actual escenario de pandemia nos recuerda la importancia de cuidar nuestros espacios naturales y entablar una relaci\u00f3n distinta con la naturaleza. <\/span><\/p>\n<p>Los humedales nos protegen, pero no tenemos ley que los proteja. <span class=\"style-scope yt-formatted-string\" dir=\"auto\">S<\/span>um\u00e1 tu voz a este reclamo.<\/p>\n<p><span class=\"style-scope yt-formatted-string\" dir=\"auto\">\u00a1Que Argentina tenga una Ley de Humedales depende -tambi\u00e9n- de vos.<\/span><\/p>\n<p><span style=\"color: #3366ff;\"><a style=\"color: #3366ff;\" href=\"http:\/\/cauceecologico.org\/wp-content\/uploads\/2020\/08\/Documento-Contenidos-Minimos-Ley-de-Humedales-HSF-VF-AGO20.pdf\"><b><img loading=\"lazy\" decoding=\"async\" class=\"alignnone wp-image-1703\" src=\"http:\/\/cauceecologico.org\/wp-content\/uploads\/2020\/02\/descargar.png\" alt=\"\" width=\"21\" height=\"22\" \/>Documento-Contenidos-M\u00ednimos-Ley-de-Humedales-HSF<\/b><\/a><\/span><\/p>\n<p>Ilustraci\u00f3n: <strong>Ana In\u00e9s Castelli<\/strong><\/p>\n<h5><em>Notas relacionadas:<\/em><\/h5>\n<h5><span style=\"color: #3366ff;\"><a style=\"color: #3366ff;\" href=\"http:\/\/cauceecologico.org\/?p=2122\">Ley de Humedales: aportes de las organizaciones de HSF para una normativa con visi\u00f3n ecoc\u00e9ntrica<\/a><\/span><\/h5>\n<h5><span style=\"color: #3366ff;\"><a style=\"color: #3366ff;\" href=\"http:\/\/cauceecologico.org\/?p=2035\">Por una ley que proteja los humedales<\/a><\/span><\/h5>\n<p style=\"text-align: right;\">24\/08\/20<\/p>\n","protected":false},"excerpt":{"rendered":"<p>Las organizaciones argentinas que integramos el programa Humedales sin Fronteras &#8211;Fundaci\u00f3n CAUCE, FARN, Casa R\u00edo y Taller Ecologista- presentamos nuestro documento de posici\u00f3n camino a una Ley de Humedales. El webinario se realizar\u00e1 el 26 de agosto a las 15:00 por YouTube y contar\u00e1 con las exposiciones de especialistas de distintas regiones de humedales de [&hellip;]<\/p>\n","protected":false},"author":2,"featured_media":2175,"comment_status":"open","ping_status":"open","sticky":false,"template":"","format":"standard","meta":{"om_disable_all_campaigns":false,"_monsterinsights_skip_tracking":false,"amp_status":"","footnotes":""},"categories":[6,5,2],"tags":[],"class_list":["post-2174","post","type-post","status-publish","format-standard","has-post-thumbnail","hentry","category-destacados","category-noticias","category-nuestro-trabajo"],"aioseo_notices":[],"aioseo_head":"\n\t\t<!-- All in One SEO 4.9.10 - aioseo.com -->\n\t<meta name=\"description\" content=\"Las organizaciones argentinas que integramos el programa Humedales sin Fronteras -Fundaci\u00f3n CAUCE, FARN, Casa R\u00edo y Taller Ecologista- presentamos nuestro documento de posici\u00f3n camino a una Ley de Humedales. El webinario se realizar\u00e1 el 26 de agosto a las 15:00 por YouTube y contar\u00e1 con las exposiciones de especialistas de distintas regiones de humedales de\" \/>\n\t<meta name=\"robots\" content=\"max-image-preview:large\" \/>\n\t<meta name=\"author\" content=\"Ana Lucia Vergara\"\/>\n\t<link rel=\"canonical\" href=\"https:\/\/cauceecologico.org\/?p=2174\" \/>\n\t<meta name=\"generator\" content=\"All in One SEO (AIOSEO) 4.9.10\" \/>\n\t\t<meta property=\"og:locale\" content=\"es_ES\" \/>\n\t\t<meta property=\"og:site_name\" content=\"CAUCE - Cultura Ambiental - Causa Ecologista\" \/>\n\t\t<meta property=\"og:type\" content=\"article\" \/>\n\t\t<meta property=\"og:title\" content=\"Webinario \u00a1Ley de Humedales YA! - CAUCE\" \/>\n\t\t<meta property=\"og:description\" content=\"Las organizaciones argentinas que integramos el programa Humedales sin Fronteras -Fundaci\u00f3n CAUCE, FARN, Casa R\u00edo y Taller Ecologista- presentamos nuestro documento de posici\u00f3n camino a una Ley de Humedales. El webinario se realizar\u00e1 el 26 de agosto a las 15:00 por YouTube y contar\u00e1 con las exposiciones de especialistas de distintas regiones de humedales de\" \/>\n\t\t<meta property=\"og:url\" content=\"https:\/\/cauceecologico.org\/?p=2174\" \/>\n\t\t<meta property=\"article:published_time\" content=\"2020-08-24T23:02:40+00:00\" \/>\n\t\t<meta property=\"article:modified_time\" content=\"2020-08-25T17:11:32+00:00\" \/>\n\t\t<meta name=\"twitter:card\" content=\"summary_large_image\" \/>\n\t\t<meta name=\"twitter:title\" content=\"Webinario \u00a1Ley de Humedales YA! - CAUCE\" \/>\n\t\t<meta name=\"twitter:description\" content=\"Las organizaciones argentinas que integramos el programa Humedales sin Fronteras -Fundaci\u00f3n CAUCE, FARN, Casa R\u00edo y Taller Ecologista- presentamos nuestro documento de posici\u00f3n camino a una Ley de Humedales. El webinario se realizar\u00e1 el 26 de agosto a las 15:00 por YouTube y contar\u00e1 con las exposiciones de especialistas de distintas regiones de humedales de\" \/>\n\t\t<script type=\"application\/ld+json\" class=\"aioseo-schema\">\n\t\t\t{\"@context\":\"https:\\\/\\\/schema.org\",\"@graph\":[{\"@type\":\"BlogPosting\",\"@id\":\"https:\\\/\\\/cauceecologico.org\\\/?p=2174#blogposting\",\"name\":\"Webinario \\u00a1Ley de Humedales YA! - CAUCE\",\"headline\":\"Webinario \\u00a1Ley de Humedales YA!\",\"author\":{\"@id\":\"https:\\\/\\\/cauceecologico.org\\\/?author=2#author\"},\"publisher\":{\"@id\":\"https:\\\/\\\/cauceecologico.org\\\/#organization\"},\"image\":{\"@type\":\"ImageObject\",\"url\":\"https:\\\/\\\/cauceecologico.org\\\/wp-content\\\/uploads\\\/2020\\\/08\\\/paisaje2.png\",\"width\":1920,\"height\":1034},\"datePublished\":\"2020-08-24T23:02:40+00:00\",\"dateModified\":\"2020-08-25T17:11:32+00:00\",\"inLanguage\":\"es-ES\",\"mainEntityOfPage\":{\"@id\":\"https:\\\/\\\/cauceecologico.org\\\/?p=2174#webpage\"},\"isPartOf\":{\"@id\":\"https:\\\/\\\/cauceecologico.org\\\/?p=2174#webpage\"},\"articleSection\":\"Destacados, Noticias, Nuestro trabajo\"},{\"@type\":\"BreadcrumbList\",\"@id\":\"https:\\\/\\\/cauceecologico.org\\\/?p=2174#breadcrumblist\",\"itemListElement\":[{\"@type\":\"ListItem\",\"@id\":\"https:\\\/\\\/cauceecologico.org#listItem\",\"position\":1,\"name\":\"Home\",\"item\":\"https:\\\/\\\/cauceecologico.org\",\"nextItem\":{\"@type\":\"ListItem\",\"@id\":\"https:\\\/\\\/cauceecologico.org\\\/?cat=2#listItem\",\"name\":\"Nuestro trabajo\"}},{\"@type\":\"ListItem\",\"@id\":\"https:\\\/\\\/cauceecologico.org\\\/?cat=2#listItem\",\"position\":2,\"name\":\"Nuestro trabajo\",\"item\":\"https:\\\/\\\/cauceecologico.org\\\/?cat=2\",\"nextItem\":{\"@type\":\"ListItem\",\"@id\":\"https:\\\/\\\/cauceecologico.org\\\/?p=2174#listItem\",\"name\":\"Webinario \\u00a1Ley de Humedales YA!\"},\"previousItem\":{\"@type\":\"ListItem\",\"@id\":\"https:\\\/\\\/cauceecologico.org#listItem\",\"name\":\"Home\"}},{\"@type\":\"ListItem\",\"@id\":\"https:\\\/\\\/cauceecologico.org\\\/?p=2174#listItem\",\"position\":3,\"name\":\"Webinario \\u00a1Ley de Humedales YA!\",\"previousItem\":{\"@type\":\"ListItem\",\"@id\":\"https:\\\/\\\/cauceecologico.org\\\/?cat=2#listItem\",\"name\":\"Nuestro trabajo\"}}]},{\"@type\":\"Organization\",\"@id\":\"https:\\\/\\\/cauceecologico.org\\\/#organization\",\"name\":\"CAUCE\",\"description\":\"Cultura Ambiental - Causa Ecologista\",\"url\":\"https:\\\/\\\/cauceecologico.org\\\/\"},{\"@type\":\"Person\",\"@id\":\"https:\\\/\\\/cauceecologico.org\\\/?author=2#author\",\"url\":\"https:\\\/\\\/cauceecologico.org\\\/?author=2\",\"name\":\"Ana Lucia Vergara\",\"image\":{\"@type\":\"ImageObject\",\"@id\":\"https:\\\/\\\/cauceecologico.org\\\/?p=2174#authorImage\",\"url\":\"https:\\\/\\\/secure.gravatar.com\\\/avatar\\\/e8720df08f5c466573fb9f3d6cec14bcac9a305e2049123e58e6bc9c03f3a77b?s=96&d=mm&r=g\",\"width\":96,\"height\":96,\"caption\":\"Ana Lucia Vergara\"}},{\"@type\":\"WebPage\",\"@id\":\"https:\\\/\\\/cauceecologico.org\\\/?p=2174#webpage\",\"url\":\"https:\\\/\\\/cauceecologico.org\\\/?p=2174\",\"name\":\"Webinario \\u00a1Ley de Humedales YA! - CAUCE\",\"description\":\"Las organizaciones argentinas que integramos el programa Humedales sin Fronteras -Fundaci\\u00f3n CAUCE, FARN, Casa R\\u00edo y Taller Ecologista- presentamos nuestro documento de posici\\u00f3n camino a una Ley de Humedales. El webinario se realizar\\u00e1 el 26 de agosto a las 15:00 por YouTube y contar\\u00e1 con las exposiciones de especialistas de distintas regiones de humedales de\",\"inLanguage\":\"es-ES\",\"isPartOf\":{\"@id\":\"https:\\\/\\\/cauceecologico.org\\\/#website\"},\"breadcrumb\":{\"@id\":\"https:\\\/\\\/cauceecologico.org\\\/?p=2174#breadcrumblist\"},\"author\":{\"@id\":\"https:\\\/\\\/cauceecologico.org\\\/?author=2#author\"},\"creator\":{\"@id\":\"https:\\\/\\\/cauceecologico.org\\\/?author=2#author\"},\"image\":{\"@type\":\"ImageObject\",\"url\":\"https:\\\/\\\/cauceecologico.org\\\/wp-content\\\/uploads\\\/2020\\\/08\\\/paisaje2.png\",\"@id\":\"https:\\\/\\\/cauceecologico.org\\\/?p=2174\\\/#mainImage\",\"width\":1920,\"height\":1034},\"primaryImageOfPage\":{\"@id\":\"https:\\\/\\\/cauceecologico.org\\\/?p=2174#mainImage\"},\"datePublished\":\"2020-08-24T23:02:40+00:00\",\"dateModified\":\"2020-08-25T17:11:32+00:00\"},{\"@type\":\"WebSite\",\"@id\":\"https:\\\/\\\/cauceecologico.org\\\/#website\",\"url\":\"https:\\\/\\\/cauceecologico.org\\\/\",\"name\":\"CAUCE\",\"description\":\"Cultura Ambiental - Causa Ecologista\",\"inLanguage\":\"es-ES\",\"publisher\":{\"@id\":\"https:\\\/\\\/cauceecologico.org\\\/#organization\"}}]}\n\t\t<\/script>\n\t\t<!-- All in One SEO -->\n\n","aioseo_head_json":{"title":"Webinario \u00a1Ley de Humedales YA! - CAUCE","description":"Las organizaciones argentinas que integramos el programa Humedales sin Fronteras -Fundaci\u00f3n CAUCE, FARN, Casa R\u00edo y Taller Ecologista- presentamos nuestro documento de posici\u00f3n camino a una Ley de Humedales. El webinario se realizar\u00e1 el 26 de agosto a las 15:00 por YouTube y contar\u00e1 con las exposiciones de especialistas de distintas regiones de humedales de","canonical_url":"https:\/\/cauceecologico.org\/?p=2174","robots":"max-image-preview:large","keywords":"","webmasterTools":{"miscellaneous":""},"schema":{"@context":"https:\/\/schema.org","@graph":[{"@type":"BlogPosting","@id":"https:\/\/cauceecologico.org\/?p=2174#blogposting","name":"Webinario \u00a1Ley de Humedales YA! - CAUCE","headline":"Webinario \u00a1Ley de Humedales YA!","author":{"@id":"https:\/\/cauceecologico.org\/?author=2#author"},"publisher":{"@id":"https:\/\/cauceecologico.org\/#organization"},"image":{"@type":"ImageObject","url":"https:\/\/cauceecologico.org\/wp-content\/uploads\/2020\/08\/paisaje2.png","width":1920,"height":1034},"datePublished":"2020-08-24T23:02:40+00:00","dateModified":"2020-08-25T17:11:32+00:00","inLanguage":"es-ES","mainEntityOfPage":{"@id":"https:\/\/cauceecologico.org\/?p=2174#webpage"},"isPartOf":{"@id":"https:\/\/cauceecologico.org\/?p=2174#webpage"},"articleSection":"Destacados, Noticias, Nuestro trabajo"},{"@type":"BreadcrumbList","@id":"https:\/\/cauceecologico.org\/?p=2174#breadcrumblist","itemListElement":[{"@type":"ListItem","@id":"https:\/\/cauceecologico.org#listItem","position":1,"name":"Home","item":"https:\/\/cauceecologico.org","nextItem":{"@type":"ListItem","@id":"https:\/\/cauceecologico.org\/?cat=2#listItem","name":"Nuestro trabajo"}},{"@type":"ListItem","@id":"https:\/\/cauceecologico.org\/?cat=2#listItem","position":2,"name":"Nuestro trabajo","item":"https:\/\/cauceecologico.org\/?cat=2","nextItem":{"@type":"ListItem","@id":"https:\/\/cauceecologico.org\/?p=2174#listItem","name":"Webinario \u00a1Ley de Humedales YA!"},"previousItem":{"@type":"ListItem","@id":"https:\/\/cauceecologico.org#listItem","name":"Home"}},{"@type":"ListItem","@id":"https:\/\/cauceecologico.org\/?p=2174#listItem","position":3,"name":"Webinario \u00a1Ley de Humedales YA!","previousItem":{"@type":"ListItem","@id":"https:\/\/cauceecologico.org\/?cat=2#listItem","name":"Nuestro trabajo"}}]},{"@type":"Organization","@id":"https:\/\/cauceecologico.org\/#organization","name":"CAUCE","description":"Cultura Ambiental - Causa Ecologista","url":"https:\/\/cauceecologico.org\/"},{"@type":"Person","@id":"https:\/\/cauceecologico.org\/?author=2#author","url":"https:\/\/cauceecologico.org\/?author=2","name":"Ana Lucia Vergara","image":{"@type":"ImageObject","@id":"https:\/\/cauceecologico.org\/?p=2174#authorImage","url":"https:\/\/secure.gravatar.com\/avatar\/e8720df08f5c466573fb9f3d6cec14bcac9a305e2049123e58e6bc9c03f3a77b?s=96&d=mm&r=g","width":96,"height":96,"caption":"Ana Lucia Vergara"}},{"@type":"WebPage","@id":"https:\/\/cauceecologico.org\/?p=2174#webpage","url":"https:\/\/cauceecologico.org\/?p=2174","name":"Webinario \u00a1Ley de Humedales YA! - CAUCE","description":"Las organizaciones argentinas que integramos el programa Humedales sin Fronteras -Fundaci\u00f3n CAUCE, FARN, Casa R\u00edo y Taller Ecologista- presentamos nuestro documento de posici\u00f3n camino a una Ley de Humedales. El webinario se realizar\u00e1 el 26 de agosto a las 15:00 por YouTube y contar\u00e1 con las exposiciones de especialistas de distintas regiones de humedales de","inLanguage":"es-ES","isPartOf":{"@id":"https:\/\/cauceecologico.org\/#website"},"breadcrumb":{"@id":"https:\/\/cauceecologico.org\/?p=2174#breadcrumblist"},"author":{"@id":"https:\/\/cauceecologico.org\/?author=2#author"},"creator":{"@id":"https:\/\/cauceecologico.org\/?author=2#author"},"image":{"@type":"ImageObject","url":"https:\/\/cauceecologico.org\/wp-content\/uploads\/2020\/08\/paisaje2.png","@id":"https:\/\/cauceecologico.org\/?p=2174\/#mainImage","width":1920,"height":1034},"primaryImageOfPage":{"@id":"https:\/\/cauceecologico.org\/?p=2174#mainImage"},"datePublished":"2020-08-24T23:02:40+00:00","dateModified":"2020-08-25T17:11:32+00:00"},{"@type":"WebSite","@id":"https:\/\/cauceecologico.org\/#website","url":"https:\/\/cauceecologico.org\/","name":"CAUCE","description":"Cultura Ambiental - Causa Ecologista","inLanguage":"es-ES","publisher":{"@id":"https:\/\/cauceecologico.org\/#organization"}}]},"og:locale":"es_ES","og:site_name":"CAUCE - Cultura Ambiental - Causa Ecologista","og:type":"article","og:title":"Webinario \u00a1Ley de Humedales YA! - CAUCE","og:description":"Las organizaciones argentinas que integramos el programa Humedales sin Fronteras -Fundaci\u00f3n CAUCE, FARN, Casa R\u00edo y Taller Ecologista- presentamos nuestro documento de posici\u00f3n camino a una Ley de Humedales. El webinario se realizar\u00e1 el 26 de agosto a las 15:00 por YouTube y contar\u00e1 con las exposiciones de especialistas de distintas regiones de humedales de","og:url":"https:\/\/cauceecologico.org\/?p=2174","article:published_time":"2020-08-24T23:02:40+00:00","article:modified_time":"2020-08-25T17:11:32+00:00","twitter:card":"summary_large_image","twitter:title":"Webinario \u00a1Ley de Humedales YA! - CAUCE","twitter:description":"Las organizaciones argentinas que integramos el programa Humedales sin Fronteras -Fundaci\u00f3n CAUCE, FARN, Casa R\u00edo y Taller Ecologista- presentamos nuestro documento de posici\u00f3n camino a una Ley de Humedales. El webinario se realizar\u00e1 el 26 de agosto a las 15:00 por YouTube y contar\u00e1 con las exposiciones de especialistas de distintas regiones de humedales de"},"aioseo_meta_data":{"post_id":"2174","title":null,"description":null,"keywords":null,"keyphrases":null,"primary_term":null,"canonical_url":null,"og_title":null,"og_description":null,"og_object_type":"default","og_image_type":"default","og_image_url":null,"og_image_width":null,"og_image_height":null,"og_image_custom_url":null,"og_image_custom_fields":null,"og_video":null,"og_custom_url":null,"og_article_section":null,"og_article_tags":null,"twitter_use_og":false,"twitter_card":"default","twitter_image_type":"default","twitter_image_url":null,"twitter_image_custom_url":null,"twitter_image_custom_fields":null,"twitter_title":null,"twitter_description":null,"schema":{"blockGraphs":[],"customGraphs":[],"default":{"data":{"Article":[],"Course":[],"Dataset":[],"FAQPage":[],"Movie":[],"Person":[],"Product":[],"ProductReview":[],"Car":[],"Recipe":[],"Service":[],"SoftwareApplication":[],"WebPage":[]},"graphName":"","isEnabled":true},"graphs":[]},"schema_type":"default","schema_type_options":null,"pillar_content":false,"robots_default":true,"robots_noindex":false,"robots_noarchive":false,"robots_nosnippet":false,"robots_nofollow":false,"robots_noimageindex":false,"robots_noodp":false,"robots_notranslate":false,"robots_max_snippet":null,"robots_max_videopreview":null,"robots_max_imagepreview":"large","priority":null,"frequency":null,"local_seo":null,"limit_modified_date":false,"created":"2023-03-16 20:31:38","updated":"2026-07-28 01:07:19","ai":null,"breadcrumb_settings":null,"seo_analyzer_scan_date":null},"aioseo_breadcrumb":"<div class=\"aioseo-breadcrumbs\"><span class=\"aioseo-breadcrumb\">\n\t\t\t<a href=\"https:\/\/cauceecologico.org\" title=\"Home\">Home<\/a>\n\t\t<\/span><span class=\"aioseo-breadcrumb-separator\">&raquo;<\/span><span class=\"aioseo-breadcrumb\">\n\t\t\t<a href=\"https:\/\/cauceecologico.org\/?cat=2\" title=\"Nuestro trabajo\">Nuestro trabajo<\/a>\n\t\t<\/span><span class=\"aioseo-breadcrumb-separator\">&raquo;<\/span><span class=\"aioseo-breadcrumb\">\n\t\t\tWebinario \u00a1Ley de Humedales YA!\n\t\t<\/span><\/div>","aioseo_breadcrumb_json":[{"label":"Home","link":"https:\/\/cauceecologico.org"},{"label":"Nuestro trabajo","link":"https:\/\/cauceecologico.org\/?cat=2"},{"label":"Webinario \u00a1Ley de Humedales YA!","link":"https:\/\/cauceecologico.org\/?p=2174"}],"_links":{"self":[{"href":"https:\/\/cauceecologico.org\/index.php?rest_route=\/wp\/v2\/posts\/2174","targetHints":{"allow":["GET"]}}],"collection":[{"href":"https:\/\/cauceecologico.org\/index.php?rest_route=\/wp\/v2\/posts"}],"about":[{"href":"https:\/\/cauceecologico.org\/index.php?rest_route=\/wp\/v2\/types\/post"}],"author":[{"embeddable":true,"href":"https:\/\/cauceecologico.org\/index.php?rest_route=\/wp\/v2\/users\/2"}],"replies":[{"embeddable":true,"href":"https:\/\/cauceecologico.org\/index.php?rest_route=%2Fwp%2Fv2%2Fcomments&post=2174"}],"version-history":[{"count":7,"href":"https:\/\/cauceecologico.org\/index.php?rest_route=\/wp\/v2\/posts\/2174\/revisions"}],"predecessor-version":[{"id":2200,"href":"https:\/\/cauceecologico.org\/index.php?rest_route=\/wp\/v2\/posts\/2174\/revisions\/2200"}],"wp:featuredmedia":[{"embeddable":true,"href":"https:\/\/cauceecologico.org\/index.php?rest_route=\/wp\/v2\/media\/2175"}],"wp:attachment":[{"href":"https:\/\/cauceecologico.org\/index.php?rest_route=%2Fwp%2Fv2%2Fmedia&parent=2174"}],"wp:term":[{"taxonomy":"category","embeddable":true,"href":"https:\/\/cauceecologico.org\/index.php?rest_route=%2Fwp%2Fv2%2Fcategories&post=2174"},{"taxonomy":"post_tag","embeddable":true,"href":"https:\/\/cauceecologico.org\/index.php?rest_route=%2Fwp%2Fv2%2Ftags&post=2174"}],"curies":[{"name":"wp","href":"https:\/\/api.w.org\/{rel}","templated":true}]}}