{"id":2264,"date":"2020-09-17T14:13:46","date_gmt":"2020-09-17T14:13:46","guid":{"rendered":"http:\/\/cauceecologico.org\/?p=2264"},"modified":"2020-09-17T14:15:59","modified_gmt":"2020-09-17T14:15:59","slug":"pedido-de-impugnacion-de-audiencia-publica-sobre-planta-de-arenas-siliceas-de-ypf-en-ibicuy","status":"publish","type":"post","link":"https:\/\/cauceecologico.org\/?p=2264","title":{"rendered":"Pedido de impugnaci\u00f3n de audiencia p\u00fablica sobre planta de arenas sil\u00edceas de YPF en Ibicuy"},"content":{"rendered":"<p><span style=\"color: #333333;\">Fundaci\u00f3n CAUCE, con el apoyo de AGMER , vecinos, vecinas y organizaciones ambientalistas, present\u00f3 hoy un pedido de impugnaci\u00f3n a la audiencia p\u00fablica \u00abSocializaci\u00f3n de Estudio de Impacto Ambiental. Planta de beneficio (lavado y clasificaci\u00f3n de arena) Cantera &#8216;El Mangrullo'\u00bb, convocada por la <span style=\"color: #3366ff;\"><a style=\"color: #3366ff;\" href=\"https:\/\/www.facebook.com\/municipalidad.ibicuyof\/photos\/a.499605240202476\/1650195621810093\/\">Municipalidad de Ibicuy<\/a> <\/span>para este jueves a las 10:00 por radio FM L\u00edder. En nuestro petitorio damos cuentas de las graves irregularidades con las que se pretende hacer esta audiencia y el proceso previo de acceso a la informaci\u00f3n p\u00fablica de una actividad que pretender contribuir al fracking, t\u00e9cnica prohibida por <span style=\"color: #3366ff;\"><a style=\"color: #3366ff;\" href=\"http:\/\/argentinambiental.com\/legislacion\/entre-rios\/ley-10477-prohibicion-la-prospeccion-exploracion-explotacion-hidrocarburos-liquidos-gaseosos\/#:~:text=LEY%3A,de%20fractura%20hidr%C3%A1ulica%20(Fracking).\">ley<\/a><\/span> en todo el territorio de nuestra provincia y por ordenanza municipal en Ibicuy.<\/span><\/p>\n<p><img loading=\"lazy\" decoding=\"async\" class=\"alignnone wp-image-2266 size-full\" src=\"http:\/\/cauceecologico.org\/wp-content\/uploads\/2020\/09\/118865708_1650195628476759_1069688002135453377_o.jpg\" alt=\"\" width=\"1279\" height=\"1280\" srcset=\"https:\/\/cauceecologico.org\/wp-content\/uploads\/2020\/09\/118865708_1650195628476759_1069688002135453377_o.jpg 1279w, https:\/\/cauceecologico.org\/wp-content\/uploads\/2020\/09\/118865708_1650195628476759_1069688002135453377_o-300x300.jpg 300w, https:\/\/cauceecologico.org\/wp-content\/uploads\/2020\/09\/118865708_1650195628476759_1069688002135453377_o-1024x1024.jpg 1024w, https:\/\/cauceecologico.org\/wp-content\/uploads\/2020\/09\/118865708_1650195628476759_1069688002135453377_o-150x150.jpg 150w, https:\/\/cauceecologico.org\/wp-content\/uploads\/2020\/09\/118865708_1650195628476759_1069688002135453377_o-768x769.jpg 768w\" sizes=\"auto, (max-width: 1279px) 100vw, 1279px\" \/><\/p>\n<p>En la presentaci\u00f3n expresamos que el estudio de impacto ambiental de la planta no fue correctamente puesto a disposici\u00f3n de la ciudadan\u00eda para su adecuado y efectivo estudio y an\u00e1lisis, lo que viola los principios que inspiran el derecho de acceso a la informaci\u00f3n p\u00fablica. Destacamos que en un asunto tan complejo como es el emprendimiento que pretende realizar YPF, la ciudadan\u00eda necesita disponer de un tiempo mayor a 15 d\u00edas h\u00e1biles para evaluar los informes y poder hacer las preguntas y consultas pertinentes. Como as\u00ed tambi\u00e9n, que un espacio radial en el que s\u00f3lo exponen los especialistas de la empresa no permite una real participaci\u00f3n ciudadana.<\/p>\n<p>Asimismo, se\u00f1alamos que el \u00e1rea donde desarrollar\u00e1 sus actividades YPF es un \u00e1rea sensible por ser de humedales y se encuentra dentro de un \u00e1rea natural protegida (Ley Provincial 9718). Cuesti\u00f3n vital en un contexto en que los humedales se encuentran en grave peligro y es urgente detener cualquier actividad extractiva que los impacte.<\/p>\n<p>\u00abEstas actividades da\u00f1osas claramente no tienen licencia social por parte de la ciudadan\u00eda entrerriana, que mediante el ejercicio de los derechos constitucionales a la libertad de expresi\u00f3n y petici\u00f3n a las autoridades, exige a la provincia y la naci\u00f3n una ley de humedales donde se garantice la preservaci\u00f3n y conservaci\u00f3n de los mismos y se proh\u00edban determinados usos. M\u00e1s a\u00fan en este tiempo de pandemia, creemos necesario evitar mayor conflictividad social. Y por eso entendemos que el tratamiento de un tema tan cuestionado como es el aliento a la producci\u00f3n de arenas para fracking en el marco de la actual sanitaria y socio-ambiental, socava no solo el respeto a la participaci\u00f3n ciudadana sino que tambi\u00e9n expone a la ciudadan\u00eda a situaciones de contagio\u00bb, expresamos en la solicitud.<\/p>\n<p>La presentaci\u00f3n, que cuenta con las firmas del Foro Ambiental de Gualeguay, 350.org Argentina, MNR Gualeguaych\u00fa (universitarios por el ambiente), el partido GEN Entre R\u00edos; la Asamblea Ciudadana Concordia, Agmer Paran\u00e1, Libertad de los r\u00edos, y Viva el r\u00edo Gualeguay, entre otras, solicita al Presidente Municipal de Ibicuy, Gustavo Rold\u00e1n, la inmediata suspensi\u00f3n y anulaci\u00f3n de la audiencia p\u00fablica por no cumplir con las normas jur\u00eddicas que la regulan y por ser una actividad que no tiene licencia social en la provincia, dejando expresa reserva legal de accionar judicialmente en caso de no hacerse lugar a la presente impugnaci\u00f3n.<\/p>\n<p><span style=\"color: #3366ff;\"><a style=\"color: #3366ff;\" href=\"http:\/\/cauceecologico.org\/wp-content\/uploads\/2020\/09\/Presentaci\u00f3n-de-Impugnaci\u00f3n-Audiencia.pdf\">Presentaci\u00f3n de Impugnaci\u00f3n Audiencia<\/a><\/span><\/p>\n<p style=\"text-align: right;\">17\/09\/20<\/p>\n<p>&nbsp;<\/p>\n<p>&nbsp;<\/p>\n<p>&nbsp;<\/p>\n","protected":false},"excerpt":{"rendered":"<p>Fundaci\u00f3n CAUCE, con el apoyo de AGMER , vecinos, vecinas y organizaciones ambientalistas, present\u00f3 hoy un pedido de impugnaci\u00f3n a la audiencia p\u00fablica \u00abSocializaci\u00f3n de Estudio de Impacto Ambiental. Planta de beneficio (lavado y clasificaci\u00f3n de arena) Cantera &#8216;El Mangrullo&#8217;\u00bb, convocada por la Municipalidad de Ibicuy para este jueves a las 10:00 por radio FM [&hellip;]<\/p>\n","protected":false},"author":2,"featured_media":2267,"comment_status":"open","ping_status":"open","sticky":false,"template":"","format":"standard","meta":{"om_disable_all_campaigns":false,"_monsterinsights_skip_tracking":false,"amp_status":"","footnotes":""},"categories":[6,5],"tags":[],"class_list":["post-2264","post","type-post","status-publish","format-standard","has-post-thumbnail","hentry","category-destacados","category-noticias"],"aioseo_notices":[],"aioseo_head":"\n\t\t<!-- All in One SEO 4.9.10 - aioseo.com -->\n\t<meta name=\"description\" content=\"Fundaci\u00f3n CAUCE, con el apoyo de AGMER , vecinos, vecinas y organizaciones ambientalistas, present\u00f3 hoy un pedido de impugnaci\u00f3n a la audiencia p\u00fablica &quot;Socializaci\u00f3n de Estudio de Impacto Ambiental. Planta de beneficio (lavado y clasificaci\u00f3n de arena) Cantera &#039;El Mangrullo&#039;&quot;, convocada por la Municipalidad de Ibicuy para este jueves a las 10:00 por radio FM\" \/>\n\t<meta name=\"robots\" content=\"max-image-preview:large\" \/>\n\t<meta name=\"author\" content=\"Ana Lucia Vergara\"\/>\n\t<link rel=\"canonical\" href=\"https:\/\/cauceecologico.org\/?p=2264\" \/>\n\t<meta name=\"generator\" content=\"All in One SEO (AIOSEO) 4.9.10\" \/>\n\t\t<meta property=\"og:locale\" content=\"es_ES\" \/>\n\t\t<meta property=\"og:site_name\" content=\"CAUCE - Cultura Ambiental - Causa Ecologista\" \/>\n\t\t<meta property=\"og:type\" content=\"article\" \/>\n\t\t<meta property=\"og:title\" content=\"Pedido de impugnaci\u00f3n de audiencia p\u00fablica sobre planta de arenas sil\u00edceas de YPF en Ibicuy - CAUCE\" \/>\n\t\t<meta property=\"og:description\" content=\"Fundaci\u00f3n CAUCE, con el apoyo de AGMER , vecinos, vecinas y organizaciones ambientalistas, present\u00f3 hoy un pedido de impugnaci\u00f3n a la audiencia p\u00fablica &quot;Socializaci\u00f3n de Estudio de Impacto Ambiental. Planta de beneficio (lavado y clasificaci\u00f3n de arena) Cantera &#039;El Mangrullo&#039;&quot;, convocada por la Municipalidad de Ibicuy para este jueves a las 10:00 por radio FM\" \/>\n\t\t<meta property=\"og:url\" content=\"https:\/\/cauceecologico.org\/?p=2264\" \/>\n\t\t<meta property=\"article:published_time\" content=\"2020-09-17T14:13:46+00:00\" \/>\n\t\t<meta property=\"article:modified_time\" content=\"2020-09-17T14:15:59+00:00\" \/>\n\t\t<meta name=\"twitter:card\" content=\"summary_large_image\" \/>\n\t\t<meta name=\"twitter:title\" content=\"Pedido de impugnaci\u00f3n de audiencia p\u00fablica sobre planta de arenas sil\u00edceas de YPF en Ibicuy - CAUCE\" \/>\n\t\t<meta name=\"twitter:description\" content=\"Fundaci\u00f3n CAUCE, con el apoyo de AGMER , vecinos, vecinas y organizaciones ambientalistas, present\u00f3 hoy un pedido de impugnaci\u00f3n a la audiencia p\u00fablica &quot;Socializaci\u00f3n de Estudio de Impacto Ambiental. Planta de beneficio (lavado y clasificaci\u00f3n de arena) Cantera &#039;El Mangrullo&#039;&quot;, convocada por la Municipalidad de Ibicuy para este jueves a las 10:00 por radio FM\" \/>\n\t\t<script type=\"application\/ld+json\" class=\"aioseo-schema\">\n\t\t\t{\"@context\":\"https:\\\/\\\/schema.org\",\"@graph\":[{\"@type\":\"BlogPosting\",\"@id\":\"https:\\\/\\\/cauceecologico.org\\\/?p=2264#blogposting\",\"name\":\"Pedido de impugnaci\\u00f3n de audiencia p\\u00fablica sobre planta de arenas sil\\u00edceas de YPF en Ibicuy - CAUCE\",\"headline\":\"Pedido de impugnaci\\u00f3n de audiencia p\\u00fablica sobre planta de arenas sil\\u00edceas de YPF en Ibicuy\",\"author\":{\"@id\":\"https:\\\/\\\/cauceecologico.org\\\/?author=2#author\"},\"publisher\":{\"@id\":\"https:\\\/\\\/cauceecologico.org\\\/#organization\"},\"image\":{\"@type\":\"ImageObject\",\"url\":\"https:\\\/\\\/cauceecologico.org\\\/wp-content\\\/uploads\\\/2020\\\/09\\\/Screen-Shot-2020-07-02-at-19.15.16.png\",\"width\":1121,\"height\":626},\"datePublished\":\"2020-09-17T14:13:46+00:00\",\"dateModified\":\"2020-09-17T14:15:59+00:00\",\"inLanguage\":\"es-ES\",\"mainEntityOfPage\":{\"@id\":\"https:\\\/\\\/cauceecologico.org\\\/?p=2264#webpage\"},\"isPartOf\":{\"@id\":\"https:\\\/\\\/cauceecologico.org\\\/?p=2264#webpage\"},\"articleSection\":\"Destacados, Noticias\"},{\"@type\":\"BreadcrumbList\",\"@id\":\"https:\\\/\\\/cauceecologico.org\\\/?p=2264#breadcrumblist\",\"itemListElement\":[{\"@type\":\"ListItem\",\"@id\":\"https:\\\/\\\/cauceecologico.org#listItem\",\"position\":1,\"name\":\"Home\",\"item\":\"https:\\\/\\\/cauceecologico.org\",\"nextItem\":{\"@type\":\"ListItem\",\"@id\":\"https:\\\/\\\/cauceecologico.org\\\/?cat=5#listItem\",\"name\":\"Noticias\"}},{\"@type\":\"ListItem\",\"@id\":\"https:\\\/\\\/cauceecologico.org\\\/?cat=5#listItem\",\"position\":2,\"name\":\"Noticias\",\"item\":\"https:\\\/\\\/cauceecologico.org\\\/?cat=5\",\"nextItem\":{\"@type\":\"ListItem\",\"@id\":\"https:\\\/\\\/cauceecologico.org\\\/?p=2264#listItem\",\"name\":\"Pedido de impugnaci\\u00f3n de audiencia p\\u00fablica sobre planta de arenas sil\\u00edceas de YPF en Ibicuy\"},\"previousItem\":{\"@type\":\"ListItem\",\"@id\":\"https:\\\/\\\/cauceecologico.org#listItem\",\"name\":\"Home\"}},{\"@type\":\"ListItem\",\"@id\":\"https:\\\/\\\/cauceecologico.org\\\/?p=2264#listItem\",\"position\":3,\"name\":\"Pedido de impugnaci\\u00f3n de audiencia p\\u00fablica sobre planta de arenas sil\\u00edceas de YPF en Ibicuy\",\"previousItem\":{\"@type\":\"ListItem\",\"@id\":\"https:\\\/\\\/cauceecologico.org\\\/?cat=5#listItem\",\"name\":\"Noticias\"}}]},{\"@type\":\"Organization\",\"@id\":\"https:\\\/\\\/cauceecologico.org\\\/#organization\",\"name\":\"CAUCE\",\"description\":\"Cultura Ambiental - Causa Ecologista\",\"url\":\"https:\\\/\\\/cauceecologico.org\\\/\"},{\"@type\":\"Person\",\"@id\":\"https:\\\/\\\/cauceecologico.org\\\/?author=2#author\",\"url\":\"https:\\\/\\\/cauceecologico.org\\\/?author=2\",\"name\":\"Ana Lucia Vergara\",\"image\":{\"@type\":\"ImageObject\",\"@id\":\"https:\\\/\\\/cauceecologico.org\\\/?p=2264#authorImage\",\"url\":\"https:\\\/\\\/secure.gravatar.com\\\/avatar\\\/e8720df08f5c466573fb9f3d6cec14bcac9a305e2049123e58e6bc9c03f3a77b?s=96&d=mm&r=g\",\"width\":96,\"height\":96,\"caption\":\"Ana Lucia Vergara\"}},{\"@type\":\"WebPage\",\"@id\":\"https:\\\/\\\/cauceecologico.org\\\/?p=2264#webpage\",\"url\":\"https:\\\/\\\/cauceecologico.org\\\/?p=2264\",\"name\":\"Pedido de impugnaci\\u00f3n de audiencia p\\u00fablica sobre planta de arenas sil\\u00edceas de YPF en Ibicuy - CAUCE\",\"description\":\"Fundaci\\u00f3n CAUCE, con el apoyo de AGMER , vecinos, vecinas y organizaciones ambientalistas, present\\u00f3 hoy un pedido de impugnaci\\u00f3n a la audiencia p\\u00fablica \\\"Socializaci\\u00f3n de Estudio de Impacto Ambiental. Planta de beneficio (lavado y clasificaci\\u00f3n de arena) Cantera 'El Mangrullo'\\\", convocada por la Municipalidad de Ibicuy para este jueves a las 10:00 por radio FM\",\"inLanguage\":\"es-ES\",\"isPartOf\":{\"@id\":\"https:\\\/\\\/cauceecologico.org\\\/#website\"},\"breadcrumb\":{\"@id\":\"https:\\\/\\\/cauceecologico.org\\\/?p=2264#breadcrumblist\"},\"author\":{\"@id\":\"https:\\\/\\\/cauceecologico.org\\\/?author=2#author\"},\"creator\":{\"@id\":\"https:\\\/\\\/cauceecologico.org\\\/?author=2#author\"},\"image\":{\"@type\":\"ImageObject\",\"url\":\"https:\\\/\\\/cauceecologico.org\\\/wp-content\\\/uploads\\\/2020\\\/09\\\/Screen-Shot-2020-07-02-at-19.15.16.png\",\"@id\":\"https:\\\/\\\/cauceecologico.org\\\/?p=2264\\\/#mainImage\",\"width\":1121,\"height\":626},\"primaryImageOfPage\":{\"@id\":\"https:\\\/\\\/cauceecologico.org\\\/?p=2264#mainImage\"},\"datePublished\":\"2020-09-17T14:13:46+00:00\",\"dateModified\":\"2020-09-17T14:15:59+00:00\"},{\"@type\":\"WebSite\",\"@id\":\"https:\\\/\\\/cauceecologico.org\\\/#website\",\"url\":\"https:\\\/\\\/cauceecologico.org\\\/\",\"name\":\"CAUCE\",\"description\":\"Cultura Ambiental - Causa Ecologista\",\"inLanguage\":\"es-ES\",\"publisher\":{\"@id\":\"https:\\\/\\\/cauceecologico.org\\\/#organization\"}}]}\n\t\t<\/script>\n\t\t<!-- All in One SEO -->\n\n","aioseo_head_json":{"title":"Pedido de impugnaci\u00f3n de audiencia p\u00fablica sobre planta de arenas sil\u00edceas de YPF en Ibicuy - CAUCE","description":"Fundaci\u00f3n CAUCE, con el apoyo de AGMER , vecinos, vecinas y organizaciones ambientalistas, present\u00f3 hoy un pedido de impugnaci\u00f3n a la audiencia p\u00fablica \"Socializaci\u00f3n de Estudio de Impacto Ambiental. Planta de beneficio (lavado y clasificaci\u00f3n de arena) Cantera 'El Mangrullo'\", convocada por la Municipalidad de Ibicuy para este jueves a las 10:00 por radio FM","canonical_url":"https:\/\/cauceecologico.org\/?p=2264","robots":"max-image-preview:large","keywords":"","webmasterTools":{"miscellaneous":""},"schema":{"@context":"https:\/\/schema.org","@graph":[{"@type":"BlogPosting","@id":"https:\/\/cauceecologico.org\/?p=2264#blogposting","name":"Pedido de impugnaci\u00f3n de audiencia p\u00fablica sobre planta de arenas sil\u00edceas de YPF en Ibicuy - CAUCE","headline":"Pedido de impugnaci\u00f3n de audiencia p\u00fablica sobre planta de arenas sil\u00edceas de YPF en Ibicuy","author":{"@id":"https:\/\/cauceecologico.org\/?author=2#author"},"publisher":{"@id":"https:\/\/cauceecologico.org\/#organization"},"image":{"@type":"ImageObject","url":"https:\/\/cauceecologico.org\/wp-content\/uploads\/2020\/09\/Screen-Shot-2020-07-02-at-19.15.16.png","width":1121,"height":626},"datePublished":"2020-09-17T14:13:46+00:00","dateModified":"2020-09-17T14:15:59+00:00","inLanguage":"es-ES","mainEntityOfPage":{"@id":"https:\/\/cauceecologico.org\/?p=2264#webpage"},"isPartOf":{"@id":"https:\/\/cauceecologico.org\/?p=2264#webpage"},"articleSection":"Destacados, Noticias"},{"@type":"BreadcrumbList","@id":"https:\/\/cauceecologico.org\/?p=2264#breadcrumblist","itemListElement":[{"@type":"ListItem","@id":"https:\/\/cauceecologico.org#listItem","position":1,"name":"Home","item":"https:\/\/cauceecologico.org","nextItem":{"@type":"ListItem","@id":"https:\/\/cauceecologico.org\/?cat=5#listItem","name":"Noticias"}},{"@type":"ListItem","@id":"https:\/\/cauceecologico.org\/?cat=5#listItem","position":2,"name":"Noticias","item":"https:\/\/cauceecologico.org\/?cat=5","nextItem":{"@type":"ListItem","@id":"https:\/\/cauceecologico.org\/?p=2264#listItem","name":"Pedido de impugnaci\u00f3n de audiencia p\u00fablica sobre planta de arenas sil\u00edceas de YPF en Ibicuy"},"previousItem":{"@type":"ListItem","@id":"https:\/\/cauceecologico.org#listItem","name":"Home"}},{"@type":"ListItem","@id":"https:\/\/cauceecologico.org\/?p=2264#listItem","position":3,"name":"Pedido de impugnaci\u00f3n de audiencia p\u00fablica sobre planta de arenas sil\u00edceas de YPF en Ibicuy","previousItem":{"@type":"ListItem","@id":"https:\/\/cauceecologico.org\/?cat=5#listItem","name":"Noticias"}}]},{"@type":"Organization","@id":"https:\/\/cauceecologico.org\/#organization","name":"CAUCE","description":"Cultura Ambiental - Causa Ecologista","url":"https:\/\/cauceecologico.org\/"},{"@type":"Person","@id":"https:\/\/cauceecologico.org\/?author=2#author","url":"https:\/\/cauceecologico.org\/?author=2","name":"Ana Lucia Vergara","image":{"@type":"ImageObject","@id":"https:\/\/cauceecologico.org\/?p=2264#authorImage","url":"https:\/\/secure.gravatar.com\/avatar\/e8720df08f5c466573fb9f3d6cec14bcac9a305e2049123e58e6bc9c03f3a77b?s=96&d=mm&r=g","width":96,"height":96,"caption":"Ana Lucia Vergara"}},{"@type":"WebPage","@id":"https:\/\/cauceecologico.org\/?p=2264#webpage","url":"https:\/\/cauceecologico.org\/?p=2264","name":"Pedido de impugnaci\u00f3n de audiencia p\u00fablica sobre planta de arenas sil\u00edceas de YPF en Ibicuy - CAUCE","description":"Fundaci\u00f3n CAUCE, con el apoyo de AGMER , vecinos, vecinas y organizaciones ambientalistas, present\u00f3 hoy un pedido de impugnaci\u00f3n a la audiencia p\u00fablica \"Socializaci\u00f3n de Estudio de Impacto Ambiental. Planta de beneficio (lavado y clasificaci\u00f3n de arena) Cantera 'El Mangrullo'\", convocada por la Municipalidad de Ibicuy para este jueves a las 10:00 por radio FM","inLanguage":"es-ES","isPartOf":{"@id":"https:\/\/cauceecologico.org\/#website"},"breadcrumb":{"@id":"https:\/\/cauceecologico.org\/?p=2264#breadcrumblist"},"author":{"@id":"https:\/\/cauceecologico.org\/?author=2#author"},"creator":{"@id":"https:\/\/cauceecologico.org\/?author=2#author"},"image":{"@type":"ImageObject","url":"https:\/\/cauceecologico.org\/wp-content\/uploads\/2020\/09\/Screen-Shot-2020-07-02-at-19.15.16.png","@id":"https:\/\/cauceecologico.org\/?p=2264\/#mainImage","width":1121,"height":626},"primaryImageOfPage":{"@id":"https:\/\/cauceecologico.org\/?p=2264#mainImage"},"datePublished":"2020-09-17T14:13:46+00:00","dateModified":"2020-09-17T14:15:59+00:00"},{"@type":"WebSite","@id":"https:\/\/cauceecologico.org\/#website","url":"https:\/\/cauceecologico.org\/","name":"CAUCE","description":"Cultura Ambiental - Causa Ecologista","inLanguage":"es-ES","publisher":{"@id":"https:\/\/cauceecologico.org\/#organization"}}]},"og:locale":"es_ES","og:site_name":"CAUCE - Cultura Ambiental - Causa Ecologista","og:type":"article","og:title":"Pedido de impugnaci\u00f3n de audiencia p\u00fablica sobre planta de arenas sil\u00edceas de YPF en Ibicuy - CAUCE","og:description":"Fundaci\u00f3n CAUCE, con el apoyo de AGMER , vecinos, vecinas y organizaciones ambientalistas, present\u00f3 hoy un pedido de impugnaci\u00f3n a la audiencia p\u00fablica &quot;Socializaci\u00f3n de Estudio de Impacto Ambiental. Planta de beneficio (lavado y clasificaci\u00f3n de arena) Cantera 'El Mangrullo'&quot;, convocada por la Municipalidad de Ibicuy para este jueves a las 10:00 por radio FM","og:url":"https:\/\/cauceecologico.org\/?p=2264","article:published_time":"2020-09-17T14:13:46+00:00","article:modified_time":"2020-09-17T14:15:59+00:00","twitter:card":"summary_large_image","twitter:title":"Pedido de impugnaci\u00f3n de audiencia p\u00fablica sobre planta de arenas sil\u00edceas de YPF en Ibicuy - CAUCE","twitter:description":"Fundaci\u00f3n CAUCE, con el apoyo de AGMER , vecinos, vecinas y organizaciones ambientalistas, present\u00f3 hoy un pedido de impugnaci\u00f3n a la audiencia p\u00fablica &quot;Socializaci\u00f3n de Estudio de Impacto Ambiental. Planta de beneficio (lavado y clasificaci\u00f3n de arena) Cantera 'El Mangrullo'&quot;, convocada por la Municipalidad de Ibicuy para este jueves a las 10:00 por radio FM"},"aioseo_meta_data":{"post_id":"2264","title":null,"description":null,"keywords":null,"keyphrases":null,"primary_term":null,"canonical_url":null,"og_title":null,"og_description":null,"og_object_type":"default","og_image_type":"default","og_image_url":null,"og_image_width":null,"og_image_height":null,"og_image_custom_url":null,"og_image_custom_fields":null,"og_video":null,"og_custom_url":null,"og_article_section":null,"og_article_tags":null,"twitter_use_og":false,"twitter_card":"default","twitter_image_type":"default","twitter_image_url":null,"twitter_image_custom_url":null,"twitter_image_custom_fields":null,"twitter_title":null,"twitter_description":null,"schema":{"blockGraphs":[],"customGraphs":[],"default":{"data":{"Article":[],"Course":[],"Dataset":[],"FAQPage":[],"Movie":[],"Person":[],"Product":[],"ProductReview":[],"Car":[],"Recipe":[],"Service":[],"SoftwareApplication":[],"WebPage":[]},"graphName":"","isEnabled":true},"graphs":[]},"schema_type":"default","schema_type_options":null,"pillar_content":false,"robots_default":true,"robots_noindex":false,"robots_noarchive":false,"robots_nosnippet":false,"robots_nofollow":false,"robots_noimageindex":false,"robots_noodp":false,"robots_notranslate":false,"robots_max_snippet":null,"robots_max_videopreview":null,"robots_max_imagepreview":"large","priority":null,"frequency":null,"local_seo":null,"limit_modified_date":false,"created":"2023-03-16 20:32:24","updated":"2026-07-28 01:12:10","ai":null,"breadcrumb_settings":null,"seo_analyzer_scan_date":null},"aioseo_breadcrumb":"<div class=\"aioseo-breadcrumbs\"><span class=\"aioseo-breadcrumb\">\n\t\t\t<a href=\"https:\/\/cauceecologico.org\" title=\"Home\">Home<\/a>\n\t\t<\/span><span class=\"aioseo-breadcrumb-separator\">&raquo;<\/span><span class=\"aioseo-breadcrumb\">\n\t\t\t<a href=\"https:\/\/cauceecologico.org\/?cat=5\" title=\"Noticias\">Noticias<\/a>\n\t\t<\/span><span class=\"aioseo-breadcrumb-separator\">&raquo;<\/span><span class=\"aioseo-breadcrumb\">\n\t\t\tPedido de impugnaci\u00f3n de audiencia p\u00fablica sobre planta de arenas sil\u00edceas de YPF en Ibicuy\n\t\t<\/span><\/div>","aioseo_breadcrumb_json":[{"label":"Home","link":"https:\/\/cauceecologico.org"},{"label":"Noticias","link":"https:\/\/cauceecologico.org\/?cat=5"},{"label":"Pedido de impugnaci\u00f3n de audiencia p\u00fablica sobre planta de arenas sil\u00edceas de YPF en Ibicuy","link":"https:\/\/cauceecologico.org\/?p=2264"}],"_links":{"self":[{"href":"https:\/\/cauceecologico.org\/index.php?rest_route=\/wp\/v2\/posts\/2264","targetHints":{"allow":["GET"]}}],"collection":[{"href":"https:\/\/cauceecologico.org\/index.php?rest_route=\/wp\/v2\/posts"}],"about":[{"href":"https:\/\/cauceecologico.org\/index.php?rest_route=\/wp\/v2\/types\/post"}],"author":[{"embeddable":true,"href":"https:\/\/cauceecologico.org\/index.php?rest_route=\/wp\/v2\/users\/2"}],"replies":[{"embeddable":true,"href":"https:\/\/cauceecologico.org\/index.php?rest_route=%2Fwp%2Fv2%2Fcomments&post=2264"}],"version-history":[{"count":2,"href":"https:\/\/cauceecologico.org\/index.php?rest_route=\/wp\/v2\/posts\/2264\/revisions"}],"predecessor-version":[{"id":2269,"href":"https:\/\/cauceecologico.org\/index.php?rest_route=\/wp\/v2\/posts\/2264\/revisions\/2269"}],"wp:featuredmedia":[{"embeddable":true,"href":"https:\/\/cauceecologico.org\/index.php?rest_route=\/wp\/v2\/media\/2267"}],"wp:attachment":[{"href":"https:\/\/cauceecologico.org\/index.php?rest_route=%2Fwp%2Fv2%2Fmedia&parent=2264"}],"wp:term":[{"taxonomy":"category","embeddable":true,"href":"https:\/\/cauceecologico.org\/index.php?rest_route=%2Fwp%2Fv2%2Fcategories&post=2264"},{"taxonomy":"post_tag","embeddable":true,"href":"https:\/\/cauceecologico.org\/index.php?rest_route=%2Fwp%2Fv2%2Ftags&post=2264"}],"curies":[{"name":"wp","href":"https:\/\/api.w.org\/{rel}","templated":true}]}}