{"id":2270,"date":"2020-09-17T16:14:37","date_gmt":"2020-09-17T16:14:37","guid":{"rendered":"http:\/\/cauceecologico.org\/?p=2270"},"modified":"2020-09-17T16:19:31","modified_gmt":"2020-09-17T16:19:31","slug":"charla-en-vivo-sobre-matriz-energetica","status":"publish","type":"post","link":"https:\/\/cauceecologico.org\/?p=2270","title":{"rendered":"Charla en vivo sobre energ\u00eda"},"content":{"rendered":"<p>Fundaci\u00f3n CAUCE inicia un ciclo de charlas en vivo para debatir distintos aspectos de nuestra matriz energ\u00e9tica y las posibilidades de avanzar hacia energ\u00edas sustentables.\u00a0 En este primer encuentro problematizaremos junto al ingeniero electromec\u00e1nico Germ\u00e1n Rearte Uz\u00edn, de Reenerger Multienerg\u00edas, el uso de recursos f\u00f3siles y los sectores que m\u00e1s energ\u00eda consumen.\u00a0 La transmisi\u00f3n ser\u00e1 este viernes 18 de septiembre a las 17:00 por Instagram.<\/p>\n<p><img loading=\"lazy\" decoding=\"async\" class=\"alignnone wp-image-2271 size-full\" src=\"http:\/\/cauceecologico.org\/wp-content\/uploads\/2020\/09\/WhatsApp-Image-2020-09-17-at-12.23.31.jpeg\" alt=\"\" width=\"900\" height=\"900\" srcset=\"https:\/\/cauceecologico.org\/wp-content\/uploads\/2020\/09\/WhatsApp-Image-2020-09-17-at-12.23.31.jpeg 900w, https:\/\/cauceecologico.org\/wp-content\/uploads\/2020\/09\/WhatsApp-Image-2020-09-17-at-12.23.31-300x300.jpeg 300w, https:\/\/cauceecologico.org\/wp-content\/uploads\/2020\/09\/WhatsApp-Image-2020-09-17-at-12.23.31-150x150.jpeg 150w, https:\/\/cauceecologico.org\/wp-content\/uploads\/2020\/09\/WhatsApp-Image-2020-09-17-at-12.23.31-768x768.jpeg 768w\" sizes=\"auto, (max-width: 900px) 100vw, 900px\" \/><\/p>\n<p>Te esperamos este viernes 18 de septiembre a las 17:00 por nuestra cuenta de <strong><span style=\"color: #3366ff;\"><a style=\"color: #3366ff;\" href=\"https:\/\/www.instagram.com\/cauce_ecologico\/\">Instagram\u00a0<\/a><\/span><\/strong><\/p>\n<p>&nbsp;<\/p>\n","protected":false},"excerpt":{"rendered":"<p>Fundaci\u00f3n CAUCE inicia un ciclo de charlas en vivo para debatir distintos aspectos de nuestra matriz energ\u00e9tica y las posibilidades de avanzar hacia energ\u00edas sustentables.\u00a0 En este primer encuentro problematizaremos junto al ingeniero electromec\u00e1nico Germ\u00e1n Rearte Uz\u00edn, de Reenerger Multienerg\u00edas, el uso de recursos f\u00f3siles y los sectores que m\u00e1s energ\u00eda consumen.\u00a0 La transmisi\u00f3n ser\u00e1 [&hellip;]<\/p>\n","protected":false},"author":2,"featured_media":2271,"comment_status":"open","ping_status":"open","sticky":false,"template":"","format":"standard","meta":{"om_disable_all_campaigns":false,"_monsterinsights_skip_tracking":false,"amp_status":"","footnotes":""},"categories":[5,2],"tags":[],"class_list":["post-2270","post","type-post","status-publish","format-standard","has-post-thumbnail","hentry","category-noticias","category-nuestro-trabajo"],"aioseo_notices":[],"aioseo_head":"\n\t\t<!-- All in One SEO 4.9.10 - aioseo.com -->\n\t<meta name=\"description\" content=\"Fundaci\u00f3n CAUCE inicia un ciclo de charlas en vivo para debatir distintos aspectos de nuestra matriz energ\u00e9tica y las posibilidades de avanzar hacia energ\u00edas sustentables. En este primer encuentro problematizaremos junto al ingeniero electromec\u00e1nico Germ\u00e1n Rearte Uz\u00edn, de Reenerger Multienerg\u00edas, el uso de recursos f\u00f3siles y los sectores que m\u00e1s energ\u00eda consumen. La transmisi\u00f3n ser\u00e1\" \/>\n\t<meta name=\"robots\" content=\"max-image-preview:large\" \/>\n\t<meta name=\"author\" content=\"Ana Lucia Vergara\"\/>\n\t<link rel=\"canonical\" href=\"https:\/\/cauceecologico.org\/?p=2270\" \/>\n\t<meta name=\"generator\" content=\"All in One SEO (AIOSEO) 4.9.10\" \/>\n\t\t<meta property=\"og:locale\" content=\"es_ES\" \/>\n\t\t<meta property=\"og:site_name\" content=\"CAUCE - Cultura Ambiental - Causa Ecologista\" \/>\n\t\t<meta property=\"og:type\" content=\"article\" \/>\n\t\t<meta property=\"og:title\" content=\"Charla en vivo sobre energ\u00eda - CAUCE\" \/>\n\t\t<meta property=\"og:description\" content=\"Fundaci\u00f3n CAUCE inicia un ciclo de charlas en vivo para debatir distintos aspectos de nuestra matriz energ\u00e9tica y las posibilidades de avanzar hacia energ\u00edas sustentables. En este primer encuentro problematizaremos junto al ingeniero electromec\u00e1nico Germ\u00e1n Rearte Uz\u00edn, de Reenerger Multienerg\u00edas, el uso de recursos f\u00f3siles y los sectores que m\u00e1s energ\u00eda consumen. La transmisi\u00f3n ser\u00e1\" \/>\n\t\t<meta property=\"og:url\" content=\"https:\/\/cauceecologico.org\/?p=2270\" \/>\n\t\t<meta property=\"article:published_time\" content=\"2020-09-17T16:14:37+00:00\" \/>\n\t\t<meta property=\"article:modified_time\" content=\"2020-09-17T16:19:31+00:00\" \/>\n\t\t<meta name=\"twitter:card\" content=\"summary_large_image\" \/>\n\t\t<meta name=\"twitter:title\" content=\"Charla en vivo sobre energ\u00eda - CAUCE\" \/>\n\t\t<meta name=\"twitter:description\" content=\"Fundaci\u00f3n CAUCE inicia un ciclo de charlas en vivo para debatir distintos aspectos de nuestra matriz energ\u00e9tica y las posibilidades de avanzar hacia energ\u00edas sustentables. En este primer encuentro problematizaremos junto al ingeniero electromec\u00e1nico Germ\u00e1n Rearte Uz\u00edn, de Reenerger Multienerg\u00edas, el uso de recursos f\u00f3siles y los sectores que m\u00e1s energ\u00eda consumen. La transmisi\u00f3n ser\u00e1\" \/>\n\t\t<script type=\"application\/ld+json\" class=\"aioseo-schema\">\n\t\t\t{\"@context\":\"https:\\\/\\\/schema.org\",\"@graph\":[{\"@type\":\"BlogPosting\",\"@id\":\"https:\\\/\\\/cauceecologico.org\\\/?p=2270#blogposting\",\"name\":\"Charla en vivo sobre energ\\u00eda - CAUCE\",\"headline\":\"Charla en vivo sobre energ\\u00eda\",\"author\":{\"@id\":\"https:\\\/\\\/cauceecologico.org\\\/?author=2#author\"},\"publisher\":{\"@id\":\"https:\\\/\\\/cauceecologico.org\\\/#organization\"},\"image\":{\"@type\":\"ImageObject\",\"url\":\"https:\\\/\\\/cauceecologico.org\\\/wp-content\\\/uploads\\\/2020\\\/09\\\/WhatsApp-Image-2020-09-17-at-12.23.31.jpeg\",\"width\":900,\"height\":900},\"datePublished\":\"2020-09-17T16:14:37+00:00\",\"dateModified\":\"2020-09-17T16:19:31+00:00\",\"inLanguage\":\"es-ES\",\"mainEntityOfPage\":{\"@id\":\"https:\\\/\\\/cauceecologico.org\\\/?p=2270#webpage\"},\"isPartOf\":{\"@id\":\"https:\\\/\\\/cauceecologico.org\\\/?p=2270#webpage\"},\"articleSection\":\"Noticias, Nuestro trabajo\"},{\"@type\":\"BreadcrumbList\",\"@id\":\"https:\\\/\\\/cauceecologico.org\\\/?p=2270#breadcrumblist\",\"itemListElement\":[{\"@type\":\"ListItem\",\"@id\":\"https:\\\/\\\/cauceecologico.org#listItem\",\"position\":1,\"name\":\"Home\",\"item\":\"https:\\\/\\\/cauceecologico.org\",\"nextItem\":{\"@type\":\"ListItem\",\"@id\":\"https:\\\/\\\/cauceecologico.org\\\/?cat=2#listItem\",\"name\":\"Nuestro trabajo\"}},{\"@type\":\"ListItem\",\"@id\":\"https:\\\/\\\/cauceecologico.org\\\/?cat=2#listItem\",\"position\":2,\"name\":\"Nuestro trabajo\",\"item\":\"https:\\\/\\\/cauceecologico.org\\\/?cat=2\",\"nextItem\":{\"@type\":\"ListItem\",\"@id\":\"https:\\\/\\\/cauceecologico.org\\\/?p=2270#listItem\",\"name\":\"Charla en vivo sobre energ\\u00eda\"},\"previousItem\":{\"@type\":\"ListItem\",\"@id\":\"https:\\\/\\\/cauceecologico.org#listItem\",\"name\":\"Home\"}},{\"@type\":\"ListItem\",\"@id\":\"https:\\\/\\\/cauceecologico.org\\\/?p=2270#listItem\",\"position\":3,\"name\":\"Charla en vivo sobre energ\\u00eda\",\"previousItem\":{\"@type\":\"ListItem\",\"@id\":\"https:\\\/\\\/cauceecologico.org\\\/?cat=2#listItem\",\"name\":\"Nuestro trabajo\"}}]},{\"@type\":\"Organization\",\"@id\":\"https:\\\/\\\/cauceecologico.org\\\/#organization\",\"name\":\"CAUCE\",\"description\":\"Cultura Ambiental - Causa Ecologista\",\"url\":\"https:\\\/\\\/cauceecologico.org\\\/\"},{\"@type\":\"Person\",\"@id\":\"https:\\\/\\\/cauceecologico.org\\\/?author=2#author\",\"url\":\"https:\\\/\\\/cauceecologico.org\\\/?author=2\",\"name\":\"Ana Lucia Vergara\",\"image\":{\"@type\":\"ImageObject\",\"@id\":\"https:\\\/\\\/cauceecologico.org\\\/?p=2270#authorImage\",\"url\":\"https:\\\/\\\/secure.gravatar.com\\\/avatar\\\/e8720df08f5c466573fb9f3d6cec14bcac9a305e2049123e58e6bc9c03f3a77b?s=96&d=mm&r=g\",\"width\":96,\"height\":96,\"caption\":\"Ana Lucia Vergara\"}},{\"@type\":\"WebPage\",\"@id\":\"https:\\\/\\\/cauceecologico.org\\\/?p=2270#webpage\",\"url\":\"https:\\\/\\\/cauceecologico.org\\\/?p=2270\",\"name\":\"Charla en vivo sobre energ\\u00eda - CAUCE\",\"description\":\"Fundaci\\u00f3n CAUCE inicia un ciclo de charlas en vivo para debatir distintos aspectos de nuestra matriz energ\\u00e9tica y las posibilidades de avanzar hacia energ\\u00edas sustentables. En este primer encuentro problematizaremos junto al ingeniero electromec\\u00e1nico Germ\\u00e1n Rearte Uz\\u00edn, de Reenerger Multienerg\\u00edas, el uso de recursos f\\u00f3siles y los sectores que m\\u00e1s energ\\u00eda consumen. La transmisi\\u00f3n ser\\u00e1\",\"inLanguage\":\"es-ES\",\"isPartOf\":{\"@id\":\"https:\\\/\\\/cauceecologico.org\\\/#website\"},\"breadcrumb\":{\"@id\":\"https:\\\/\\\/cauceecologico.org\\\/?p=2270#breadcrumblist\"},\"author\":{\"@id\":\"https:\\\/\\\/cauceecologico.org\\\/?author=2#author\"},\"creator\":{\"@id\":\"https:\\\/\\\/cauceecologico.org\\\/?author=2#author\"},\"image\":{\"@type\":\"ImageObject\",\"url\":\"https:\\\/\\\/cauceecologico.org\\\/wp-content\\\/uploads\\\/2020\\\/09\\\/WhatsApp-Image-2020-09-17-at-12.23.31.jpeg\",\"@id\":\"https:\\\/\\\/cauceecologico.org\\\/?p=2270\\\/#mainImage\",\"width\":900,\"height\":900},\"primaryImageOfPage\":{\"@id\":\"https:\\\/\\\/cauceecologico.org\\\/?p=2270#mainImage\"},\"datePublished\":\"2020-09-17T16:14:37+00:00\",\"dateModified\":\"2020-09-17T16:19:31+00:00\"},{\"@type\":\"WebSite\",\"@id\":\"https:\\\/\\\/cauceecologico.org\\\/#website\",\"url\":\"https:\\\/\\\/cauceecologico.org\\\/\",\"name\":\"CAUCE\",\"description\":\"Cultura Ambiental - Causa Ecologista\",\"inLanguage\":\"es-ES\",\"publisher\":{\"@id\":\"https:\\\/\\\/cauceecologico.org\\\/#organization\"}}]}\n\t\t<\/script>\n\t\t<!-- All in One SEO -->\n\n","aioseo_head_json":{"title":"Charla en vivo sobre energ\u00eda - CAUCE","description":"Fundaci\u00f3n CAUCE inicia un ciclo de charlas en vivo para debatir distintos aspectos de nuestra matriz energ\u00e9tica y las posibilidades de avanzar hacia energ\u00edas sustentables. En este primer encuentro problematizaremos junto al ingeniero electromec\u00e1nico Germ\u00e1n Rearte Uz\u00edn, de Reenerger Multienerg\u00edas, el uso de recursos f\u00f3siles y los sectores que m\u00e1s energ\u00eda consumen. La transmisi\u00f3n ser\u00e1","canonical_url":"https:\/\/cauceecologico.org\/?p=2270","robots":"max-image-preview:large","keywords":"","webmasterTools":{"miscellaneous":""},"schema":{"@context":"https:\/\/schema.org","@graph":[{"@type":"BlogPosting","@id":"https:\/\/cauceecologico.org\/?p=2270#blogposting","name":"Charla en vivo sobre energ\u00eda - CAUCE","headline":"Charla en vivo sobre energ\u00eda","author":{"@id":"https:\/\/cauceecologico.org\/?author=2#author"},"publisher":{"@id":"https:\/\/cauceecologico.org\/#organization"},"image":{"@type":"ImageObject","url":"https:\/\/cauceecologico.org\/wp-content\/uploads\/2020\/09\/WhatsApp-Image-2020-09-17-at-12.23.31.jpeg","width":900,"height":900},"datePublished":"2020-09-17T16:14:37+00:00","dateModified":"2020-09-17T16:19:31+00:00","inLanguage":"es-ES","mainEntityOfPage":{"@id":"https:\/\/cauceecologico.org\/?p=2270#webpage"},"isPartOf":{"@id":"https:\/\/cauceecologico.org\/?p=2270#webpage"},"articleSection":"Noticias, Nuestro trabajo"},{"@type":"BreadcrumbList","@id":"https:\/\/cauceecologico.org\/?p=2270#breadcrumblist","itemListElement":[{"@type":"ListItem","@id":"https:\/\/cauceecologico.org#listItem","position":1,"name":"Home","item":"https:\/\/cauceecologico.org","nextItem":{"@type":"ListItem","@id":"https:\/\/cauceecologico.org\/?cat=2#listItem","name":"Nuestro trabajo"}},{"@type":"ListItem","@id":"https:\/\/cauceecologico.org\/?cat=2#listItem","position":2,"name":"Nuestro trabajo","item":"https:\/\/cauceecologico.org\/?cat=2","nextItem":{"@type":"ListItem","@id":"https:\/\/cauceecologico.org\/?p=2270#listItem","name":"Charla en vivo sobre energ\u00eda"},"previousItem":{"@type":"ListItem","@id":"https:\/\/cauceecologico.org#listItem","name":"Home"}},{"@type":"ListItem","@id":"https:\/\/cauceecologico.org\/?p=2270#listItem","position":3,"name":"Charla en vivo sobre energ\u00eda","previousItem":{"@type":"ListItem","@id":"https:\/\/cauceecologico.org\/?cat=2#listItem","name":"Nuestro trabajo"}}]},{"@type":"Organization","@id":"https:\/\/cauceecologico.org\/#organization","name":"CAUCE","description":"Cultura Ambiental - Causa Ecologista","url":"https:\/\/cauceecologico.org\/"},{"@type":"Person","@id":"https:\/\/cauceecologico.org\/?author=2#author","url":"https:\/\/cauceecologico.org\/?author=2","name":"Ana Lucia Vergara","image":{"@type":"ImageObject","@id":"https:\/\/cauceecologico.org\/?p=2270#authorImage","url":"https:\/\/secure.gravatar.com\/avatar\/e8720df08f5c466573fb9f3d6cec14bcac9a305e2049123e58e6bc9c03f3a77b?s=96&d=mm&r=g","width":96,"height":96,"caption":"Ana Lucia Vergara"}},{"@type":"WebPage","@id":"https:\/\/cauceecologico.org\/?p=2270#webpage","url":"https:\/\/cauceecologico.org\/?p=2270","name":"Charla en vivo sobre energ\u00eda - CAUCE","description":"Fundaci\u00f3n CAUCE inicia un ciclo de charlas en vivo para debatir distintos aspectos de nuestra matriz energ\u00e9tica y las posibilidades de avanzar hacia energ\u00edas sustentables. En este primer encuentro problematizaremos junto al ingeniero electromec\u00e1nico Germ\u00e1n Rearte Uz\u00edn, de Reenerger Multienerg\u00edas, el uso de recursos f\u00f3siles y los sectores que m\u00e1s energ\u00eda consumen. La transmisi\u00f3n ser\u00e1","inLanguage":"es-ES","isPartOf":{"@id":"https:\/\/cauceecologico.org\/#website"},"breadcrumb":{"@id":"https:\/\/cauceecologico.org\/?p=2270#breadcrumblist"},"author":{"@id":"https:\/\/cauceecologico.org\/?author=2#author"},"creator":{"@id":"https:\/\/cauceecologico.org\/?author=2#author"},"image":{"@type":"ImageObject","url":"https:\/\/cauceecologico.org\/wp-content\/uploads\/2020\/09\/WhatsApp-Image-2020-09-17-at-12.23.31.jpeg","@id":"https:\/\/cauceecologico.org\/?p=2270\/#mainImage","width":900,"height":900},"primaryImageOfPage":{"@id":"https:\/\/cauceecologico.org\/?p=2270#mainImage"},"datePublished":"2020-09-17T16:14:37+00:00","dateModified":"2020-09-17T16:19:31+00:00"},{"@type":"WebSite","@id":"https:\/\/cauceecologico.org\/#website","url":"https:\/\/cauceecologico.org\/","name":"CAUCE","description":"Cultura Ambiental - Causa Ecologista","inLanguage":"es-ES","publisher":{"@id":"https:\/\/cauceecologico.org\/#organization"}}]},"og:locale":"es_ES","og:site_name":"CAUCE - Cultura Ambiental - Causa Ecologista","og:type":"article","og:title":"Charla en vivo sobre energ\u00eda - CAUCE","og:description":"Fundaci\u00f3n CAUCE inicia un ciclo de charlas en vivo para debatir distintos aspectos de nuestra matriz energ\u00e9tica y las posibilidades de avanzar hacia energ\u00edas sustentables. En este primer encuentro problematizaremos junto al ingeniero electromec\u00e1nico Germ\u00e1n Rearte Uz\u00edn, de Reenerger Multienerg\u00edas, el uso de recursos f\u00f3siles y los sectores que m\u00e1s energ\u00eda consumen. La transmisi\u00f3n ser\u00e1","og:url":"https:\/\/cauceecologico.org\/?p=2270","article:published_time":"2020-09-17T16:14:37+00:00","article:modified_time":"2020-09-17T16:19:31+00:00","twitter:card":"summary_large_image","twitter:title":"Charla en vivo sobre energ\u00eda - CAUCE","twitter:description":"Fundaci\u00f3n CAUCE inicia un ciclo de charlas en vivo para debatir distintos aspectos de nuestra matriz energ\u00e9tica y las posibilidades de avanzar hacia energ\u00edas sustentables. En este primer encuentro problematizaremos junto al ingeniero electromec\u00e1nico Germ\u00e1n Rearte Uz\u00edn, de Reenerger Multienerg\u00edas, el uso de recursos f\u00f3siles y los sectores que m\u00e1s energ\u00eda consumen. La transmisi\u00f3n ser\u00e1"},"aioseo_meta_data":{"post_id":"2270","title":null,"description":null,"keywords":null,"keyphrases":null,"primary_term":null,"canonical_url":null,"og_title":null,"og_description":null,"og_object_type":"default","og_image_type":"default","og_image_url":null,"og_image_width":null,"og_image_height":null,"og_image_custom_url":null,"og_image_custom_fields":null,"og_video":null,"og_custom_url":null,"og_article_section":null,"og_article_tags":null,"twitter_use_og":false,"twitter_card":"default","twitter_image_type":"default","twitter_image_url":null,"twitter_image_custom_url":null,"twitter_image_custom_fields":null,"twitter_title":null,"twitter_description":null,"schema":{"blockGraphs":[],"customGraphs":[],"default":{"data":{"Article":[],"Course":[],"Dataset":[],"FAQPage":[],"Movie":[],"Person":[],"Product":[],"ProductReview":[],"Car":[],"Recipe":[],"Service":[],"SoftwareApplication":[],"WebPage":[]},"graphName":"","isEnabled":true},"graphs":[]},"schema_type":"default","schema_type_options":null,"pillar_content":false,"robots_default":true,"robots_noindex":false,"robots_noarchive":false,"robots_nosnippet":false,"robots_nofollow":false,"robots_noimageindex":false,"robots_noodp":false,"robots_notranslate":false,"robots_max_snippet":null,"robots_max_videopreview":null,"robots_max_imagepreview":"large","priority":null,"frequency":null,"local_seo":null,"limit_modified_date":false,"created":"2023-03-16 20:32:24","updated":"2026-07-28 01:12:10","ai":null,"breadcrumb_settings":null,"seo_analyzer_scan_date":null},"aioseo_breadcrumb":"<div class=\"aioseo-breadcrumbs\"><span class=\"aioseo-breadcrumb\">\n\t\t\t<a href=\"https:\/\/cauceecologico.org\" title=\"Home\">Home<\/a>\n\t\t<\/span><span class=\"aioseo-breadcrumb-separator\">&raquo;<\/span><span class=\"aioseo-breadcrumb\">\n\t\t\t<a href=\"https:\/\/cauceecologico.org\/?cat=2\" title=\"Nuestro trabajo\">Nuestro trabajo<\/a>\n\t\t<\/span><span class=\"aioseo-breadcrumb-separator\">&raquo;<\/span><span class=\"aioseo-breadcrumb\">\n\t\t\tCharla en vivo sobre energ\u00eda\n\t\t<\/span><\/div>","aioseo_breadcrumb_json":[{"label":"Home","link":"https:\/\/cauceecologico.org"},{"label":"Nuestro trabajo","link":"https:\/\/cauceecologico.org\/?cat=2"},{"label":"Charla en vivo sobre energ\u00eda","link":"https:\/\/cauceecologico.org\/?p=2270"}],"_links":{"self":[{"href":"https:\/\/cauceecologico.org\/index.php?rest_route=\/wp\/v2\/posts\/2270","targetHints":{"allow":["GET"]}}],"collection":[{"href":"https:\/\/cauceecologico.org\/index.php?rest_route=\/wp\/v2\/posts"}],"about":[{"href":"https:\/\/cauceecologico.org\/index.php?rest_route=\/wp\/v2\/types\/post"}],"author":[{"embeddable":true,"href":"https:\/\/cauceecologico.org\/index.php?rest_route=\/wp\/v2\/users\/2"}],"replies":[{"embeddable":true,"href":"https:\/\/cauceecologico.org\/index.php?rest_route=%2Fwp%2Fv2%2Fcomments&post=2270"}],"version-history":[{"count":2,"href":"https:\/\/cauceecologico.org\/index.php?rest_route=\/wp\/v2\/posts\/2270\/revisions"}],"predecessor-version":[{"id":2273,"href":"https:\/\/cauceecologico.org\/index.php?rest_route=\/wp\/v2\/posts\/2270\/revisions\/2273"}],"wp:featuredmedia":[{"embeddable":true,"href":"https:\/\/cauceecologico.org\/index.php?rest_route=\/wp\/v2\/media\/2271"}],"wp:attachment":[{"href":"https:\/\/cauceecologico.org\/index.php?rest_route=%2Fwp%2Fv2%2Fmedia&parent=2270"}],"wp:term":[{"taxonomy":"category","embeddable":true,"href":"https:\/\/cauceecologico.org\/index.php?rest_route=%2Fwp%2Fv2%2Fcategories&post=2270"},{"taxonomy":"post_tag","embeddable":true,"href":"https:\/\/cauceecologico.org\/index.php?rest_route=%2Fwp%2Fv2%2Ftags&post=2270"}],"curies":[{"name":"wp","href":"https:\/\/api.w.org\/{rel}","templated":true}]}}