{"id":2305,"date":"2020-09-25T09:23:33","date_gmt":"2020-09-25T09:23:33","guid":{"rendered":"http:\/\/cauceecologico.org\/?p=2305"},"modified":"2020-10-20T19:15:58","modified_gmt":"2020-10-20T19:15:58","slug":"argentina-suma-democracia-ambiental-se-ratifico-el-acuerdo-de-escazu","status":"publish","type":"post","link":"https:\/\/cauceecologico.org\/?p=2305","title":{"rendered":"Argentina suma democracia ambiental: \u00a1se ratific\u00f3 el Acuerdo de Escaz\u00fa!"},"content":{"rendered":"<p><span style=\"font-weight: 400;\">\u00abEl Acuerdo de Escaz\u00fa, pionero en Am\u00e9rica Latina, tiene una importancia fundamental para la ciudadan\u00eda que ejerce la democracia ambiental: que quiere acceder a informaci\u00f3n p\u00fablica ambiental, participar de las decisiones que le puedan afectar y acceder a la justicia sin restricciones, porque concretiza estos derechos en normas y garantiza su aplicaci\u00f3n. A la vez que ofrece protecci\u00f3n a los y las defensoras del ambiente para que no tengamos que seguir lamentando amenazas o p\u00e9rdidas humanas\u00bb. Valeria Enderle<\/span><span style=\"font-weight: 400;\">, directora ejecutiva de Fundaci\u00f3n CAUCE.\u00a0<\/span><\/p>\n<p><span style=\"font-weight: 400;\">\u201cLa ratificaci\u00f3n de Escaz\u00fa se logr\u00f3 en un momento clave, ya que el Acuerdo otorga herramientas fundamentales para hacer frente a la emergencia sanitaria y sus muy severas consecuencias econ\u00f3micas y sociales. Cuando, adem\u00e1s, la crisis clim\u00e1tica nos golpea de manera directa al agravar las consecuencias de los incendios intencionales propagados por gran parte del territorio nacional, todo lo que signifique proteger personas y poblaciones en situaci\u00f3n de vulnerabilidad es no solo bienvenido, sino absolutamente necesario. Por eso celebramos que Argentina se haya convertido en el d\u00e9cimo pa\u00eds en ratificar. Estamos, ahora s\u00ed, a un paso de la entrada en vigor. <\/span><span style=\"color: #3366ff;\"><a style=\"color: #3366ff;\" href=\"https:\/\/farn.org.ar\/acuerdo-escazu\/\"><span style=\"font-weight: 400;\">\u00a1Sigamos pidiendo #Escaz\u00faAhora!<\/span><\/a><\/span><span style=\"font-weight: 400;\">\u201d. Andr\u00e9s N\u00e1poli, director ejecutivo de FARN.<\/span><\/p>\n<p><b><i>\u201c<\/i><\/b><i><span style=\"font-weight: 400;\">El Acuerdo de Escaz\u00fa garantiza a mi generaci\u00f3n que no se sigan tomando decisiones a nuestras espaldas que pongan en riesgo nuestro futuro\u201d. <\/span><\/i><a href=\"https:\/\/www.redaccion.com.ar\/quien-es-nicole-becker-la-referente-de-los-adolescentes-argentinos-que-luchan-contra-la-crisis-climatica\/\"><i><span style=\"font-weight: 400;\"><span style=\"color: #3366ff;\">Nicole Becker<\/span><\/span><\/i><\/a><i><span style=\"font-weight: 400;\">, <\/span><\/i><span style=\"font-weight: 400;\">cofundadora de <\/span><span style=\"color: #3366ff;\"><a style=\"color: #3366ff;\" href=\"https:\/\/instagram.com\/jovenesporelclimarg?igshid=xxdakrvi15av\"><span style=\"font-weight: 400;\">J\u00f3venes por el Clima Argentina<\/span><\/a><\/span><span style=\"font-weight: 400;\"> y representante por Argentina del Acuerdo de Escaz\u00fa.<\/span><\/p>\n<p><i><span style=\"font-weight: 400;\">\u00abLa ratificaci\u00f3n del Acuerdo de Escaz\u00fa por parte de Argentina es un gran reconocimiento a nuestro ambiente y sus defensores, sobre todo para aquellos que hist\u00f3ricamente han cuidado de estos ecosistemas y que se encuentran en situaciones de extrema vulnerabilidad.\u00a0 Adem\u00e1s de proteger nuestros ecosistemas, tambi\u00e9n necesitamos cuidar a todos aquellos que los defienden y los resguardan de la devastaci\u00f3n producida por industrias extractivistas<\/span><\/i><span style=\"font-weight: 400;\">\u00ab, sostuvo Leonel Mingo, coordinador de la campa\u00f1a de clima y energ\u00eda de Greenpeace.\u00a0\u00a0\u00a0<\/span><\/p>\n<p><i><span style=\"font-weight: 400;\">Buenos Aires,\u00a0 25 de septiembre de 2020.<\/span><\/i><span style=\"font-weight: 400;\"> &#8211; Con <\/span><b>240 votos a favor, 4<\/b><b> votos en contra y 2<\/b><b>\u00a0abstenciones, la C\u00e1mara de Diputados de la Naci\u00f3n aprob\u00f3 hoy <\/b><span style=\"font-weight: 400;\">el proyecto de ratificaci\u00f3n del <\/span><a href=\"https:\/\/www.cepal.org\/es\/acuerdodeescazu\/mecanismo-publico-regional\"><span style=\"font-weight: 400;\"><span style=\"color: #3366ff;\">Acuerdo Regional sobre el Acceso a la Informaci\u00f3n, la Participaci\u00f3n P\u00fablica y el Acceso a la Justicia en Asuntos Ambientales en Am\u00e9rica Latina y el Caribe<\/span>,<\/span><\/a><span style=\"font-weight: 400;\"> conocido como <\/span><b>\u201c\u2019Acuerdo de Escaz\u00fa\u2019\u2019, al que m\u00e1s de 220 organizaciones y m\u00e1s de 400 personas individuales ya hab\u00edan\u00a0<span style=\"color: #3366ff;\"><a style=\"color: #3366ff;\" href=\"https:\/\/docs.google.com\/forms\/d\/e\/1FAIpQLSfyG_WaEIBmZpMErA4T0nEWSOQ8RilDniDaUmlEb3RsguiYpw\/viewform\" target=\"_blank\" rel=\"noopener noreferrer\">manifestado su adhesi\u00f3n<\/a><\/span>.\u00a0<\/b><\/p>\n<p><span style=\"font-weight: 400;\">As\u00ed, nuestro pa\u00eds -que hab\u00eda sido un actor clave en el proceso de negociaci\u00f3n previo a la adopci\u00f3n del tratado- <\/span><b>se convirti\u00f3 en el 10\u00b0 de la regi\u00f3n en concretar su ratificaci\u00f3n. <\/b><span style=\"font-weight: 400;\">Para que finalmente <\/span><b>entre en vigor, se necesita alcanzar la ratificaci\u00f3n en al menos 1 pa\u00eds m\u00e1s (11 en total)<\/b><span style=\"font-weight: 400;\">.<\/span><\/p>\n<p><b>El Acuerdo de Escaz\u00fa<\/b><span style=\"font-weight: 400;\"> es el primer tratado ambiental a nivel regional que <\/span><b>busca promover los derechos de la ciudadan\u00eda de acceso a la informaci\u00f3n, la participaci\u00f3n p\u00fablica en cuestiones que la afecten, y la justicia en asuntos ambientales<\/b><span style=\"font-weight: 400;\">. Es, a su vez, el primero en el mundo que <\/span><b>establece -de manera vinculante- claras garant\u00edas para proteger a quienes defienden los derechos humanos en temas ambientales<\/b><span style=\"font-weight: 400;\">, cuesti\u00f3n sumamente relevante para Am\u00e9rica Latina y el Caribe, la regi\u00f3n donde m\u00e1s personas son asesinadas por a\u00f1o por realizar esa tarea (<\/span><a href=\"https:\/\/www.globalwitness.org\/es\/defending-tomorrow-es\/\"><span style=\"font-weight: 400;\"><span style=\"color: #3366ff;\">Global Witness, 2020<\/span><\/span><\/a><span style=\"font-weight: 400;\">).<\/span><\/p>\n<p><span style=\"font-weight: 400;\">La efectiva implementaci\u00f3n del Acuerdo de Escaz\u00fa en Am\u00e9rica Latina y el Caribe significar\u00e1 un paso hacia la consolidaci\u00f3n de la democracia ambiental y el fortalecimiento de los derechos de las personas a vivir en un ambiente sano y a un desarrollo justo, sostenible e inclusivo.\u00a0<\/span><\/p>\n<p><b>CONTACTO:<\/b><\/p>\n<p>Valeria Enderle: enderlevaleria@gmail.com<\/p>\n<p>cauceecologico@gmail.com<\/p>\n<p style=\"text-align: right;\">25\/09\/20<\/p>\n<p>&nbsp;<\/p>\n","protected":false},"excerpt":{"rendered":"<p>\u00abEl Acuerdo de Escaz\u00fa, pionero en Am\u00e9rica Latina, tiene una importancia fundamental para la ciudadan\u00eda que ejerce la democracia ambiental: que quiere acceder a informaci\u00f3n p\u00fablica ambiental, participar de las decisiones que le puedan afectar y acceder a la justicia sin restricciones, porque concretiza estos derechos en normas y garantiza su aplicaci\u00f3n. A la vez [&hellip;]<\/p>\n","protected":false},"author":2,"featured_media":2316,"comment_status":"open","ping_status":"open","sticky":false,"template":"","format":"standard","meta":{"om_disable_all_campaigns":false,"_monsterinsights_skip_tracking":false,"amp_status":"","footnotes":""},"categories":[6,5,1],"tags":[],"class_list":["post-2305","post","type-post","status-publish","format-standard","has-post-thumbnail","hentry","category-destacados","category-noticias","category-uncategorized"],"aioseo_notices":[],"aioseo_head":"\n\t\t<!-- All in One SEO 4.9.10 - aioseo.com -->\n\t<meta name=\"description\" content=\"&quot;El Acuerdo de Escaz\u00fa, pionero en Am\u00e9rica Latina, tiene una importancia fundamental para la ciudadan\u00eda que ejerce la democracia ambiental: que quiere acceder a informaci\u00f3n p\u00fablica ambiental, participar de las decisiones que le puedan afectar y acceder a la justicia sin restricciones, porque concretiza estos derechos en normas y garantiza su aplicaci\u00f3n. A la vez\" \/>\n\t<meta name=\"robots\" content=\"max-image-preview:large\" \/>\n\t<meta name=\"author\" content=\"Ana Lucia Vergara\"\/>\n\t<link rel=\"canonical\" href=\"https:\/\/cauceecologico.org\/?p=2305\" \/>\n\t<meta name=\"generator\" content=\"All in One SEO (AIOSEO) 4.9.10\" \/>\n\t\t<meta property=\"og:locale\" content=\"es_ES\" \/>\n\t\t<meta property=\"og:site_name\" content=\"CAUCE - Cultura Ambiental - Causa Ecologista\" \/>\n\t\t<meta property=\"og:type\" content=\"article\" \/>\n\t\t<meta property=\"og:title\" content=\"Argentina suma democracia ambiental: \u00a1se ratific\u00f3 el Acuerdo de Escaz\u00fa! - CAUCE\" \/>\n\t\t<meta property=\"og:description\" content=\"&quot;El Acuerdo de Escaz\u00fa, pionero en Am\u00e9rica Latina, tiene una importancia fundamental para la ciudadan\u00eda que ejerce la democracia ambiental: que quiere acceder a informaci\u00f3n p\u00fablica ambiental, participar de las decisiones que le puedan afectar y acceder a la justicia sin restricciones, porque concretiza estos derechos en normas y garantiza su aplicaci\u00f3n. A la vez\" \/>\n\t\t<meta property=\"og:url\" content=\"https:\/\/cauceecologico.org\/?p=2305\" \/>\n\t\t<meta property=\"article:published_time\" content=\"2020-09-25T09:23:33+00:00\" \/>\n\t\t<meta property=\"article:modified_time\" content=\"2020-10-20T19:15:58+00:00\" \/>\n\t\t<meta name=\"twitter:card\" content=\"summary_large_image\" \/>\n\t\t<meta name=\"twitter:title\" content=\"Argentina suma democracia ambiental: \u00a1se ratific\u00f3 el Acuerdo de Escaz\u00fa! - CAUCE\" \/>\n\t\t<meta name=\"twitter:description\" content=\"&quot;El Acuerdo de Escaz\u00fa, pionero en Am\u00e9rica Latina, tiene una importancia fundamental para la ciudadan\u00eda que ejerce la democracia ambiental: que quiere acceder a informaci\u00f3n p\u00fablica ambiental, participar de las decisiones que le puedan afectar y acceder a la justicia sin restricciones, porque concretiza estos derechos en normas y garantiza su aplicaci\u00f3n. A la vez\" \/>\n\t\t<script type=\"application\/ld+json\" class=\"aioseo-schema\">\n\t\t\t{\"@context\":\"https:\\\/\\\/schema.org\",\"@graph\":[{\"@type\":\"BlogPosting\",\"@id\":\"https:\\\/\\\/cauceecologico.org\\\/?p=2305#blogposting\",\"name\":\"Argentina suma democracia ambiental: \\u00a1se ratific\\u00f3 el Acuerdo de Escaz\\u00fa! - CAUCE\",\"headline\":\"Argentina suma democracia ambiental: \\u00a1se ratific\\u00f3 el Acuerdo de Escaz\\u00fa!\",\"author\":{\"@id\":\"https:\\\/\\\/cauceecologico.org\\\/?author=2#author\"},\"publisher\":{\"@id\":\"https:\\\/\\\/cauceecologico.org\\\/#organization\"},\"image\":{\"@type\":\"ImageObject\",\"url\":\"https:\\\/\\\/cauceecologico.org\\\/wp-content\\\/uploads\\\/2020\\\/09\\\/Foto-DAR-1-617x351-1.png\",\"width\":617,\"height\":351},\"datePublished\":\"2020-09-25T09:23:33+00:00\",\"dateModified\":\"2020-10-20T19:15:58+00:00\",\"inLanguage\":\"es-ES\",\"mainEntityOfPage\":{\"@id\":\"https:\\\/\\\/cauceecologico.org\\\/?p=2305#webpage\"},\"isPartOf\":{\"@id\":\"https:\\\/\\\/cauceecologico.org\\\/?p=2305#webpage\"},\"articleSection\":\"Destacados, Noticias, Uncategorized\"},{\"@type\":\"BreadcrumbList\",\"@id\":\"https:\\\/\\\/cauceecologico.org\\\/?p=2305#breadcrumblist\",\"itemListElement\":[{\"@type\":\"ListItem\",\"@id\":\"https:\\\/\\\/cauceecologico.org#listItem\",\"position\":1,\"name\":\"Home\",\"item\":\"https:\\\/\\\/cauceecologico.org\",\"nextItem\":{\"@type\":\"ListItem\",\"@id\":\"https:\\\/\\\/cauceecologico.org\\\/?cat=1#listItem\",\"name\":\"Uncategorized\"}},{\"@type\":\"ListItem\",\"@id\":\"https:\\\/\\\/cauceecologico.org\\\/?cat=1#listItem\",\"position\":2,\"name\":\"Uncategorized\",\"item\":\"https:\\\/\\\/cauceecologico.org\\\/?cat=1\",\"nextItem\":{\"@type\":\"ListItem\",\"@id\":\"https:\\\/\\\/cauceecologico.org\\\/?p=2305#listItem\",\"name\":\"Argentina suma democracia ambiental: \\u00a1se ratific\\u00f3 el Acuerdo de Escaz\\u00fa!\"},\"previousItem\":{\"@type\":\"ListItem\",\"@id\":\"https:\\\/\\\/cauceecologico.org#listItem\",\"name\":\"Home\"}},{\"@type\":\"ListItem\",\"@id\":\"https:\\\/\\\/cauceecologico.org\\\/?p=2305#listItem\",\"position\":3,\"name\":\"Argentina suma democracia ambiental: \\u00a1se ratific\\u00f3 el Acuerdo de Escaz\\u00fa!\",\"previousItem\":{\"@type\":\"ListItem\",\"@id\":\"https:\\\/\\\/cauceecologico.org\\\/?cat=1#listItem\",\"name\":\"Uncategorized\"}}]},{\"@type\":\"Organization\",\"@id\":\"https:\\\/\\\/cauceecologico.org\\\/#organization\",\"name\":\"CAUCE\",\"description\":\"Cultura Ambiental - Causa Ecologista\",\"url\":\"https:\\\/\\\/cauceecologico.org\\\/\"},{\"@type\":\"Person\",\"@id\":\"https:\\\/\\\/cauceecologico.org\\\/?author=2#author\",\"url\":\"https:\\\/\\\/cauceecologico.org\\\/?author=2\",\"name\":\"Ana Lucia Vergara\",\"image\":{\"@type\":\"ImageObject\",\"@id\":\"https:\\\/\\\/cauceecologico.org\\\/?p=2305#authorImage\",\"url\":\"https:\\\/\\\/secure.gravatar.com\\\/avatar\\\/e8720df08f5c466573fb9f3d6cec14bcac9a305e2049123e58e6bc9c03f3a77b?s=96&d=mm&r=g\",\"width\":96,\"height\":96,\"caption\":\"Ana Lucia Vergara\"}},{\"@type\":\"WebPage\",\"@id\":\"https:\\\/\\\/cauceecologico.org\\\/?p=2305#webpage\",\"url\":\"https:\\\/\\\/cauceecologico.org\\\/?p=2305\",\"name\":\"Argentina suma democracia ambiental: \\u00a1se ratific\\u00f3 el Acuerdo de Escaz\\u00fa! - CAUCE\",\"description\":\"\\\"El Acuerdo de Escaz\\u00fa, pionero en Am\\u00e9rica Latina, tiene una importancia fundamental para la ciudadan\\u00eda que ejerce la democracia ambiental: que quiere acceder a informaci\\u00f3n p\\u00fablica ambiental, participar de las decisiones que le puedan afectar y acceder a la justicia sin restricciones, porque concretiza estos derechos en normas y garantiza su aplicaci\\u00f3n. A la vez\",\"inLanguage\":\"es-ES\",\"isPartOf\":{\"@id\":\"https:\\\/\\\/cauceecologico.org\\\/#website\"},\"breadcrumb\":{\"@id\":\"https:\\\/\\\/cauceecologico.org\\\/?p=2305#breadcrumblist\"},\"author\":{\"@id\":\"https:\\\/\\\/cauceecologico.org\\\/?author=2#author\"},\"creator\":{\"@id\":\"https:\\\/\\\/cauceecologico.org\\\/?author=2#author\"},\"image\":{\"@type\":\"ImageObject\",\"url\":\"https:\\\/\\\/cauceecologico.org\\\/wp-content\\\/uploads\\\/2020\\\/09\\\/Foto-DAR-1-617x351-1.png\",\"@id\":\"https:\\\/\\\/cauceecologico.org\\\/?p=2305\\\/#mainImage\",\"width\":617,\"height\":351},\"primaryImageOfPage\":{\"@id\":\"https:\\\/\\\/cauceecologico.org\\\/?p=2305#mainImage\"},\"datePublished\":\"2020-09-25T09:23:33+00:00\",\"dateModified\":\"2020-10-20T19:15:58+00:00\"},{\"@type\":\"WebSite\",\"@id\":\"https:\\\/\\\/cauceecologico.org\\\/#website\",\"url\":\"https:\\\/\\\/cauceecologico.org\\\/\",\"name\":\"CAUCE\",\"description\":\"Cultura Ambiental - Causa Ecologista\",\"inLanguage\":\"es-ES\",\"publisher\":{\"@id\":\"https:\\\/\\\/cauceecologico.org\\\/#organization\"}}]}\n\t\t<\/script>\n\t\t<!-- All in One SEO -->\n\n","aioseo_head_json":{"title":"Argentina suma democracia ambiental: \u00a1se ratific\u00f3 el Acuerdo de Escaz\u00fa! - CAUCE","description":"\"El Acuerdo de Escaz\u00fa, pionero en Am\u00e9rica Latina, tiene una importancia fundamental para la ciudadan\u00eda que ejerce la democracia ambiental: que quiere acceder a informaci\u00f3n p\u00fablica ambiental, participar de las decisiones que le puedan afectar y acceder a la justicia sin restricciones, porque concretiza estos derechos en normas y garantiza su aplicaci\u00f3n. A la vez","canonical_url":"https:\/\/cauceecologico.org\/?p=2305","robots":"max-image-preview:large","keywords":"","webmasterTools":{"miscellaneous":""},"schema":{"@context":"https:\/\/schema.org","@graph":[{"@type":"BlogPosting","@id":"https:\/\/cauceecologico.org\/?p=2305#blogposting","name":"Argentina suma democracia ambiental: \u00a1se ratific\u00f3 el Acuerdo de Escaz\u00fa! - CAUCE","headline":"Argentina suma democracia ambiental: \u00a1se ratific\u00f3 el Acuerdo de Escaz\u00fa!","author":{"@id":"https:\/\/cauceecologico.org\/?author=2#author"},"publisher":{"@id":"https:\/\/cauceecologico.org\/#organization"},"image":{"@type":"ImageObject","url":"https:\/\/cauceecologico.org\/wp-content\/uploads\/2020\/09\/Foto-DAR-1-617x351-1.png","width":617,"height":351},"datePublished":"2020-09-25T09:23:33+00:00","dateModified":"2020-10-20T19:15:58+00:00","inLanguage":"es-ES","mainEntityOfPage":{"@id":"https:\/\/cauceecologico.org\/?p=2305#webpage"},"isPartOf":{"@id":"https:\/\/cauceecologico.org\/?p=2305#webpage"},"articleSection":"Destacados, Noticias, Uncategorized"},{"@type":"BreadcrumbList","@id":"https:\/\/cauceecologico.org\/?p=2305#breadcrumblist","itemListElement":[{"@type":"ListItem","@id":"https:\/\/cauceecologico.org#listItem","position":1,"name":"Home","item":"https:\/\/cauceecologico.org","nextItem":{"@type":"ListItem","@id":"https:\/\/cauceecologico.org\/?cat=1#listItem","name":"Uncategorized"}},{"@type":"ListItem","@id":"https:\/\/cauceecologico.org\/?cat=1#listItem","position":2,"name":"Uncategorized","item":"https:\/\/cauceecologico.org\/?cat=1","nextItem":{"@type":"ListItem","@id":"https:\/\/cauceecologico.org\/?p=2305#listItem","name":"Argentina suma democracia ambiental: \u00a1se ratific\u00f3 el Acuerdo de Escaz\u00fa!"},"previousItem":{"@type":"ListItem","@id":"https:\/\/cauceecologico.org#listItem","name":"Home"}},{"@type":"ListItem","@id":"https:\/\/cauceecologico.org\/?p=2305#listItem","position":3,"name":"Argentina suma democracia ambiental: \u00a1se ratific\u00f3 el Acuerdo de Escaz\u00fa!","previousItem":{"@type":"ListItem","@id":"https:\/\/cauceecologico.org\/?cat=1#listItem","name":"Uncategorized"}}]},{"@type":"Organization","@id":"https:\/\/cauceecologico.org\/#organization","name":"CAUCE","description":"Cultura Ambiental - Causa Ecologista","url":"https:\/\/cauceecologico.org\/"},{"@type":"Person","@id":"https:\/\/cauceecologico.org\/?author=2#author","url":"https:\/\/cauceecologico.org\/?author=2","name":"Ana Lucia Vergara","image":{"@type":"ImageObject","@id":"https:\/\/cauceecologico.org\/?p=2305#authorImage","url":"https:\/\/secure.gravatar.com\/avatar\/e8720df08f5c466573fb9f3d6cec14bcac9a305e2049123e58e6bc9c03f3a77b?s=96&d=mm&r=g","width":96,"height":96,"caption":"Ana Lucia Vergara"}},{"@type":"WebPage","@id":"https:\/\/cauceecologico.org\/?p=2305#webpage","url":"https:\/\/cauceecologico.org\/?p=2305","name":"Argentina suma democracia ambiental: \u00a1se ratific\u00f3 el Acuerdo de Escaz\u00fa! - CAUCE","description":"\"El Acuerdo de Escaz\u00fa, pionero en Am\u00e9rica Latina, tiene una importancia fundamental para la ciudadan\u00eda que ejerce la democracia ambiental: que quiere acceder a informaci\u00f3n p\u00fablica ambiental, participar de las decisiones que le puedan afectar y acceder a la justicia sin restricciones, porque concretiza estos derechos en normas y garantiza su aplicaci\u00f3n. A la vez","inLanguage":"es-ES","isPartOf":{"@id":"https:\/\/cauceecologico.org\/#website"},"breadcrumb":{"@id":"https:\/\/cauceecologico.org\/?p=2305#breadcrumblist"},"author":{"@id":"https:\/\/cauceecologico.org\/?author=2#author"},"creator":{"@id":"https:\/\/cauceecologico.org\/?author=2#author"},"image":{"@type":"ImageObject","url":"https:\/\/cauceecologico.org\/wp-content\/uploads\/2020\/09\/Foto-DAR-1-617x351-1.png","@id":"https:\/\/cauceecologico.org\/?p=2305\/#mainImage","width":617,"height":351},"primaryImageOfPage":{"@id":"https:\/\/cauceecologico.org\/?p=2305#mainImage"},"datePublished":"2020-09-25T09:23:33+00:00","dateModified":"2020-10-20T19:15:58+00:00"},{"@type":"WebSite","@id":"https:\/\/cauceecologico.org\/#website","url":"https:\/\/cauceecologico.org\/","name":"CAUCE","description":"Cultura Ambiental - Causa Ecologista","inLanguage":"es-ES","publisher":{"@id":"https:\/\/cauceecologico.org\/#organization"}}]},"og:locale":"es_ES","og:site_name":"CAUCE - Cultura Ambiental - Causa Ecologista","og:type":"article","og:title":"Argentina suma democracia ambiental: \u00a1se ratific\u00f3 el Acuerdo de Escaz\u00fa! - CAUCE","og:description":"&quot;El Acuerdo de Escaz\u00fa, pionero en Am\u00e9rica Latina, tiene una importancia fundamental para la ciudadan\u00eda que ejerce la democracia ambiental: que quiere acceder a informaci\u00f3n p\u00fablica ambiental, participar de las decisiones que le puedan afectar y acceder a la justicia sin restricciones, porque concretiza estos derechos en normas y garantiza su aplicaci\u00f3n. A la vez","og:url":"https:\/\/cauceecologico.org\/?p=2305","article:published_time":"2020-09-25T09:23:33+00:00","article:modified_time":"2020-10-20T19:15:58+00:00","twitter:card":"summary_large_image","twitter:title":"Argentina suma democracia ambiental: \u00a1se ratific\u00f3 el Acuerdo de Escaz\u00fa! - CAUCE","twitter:description":"&quot;El Acuerdo de Escaz\u00fa, pionero en Am\u00e9rica Latina, tiene una importancia fundamental para la ciudadan\u00eda que ejerce la democracia ambiental: que quiere acceder a informaci\u00f3n p\u00fablica ambiental, participar de las decisiones que le puedan afectar y acceder a la justicia sin restricciones, porque concretiza estos derechos en normas y garantiza su aplicaci\u00f3n. A la vez"},"aioseo_meta_data":{"post_id":"2305","title":null,"description":null,"keywords":null,"keyphrases":null,"primary_term":null,"canonical_url":null,"og_title":null,"og_description":null,"og_object_type":"default","og_image_type":"default","og_image_url":null,"og_image_width":null,"og_image_height":null,"og_image_custom_url":null,"og_image_custom_fields":null,"og_video":null,"og_custom_url":null,"og_article_section":null,"og_article_tags":null,"twitter_use_og":false,"twitter_card":"default","twitter_image_type":"default","twitter_image_url":null,"twitter_image_custom_url":null,"twitter_image_custom_fields":null,"twitter_title":null,"twitter_description":null,"schema":{"blockGraphs":[],"customGraphs":[],"default":{"data":{"Article":[],"Course":[],"Dataset":[],"FAQPage":[],"Movie":[],"Person":[],"Product":[],"ProductReview":[],"Car":[],"Recipe":[],"Service":[],"SoftwareApplication":[],"WebPage":[]},"graphName":"","isEnabled":true},"graphs":[]},"schema_type":"default","schema_type_options":null,"pillar_content":false,"robots_default":true,"robots_noindex":false,"robots_noarchive":false,"robots_nosnippet":false,"robots_nofollow":false,"robots_noimageindex":false,"robots_noodp":false,"robots_notranslate":false,"robots_max_snippet":null,"robots_max_videopreview":null,"robots_max_imagepreview":"large","priority":null,"frequency":null,"local_seo":null,"limit_modified_date":false,"created":"2023-03-16 20:32:24","updated":"2026-07-28 01:18:17","ai":null,"breadcrumb_settings":null,"seo_analyzer_scan_date":null},"aioseo_breadcrumb":"<div class=\"aioseo-breadcrumbs\"><span class=\"aioseo-breadcrumb\">\n\t\t\t<a href=\"https:\/\/cauceecologico.org\" title=\"Home\">Home<\/a>\n\t\t<\/span><span class=\"aioseo-breadcrumb-separator\">&raquo;<\/span><span class=\"aioseo-breadcrumb\">\n\t\t\t<a href=\"https:\/\/cauceecologico.org\/?cat=1\" title=\"Uncategorized\">Uncategorized<\/a>\n\t\t<\/span><span class=\"aioseo-breadcrumb-separator\">&raquo;<\/span><span class=\"aioseo-breadcrumb\">\n\t\t\tArgentina suma democracia ambiental: \u00a1se ratific\u00f3 el Acuerdo de Escaz\u00fa!\n\t\t<\/span><\/div>","aioseo_breadcrumb_json":[{"label":"Home","link":"https:\/\/cauceecologico.org"},{"label":"Uncategorized","link":"https:\/\/cauceecologico.org\/?cat=1"},{"label":"Argentina suma democracia ambiental: \u00a1se ratific\u00f3 el Acuerdo de Escaz\u00fa!","link":"https:\/\/cauceecologico.org\/?p=2305"}],"_links":{"self":[{"href":"https:\/\/cauceecologico.org\/index.php?rest_route=\/wp\/v2\/posts\/2305","targetHints":{"allow":["GET"]}}],"collection":[{"href":"https:\/\/cauceecologico.org\/index.php?rest_route=\/wp\/v2\/posts"}],"about":[{"href":"https:\/\/cauceecologico.org\/index.php?rest_route=\/wp\/v2\/types\/post"}],"author":[{"embeddable":true,"href":"https:\/\/cauceecologico.org\/index.php?rest_route=\/wp\/v2\/users\/2"}],"replies":[{"embeddable":true,"href":"https:\/\/cauceecologico.org\/index.php?rest_route=%2Fwp%2Fv2%2Fcomments&post=2305"}],"version-history":[{"count":9,"href":"https:\/\/cauceecologico.org\/index.php?rest_route=\/wp\/v2\/posts\/2305\/revisions"}],"predecessor-version":[{"id":2402,"href":"https:\/\/cauceecologico.org\/index.php?rest_route=\/wp\/v2\/posts\/2305\/revisions\/2402"}],"wp:featuredmedia":[{"embeddable":true,"href":"https:\/\/cauceecologico.org\/index.php?rest_route=\/wp\/v2\/media\/2316"}],"wp:attachment":[{"href":"https:\/\/cauceecologico.org\/index.php?rest_route=%2Fwp%2Fv2%2Fmedia&parent=2305"}],"wp:term":[{"taxonomy":"category","embeddable":true,"href":"https:\/\/cauceecologico.org\/index.php?rest_route=%2Fwp%2Fv2%2Fcategories&post=2305"},{"taxonomy":"post_tag","embeddable":true,"href":"https:\/\/cauceecologico.org\/index.php?rest_route=%2Fwp%2Fv2%2Ftags&post=2305"}],"curies":[{"name":"wp","href":"https:\/\/api.w.org\/{rel}","templated":true}]}}