{"id":2342,"date":"2020-10-01T19:50:49","date_gmt":"2020-10-01T19:50:49","guid":{"rendered":"http:\/\/cauceecologico.org\/?p=2342"},"modified":"2021-02-10T16:06:39","modified_gmt":"2021-02-10T16:06:39","slug":"ley-de-humedales-ya-mas-de-300-organizaciones-pedimos-que-se-avance-en-su-tratamiento","status":"publish","type":"post","link":"https:\/\/cauceecologico.org\/?p=2342","title":{"rendered":"Ley de Humedales YA: m\u00e1s de 300 organizaciones pedimos que se avance en su tratamiento"},"content":{"rendered":"<p>En el marco de las actividades que venimos realizando distintos sectores de la sociedad civil para pedir que se avance en el tratamiento de una ley de humedales, este mi\u00e9rcoles 30 de septiembre se envi\u00f3 una nota al presidente de la Comisi\u00f3n de Recursos Naturales y Conservaci\u00f3n del Ambiente Humano de la Honorable C\u00e1mara de Diputados de la Naci\u00f3n, Leonardo Grosso, firmada por 315 organizaciones, grupos, colectivos y movimientos formales y no formales de los territorios, para destacar la necesidad de un texto unificado y as\u00ed avanzar lo antes posible hacia una media sanci\u00f3n en este 2020.<\/p>\n<p><span style=\"color: #3366ff;\"><a style=\"color: #3366ff;\" href=\"http:\/\/cauceecologico.org\/wp-content\/uploads\/2020\/10\/Nota-texto-unificado-Ley-de-Humedales-30.09.20-1.pdf\"><img loading=\"lazy\" decoding=\"async\" class=\"alignnone wp-image-1703\" src=\"http:\/\/cauceecologico.org\/wp-content\/uploads\/2020\/02\/descargar.png\" alt=\"\" width=\"21\" height=\"22\" \/><strong>Nota texto unificado Ley de Humedales 30.09.20<\/strong><\/a><\/span><\/p>\n<p>&nbsp;<\/p>\n<p>Publicaciones relacionadas:<\/p>\n<p><span style=\"color: #3366ff;\"><a style=\"color: #3366ff;\" href=\"http:\/\/cauceecologico.org\/?p=2122\"><strong>Ley de Humedales: aportes para una normativa con visi\u00f3n ecoc\u00e9ntrica<\/strong><\/a><\/span><\/p>\n<p><a href=\"http:\/\/cauceecologico.org\/?p=2174\"><strong><span style=\"color: #3366ff;\">Webinario \u00a1Ley de Humedales YA!<\/span><\/strong><\/a><\/p>\n<p style=\"text-align: right;\">01\/10\/20<\/p>\n","protected":false},"excerpt":{"rendered":"<p>En el marco de las actividades que venimos realizando distintos sectores de la sociedad civil para pedir que se avance en el tratamiento de una ley de humedales, este mi\u00e9rcoles 30 de septiembre se envi\u00f3 una nota al presidente de la Comisi\u00f3n de Recursos Naturales y Conservaci\u00f3n del Ambiente Humano de la Honorable C\u00e1mara de [&hellip;]<\/p>\n","protected":false},"author":2,"featured_media":2048,"comment_status":"open","ping_status":"open","sticky":false,"template":"","format":"standard","meta":{"om_disable_all_campaigns":false,"_monsterinsights_skip_tracking":false,"amp_status":"","footnotes":""},"categories":[276,6,5],"tags":[],"class_list":["post-2342","post","type-post","status-publish","format-standard","has-post-thumbnail","hentry","category-delta","category-destacados","category-noticias"],"aioseo_notices":[],"aioseo_head":"\n\t\t<!-- All in One SEO 4.9.10 - aioseo.com -->\n\t<meta name=\"description\" content=\"En el marco de las actividades que venimos realizando distintos sectores de la sociedad civil para pedir que se avance en el tratamiento de una ley de humedales, este mi\u00e9rcoles 30 de septiembre se envi\u00f3 una nota al presidente de la Comisi\u00f3n de Recursos Naturales y Conservaci\u00f3n del Ambiente Humano de la Honorable C\u00e1mara de\" \/>\n\t<meta name=\"robots\" content=\"max-image-preview:large\" \/>\n\t<meta name=\"author\" content=\"Ana Lucia Vergara\"\/>\n\t<link rel=\"canonical\" href=\"https:\/\/cauceecologico.org\/?p=2342\" \/>\n\t<meta name=\"generator\" content=\"All in One SEO (AIOSEO) 4.9.10\" \/>\n\t\t<meta property=\"og:locale\" content=\"es_ES\" \/>\n\t\t<meta property=\"og:site_name\" content=\"CAUCE - Cultura Ambiental - Causa Ecologista\" \/>\n\t\t<meta property=\"og:type\" content=\"article\" \/>\n\t\t<meta property=\"og:title\" content=\"Ley de Humedales YA: m\u00e1s de 300 organizaciones pedimos que se avance en su tratamiento - CAUCE\" \/>\n\t\t<meta property=\"og:description\" content=\"En el marco de las actividades que venimos realizando distintos sectores de la sociedad civil para pedir que se avance en el tratamiento de una ley de humedales, este mi\u00e9rcoles 30 de septiembre se envi\u00f3 una nota al presidente de la Comisi\u00f3n de Recursos Naturales y Conservaci\u00f3n del Ambiente Humano de la Honorable C\u00e1mara de\" \/>\n\t\t<meta property=\"og:url\" content=\"https:\/\/cauceecologico.org\/?p=2342\" \/>\n\t\t<meta property=\"article:published_time\" content=\"2020-10-01T19:50:49+00:00\" \/>\n\t\t<meta property=\"article:modified_time\" content=\"2021-02-10T16:06:39+00:00\" \/>\n\t\t<meta name=\"twitter:card\" content=\"summary_large_image\" \/>\n\t\t<meta name=\"twitter:title\" content=\"Ley de Humedales YA: m\u00e1s de 300 organizaciones pedimos que se avance en su tratamiento - CAUCE\" \/>\n\t\t<meta name=\"twitter:description\" content=\"En el marco de las actividades que venimos realizando distintos sectores de la sociedad civil para pedir que se avance en el tratamiento de una ley de humedales, este mi\u00e9rcoles 30 de septiembre se envi\u00f3 una nota al presidente de la Comisi\u00f3n de Recursos Naturales y Conservaci\u00f3n del Ambiente Humano de la Honorable C\u00e1mara de\" \/>\n\t\t<script type=\"application\/ld+json\" class=\"aioseo-schema\">\n\t\t\t{\"@context\":\"https:\\\/\\\/schema.org\",\"@graph\":[{\"@type\":\"BlogPosting\",\"@id\":\"https:\\\/\\\/cauceecologico.org\\\/?p=2342#blogposting\",\"name\":\"Ley de Humedales YA: m\\u00e1s de 300 organizaciones pedimos que se avance en su tratamiento - CAUCE\",\"headline\":\"Ley de Humedales YA: m\\u00e1s de 300 organizaciones pedimos que se avance en su tratamiento\",\"author\":{\"@id\":\"https:\\\/\\\/cauceecologico.org\\\/?author=2#author\"},\"publisher\":{\"@id\":\"https:\\\/\\\/cauceecologico.org\\\/#organization\"},\"image\":{\"@type\":\"ImageObject\",\"url\":\"https:\\\/\\\/cauceecologico.org\\\/wp-content\\\/uploads\\\/2020\\\/07\\\/PAISAJE01.png\",\"width\":1920,\"height\":1080},\"datePublished\":\"2020-10-01T19:50:49+00:00\",\"dateModified\":\"2021-02-10T16:06:39+00:00\",\"inLanguage\":\"es-ES\",\"mainEntityOfPage\":{\"@id\":\"https:\\\/\\\/cauceecologico.org\\\/?p=2342#webpage\"},\"isPartOf\":{\"@id\":\"https:\\\/\\\/cauceecologico.org\\\/?p=2342#webpage\"},\"articleSection\":\"Delta, Destacados, Noticias\"},{\"@type\":\"BreadcrumbList\",\"@id\":\"https:\\\/\\\/cauceecologico.org\\\/?p=2342#breadcrumblist\",\"itemListElement\":[{\"@type\":\"ListItem\",\"@id\":\"https:\\\/\\\/cauceecologico.org#listItem\",\"position\":1,\"name\":\"Home\",\"item\":\"https:\\\/\\\/cauceecologico.org\",\"nextItem\":{\"@type\":\"ListItem\",\"@id\":\"https:\\\/\\\/cauceecologico.org\\\/?cat=5#listItem\",\"name\":\"Noticias\"}},{\"@type\":\"ListItem\",\"@id\":\"https:\\\/\\\/cauceecologico.org\\\/?cat=5#listItem\",\"position\":2,\"name\":\"Noticias\",\"item\":\"https:\\\/\\\/cauceecologico.org\\\/?cat=5\",\"nextItem\":{\"@type\":\"ListItem\",\"@id\":\"https:\\\/\\\/cauceecologico.org\\\/?p=2342#listItem\",\"name\":\"Ley de Humedales YA: m\\u00e1s de 300 organizaciones pedimos que se avance en su tratamiento\"},\"previousItem\":{\"@type\":\"ListItem\",\"@id\":\"https:\\\/\\\/cauceecologico.org#listItem\",\"name\":\"Home\"}},{\"@type\":\"ListItem\",\"@id\":\"https:\\\/\\\/cauceecologico.org\\\/?p=2342#listItem\",\"position\":3,\"name\":\"Ley de Humedales YA: m\\u00e1s de 300 organizaciones pedimos que se avance en su tratamiento\",\"previousItem\":{\"@type\":\"ListItem\",\"@id\":\"https:\\\/\\\/cauceecologico.org\\\/?cat=5#listItem\",\"name\":\"Noticias\"}}]},{\"@type\":\"Organization\",\"@id\":\"https:\\\/\\\/cauceecologico.org\\\/#organization\",\"name\":\"CAUCE\",\"description\":\"Cultura Ambiental - Causa Ecologista\",\"url\":\"https:\\\/\\\/cauceecologico.org\\\/\"},{\"@type\":\"Person\",\"@id\":\"https:\\\/\\\/cauceecologico.org\\\/?author=2#author\",\"url\":\"https:\\\/\\\/cauceecologico.org\\\/?author=2\",\"name\":\"Ana Lucia Vergara\",\"image\":{\"@type\":\"ImageObject\",\"@id\":\"https:\\\/\\\/cauceecologico.org\\\/?p=2342#authorImage\",\"url\":\"https:\\\/\\\/secure.gravatar.com\\\/avatar\\\/e8720df08f5c466573fb9f3d6cec14bcac9a305e2049123e58e6bc9c03f3a77b?s=96&d=mm&r=g\",\"width\":96,\"height\":96,\"caption\":\"Ana Lucia Vergara\"}},{\"@type\":\"WebPage\",\"@id\":\"https:\\\/\\\/cauceecologico.org\\\/?p=2342#webpage\",\"url\":\"https:\\\/\\\/cauceecologico.org\\\/?p=2342\",\"name\":\"Ley de Humedales YA: m\\u00e1s de 300 organizaciones pedimos que se avance en su tratamiento - CAUCE\",\"description\":\"En el marco de las actividades que venimos realizando distintos sectores de la sociedad civil para pedir que se avance en el tratamiento de una ley de humedales, este mi\\u00e9rcoles 30 de septiembre se envi\\u00f3 una nota al presidente de la Comisi\\u00f3n de Recursos Naturales y Conservaci\\u00f3n del Ambiente Humano de la Honorable C\\u00e1mara de\",\"inLanguage\":\"es-ES\",\"isPartOf\":{\"@id\":\"https:\\\/\\\/cauceecologico.org\\\/#website\"},\"breadcrumb\":{\"@id\":\"https:\\\/\\\/cauceecologico.org\\\/?p=2342#breadcrumblist\"},\"author\":{\"@id\":\"https:\\\/\\\/cauceecologico.org\\\/?author=2#author\"},\"creator\":{\"@id\":\"https:\\\/\\\/cauceecologico.org\\\/?author=2#author\"},\"image\":{\"@type\":\"ImageObject\",\"url\":\"https:\\\/\\\/cauceecologico.org\\\/wp-content\\\/uploads\\\/2020\\\/07\\\/PAISAJE01.png\",\"@id\":\"https:\\\/\\\/cauceecologico.org\\\/?p=2342\\\/#mainImage\",\"width\":1920,\"height\":1080},\"primaryImageOfPage\":{\"@id\":\"https:\\\/\\\/cauceecologico.org\\\/?p=2342#mainImage\"},\"datePublished\":\"2020-10-01T19:50:49+00:00\",\"dateModified\":\"2021-02-10T16:06:39+00:00\"},{\"@type\":\"WebSite\",\"@id\":\"https:\\\/\\\/cauceecologico.org\\\/#website\",\"url\":\"https:\\\/\\\/cauceecologico.org\\\/\",\"name\":\"CAUCE\",\"description\":\"Cultura Ambiental - Causa Ecologista\",\"inLanguage\":\"es-ES\",\"publisher\":{\"@id\":\"https:\\\/\\\/cauceecologico.org\\\/#organization\"}}]}\n\t\t<\/script>\n\t\t<!-- All in One SEO -->\n\n","aioseo_head_json":{"title":"Ley de Humedales YA: m\u00e1s de 300 organizaciones pedimos que se avance en su tratamiento - CAUCE","description":"En el marco de las actividades que venimos realizando distintos sectores de la sociedad civil para pedir que se avance en el tratamiento de una ley de humedales, este mi\u00e9rcoles 30 de septiembre se envi\u00f3 una nota al presidente de la Comisi\u00f3n de Recursos Naturales y Conservaci\u00f3n del Ambiente Humano de la Honorable C\u00e1mara de","canonical_url":"https:\/\/cauceecologico.org\/?p=2342","robots":"max-image-preview:large","keywords":"","webmasterTools":{"miscellaneous":""},"schema":{"@context":"https:\/\/schema.org","@graph":[{"@type":"BlogPosting","@id":"https:\/\/cauceecologico.org\/?p=2342#blogposting","name":"Ley de Humedales YA: m\u00e1s de 300 organizaciones pedimos que se avance en su tratamiento - CAUCE","headline":"Ley de Humedales YA: m\u00e1s de 300 organizaciones pedimos que se avance en su tratamiento","author":{"@id":"https:\/\/cauceecologico.org\/?author=2#author"},"publisher":{"@id":"https:\/\/cauceecologico.org\/#organization"},"image":{"@type":"ImageObject","url":"https:\/\/cauceecologico.org\/wp-content\/uploads\/2020\/07\/PAISAJE01.png","width":1920,"height":1080},"datePublished":"2020-10-01T19:50:49+00:00","dateModified":"2021-02-10T16:06:39+00:00","inLanguage":"es-ES","mainEntityOfPage":{"@id":"https:\/\/cauceecologico.org\/?p=2342#webpage"},"isPartOf":{"@id":"https:\/\/cauceecologico.org\/?p=2342#webpage"},"articleSection":"Delta, Destacados, Noticias"},{"@type":"BreadcrumbList","@id":"https:\/\/cauceecologico.org\/?p=2342#breadcrumblist","itemListElement":[{"@type":"ListItem","@id":"https:\/\/cauceecologico.org#listItem","position":1,"name":"Home","item":"https:\/\/cauceecologico.org","nextItem":{"@type":"ListItem","@id":"https:\/\/cauceecologico.org\/?cat=5#listItem","name":"Noticias"}},{"@type":"ListItem","@id":"https:\/\/cauceecologico.org\/?cat=5#listItem","position":2,"name":"Noticias","item":"https:\/\/cauceecologico.org\/?cat=5","nextItem":{"@type":"ListItem","@id":"https:\/\/cauceecologico.org\/?p=2342#listItem","name":"Ley de Humedales YA: m\u00e1s de 300 organizaciones pedimos que se avance en su tratamiento"},"previousItem":{"@type":"ListItem","@id":"https:\/\/cauceecologico.org#listItem","name":"Home"}},{"@type":"ListItem","@id":"https:\/\/cauceecologico.org\/?p=2342#listItem","position":3,"name":"Ley de Humedales YA: m\u00e1s de 300 organizaciones pedimos que se avance en su tratamiento","previousItem":{"@type":"ListItem","@id":"https:\/\/cauceecologico.org\/?cat=5#listItem","name":"Noticias"}}]},{"@type":"Organization","@id":"https:\/\/cauceecologico.org\/#organization","name":"CAUCE","description":"Cultura Ambiental - Causa Ecologista","url":"https:\/\/cauceecologico.org\/"},{"@type":"Person","@id":"https:\/\/cauceecologico.org\/?author=2#author","url":"https:\/\/cauceecologico.org\/?author=2","name":"Ana Lucia Vergara","image":{"@type":"ImageObject","@id":"https:\/\/cauceecologico.org\/?p=2342#authorImage","url":"https:\/\/secure.gravatar.com\/avatar\/e8720df08f5c466573fb9f3d6cec14bcac9a305e2049123e58e6bc9c03f3a77b?s=96&d=mm&r=g","width":96,"height":96,"caption":"Ana Lucia Vergara"}},{"@type":"WebPage","@id":"https:\/\/cauceecologico.org\/?p=2342#webpage","url":"https:\/\/cauceecologico.org\/?p=2342","name":"Ley de Humedales YA: m\u00e1s de 300 organizaciones pedimos que se avance en su tratamiento - CAUCE","description":"En el marco de las actividades que venimos realizando distintos sectores de la sociedad civil para pedir que se avance en el tratamiento de una ley de humedales, este mi\u00e9rcoles 30 de septiembre se envi\u00f3 una nota al presidente de la Comisi\u00f3n de Recursos Naturales y Conservaci\u00f3n del Ambiente Humano de la Honorable C\u00e1mara de","inLanguage":"es-ES","isPartOf":{"@id":"https:\/\/cauceecologico.org\/#website"},"breadcrumb":{"@id":"https:\/\/cauceecologico.org\/?p=2342#breadcrumblist"},"author":{"@id":"https:\/\/cauceecologico.org\/?author=2#author"},"creator":{"@id":"https:\/\/cauceecologico.org\/?author=2#author"},"image":{"@type":"ImageObject","url":"https:\/\/cauceecologico.org\/wp-content\/uploads\/2020\/07\/PAISAJE01.png","@id":"https:\/\/cauceecologico.org\/?p=2342\/#mainImage","width":1920,"height":1080},"primaryImageOfPage":{"@id":"https:\/\/cauceecologico.org\/?p=2342#mainImage"},"datePublished":"2020-10-01T19:50:49+00:00","dateModified":"2021-02-10T16:06:39+00:00"},{"@type":"WebSite","@id":"https:\/\/cauceecologico.org\/#website","url":"https:\/\/cauceecologico.org\/","name":"CAUCE","description":"Cultura Ambiental - Causa Ecologista","inLanguage":"es-ES","publisher":{"@id":"https:\/\/cauceecologico.org\/#organization"}}]},"og:locale":"es_ES","og:site_name":"CAUCE - Cultura Ambiental - Causa Ecologista","og:type":"article","og:title":"Ley de Humedales YA: m\u00e1s de 300 organizaciones pedimos que se avance en su tratamiento - CAUCE","og:description":"En el marco de las actividades que venimos realizando distintos sectores de la sociedad civil para pedir que se avance en el tratamiento de una ley de humedales, este mi\u00e9rcoles 30 de septiembre se envi\u00f3 una nota al presidente de la Comisi\u00f3n de Recursos Naturales y Conservaci\u00f3n del Ambiente Humano de la Honorable C\u00e1mara de","og:url":"https:\/\/cauceecologico.org\/?p=2342","article:published_time":"2020-10-01T19:50:49+00:00","article:modified_time":"2021-02-10T16:06:39+00:00","twitter:card":"summary_large_image","twitter:title":"Ley de Humedales YA: m\u00e1s de 300 organizaciones pedimos que se avance en su tratamiento - CAUCE","twitter:description":"En el marco de las actividades que venimos realizando distintos sectores de la sociedad civil para pedir que se avance en el tratamiento de una ley de humedales, este mi\u00e9rcoles 30 de septiembre se envi\u00f3 una nota al presidente de la Comisi\u00f3n de Recursos Naturales y Conservaci\u00f3n del Ambiente Humano de la Honorable C\u00e1mara de"},"aioseo_meta_data":{"post_id":"2342","title":null,"description":null,"keywords":null,"keyphrases":null,"primary_term":null,"canonical_url":null,"og_title":null,"og_description":null,"og_object_type":"default","og_image_type":"default","og_image_url":null,"og_image_width":null,"og_image_height":null,"og_image_custom_url":null,"og_image_custom_fields":null,"og_video":null,"og_custom_url":null,"og_article_section":null,"og_article_tags":null,"twitter_use_og":false,"twitter_card":"default","twitter_image_type":"default","twitter_image_url":null,"twitter_image_custom_url":null,"twitter_image_custom_fields":null,"twitter_title":null,"twitter_description":null,"schema":{"blockGraphs":[],"customGraphs":[],"default":{"data":{"Article":[],"Course":[],"Dataset":[],"FAQPage":[],"Movie":[],"Person":[],"Product":[],"ProductReview":[],"Car":[],"Recipe":[],"Service":[],"SoftwareApplication":[],"WebPage":[]},"graphName":"","isEnabled":true},"graphs":[]},"schema_type":"default","schema_type_options":null,"pillar_content":false,"robots_default":true,"robots_noindex":false,"robots_noarchive":false,"robots_nosnippet":false,"robots_nofollow":false,"robots_noimageindex":false,"robots_noodp":false,"robots_notranslate":false,"robots_max_snippet":null,"robots_max_videopreview":null,"robots_max_imagepreview":"large","priority":null,"frequency":null,"local_seo":null,"limit_modified_date":false,"created":"2023-03-16 20:34:29","updated":"2026-07-28 01:18:17","ai":null,"breadcrumb_settings":null,"seo_analyzer_scan_date":null},"aioseo_breadcrumb":"<div class=\"aioseo-breadcrumbs\"><span class=\"aioseo-breadcrumb\">\n\t\t\t<a href=\"https:\/\/cauceecologico.org\" title=\"Home\">Home<\/a>\n\t\t<\/span><span class=\"aioseo-breadcrumb-separator\">&raquo;<\/span><span class=\"aioseo-breadcrumb\">\n\t\t\t<a href=\"https:\/\/cauceecologico.org\/?cat=5\" title=\"Noticias\">Noticias<\/a>\n\t\t<\/span><span class=\"aioseo-breadcrumb-separator\">&raquo;<\/span><span class=\"aioseo-breadcrumb\">\n\t\t\tLey de Humedales YA: m\u00e1s de 300 organizaciones pedimos que se avance en su tratamiento\n\t\t<\/span><\/div>","aioseo_breadcrumb_json":[{"label":"Home","link":"https:\/\/cauceecologico.org"},{"label":"Noticias","link":"https:\/\/cauceecologico.org\/?cat=5"},{"label":"Ley de Humedales YA: m\u00e1s de 300 organizaciones pedimos que se avance en su tratamiento","link":"https:\/\/cauceecologico.org\/?p=2342"}],"_links":{"self":[{"href":"https:\/\/cauceecologico.org\/index.php?rest_route=\/wp\/v2\/posts\/2342","targetHints":{"allow":["GET"]}}],"collection":[{"href":"https:\/\/cauceecologico.org\/index.php?rest_route=\/wp\/v2\/posts"}],"about":[{"href":"https:\/\/cauceecologico.org\/index.php?rest_route=\/wp\/v2\/types\/post"}],"author":[{"embeddable":true,"href":"https:\/\/cauceecologico.org\/index.php?rest_route=\/wp\/v2\/users\/2"}],"replies":[{"embeddable":true,"href":"https:\/\/cauceecologico.org\/index.php?rest_route=%2Fwp%2Fv2%2Fcomments&post=2342"}],"version-history":[{"count":6,"href":"https:\/\/cauceecologico.org\/index.php?rest_route=\/wp\/v2\/posts\/2342\/revisions"}],"predecessor-version":[{"id":2349,"href":"https:\/\/cauceecologico.org\/index.php?rest_route=\/wp\/v2\/posts\/2342\/revisions\/2349"}],"wp:featuredmedia":[{"embeddable":true,"href":"https:\/\/cauceecologico.org\/index.php?rest_route=\/wp\/v2\/media\/2048"}],"wp:attachment":[{"href":"https:\/\/cauceecologico.org\/index.php?rest_route=%2Fwp%2Fv2%2Fmedia&parent=2342"}],"wp:term":[{"taxonomy":"category","embeddable":true,"href":"https:\/\/cauceecologico.org\/index.php?rest_route=%2Fwp%2Fv2%2Fcategories&post=2342"},{"taxonomy":"post_tag","embeddable":true,"href":"https:\/\/cauceecologico.org\/index.php?rest_route=%2Fwp%2Fv2%2Ftags&post=2342"}],"curies":[{"name":"wp","href":"https:\/\/api.w.org\/{rel}","templated":true}]}}