{"id":2363,"date":"2020-10-08T16:39:07","date_gmt":"2020-10-08T16:39:07","guid":{"rendered":"http:\/\/cauceecologico.org\/?p=2363"},"modified":"2020-10-08T16:45:11","modified_gmt":"2020-10-08T16:45:11","slug":"hidrovia-parana-paraguay-entre-lo-social-y-lo-natural","status":"publish","type":"post","link":"https:\/\/cauceecologico.org\/?p=2363","title":{"rendered":"Hidrov\u00eda Paran\u00e1-Paraguay: entre lo social y lo natural"},"content":{"rendered":"<p><strong>Compartimos unos de los materiales realizados en el marco de la beca para producci\u00f3n de contenido ambiental \u00abUn cauce para tus historias\u00bb, lanzada por Fundaci\u00f3n CAUCE desde el programa Humedales sin Fronteras.\u00a0<\/strong><\/p>\n<p>&nbsp;<\/p>\n<p>Miramos una imagen dif\u00edcil de descifrar, nos detenemos en cada detalle y buscamos relaciones entre cosas que parecieran no tenerlas. Desde este lugar presentamos y dise\u00f1amos un informe sobre la\u00a0<b>Hidrov\u00eda Paran\u00e1-Paraguay.<\/b>\u00a0Lo pensamos como\u00a0<b>una invitaci\u00f3n a demorarnos en ese cruce entre lo natural y lo social<\/b> que hace al territorio fluvial. Una invitaci\u00f3n a historizar, discutir y pensar juntxs todo lo que se juega en torno al r\u00edo.<\/p>\n<p>Somos un grupo de comunicadores que nos encontramos desde hace unos meses pensando las distintas dimensiones econ\u00f3micas, pol\u00edticas, hist\u00f3ricas y culturales que constituyen a la Hidrov\u00eda.<\/p>\n<p><i>Les invitamos a escuchar, debatir, compartir y escribirnos de vuelta si se copan. Pronto vendr\u00e1n nuevas producciones.<\/i><\/p>\n<p>Sof\u00eda Quaglia, Milena Ceccato, Mariano Chialva y Milena Frank<\/p>\n<h6><span style=\"color: #666699;\"><em><strong>Clic en imagen para escuchar<\/strong><\/em><\/span><\/h6>\n<p><a href=\"http:\/\/cauceecologico.org\/wp-content\/uploads\/2020\/10\/INFORME-HIDROV\u00cdA.mp3\"><img loading=\"lazy\" decoding=\"async\" class=\"alignnone wp-image-2364 size-large\" src=\"http:\/\/cauceecologico.org\/wp-content\/uploads\/2020\/10\/Informe-Hidrov\u00eda-1024x1024.png\" alt=\"\" width=\"618\" height=\"618\" srcset=\"https:\/\/cauceecologico.org\/wp-content\/uploads\/2020\/10\/Informe-Hidrov\u00eda-1024x1024.png 1024w, https:\/\/cauceecologico.org\/wp-content\/uploads\/2020\/10\/Informe-Hidrov\u00eda-300x300.png 300w, https:\/\/cauceecologico.org\/wp-content\/uploads\/2020\/10\/Informe-Hidrov\u00eda-150x150.png 150w, https:\/\/cauceecologico.org\/wp-content\/uploads\/2020\/10\/Informe-Hidrov\u00eda-768x768.png 768w, https:\/\/cauceecologico.org\/wp-content\/uploads\/2020\/10\/Informe-Hidrov\u00eda-1536x1536.png 1536w, https:\/\/cauceecologico.org\/wp-content\/uploads\/2020\/10\/Informe-Hidrov\u00eda-2048x2048.png 2048w\" sizes=\"auto, (max-width: 618px) 100vw, 618px\" \/><\/a><\/p>\n<p>Relacionadas:<\/p>\n<p><span style=\"color: #3366ff;\"><a style=\"color: #3366ff;\" href=\"http:\/\/cauceecologico.org\/?p=2164\">Hidrov\u00eda Paran\u00e1-Paraguay: caracter\u00edsticas, historia y actualidad\u00a0 &#8211; documento\u00a0<\/a><\/span><\/p>\n<p><span style=\"color: #3366ff;\"><a style=\"color: #3366ff;\" href=\"https:\/\/www.youtube.com\/watch?v=uyS_ccv5wQM&amp;feature=emb_logo\">Hidrov\u00eda industrial Paraguay &#8211; Paran\u00e1 (v\u00eddeo)<\/a><\/span><\/p>\n<p style=\"text-align: right;\">08\/10\/20<\/p>\n","protected":false},"excerpt":{"rendered":"<p>Compartimos unos de los materiales realizados en el marco de la beca para producci\u00f3n de contenido ambiental \u00abUn cauce para tus historias\u00bb, lanzada por Fundaci\u00f3n CAUCE desde el programa Humedales sin Fronteras.\u00a0 &nbsp; Miramos una imagen dif\u00edcil de descifrar, nos detenemos en cada detalle y buscamos relaciones entre cosas que parecieran no tenerlas. Desde este [&hellip;]<\/p>\n","protected":false},"author":2,"featured_media":2369,"comment_status":"open","ping_status":"open","sticky":false,"template":"","format":"standard","meta":{"om_disable_all_campaigns":false,"_monsterinsights_skip_tracking":false,"amp_status":"","footnotes":""},"categories":[6,112],"tags":[],"class_list":["post-2363","post","type-post","status-publish","format-standard","has-post-thumbnail","hentry","category-destacados","category-rios-libres"],"aioseo_notices":[],"aioseo_head":"\n\t\t<!-- All in One SEO 4.9.10 - aioseo.com -->\n\t<meta name=\"description\" content=\"Compartimos unos de los materiales realizados en el marco de la beca para producci\u00f3n de contenido ambiental &quot;Un cauce para tus historias&quot;, lanzada por Fundaci\u00f3n CAUCE desde el programa Humedales sin Fronteras. Miramos una imagen dif\u00edcil de descifrar, nos detenemos en cada detalle y buscamos relaciones entre cosas que parecieran no tenerlas. Desde este\" \/>\n\t<meta name=\"robots\" content=\"max-image-preview:large\" \/>\n\t<meta name=\"author\" content=\"Ana Lucia Vergara\"\/>\n\t<link rel=\"canonical\" href=\"https:\/\/cauceecologico.org\/?p=2363\" \/>\n\t<meta name=\"generator\" content=\"All in One SEO (AIOSEO) 4.9.10\" \/>\n\t\t<meta property=\"og:locale\" content=\"es_ES\" \/>\n\t\t<meta property=\"og:site_name\" content=\"CAUCE - Cultura Ambiental - Causa Ecologista\" \/>\n\t\t<meta property=\"og:type\" content=\"article\" \/>\n\t\t<meta property=\"og:title\" content=\"Hidrov\u00eda Paran\u00e1-Paraguay: entre lo social y lo natural - CAUCE\" \/>\n\t\t<meta property=\"og:description\" content=\"Compartimos unos de los materiales realizados en el marco de la beca para producci\u00f3n de contenido ambiental &quot;Un cauce para tus historias&quot;, lanzada por Fundaci\u00f3n CAUCE desde el programa Humedales sin Fronteras. Miramos una imagen dif\u00edcil de descifrar, nos detenemos en cada detalle y buscamos relaciones entre cosas que parecieran no tenerlas. Desde este\" \/>\n\t\t<meta property=\"og:url\" content=\"https:\/\/cauceecologico.org\/?p=2363\" \/>\n\t\t<meta property=\"article:published_time\" content=\"2020-10-08T16:39:07+00:00\" \/>\n\t\t<meta property=\"article:modified_time\" content=\"2020-10-08T16:45:11+00:00\" \/>\n\t\t<meta name=\"twitter:card\" content=\"summary_large_image\" \/>\n\t\t<meta name=\"twitter:title\" content=\"Hidrov\u00eda Paran\u00e1-Paraguay: entre lo social y lo natural - CAUCE\" \/>\n\t\t<meta name=\"twitter:description\" content=\"Compartimos unos de los materiales realizados en el marco de la beca para producci\u00f3n de contenido ambiental &quot;Un cauce para tus historias&quot;, lanzada por Fundaci\u00f3n CAUCE desde el programa Humedales sin Fronteras. Miramos una imagen dif\u00edcil de descifrar, nos detenemos en cada detalle y buscamos relaciones entre cosas que parecieran no tenerlas. Desde este\" \/>\n\t\t<script type=\"application\/ld+json\" class=\"aioseo-schema\">\n\t\t\t{\"@context\":\"https:\\\/\\\/schema.org\",\"@graph\":[{\"@type\":\"BlogPosting\",\"@id\":\"https:\\\/\\\/cauceecologico.org\\\/?p=2363#blogposting\",\"name\":\"Hidrov\\u00eda Paran\\u00e1-Paraguay: entre lo social y lo natural - CAUCE\",\"headline\":\"Hidrov\\u00eda Paran\\u00e1-Paraguay: entre lo social y lo natural\",\"author\":{\"@id\":\"https:\\\/\\\/cauceecologico.org\\\/?author=2#author\"},\"publisher\":{\"@id\":\"https:\\\/\\\/cauceecologico.org\\\/#organization\"},\"image\":{\"@type\":\"ImageObject\",\"url\":\"https:\\\/\\\/cauceecologico.org\\\/wp-content\\\/uploads\\\/2020\\\/10\\\/hbj.png\",\"width\":4210,\"height\":1807},\"datePublished\":\"2020-10-08T16:39:07+00:00\",\"dateModified\":\"2020-10-08T16:45:11+00:00\",\"inLanguage\":\"es-ES\",\"mainEntityOfPage\":{\"@id\":\"https:\\\/\\\/cauceecologico.org\\\/?p=2363#webpage\"},\"isPartOf\":{\"@id\":\"https:\\\/\\\/cauceecologico.org\\\/?p=2363#webpage\"},\"articleSection\":\"Destacados, R\\u00edos libres\"},{\"@type\":\"BreadcrumbList\",\"@id\":\"https:\\\/\\\/cauceecologico.org\\\/?p=2363#breadcrumblist\",\"itemListElement\":[{\"@type\":\"ListItem\",\"@id\":\"https:\\\/\\\/cauceecologico.org#listItem\",\"position\":1,\"name\":\"Home\",\"item\":\"https:\\\/\\\/cauceecologico.org\",\"nextItem\":{\"@type\":\"ListItem\",\"@id\":\"https:\\\/\\\/cauceecologico.org\\\/?cat=6#listItem\",\"name\":\"Destacados\"}},{\"@type\":\"ListItem\",\"@id\":\"https:\\\/\\\/cauceecologico.org\\\/?cat=6#listItem\",\"position\":2,\"name\":\"Destacados\",\"item\":\"https:\\\/\\\/cauceecologico.org\\\/?cat=6\",\"nextItem\":{\"@type\":\"ListItem\",\"@id\":\"https:\\\/\\\/cauceecologico.org\\\/?p=2363#listItem\",\"name\":\"Hidrov\\u00eda Paran\\u00e1-Paraguay: entre lo social y lo natural\"},\"previousItem\":{\"@type\":\"ListItem\",\"@id\":\"https:\\\/\\\/cauceecologico.org#listItem\",\"name\":\"Home\"}},{\"@type\":\"ListItem\",\"@id\":\"https:\\\/\\\/cauceecologico.org\\\/?p=2363#listItem\",\"position\":3,\"name\":\"Hidrov\\u00eda Paran\\u00e1-Paraguay: entre lo social y lo natural\",\"previousItem\":{\"@type\":\"ListItem\",\"@id\":\"https:\\\/\\\/cauceecologico.org\\\/?cat=6#listItem\",\"name\":\"Destacados\"}}]},{\"@type\":\"Organization\",\"@id\":\"https:\\\/\\\/cauceecologico.org\\\/#organization\",\"name\":\"CAUCE\",\"description\":\"Cultura Ambiental - Causa Ecologista\",\"url\":\"https:\\\/\\\/cauceecologico.org\\\/\"},{\"@type\":\"Person\",\"@id\":\"https:\\\/\\\/cauceecologico.org\\\/?author=2#author\",\"url\":\"https:\\\/\\\/cauceecologico.org\\\/?author=2\",\"name\":\"Ana Lucia Vergara\",\"image\":{\"@type\":\"ImageObject\",\"@id\":\"https:\\\/\\\/cauceecologico.org\\\/?p=2363#authorImage\",\"url\":\"https:\\\/\\\/secure.gravatar.com\\\/avatar\\\/e8720df08f5c466573fb9f3d6cec14bcac9a305e2049123e58e6bc9c03f3a77b?s=96&d=mm&r=g\",\"width\":96,\"height\":96,\"caption\":\"Ana Lucia Vergara\"}},{\"@type\":\"WebPage\",\"@id\":\"https:\\\/\\\/cauceecologico.org\\\/?p=2363#webpage\",\"url\":\"https:\\\/\\\/cauceecologico.org\\\/?p=2363\",\"name\":\"Hidrov\\u00eda Paran\\u00e1-Paraguay: entre lo social y lo natural - CAUCE\",\"description\":\"Compartimos unos de los materiales realizados en el marco de la beca para producci\\u00f3n de contenido ambiental \\\"Un cauce para tus historias\\\", lanzada por Fundaci\\u00f3n CAUCE desde el programa Humedales sin Fronteras. Miramos una imagen dif\\u00edcil de descifrar, nos detenemos en cada detalle y buscamos relaciones entre cosas que parecieran no tenerlas. Desde este\",\"inLanguage\":\"es-ES\",\"isPartOf\":{\"@id\":\"https:\\\/\\\/cauceecologico.org\\\/#website\"},\"breadcrumb\":{\"@id\":\"https:\\\/\\\/cauceecologico.org\\\/?p=2363#breadcrumblist\"},\"author\":{\"@id\":\"https:\\\/\\\/cauceecologico.org\\\/?author=2#author\"},\"creator\":{\"@id\":\"https:\\\/\\\/cauceecologico.org\\\/?author=2#author\"},\"image\":{\"@type\":\"ImageObject\",\"url\":\"https:\\\/\\\/cauceecologico.org\\\/wp-content\\\/uploads\\\/2020\\\/10\\\/hbj.png\",\"@id\":\"https:\\\/\\\/cauceecologico.org\\\/?p=2363\\\/#mainImage\",\"width\":4210,\"height\":1807},\"primaryImageOfPage\":{\"@id\":\"https:\\\/\\\/cauceecologico.org\\\/?p=2363#mainImage\"},\"datePublished\":\"2020-10-08T16:39:07+00:00\",\"dateModified\":\"2020-10-08T16:45:11+00:00\"},{\"@type\":\"WebSite\",\"@id\":\"https:\\\/\\\/cauceecologico.org\\\/#website\",\"url\":\"https:\\\/\\\/cauceecologico.org\\\/\",\"name\":\"CAUCE\",\"description\":\"Cultura Ambiental - Causa Ecologista\",\"inLanguage\":\"es-ES\",\"publisher\":{\"@id\":\"https:\\\/\\\/cauceecologico.org\\\/#organization\"}}]}\n\t\t<\/script>\n\t\t<!-- All in One SEO -->\n\n","aioseo_head_json":{"title":"Hidrov\u00eda Paran\u00e1-Paraguay: entre lo social y lo natural - CAUCE","description":"Compartimos unos de los materiales realizados en el marco de la beca para producci\u00f3n de contenido ambiental \"Un cauce para tus historias\", lanzada por Fundaci\u00f3n CAUCE desde el programa Humedales sin Fronteras. Miramos una imagen dif\u00edcil de descifrar, nos detenemos en cada detalle y buscamos relaciones entre cosas que parecieran no tenerlas. Desde este","canonical_url":"https:\/\/cauceecologico.org\/?p=2363","robots":"max-image-preview:large","keywords":"","webmasterTools":{"miscellaneous":""},"schema":{"@context":"https:\/\/schema.org","@graph":[{"@type":"BlogPosting","@id":"https:\/\/cauceecologico.org\/?p=2363#blogposting","name":"Hidrov\u00eda Paran\u00e1-Paraguay: entre lo social y lo natural - CAUCE","headline":"Hidrov\u00eda Paran\u00e1-Paraguay: entre lo social y lo natural","author":{"@id":"https:\/\/cauceecologico.org\/?author=2#author"},"publisher":{"@id":"https:\/\/cauceecologico.org\/#organization"},"image":{"@type":"ImageObject","url":"https:\/\/cauceecologico.org\/wp-content\/uploads\/2020\/10\/hbj.png","width":4210,"height":1807},"datePublished":"2020-10-08T16:39:07+00:00","dateModified":"2020-10-08T16:45:11+00:00","inLanguage":"es-ES","mainEntityOfPage":{"@id":"https:\/\/cauceecologico.org\/?p=2363#webpage"},"isPartOf":{"@id":"https:\/\/cauceecologico.org\/?p=2363#webpage"},"articleSection":"Destacados, R\u00edos libres"},{"@type":"BreadcrumbList","@id":"https:\/\/cauceecologico.org\/?p=2363#breadcrumblist","itemListElement":[{"@type":"ListItem","@id":"https:\/\/cauceecologico.org#listItem","position":1,"name":"Home","item":"https:\/\/cauceecologico.org","nextItem":{"@type":"ListItem","@id":"https:\/\/cauceecologico.org\/?cat=6#listItem","name":"Destacados"}},{"@type":"ListItem","@id":"https:\/\/cauceecologico.org\/?cat=6#listItem","position":2,"name":"Destacados","item":"https:\/\/cauceecologico.org\/?cat=6","nextItem":{"@type":"ListItem","@id":"https:\/\/cauceecologico.org\/?p=2363#listItem","name":"Hidrov\u00eda Paran\u00e1-Paraguay: entre lo social y lo natural"},"previousItem":{"@type":"ListItem","@id":"https:\/\/cauceecologico.org#listItem","name":"Home"}},{"@type":"ListItem","@id":"https:\/\/cauceecologico.org\/?p=2363#listItem","position":3,"name":"Hidrov\u00eda Paran\u00e1-Paraguay: entre lo social y lo natural","previousItem":{"@type":"ListItem","@id":"https:\/\/cauceecologico.org\/?cat=6#listItem","name":"Destacados"}}]},{"@type":"Organization","@id":"https:\/\/cauceecologico.org\/#organization","name":"CAUCE","description":"Cultura Ambiental - Causa Ecologista","url":"https:\/\/cauceecologico.org\/"},{"@type":"Person","@id":"https:\/\/cauceecologico.org\/?author=2#author","url":"https:\/\/cauceecologico.org\/?author=2","name":"Ana Lucia Vergara","image":{"@type":"ImageObject","@id":"https:\/\/cauceecologico.org\/?p=2363#authorImage","url":"https:\/\/secure.gravatar.com\/avatar\/e8720df08f5c466573fb9f3d6cec14bcac9a305e2049123e58e6bc9c03f3a77b?s=96&d=mm&r=g","width":96,"height":96,"caption":"Ana Lucia Vergara"}},{"@type":"WebPage","@id":"https:\/\/cauceecologico.org\/?p=2363#webpage","url":"https:\/\/cauceecologico.org\/?p=2363","name":"Hidrov\u00eda Paran\u00e1-Paraguay: entre lo social y lo natural - CAUCE","description":"Compartimos unos de los materiales realizados en el marco de la beca para producci\u00f3n de contenido ambiental \"Un cauce para tus historias\", lanzada por Fundaci\u00f3n CAUCE desde el programa Humedales sin Fronteras. Miramos una imagen dif\u00edcil de descifrar, nos detenemos en cada detalle y buscamos relaciones entre cosas que parecieran no tenerlas. Desde este","inLanguage":"es-ES","isPartOf":{"@id":"https:\/\/cauceecologico.org\/#website"},"breadcrumb":{"@id":"https:\/\/cauceecologico.org\/?p=2363#breadcrumblist"},"author":{"@id":"https:\/\/cauceecologico.org\/?author=2#author"},"creator":{"@id":"https:\/\/cauceecologico.org\/?author=2#author"},"image":{"@type":"ImageObject","url":"https:\/\/cauceecologico.org\/wp-content\/uploads\/2020\/10\/hbj.png","@id":"https:\/\/cauceecologico.org\/?p=2363\/#mainImage","width":4210,"height":1807},"primaryImageOfPage":{"@id":"https:\/\/cauceecologico.org\/?p=2363#mainImage"},"datePublished":"2020-10-08T16:39:07+00:00","dateModified":"2020-10-08T16:45:11+00:00"},{"@type":"WebSite","@id":"https:\/\/cauceecologico.org\/#website","url":"https:\/\/cauceecologico.org\/","name":"CAUCE","description":"Cultura Ambiental - Causa Ecologista","inLanguage":"es-ES","publisher":{"@id":"https:\/\/cauceecologico.org\/#organization"}}]},"og:locale":"es_ES","og:site_name":"CAUCE - Cultura Ambiental - Causa Ecologista","og:type":"article","og:title":"Hidrov\u00eda Paran\u00e1-Paraguay: entre lo social y lo natural - CAUCE","og:description":"Compartimos unos de los materiales realizados en el marco de la beca para producci\u00f3n de contenido ambiental &quot;Un cauce para tus historias&quot;, lanzada por Fundaci\u00f3n CAUCE desde el programa Humedales sin Fronteras. Miramos una imagen dif\u00edcil de descifrar, nos detenemos en cada detalle y buscamos relaciones entre cosas que parecieran no tenerlas. Desde este","og:url":"https:\/\/cauceecologico.org\/?p=2363","article:published_time":"2020-10-08T16:39:07+00:00","article:modified_time":"2020-10-08T16:45:11+00:00","twitter:card":"summary_large_image","twitter:title":"Hidrov\u00eda Paran\u00e1-Paraguay: entre lo social y lo natural - CAUCE","twitter:description":"Compartimos unos de los materiales realizados en el marco de la beca para producci\u00f3n de contenido ambiental &quot;Un cauce para tus historias&quot;, lanzada por Fundaci\u00f3n CAUCE desde el programa Humedales sin Fronteras. Miramos una imagen dif\u00edcil de descifrar, nos detenemos en cada detalle y buscamos relaciones entre cosas que parecieran no tenerlas. Desde este"},"aioseo_meta_data":{"post_id":"2363","title":null,"description":null,"keywords":null,"keyphrases":null,"primary_term":null,"canonical_url":null,"og_title":null,"og_description":null,"og_object_type":"default","og_image_type":"default","og_image_url":null,"og_image_width":null,"og_image_height":null,"og_image_custom_url":null,"og_image_custom_fields":null,"og_video":null,"og_custom_url":null,"og_article_section":null,"og_article_tags":null,"twitter_use_og":false,"twitter_card":"default","twitter_image_type":"default","twitter_image_url":null,"twitter_image_custom_url":null,"twitter_image_custom_fields":null,"twitter_title":null,"twitter_description":null,"schema":{"blockGraphs":[],"customGraphs":[],"default":{"data":{"Article":[],"Course":[],"Dataset":[],"FAQPage":[],"Movie":[],"Person":[],"Product":[],"ProductReview":[],"Car":[],"Recipe":[],"Service":[],"SoftwareApplication":[],"WebPage":[]},"graphName":"","isEnabled":true},"graphs":[]},"schema_type":"default","schema_type_options":null,"pillar_content":false,"robots_default":true,"robots_noindex":false,"robots_noarchive":false,"robots_nosnippet":false,"robots_nofollow":false,"robots_noimageindex":false,"robots_noodp":false,"robots_notranslate":false,"robots_max_snippet":null,"robots_max_videopreview":null,"robots_max_imagepreview":"large","priority":null,"frequency":null,"local_seo":null,"limit_modified_date":false,"created":"2023-03-16 20:34:29","updated":"2026-07-28 01:18:17","ai":null,"breadcrumb_settings":null,"seo_analyzer_scan_date":null},"aioseo_breadcrumb":"<div class=\"aioseo-breadcrumbs\"><span class=\"aioseo-breadcrumb\">\n\t\t\t<a href=\"https:\/\/cauceecologico.org\" title=\"Home\">Home<\/a>\n\t\t<\/span><span class=\"aioseo-breadcrumb-separator\">&raquo;<\/span><span class=\"aioseo-breadcrumb\">\n\t\t\t<a href=\"https:\/\/cauceecologico.org\/?cat=6\" title=\"Destacados\">Destacados<\/a>\n\t\t<\/span><span class=\"aioseo-breadcrumb-separator\">&raquo;<\/span><span class=\"aioseo-breadcrumb\">\n\t\t\tHidrov\u00eda Paran\u00e1-Paraguay: entre lo social y lo natural\n\t\t<\/span><\/div>","aioseo_breadcrumb_json":[{"label":"Home","link":"https:\/\/cauceecologico.org"},{"label":"Destacados","link":"https:\/\/cauceecologico.org\/?cat=6"},{"label":"Hidrov\u00eda Paran\u00e1-Paraguay: entre lo social y lo natural","link":"https:\/\/cauceecologico.org\/?p=2363"}],"_links":{"self":[{"href":"https:\/\/cauceecologico.org\/index.php?rest_route=\/wp\/v2\/posts\/2363","targetHints":{"allow":["GET"]}}],"collection":[{"href":"https:\/\/cauceecologico.org\/index.php?rest_route=\/wp\/v2\/posts"}],"about":[{"href":"https:\/\/cauceecologico.org\/index.php?rest_route=\/wp\/v2\/types\/post"}],"author":[{"embeddable":true,"href":"https:\/\/cauceecologico.org\/index.php?rest_route=\/wp\/v2\/users\/2"}],"replies":[{"embeddable":true,"href":"https:\/\/cauceecologico.org\/index.php?rest_route=%2Fwp%2Fv2%2Fcomments&post=2363"}],"version-history":[{"count":3,"href":"https:\/\/cauceecologico.org\/index.php?rest_route=\/wp\/v2\/posts\/2363\/revisions"}],"predecessor-version":[{"id":2368,"href":"https:\/\/cauceecologico.org\/index.php?rest_route=\/wp\/v2\/posts\/2363\/revisions\/2368"}],"wp:featuredmedia":[{"embeddable":true,"href":"https:\/\/cauceecologico.org\/index.php?rest_route=\/wp\/v2\/media\/2369"}],"wp:attachment":[{"href":"https:\/\/cauceecologico.org\/index.php?rest_route=%2Fwp%2Fv2%2Fmedia&parent=2363"}],"wp:term":[{"taxonomy":"category","embeddable":true,"href":"https:\/\/cauceecologico.org\/index.php?rest_route=%2Fwp%2Fv2%2Fcategories&post=2363"},{"taxonomy":"post_tag","embeddable":true,"href":"https:\/\/cauceecologico.org\/index.php?rest_route=%2Fwp%2Fv2%2Ftags&post=2363"}],"curies":[{"name":"wp","href":"https:\/\/api.w.org\/{rel}","templated":true}]}}