{"id":2378,"date":"2020-10-14T15:47:22","date_gmt":"2020-10-14T15:47:22","guid":{"rendered":"http:\/\/cauceecologico.org\/?p=2378"},"modified":"2021-02-10T16:06:07","modified_gmt":"2021-02-10T16:06:07","slug":"ley-de-humedales-aportes-al-debate-legislativo","status":"publish","type":"post","link":"https:\/\/cauceecologico.org\/?p=2378","title":{"rendered":"LEY DE HUMEDALES: contribuciones al debate legislativo"},"content":{"rendered":"<p>Fundaci\u00f3n CAUCE (Cultura Ambiental &#8211; Causa Ecologista) junto a las organizaciones argentinas -FARN, Casa R\u00edo y Taller Ecologista- que integramos el programa Humedales sin Fronteras, ha participado de diversos debates, reuniones y acciones para impulsar una ley nacional que proteja los humedales del territorio argentino. En este sentido, la directora ejecutiva de Fundaci\u00f3n CAUCE, Valeria Enderle<a href=\"https:\/\/www.instagram.com\/p\/CFTQUpqDKnvZb8M03LCDB3BKUV5VSHu-9YAsuk0\/\">,<\/a> expuso ante diputados y diputadas en la 4\u00b0 Reuni\u00f3n informativa realizada el 18 de septiembre del 2020. Le\u00e9 los aportes <span style=\"color: #3366ff;\"><a style=\"color: #3366ff;\" href=\"http:\/\/cauceecologico.org\/wp-content\/uploads\/2020\/10\/Aportes-legislativos-hacia-una-Ley-de-Humedales-2020-4%C2%B0-Reuni%C3%B3n-informativa-%E2%80%93-18-de-septiembre.pdf\">ac\u00e1<\/a>.\u00a0\u00a0<\/span><\/p>\n<p>En este encuentro virtual de la Comisi\u00f3n de Recursos Naturales y Conservaci\u00f3n del Ambiente Humano, presidida por el diputado Leonardo Grosso, disertaron especialistas y\u00a0representantes pertenecientes a organizaciones ambientalistas. Tales como la reconocida soci\u00f3loga Maristella Svampa y el Doctor en Biolog\u00eda e Investigador principal del CONICET, Juan Jos\u00e9 Neiff.<\/p>\n<h5><strong>Aportes desde HsF<\/strong><\/h5>\n<p>Hemos expresado p\u00fablicamente la urgencia del tratamiento y sanci\u00f3n de una ley de presupuestos m\u00ednimos de humedales a trav\u00e9s de documentos formales, incontables reuniones con autoridades, apariciones en diversos medios de comunicaci\u00f3n, redes del pa\u00eds, en este espacio informativo de la C\u00e1mara de Diputados, en el Senado y a trav\u00e9s de nuestro<strong><span style=\"color: #3366ff;\"><a style=\"color: #3366ff;\" href=\"https:\/\/www.leydehumedalesya.org\/\"> sitio web Ley de Humedales YA<\/a><\/span> que cuenta con el apoyo de m\u00e1s de 110 organizaciones de todo el pa\u00eds y 12.000 personas<\/strong>.<\/p>\n<p>Asimismo, venimos denunciando los incendios en el Delta del Paran\u00e1 y la falta de una apropiada institucionalidad y de adecuaci\u00f3n normativa, como la inacci\u00f3n de las autoridades para prevenir la p\u00e9rdida y degradaci\u00f3n de humedales. Por eso destacamos que hoy, m\u00e1s que nunca, necesitamos de una ley de presupuestos m\u00ednimos de protecci\u00f3n de los humedales; una ley de humedales que sea progresista, que tenga una visi\u00f3n eco-c\u00e9ntrica y consagre los principios de prevenci\u00f3n, precautorio y de no regresi\u00f3n, y especialmente, los principios in dubio pro natura, in dubio pro aqua y el de interculturalidad, centrales para la salvaguarda de los humedales.<\/p>\n<p>La ley debe proteger los derechos y contribuciones de los pueblos ind\u00edgenas, comunidades locales, j\u00f3venes, mujeres y de todas las personas que defienden los humedales.<\/p>\n<p><strong><span style=\"color: #3366ff;\"> <a style=\"color: #3366ff;\" href=\"http:\/\/cauceecologico.org\/wp-content\/uploads\/2020\/10\/Aportes-legislativos-hacia-una-Ley-de-Humedales-2020-4\u00b0-Reuni\u00f3n-informativa-\u2013-18-de-septiembre.pdf\"><img loading=\"lazy\" decoding=\"async\" class=\"alignnone wp-image-1703\" src=\"http:\/\/cauceecologico.org\/wp-content\/uploads\/2020\/02\/descargar.png\" alt=\"\" width=\"18\" height=\"19\" \/>Aportes legislativos hacia una Ley de Humedales 2020 <\/a><\/span><\/strong><\/p>\n<p><iframe loading=\"lazy\" src=\"https:\/\/www.youtube.com\/embed\/PF1oAQT3uV8\" width=\"560\" height=\"315\" frameborder=\"0\" allowfullscreen=\"allowfullscreen\"><\/iframe><\/p>\n<h4><em><strong>Notas relacionadas:<\/strong><\/em><\/h4>\n<p><span style=\"color: #3366ff;\"><a style=\"color: #3366ff;\" href=\"http:\/\/cauceecologico.org\/?p=2342\"><img loading=\"lazy\" decoding=\"async\" class=\"alignnone wp-image-1706\" src=\"http:\/\/cauceecologico.org\/wp-content\/uploads\/2020\/02\/link.png\" alt=\"\" width=\"18\" height=\"18\" \/>Ley de Humedales YA: m\u00e1s de 300 organizaciones pedimos que se avance en su tratamiento<\/a><\/span><\/p>\n<p><span style=\"color: #3366ff;\"><a style=\"color: #3366ff;\" href=\"http:\/\/cauceecologico.org\/?p=2342\"><img loading=\"lazy\" decoding=\"async\" class=\"alignnone wp-image-1706\" src=\"http:\/\/cauceecologico.org\/wp-content\/uploads\/2020\/02\/link.png\" alt=\"\" width=\"18\" height=\"18\" \/><\/a><a style=\"color: #3366ff;\" href=\"http:\/\/cauceecologico.org\/?p=2174\">Webinario \u00a1Ley de Humedales YA!<\/a><\/span><\/p>\n<p><span style=\"color: #3366ff;\"><a style=\"color: #3366ff;\" href=\"http:\/\/cauceecologico.org\/?p=2342\"><img loading=\"lazy\" decoding=\"async\" class=\"alignnone wp-image-1706\" src=\"http:\/\/cauceecologico.org\/wp-content\/uploads\/2020\/02\/link.png\" alt=\"\" width=\"18\" height=\"18\" \/><\/a><a style=\"color: #3366ff;\" href=\"http:\/\/cauceecologico.org\/?p=2122\"> Ley de Humedales: aportes para una normativa con visi\u00f3n ecoc\u00e9ntrica<\/a><\/span><\/p>\n<p>&nbsp;<\/p>\n","protected":false},"excerpt":{"rendered":"<p>Fundaci\u00f3n CAUCE (Cultura Ambiental &#8211; Causa Ecologista) junto a las organizaciones argentinas -FARN, Casa R\u00edo y Taller Ecologista- que integramos el programa Humedales sin Fronteras, ha participado de diversos debates, reuniones y acciones para impulsar una ley nacional que proteja los humedales del territorio argentino. En este sentido, la directora ejecutiva de Fundaci\u00f3n CAUCE, Valeria [&hellip;]<\/p>\n","protected":false},"author":2,"featured_media":2380,"comment_status":"open","ping_status":"open","sticky":false,"template":"","format":"standard","meta":{"om_disable_all_campaigns":false,"_monsterinsights_skip_tracking":false,"amp_status":"","footnotes":""},"categories":[276,6,5],"tags":[],"class_list":["post-2378","post","type-post","status-publish","format-standard","has-post-thumbnail","hentry","category-delta","category-destacados","category-noticias"],"aioseo_notices":[],"aioseo_head":"\n\t\t<!-- All in One SEO 4.9.10 - aioseo.com -->\n\t<meta name=\"description\" content=\"Fundaci\u00f3n CAUCE (Cultura Ambiental - Causa Ecologista) junto a las organizaciones argentinas -FARN, Casa R\u00edo y Taller Ecologista- que integramos el programa Humedales sin Fronteras, ha participado de diversos debates, reuniones y acciones para impulsar una ley nacional que proteja los humedales del territorio argentino. En este sentido, la directora ejecutiva de Fundaci\u00f3n CAUCE, Valeria\" \/>\n\t<meta name=\"robots\" content=\"max-image-preview:large\" \/>\n\t<meta name=\"author\" content=\"Ana Lucia Vergara\"\/>\n\t<link rel=\"canonical\" href=\"https:\/\/cauceecologico.org\/?p=2378\" \/>\n\t<meta name=\"generator\" content=\"All in One SEO (AIOSEO) 4.9.10\" \/>\n\t\t<meta property=\"og:locale\" content=\"es_ES\" \/>\n\t\t<meta property=\"og:site_name\" content=\"CAUCE - Cultura Ambiental - Causa Ecologista\" \/>\n\t\t<meta property=\"og:type\" content=\"article\" \/>\n\t\t<meta property=\"og:title\" content=\"LEY DE HUMEDALES: contribuciones al debate legislativo - CAUCE\" \/>\n\t\t<meta property=\"og:description\" content=\"Fundaci\u00f3n CAUCE (Cultura Ambiental - Causa Ecologista) junto a las organizaciones argentinas -FARN, Casa R\u00edo y Taller Ecologista- que integramos el programa Humedales sin Fronteras, ha participado de diversos debates, reuniones y acciones para impulsar una ley nacional que proteja los humedales del territorio argentino. En este sentido, la directora ejecutiva de Fundaci\u00f3n CAUCE, Valeria\" \/>\n\t\t<meta property=\"og:url\" content=\"https:\/\/cauceecologico.org\/?p=2378\" \/>\n\t\t<meta property=\"article:published_time\" content=\"2020-10-14T15:47:22+00:00\" \/>\n\t\t<meta property=\"article:modified_time\" content=\"2021-02-10T16:06:07+00:00\" \/>\n\t\t<meta name=\"twitter:card\" content=\"summary_large_image\" \/>\n\t\t<meta name=\"twitter:title\" content=\"LEY DE HUMEDALES: contribuciones al debate legislativo - CAUCE\" \/>\n\t\t<meta name=\"twitter:description\" content=\"Fundaci\u00f3n CAUCE (Cultura Ambiental - Causa Ecologista) junto a las organizaciones argentinas -FARN, Casa R\u00edo y Taller Ecologista- que integramos el programa Humedales sin Fronteras, ha participado de diversos debates, reuniones y acciones para impulsar una ley nacional que proteja los humedales del territorio argentino. En este sentido, la directora ejecutiva de Fundaci\u00f3n CAUCE, Valeria\" \/>\n\t\t<script type=\"application\/ld+json\" class=\"aioseo-schema\">\n\t\t\t{\"@context\":\"https:\\\/\\\/schema.org\",\"@graph\":[{\"@type\":\"BlogPosting\",\"@id\":\"https:\\\/\\\/cauceecologico.org\\\/?p=2378#blogposting\",\"name\":\"LEY DE HUMEDALES: contribuciones al debate legislativo - CAUCE\",\"headline\":\"LEY DE HUMEDALES: contribuciones al debate legislativo\",\"author\":{\"@id\":\"https:\\\/\\\/cauceecologico.org\\\/?author=2#author\"},\"publisher\":{\"@id\":\"https:\\\/\\\/cauceecologico.org\\\/#organization\"},\"image\":{\"@type\":\"ImageObject\",\"url\":\"https:\\\/\\\/cauceecologico.org\\\/wp-content\\\/uploads\\\/2020\\\/10\\\/calco033.jpg\",\"width\":1600,\"height\":1552},\"datePublished\":\"2020-10-14T15:47:22+00:00\",\"dateModified\":\"2021-02-10T16:06:07+00:00\",\"inLanguage\":\"es-ES\",\"mainEntityOfPage\":{\"@id\":\"https:\\\/\\\/cauceecologico.org\\\/?p=2378#webpage\"},\"isPartOf\":{\"@id\":\"https:\\\/\\\/cauceecologico.org\\\/?p=2378#webpage\"},\"articleSection\":\"Delta, Destacados, Noticias\"},{\"@type\":\"BreadcrumbList\",\"@id\":\"https:\\\/\\\/cauceecologico.org\\\/?p=2378#breadcrumblist\",\"itemListElement\":[{\"@type\":\"ListItem\",\"@id\":\"https:\\\/\\\/cauceecologico.org#listItem\",\"position\":1,\"name\":\"Home\",\"item\":\"https:\\\/\\\/cauceecologico.org\",\"nextItem\":{\"@type\":\"ListItem\",\"@id\":\"https:\\\/\\\/cauceecologico.org\\\/?cat=5#listItem\",\"name\":\"Noticias\"}},{\"@type\":\"ListItem\",\"@id\":\"https:\\\/\\\/cauceecologico.org\\\/?cat=5#listItem\",\"position\":2,\"name\":\"Noticias\",\"item\":\"https:\\\/\\\/cauceecologico.org\\\/?cat=5\",\"nextItem\":{\"@type\":\"ListItem\",\"@id\":\"https:\\\/\\\/cauceecologico.org\\\/?p=2378#listItem\",\"name\":\"LEY DE HUMEDALES: contribuciones al debate legislativo\"},\"previousItem\":{\"@type\":\"ListItem\",\"@id\":\"https:\\\/\\\/cauceecologico.org#listItem\",\"name\":\"Home\"}},{\"@type\":\"ListItem\",\"@id\":\"https:\\\/\\\/cauceecologico.org\\\/?p=2378#listItem\",\"position\":3,\"name\":\"LEY DE HUMEDALES: contribuciones al debate legislativo\",\"previousItem\":{\"@type\":\"ListItem\",\"@id\":\"https:\\\/\\\/cauceecologico.org\\\/?cat=5#listItem\",\"name\":\"Noticias\"}}]},{\"@type\":\"Organization\",\"@id\":\"https:\\\/\\\/cauceecologico.org\\\/#organization\",\"name\":\"CAUCE\",\"description\":\"Cultura Ambiental - Causa Ecologista\",\"url\":\"https:\\\/\\\/cauceecologico.org\\\/\"},{\"@type\":\"Person\",\"@id\":\"https:\\\/\\\/cauceecologico.org\\\/?author=2#author\",\"url\":\"https:\\\/\\\/cauceecologico.org\\\/?author=2\",\"name\":\"Ana Lucia Vergara\",\"image\":{\"@type\":\"ImageObject\",\"@id\":\"https:\\\/\\\/cauceecologico.org\\\/?p=2378#authorImage\",\"url\":\"https:\\\/\\\/secure.gravatar.com\\\/avatar\\\/e8720df08f5c466573fb9f3d6cec14bcac9a305e2049123e58e6bc9c03f3a77b?s=96&d=mm&r=g\",\"width\":96,\"height\":96,\"caption\":\"Ana Lucia Vergara\"}},{\"@type\":\"WebPage\",\"@id\":\"https:\\\/\\\/cauceecologico.org\\\/?p=2378#webpage\",\"url\":\"https:\\\/\\\/cauceecologico.org\\\/?p=2378\",\"name\":\"LEY DE HUMEDALES: contribuciones al debate legislativo - CAUCE\",\"description\":\"Fundaci\\u00f3n CAUCE (Cultura Ambiental - Causa Ecologista) junto a las organizaciones argentinas -FARN, Casa R\\u00edo y Taller Ecologista- que integramos el programa Humedales sin Fronteras, ha participado de diversos debates, reuniones y acciones para impulsar una ley nacional que proteja los humedales del territorio argentino. En este sentido, la directora ejecutiva de Fundaci\\u00f3n CAUCE, Valeria\",\"inLanguage\":\"es-ES\",\"isPartOf\":{\"@id\":\"https:\\\/\\\/cauceecologico.org\\\/#website\"},\"breadcrumb\":{\"@id\":\"https:\\\/\\\/cauceecologico.org\\\/?p=2378#breadcrumblist\"},\"author\":{\"@id\":\"https:\\\/\\\/cauceecologico.org\\\/?author=2#author\"},\"creator\":{\"@id\":\"https:\\\/\\\/cauceecologico.org\\\/?author=2#author\"},\"image\":{\"@type\":\"ImageObject\",\"url\":\"https:\\\/\\\/cauceecologico.org\\\/wp-content\\\/uploads\\\/2020\\\/10\\\/calco033.jpg\",\"@id\":\"https:\\\/\\\/cauceecologico.org\\\/?p=2378\\\/#mainImage\",\"width\":1600,\"height\":1552},\"primaryImageOfPage\":{\"@id\":\"https:\\\/\\\/cauceecologico.org\\\/?p=2378#mainImage\"},\"datePublished\":\"2020-10-14T15:47:22+00:00\",\"dateModified\":\"2021-02-10T16:06:07+00:00\"},{\"@type\":\"WebSite\",\"@id\":\"https:\\\/\\\/cauceecologico.org\\\/#website\",\"url\":\"https:\\\/\\\/cauceecologico.org\\\/\",\"name\":\"CAUCE\",\"description\":\"Cultura Ambiental - Causa Ecologista\",\"inLanguage\":\"es-ES\",\"publisher\":{\"@id\":\"https:\\\/\\\/cauceecologico.org\\\/#organization\"}}]}\n\t\t<\/script>\n\t\t<!-- All in One SEO -->\n\n","aioseo_head_json":{"title":"LEY DE HUMEDALES: contribuciones al debate legislativo - CAUCE","description":"Fundaci\u00f3n CAUCE (Cultura Ambiental - Causa Ecologista) junto a las organizaciones argentinas -FARN, Casa R\u00edo y Taller Ecologista- que integramos el programa Humedales sin Fronteras, ha participado de diversos debates, reuniones y acciones para impulsar una ley nacional que proteja los humedales del territorio argentino. En este sentido, la directora ejecutiva de Fundaci\u00f3n CAUCE, Valeria","canonical_url":"https:\/\/cauceecologico.org\/?p=2378","robots":"max-image-preview:large","keywords":"","webmasterTools":{"miscellaneous":""},"schema":{"@context":"https:\/\/schema.org","@graph":[{"@type":"BlogPosting","@id":"https:\/\/cauceecologico.org\/?p=2378#blogposting","name":"LEY DE HUMEDALES: contribuciones al debate legislativo - CAUCE","headline":"LEY DE HUMEDALES: contribuciones al debate legislativo","author":{"@id":"https:\/\/cauceecologico.org\/?author=2#author"},"publisher":{"@id":"https:\/\/cauceecologico.org\/#organization"},"image":{"@type":"ImageObject","url":"https:\/\/cauceecologico.org\/wp-content\/uploads\/2020\/10\/calco033.jpg","width":1600,"height":1552},"datePublished":"2020-10-14T15:47:22+00:00","dateModified":"2021-02-10T16:06:07+00:00","inLanguage":"es-ES","mainEntityOfPage":{"@id":"https:\/\/cauceecologico.org\/?p=2378#webpage"},"isPartOf":{"@id":"https:\/\/cauceecologico.org\/?p=2378#webpage"},"articleSection":"Delta, Destacados, Noticias"},{"@type":"BreadcrumbList","@id":"https:\/\/cauceecologico.org\/?p=2378#breadcrumblist","itemListElement":[{"@type":"ListItem","@id":"https:\/\/cauceecologico.org#listItem","position":1,"name":"Home","item":"https:\/\/cauceecologico.org","nextItem":{"@type":"ListItem","@id":"https:\/\/cauceecologico.org\/?cat=5#listItem","name":"Noticias"}},{"@type":"ListItem","@id":"https:\/\/cauceecologico.org\/?cat=5#listItem","position":2,"name":"Noticias","item":"https:\/\/cauceecologico.org\/?cat=5","nextItem":{"@type":"ListItem","@id":"https:\/\/cauceecologico.org\/?p=2378#listItem","name":"LEY DE HUMEDALES: contribuciones al debate legislativo"},"previousItem":{"@type":"ListItem","@id":"https:\/\/cauceecologico.org#listItem","name":"Home"}},{"@type":"ListItem","@id":"https:\/\/cauceecologico.org\/?p=2378#listItem","position":3,"name":"LEY DE HUMEDALES: contribuciones al debate legislativo","previousItem":{"@type":"ListItem","@id":"https:\/\/cauceecologico.org\/?cat=5#listItem","name":"Noticias"}}]},{"@type":"Organization","@id":"https:\/\/cauceecologico.org\/#organization","name":"CAUCE","description":"Cultura Ambiental - Causa Ecologista","url":"https:\/\/cauceecologico.org\/"},{"@type":"Person","@id":"https:\/\/cauceecologico.org\/?author=2#author","url":"https:\/\/cauceecologico.org\/?author=2","name":"Ana Lucia Vergara","image":{"@type":"ImageObject","@id":"https:\/\/cauceecologico.org\/?p=2378#authorImage","url":"https:\/\/secure.gravatar.com\/avatar\/e8720df08f5c466573fb9f3d6cec14bcac9a305e2049123e58e6bc9c03f3a77b?s=96&d=mm&r=g","width":96,"height":96,"caption":"Ana Lucia Vergara"}},{"@type":"WebPage","@id":"https:\/\/cauceecologico.org\/?p=2378#webpage","url":"https:\/\/cauceecologico.org\/?p=2378","name":"LEY DE HUMEDALES: contribuciones al debate legislativo - CAUCE","description":"Fundaci\u00f3n CAUCE (Cultura Ambiental - Causa Ecologista) junto a las organizaciones argentinas -FARN, Casa R\u00edo y Taller Ecologista- que integramos el programa Humedales sin Fronteras, ha participado de diversos debates, reuniones y acciones para impulsar una ley nacional que proteja los humedales del territorio argentino. En este sentido, la directora ejecutiva de Fundaci\u00f3n CAUCE, Valeria","inLanguage":"es-ES","isPartOf":{"@id":"https:\/\/cauceecologico.org\/#website"},"breadcrumb":{"@id":"https:\/\/cauceecologico.org\/?p=2378#breadcrumblist"},"author":{"@id":"https:\/\/cauceecologico.org\/?author=2#author"},"creator":{"@id":"https:\/\/cauceecologico.org\/?author=2#author"},"image":{"@type":"ImageObject","url":"https:\/\/cauceecologico.org\/wp-content\/uploads\/2020\/10\/calco033.jpg","@id":"https:\/\/cauceecologico.org\/?p=2378\/#mainImage","width":1600,"height":1552},"primaryImageOfPage":{"@id":"https:\/\/cauceecologico.org\/?p=2378#mainImage"},"datePublished":"2020-10-14T15:47:22+00:00","dateModified":"2021-02-10T16:06:07+00:00"},{"@type":"WebSite","@id":"https:\/\/cauceecologico.org\/#website","url":"https:\/\/cauceecologico.org\/","name":"CAUCE","description":"Cultura Ambiental - Causa Ecologista","inLanguage":"es-ES","publisher":{"@id":"https:\/\/cauceecologico.org\/#organization"}}]},"og:locale":"es_ES","og:site_name":"CAUCE - Cultura Ambiental - Causa Ecologista","og:type":"article","og:title":"LEY DE HUMEDALES: contribuciones al debate legislativo - CAUCE","og:description":"Fundaci\u00f3n CAUCE (Cultura Ambiental - Causa Ecologista) junto a las organizaciones argentinas -FARN, Casa R\u00edo y Taller Ecologista- que integramos el programa Humedales sin Fronteras, ha participado de diversos debates, reuniones y acciones para impulsar una ley nacional que proteja los humedales del territorio argentino. En este sentido, la directora ejecutiva de Fundaci\u00f3n CAUCE, Valeria","og:url":"https:\/\/cauceecologico.org\/?p=2378","article:published_time":"2020-10-14T15:47:22+00:00","article:modified_time":"2021-02-10T16:06:07+00:00","twitter:card":"summary_large_image","twitter:title":"LEY DE HUMEDALES: contribuciones al debate legislativo - CAUCE","twitter:description":"Fundaci\u00f3n CAUCE (Cultura Ambiental - Causa Ecologista) junto a las organizaciones argentinas -FARN, Casa R\u00edo y Taller Ecologista- que integramos el programa Humedales sin Fronteras, ha participado de diversos debates, reuniones y acciones para impulsar una ley nacional que proteja los humedales del territorio argentino. En este sentido, la directora ejecutiva de Fundaci\u00f3n CAUCE, Valeria"},"aioseo_meta_data":{"post_id":"2378","title":null,"description":null,"keywords":null,"keyphrases":null,"primary_term":null,"canonical_url":null,"og_title":null,"og_description":null,"og_object_type":"default","og_image_type":"default","og_image_url":null,"og_image_width":null,"og_image_height":null,"og_image_custom_url":null,"og_image_custom_fields":null,"og_video":null,"og_custom_url":null,"og_article_section":null,"og_article_tags":null,"twitter_use_og":false,"twitter_card":"default","twitter_image_type":"default","twitter_image_url":null,"twitter_image_custom_url":null,"twitter_image_custom_fields":null,"twitter_title":null,"twitter_description":null,"schema":{"blockGraphs":[],"customGraphs":[],"default":{"data":{"Article":[],"Course":[],"Dataset":[],"FAQPage":[],"Movie":[],"Person":[],"Product":[],"ProductReview":[],"Car":[],"Recipe":[],"Service":[],"SoftwareApplication":[],"WebPage":[]},"graphName":"","isEnabled":true},"graphs":[]},"schema_type":"default","schema_type_options":null,"pillar_content":false,"robots_default":true,"robots_noindex":false,"robots_noarchive":false,"robots_nosnippet":false,"robots_nofollow":false,"robots_noimageindex":false,"robots_noodp":false,"robots_notranslate":false,"robots_max_snippet":null,"robots_max_videopreview":null,"robots_max_imagepreview":"large","priority":null,"frequency":null,"local_seo":null,"limit_modified_date":false,"created":"2023-03-16 20:34:29","updated":"2026-07-28 01:18:17","ai":null,"breadcrumb_settings":null,"seo_analyzer_scan_date":null},"aioseo_breadcrumb":"<div class=\"aioseo-breadcrumbs\"><span class=\"aioseo-breadcrumb\">\n\t\t\t<a href=\"https:\/\/cauceecologico.org\" title=\"Home\">Home<\/a>\n\t\t<\/span><span class=\"aioseo-breadcrumb-separator\">&raquo;<\/span><span class=\"aioseo-breadcrumb\">\n\t\t\t<a href=\"https:\/\/cauceecologico.org\/?cat=5\" title=\"Noticias\">Noticias<\/a>\n\t\t<\/span><span class=\"aioseo-breadcrumb-separator\">&raquo;<\/span><span class=\"aioseo-breadcrumb\">\n\t\t\tLEY DE HUMEDALES: contribuciones al debate legislativo\n\t\t<\/span><\/div>","aioseo_breadcrumb_json":[{"label":"Home","link":"https:\/\/cauceecologico.org"},{"label":"Noticias","link":"https:\/\/cauceecologico.org\/?cat=5"},{"label":"LEY DE HUMEDALES: contribuciones al debate legislativo","link":"https:\/\/cauceecologico.org\/?p=2378"}],"_links":{"self":[{"href":"https:\/\/cauceecologico.org\/index.php?rest_route=\/wp\/v2\/posts\/2378","targetHints":{"allow":["GET"]}}],"collection":[{"href":"https:\/\/cauceecologico.org\/index.php?rest_route=\/wp\/v2\/posts"}],"about":[{"href":"https:\/\/cauceecologico.org\/index.php?rest_route=\/wp\/v2\/types\/post"}],"author":[{"embeddable":true,"href":"https:\/\/cauceecologico.org\/index.php?rest_route=\/wp\/v2\/users\/2"}],"replies":[{"embeddable":true,"href":"https:\/\/cauceecologico.org\/index.php?rest_route=%2Fwp%2Fv2%2Fcomments&post=2378"}],"version-history":[{"count":2,"href":"https:\/\/cauceecologico.org\/index.php?rest_route=\/wp\/v2\/posts\/2378\/revisions"}],"predecessor-version":[{"id":2382,"href":"https:\/\/cauceecologico.org\/index.php?rest_route=\/wp\/v2\/posts\/2378\/revisions\/2382"}],"wp:featuredmedia":[{"embeddable":true,"href":"https:\/\/cauceecologico.org\/index.php?rest_route=\/wp\/v2\/media\/2380"}],"wp:attachment":[{"href":"https:\/\/cauceecologico.org\/index.php?rest_route=%2Fwp%2Fv2%2Fmedia&parent=2378"}],"wp:term":[{"taxonomy":"category","embeddable":true,"href":"https:\/\/cauceecologico.org\/index.php?rest_route=%2Fwp%2Fv2%2Fcategories&post=2378"},{"taxonomy":"post_tag","embeddable":true,"href":"https:\/\/cauceecologico.org\/index.php?rest_route=%2Fwp%2Fv2%2Ftags&post=2378"}],"curies":[{"name":"wp","href":"https:\/\/api.w.org\/{rel}","templated":true}]}}