{"id":2388,"date":"2020-10-19T21:28:45","date_gmt":"2020-10-19T21:28:45","guid":{"rendered":"http:\/\/cauceecologico.org\/?p=2388"},"modified":"2020-10-20T14:46:27","modified_gmt":"2020-10-20T14:46:27","slug":"segundo-encuentro-sobre-energia","status":"publish","type":"post","link":"https:\/\/cauceecologico.org\/?p=2388","title":{"rendered":"Segundo encuentro sobre energ\u00eda"},"content":{"rendered":"<p>Fundaci\u00f3n CAUCE contin\u00faa con su ciclo de charlas para debatir distintos aspectos de nuestra matriz energ\u00e9tica y las posibilidades de avanzar hacia energ\u00edas sustentables.\u00a0 En este segundo encuentro abordaremos junto al ingeniero electromec\u00e1nico Germ\u00e1n Rearte Uz\u00edn, de Reenerger Multienerg\u00edas, la relaci\u00f3n entre energ\u00eda renovable y cambio clim\u00e1tico. El encuentro ser\u00e1 el jueves 22 de octubre a las 17:00 por Google Meet | Inscripciones abiertas en <strong><span style=\"color: #3366ff;\"><a style=\"color: #3366ff;\" href=\"https:\/\/docs.google.com\/forms\/d\/e\/1FAIpQLSd6UVFaNWU1K0BGHMxTSshrVFT3_NDTcSsIMinX3VKsBMgbWg\/viewform\">este enlace<\/a><\/span><\/strong><\/p>\n<p><img loading=\"lazy\" decoding=\"async\" class=\"alignnone wp-image-2389 size-full\" src=\"http:\/\/cauceecologico.org\/wp-content\/uploads\/2020\/10\/WhatsApp-Image-2020-10-19-at-13.24.06.jpeg\" alt=\"\" width=\"900\" height=\"900\" srcset=\"https:\/\/cauceecologico.org\/wp-content\/uploads\/2020\/10\/WhatsApp-Image-2020-10-19-at-13.24.06.jpeg 900w, https:\/\/cauceecologico.org\/wp-content\/uploads\/2020\/10\/WhatsApp-Image-2020-10-19-at-13.24.06-300x300.jpeg 300w, https:\/\/cauceecologico.org\/wp-content\/uploads\/2020\/10\/WhatsApp-Image-2020-10-19-at-13.24.06-150x150.jpeg 150w, https:\/\/cauceecologico.org\/wp-content\/uploads\/2020\/10\/WhatsApp-Image-2020-10-19-at-13.24.06-768x768.jpeg 768w\" sizes=\"auto, (max-width: 900px) 100vw, 900px\" \/><\/p>\n<p>Se abordar\u00e1:<\/p>\n<ul>\n<li>Las energ\u00edas renovables y su relaci\u00f3n tiene con el cambio clim\u00e1tico<\/li>\n<li>ODS y la contribuci\u00f3n de las energ\u00edas renovables ante el cambio clim\u00e1tico<\/li>\n<li>Ley de Presupuestos M\u00ednimos de Adaptaci\u00f3n y Mitigaci\u00f3n al Cambio Clim\u00e1tico Global<\/li>\n<li>Energ\u00eda del sol: la verdadera energ\u00eda. \u00bfEs posible esta transici\u00f3n?<\/li>\n<li>\u00bfCu\u00e1l es el estado actual de la situaci\u00f3n energ\u00e9tica en la provincia? Conversamos sobre la ley de energ\u00edas renovables, su reglamentaci\u00f3n y aplicaci\u00f3n concreta. \u00bfQu\u00e9 son los Prosumidores?<\/li>\n<li>Transici\u00f3n energ\u00e9tica. Tecnolog\u00edas actuales que pueden aplicarse en nuestro pa\u00eds. Perspectiva mundial de trabajo contra el cambio clim\u00e1tico<\/li>\n<\/ul>\n<p><img loading=\"lazy\" decoding=\"async\" class=\"alignnone wp-image-1706\" src=\"http:\/\/cauceecologico.org\/wp-content\/uploads\/2020\/02\/link.png\" alt=\"\" width=\"21\" height=\"22\" \/>Primer encuentro sobre <span style=\"color: #3366ff;\"><a style=\"color: #3366ff;\" href=\"https:\/\/www.instagram.com\/tv\/CFStmsbjJXO\/?utm_source=ig_web_copy_link\">\u00abConciencia Energ\u00e9tica\u00bb<\/a><\/span><\/p>\n<p style=\"text-align: right;\">19\/10\/20<\/p>\n","protected":false},"excerpt":{"rendered":"<p>Fundaci\u00f3n CAUCE contin\u00faa con su ciclo de charlas para debatir distintos aspectos de nuestra matriz energ\u00e9tica y las posibilidades de avanzar hacia energ\u00edas sustentables.\u00a0 En este segundo encuentro abordaremos junto al ingeniero electromec\u00e1nico Germ\u00e1n Rearte Uz\u00edn, de Reenerger Multienerg\u00edas, la relaci\u00f3n entre energ\u00eda renovable y cambio clim\u00e1tico. El encuentro ser\u00e1 el jueves 22 de octubre [&hellip;]<\/p>\n","protected":false},"author":2,"featured_media":2389,"comment_status":"open","ping_status":"open","sticky":false,"template":"","format":"standard","meta":{"om_disable_all_campaigns":false,"_monsterinsights_skip_tracking":false,"amp_status":"","footnotes":""},"categories":[6,2],"tags":[],"class_list":["post-2388","post","type-post","status-publish","format-standard","has-post-thumbnail","hentry","category-destacados","category-nuestro-trabajo"],"aioseo_notices":[],"aioseo_head":"\n\t\t<!-- All in One SEO 4.9.10 - aioseo.com -->\n\t<meta name=\"description\" content=\"Fundaci\u00f3n CAUCE contin\u00faa con su ciclo de charlas para debatir distintos aspectos de nuestra matriz energ\u00e9tica y las posibilidades de avanzar hacia energ\u00edas sustentables. En este segundo encuentro abordaremos junto al ingeniero electromec\u00e1nico Germ\u00e1n Rearte Uz\u00edn, de Reenerger Multienerg\u00edas, la relaci\u00f3n entre energ\u00eda renovable y cambio clim\u00e1tico. El encuentro ser\u00e1 el jueves 22 de octubre\" \/>\n\t<meta name=\"robots\" content=\"max-image-preview:large\" \/>\n\t<meta name=\"author\" content=\"Ana Lucia Vergara\"\/>\n\t<link rel=\"canonical\" href=\"https:\/\/cauceecologico.org\/?p=2388\" \/>\n\t<meta name=\"generator\" content=\"All in One SEO (AIOSEO) 4.9.10\" \/>\n\t\t<meta property=\"og:locale\" content=\"es_ES\" \/>\n\t\t<meta property=\"og:site_name\" content=\"CAUCE - Cultura Ambiental - Causa Ecologista\" \/>\n\t\t<meta property=\"og:type\" content=\"article\" \/>\n\t\t<meta property=\"og:title\" content=\"Segundo encuentro sobre energ\u00eda - CAUCE\" \/>\n\t\t<meta property=\"og:description\" content=\"Fundaci\u00f3n CAUCE contin\u00faa con su ciclo de charlas para debatir distintos aspectos de nuestra matriz energ\u00e9tica y las posibilidades de avanzar hacia energ\u00edas sustentables. En este segundo encuentro abordaremos junto al ingeniero electromec\u00e1nico Germ\u00e1n Rearte Uz\u00edn, de Reenerger Multienerg\u00edas, la relaci\u00f3n entre energ\u00eda renovable y cambio clim\u00e1tico. El encuentro ser\u00e1 el jueves 22 de octubre\" \/>\n\t\t<meta property=\"og:url\" content=\"https:\/\/cauceecologico.org\/?p=2388\" \/>\n\t\t<meta property=\"article:published_time\" content=\"2020-10-19T21:28:45+00:00\" \/>\n\t\t<meta property=\"article:modified_time\" content=\"2020-10-20T14:46:27+00:00\" \/>\n\t\t<meta name=\"twitter:card\" content=\"summary_large_image\" \/>\n\t\t<meta name=\"twitter:title\" content=\"Segundo encuentro sobre energ\u00eda - CAUCE\" \/>\n\t\t<meta name=\"twitter:description\" content=\"Fundaci\u00f3n CAUCE contin\u00faa con su ciclo de charlas para debatir distintos aspectos de nuestra matriz energ\u00e9tica y las posibilidades de avanzar hacia energ\u00edas sustentables. En este segundo encuentro abordaremos junto al ingeniero electromec\u00e1nico Germ\u00e1n Rearte Uz\u00edn, de Reenerger Multienerg\u00edas, la relaci\u00f3n entre energ\u00eda renovable y cambio clim\u00e1tico. El encuentro ser\u00e1 el jueves 22 de octubre\" \/>\n\t\t<script type=\"application\/ld+json\" class=\"aioseo-schema\">\n\t\t\t{\"@context\":\"https:\\\/\\\/schema.org\",\"@graph\":[{\"@type\":\"BlogPosting\",\"@id\":\"https:\\\/\\\/cauceecologico.org\\\/?p=2388#blogposting\",\"name\":\"Segundo encuentro sobre energ\\u00eda - CAUCE\",\"headline\":\"Segundo encuentro sobre energ\\u00eda\",\"author\":{\"@id\":\"https:\\\/\\\/cauceecologico.org\\\/?author=2#author\"},\"publisher\":{\"@id\":\"https:\\\/\\\/cauceecologico.org\\\/#organization\"},\"image\":{\"@type\":\"ImageObject\",\"url\":\"https:\\\/\\\/cauceecologico.org\\\/wp-content\\\/uploads\\\/2020\\\/10\\\/WhatsApp-Image-2020-10-19-at-13.24.06.jpeg\",\"width\":900,\"height\":900},\"datePublished\":\"2020-10-19T21:28:45+00:00\",\"dateModified\":\"2020-10-20T14:46:27+00:00\",\"inLanguage\":\"es-ES\",\"mainEntityOfPage\":{\"@id\":\"https:\\\/\\\/cauceecologico.org\\\/?p=2388#webpage\"},\"isPartOf\":{\"@id\":\"https:\\\/\\\/cauceecologico.org\\\/?p=2388#webpage\"},\"articleSection\":\"Destacados, Nuestro trabajo\"},{\"@type\":\"BreadcrumbList\",\"@id\":\"https:\\\/\\\/cauceecologico.org\\\/?p=2388#breadcrumblist\",\"itemListElement\":[{\"@type\":\"ListItem\",\"@id\":\"https:\\\/\\\/cauceecologico.org#listItem\",\"position\":1,\"name\":\"Home\",\"item\":\"https:\\\/\\\/cauceecologico.org\",\"nextItem\":{\"@type\":\"ListItem\",\"@id\":\"https:\\\/\\\/cauceecologico.org\\\/?cat=2#listItem\",\"name\":\"Nuestro trabajo\"}},{\"@type\":\"ListItem\",\"@id\":\"https:\\\/\\\/cauceecologico.org\\\/?cat=2#listItem\",\"position\":2,\"name\":\"Nuestro trabajo\",\"item\":\"https:\\\/\\\/cauceecologico.org\\\/?cat=2\",\"nextItem\":{\"@type\":\"ListItem\",\"@id\":\"https:\\\/\\\/cauceecologico.org\\\/?p=2388#listItem\",\"name\":\"Segundo encuentro sobre energ\\u00eda\"},\"previousItem\":{\"@type\":\"ListItem\",\"@id\":\"https:\\\/\\\/cauceecologico.org#listItem\",\"name\":\"Home\"}},{\"@type\":\"ListItem\",\"@id\":\"https:\\\/\\\/cauceecologico.org\\\/?p=2388#listItem\",\"position\":3,\"name\":\"Segundo encuentro sobre energ\\u00eda\",\"previousItem\":{\"@type\":\"ListItem\",\"@id\":\"https:\\\/\\\/cauceecologico.org\\\/?cat=2#listItem\",\"name\":\"Nuestro trabajo\"}}]},{\"@type\":\"Organization\",\"@id\":\"https:\\\/\\\/cauceecologico.org\\\/#organization\",\"name\":\"CAUCE\",\"description\":\"Cultura Ambiental - Causa Ecologista\",\"url\":\"https:\\\/\\\/cauceecologico.org\\\/\"},{\"@type\":\"Person\",\"@id\":\"https:\\\/\\\/cauceecologico.org\\\/?author=2#author\",\"url\":\"https:\\\/\\\/cauceecologico.org\\\/?author=2\",\"name\":\"Ana Lucia Vergara\",\"image\":{\"@type\":\"ImageObject\",\"@id\":\"https:\\\/\\\/cauceecologico.org\\\/?p=2388#authorImage\",\"url\":\"https:\\\/\\\/secure.gravatar.com\\\/avatar\\\/e8720df08f5c466573fb9f3d6cec14bcac9a305e2049123e58e6bc9c03f3a77b?s=96&d=mm&r=g\",\"width\":96,\"height\":96,\"caption\":\"Ana Lucia Vergara\"}},{\"@type\":\"WebPage\",\"@id\":\"https:\\\/\\\/cauceecologico.org\\\/?p=2388#webpage\",\"url\":\"https:\\\/\\\/cauceecologico.org\\\/?p=2388\",\"name\":\"Segundo encuentro sobre energ\\u00eda - CAUCE\",\"description\":\"Fundaci\\u00f3n CAUCE contin\\u00faa con su ciclo de charlas para debatir distintos aspectos de nuestra matriz energ\\u00e9tica y las posibilidades de avanzar hacia energ\\u00edas sustentables. En este segundo encuentro abordaremos junto al ingeniero electromec\\u00e1nico Germ\\u00e1n Rearte Uz\\u00edn, de Reenerger Multienerg\\u00edas, la relaci\\u00f3n entre energ\\u00eda renovable y cambio clim\\u00e1tico. El encuentro ser\\u00e1 el jueves 22 de octubre\",\"inLanguage\":\"es-ES\",\"isPartOf\":{\"@id\":\"https:\\\/\\\/cauceecologico.org\\\/#website\"},\"breadcrumb\":{\"@id\":\"https:\\\/\\\/cauceecologico.org\\\/?p=2388#breadcrumblist\"},\"author\":{\"@id\":\"https:\\\/\\\/cauceecologico.org\\\/?author=2#author\"},\"creator\":{\"@id\":\"https:\\\/\\\/cauceecologico.org\\\/?author=2#author\"},\"image\":{\"@type\":\"ImageObject\",\"url\":\"https:\\\/\\\/cauceecologico.org\\\/wp-content\\\/uploads\\\/2020\\\/10\\\/WhatsApp-Image-2020-10-19-at-13.24.06.jpeg\",\"@id\":\"https:\\\/\\\/cauceecologico.org\\\/?p=2388\\\/#mainImage\",\"width\":900,\"height\":900},\"primaryImageOfPage\":{\"@id\":\"https:\\\/\\\/cauceecologico.org\\\/?p=2388#mainImage\"},\"datePublished\":\"2020-10-19T21:28:45+00:00\",\"dateModified\":\"2020-10-20T14:46:27+00:00\"},{\"@type\":\"WebSite\",\"@id\":\"https:\\\/\\\/cauceecologico.org\\\/#website\",\"url\":\"https:\\\/\\\/cauceecologico.org\\\/\",\"name\":\"CAUCE\",\"description\":\"Cultura Ambiental - Causa Ecologista\",\"inLanguage\":\"es-ES\",\"publisher\":{\"@id\":\"https:\\\/\\\/cauceecologico.org\\\/#organization\"}}]}\n\t\t<\/script>\n\t\t<!-- All in One SEO -->\n\n","aioseo_head_json":{"title":"Segundo encuentro sobre energ\u00eda - CAUCE","description":"Fundaci\u00f3n CAUCE contin\u00faa con su ciclo de charlas para debatir distintos aspectos de nuestra matriz energ\u00e9tica y las posibilidades de avanzar hacia energ\u00edas sustentables. En este segundo encuentro abordaremos junto al ingeniero electromec\u00e1nico Germ\u00e1n Rearte Uz\u00edn, de Reenerger Multienerg\u00edas, la relaci\u00f3n entre energ\u00eda renovable y cambio clim\u00e1tico. El encuentro ser\u00e1 el jueves 22 de octubre","canonical_url":"https:\/\/cauceecologico.org\/?p=2388","robots":"max-image-preview:large","keywords":"","webmasterTools":{"miscellaneous":""},"schema":{"@context":"https:\/\/schema.org","@graph":[{"@type":"BlogPosting","@id":"https:\/\/cauceecologico.org\/?p=2388#blogposting","name":"Segundo encuentro sobre energ\u00eda - CAUCE","headline":"Segundo encuentro sobre energ\u00eda","author":{"@id":"https:\/\/cauceecologico.org\/?author=2#author"},"publisher":{"@id":"https:\/\/cauceecologico.org\/#organization"},"image":{"@type":"ImageObject","url":"https:\/\/cauceecologico.org\/wp-content\/uploads\/2020\/10\/WhatsApp-Image-2020-10-19-at-13.24.06.jpeg","width":900,"height":900},"datePublished":"2020-10-19T21:28:45+00:00","dateModified":"2020-10-20T14:46:27+00:00","inLanguage":"es-ES","mainEntityOfPage":{"@id":"https:\/\/cauceecologico.org\/?p=2388#webpage"},"isPartOf":{"@id":"https:\/\/cauceecologico.org\/?p=2388#webpage"},"articleSection":"Destacados, Nuestro trabajo"},{"@type":"BreadcrumbList","@id":"https:\/\/cauceecologico.org\/?p=2388#breadcrumblist","itemListElement":[{"@type":"ListItem","@id":"https:\/\/cauceecologico.org#listItem","position":1,"name":"Home","item":"https:\/\/cauceecologico.org","nextItem":{"@type":"ListItem","@id":"https:\/\/cauceecologico.org\/?cat=2#listItem","name":"Nuestro trabajo"}},{"@type":"ListItem","@id":"https:\/\/cauceecologico.org\/?cat=2#listItem","position":2,"name":"Nuestro trabajo","item":"https:\/\/cauceecologico.org\/?cat=2","nextItem":{"@type":"ListItem","@id":"https:\/\/cauceecologico.org\/?p=2388#listItem","name":"Segundo encuentro sobre energ\u00eda"},"previousItem":{"@type":"ListItem","@id":"https:\/\/cauceecologico.org#listItem","name":"Home"}},{"@type":"ListItem","@id":"https:\/\/cauceecologico.org\/?p=2388#listItem","position":3,"name":"Segundo encuentro sobre energ\u00eda","previousItem":{"@type":"ListItem","@id":"https:\/\/cauceecologico.org\/?cat=2#listItem","name":"Nuestro trabajo"}}]},{"@type":"Organization","@id":"https:\/\/cauceecologico.org\/#organization","name":"CAUCE","description":"Cultura Ambiental - Causa Ecologista","url":"https:\/\/cauceecologico.org\/"},{"@type":"Person","@id":"https:\/\/cauceecologico.org\/?author=2#author","url":"https:\/\/cauceecologico.org\/?author=2","name":"Ana Lucia Vergara","image":{"@type":"ImageObject","@id":"https:\/\/cauceecologico.org\/?p=2388#authorImage","url":"https:\/\/secure.gravatar.com\/avatar\/e8720df08f5c466573fb9f3d6cec14bcac9a305e2049123e58e6bc9c03f3a77b?s=96&d=mm&r=g","width":96,"height":96,"caption":"Ana Lucia Vergara"}},{"@type":"WebPage","@id":"https:\/\/cauceecologico.org\/?p=2388#webpage","url":"https:\/\/cauceecologico.org\/?p=2388","name":"Segundo encuentro sobre energ\u00eda - CAUCE","description":"Fundaci\u00f3n CAUCE contin\u00faa con su ciclo de charlas para debatir distintos aspectos de nuestra matriz energ\u00e9tica y las posibilidades de avanzar hacia energ\u00edas sustentables. En este segundo encuentro abordaremos junto al ingeniero electromec\u00e1nico Germ\u00e1n Rearte Uz\u00edn, de Reenerger Multienerg\u00edas, la relaci\u00f3n entre energ\u00eda renovable y cambio clim\u00e1tico. El encuentro ser\u00e1 el jueves 22 de octubre","inLanguage":"es-ES","isPartOf":{"@id":"https:\/\/cauceecologico.org\/#website"},"breadcrumb":{"@id":"https:\/\/cauceecologico.org\/?p=2388#breadcrumblist"},"author":{"@id":"https:\/\/cauceecologico.org\/?author=2#author"},"creator":{"@id":"https:\/\/cauceecologico.org\/?author=2#author"},"image":{"@type":"ImageObject","url":"https:\/\/cauceecologico.org\/wp-content\/uploads\/2020\/10\/WhatsApp-Image-2020-10-19-at-13.24.06.jpeg","@id":"https:\/\/cauceecologico.org\/?p=2388\/#mainImage","width":900,"height":900},"primaryImageOfPage":{"@id":"https:\/\/cauceecologico.org\/?p=2388#mainImage"},"datePublished":"2020-10-19T21:28:45+00:00","dateModified":"2020-10-20T14:46:27+00:00"},{"@type":"WebSite","@id":"https:\/\/cauceecologico.org\/#website","url":"https:\/\/cauceecologico.org\/","name":"CAUCE","description":"Cultura Ambiental - Causa Ecologista","inLanguage":"es-ES","publisher":{"@id":"https:\/\/cauceecologico.org\/#organization"}}]},"og:locale":"es_ES","og:site_name":"CAUCE - Cultura Ambiental - Causa Ecologista","og:type":"article","og:title":"Segundo encuentro sobre energ\u00eda - CAUCE","og:description":"Fundaci\u00f3n CAUCE contin\u00faa con su ciclo de charlas para debatir distintos aspectos de nuestra matriz energ\u00e9tica y las posibilidades de avanzar hacia energ\u00edas sustentables. En este segundo encuentro abordaremos junto al ingeniero electromec\u00e1nico Germ\u00e1n Rearte Uz\u00edn, de Reenerger Multienerg\u00edas, la relaci\u00f3n entre energ\u00eda renovable y cambio clim\u00e1tico. El encuentro ser\u00e1 el jueves 22 de octubre","og:url":"https:\/\/cauceecologico.org\/?p=2388","article:published_time":"2020-10-19T21:28:45+00:00","article:modified_time":"2020-10-20T14:46:27+00:00","twitter:card":"summary_large_image","twitter:title":"Segundo encuentro sobre energ\u00eda - CAUCE","twitter:description":"Fundaci\u00f3n CAUCE contin\u00faa con su ciclo de charlas para debatir distintos aspectos de nuestra matriz energ\u00e9tica y las posibilidades de avanzar hacia energ\u00edas sustentables. En este segundo encuentro abordaremos junto al ingeniero electromec\u00e1nico Germ\u00e1n Rearte Uz\u00edn, de Reenerger Multienerg\u00edas, la relaci\u00f3n entre energ\u00eda renovable y cambio clim\u00e1tico. El encuentro ser\u00e1 el jueves 22 de octubre"},"aioseo_meta_data":{"post_id":"2388","title":null,"description":null,"keywords":null,"keyphrases":null,"primary_term":null,"canonical_url":null,"og_title":null,"og_description":null,"og_object_type":"default","og_image_type":"default","og_image_url":null,"og_image_width":null,"og_image_height":null,"og_image_custom_url":null,"og_image_custom_fields":null,"og_video":null,"og_custom_url":null,"og_article_section":null,"og_article_tags":null,"twitter_use_og":false,"twitter_card":"default","twitter_image_type":"default","twitter_image_url":null,"twitter_image_custom_url":null,"twitter_image_custom_fields":null,"twitter_title":null,"twitter_description":null,"schema":{"blockGraphs":[],"customGraphs":[],"default":{"data":{"Article":[],"Course":[],"Dataset":[],"FAQPage":[],"Movie":[],"Person":[],"Product":[],"ProductReview":[],"Car":[],"Recipe":[],"Service":[],"SoftwareApplication":[],"WebPage":[]},"graphName":"","isEnabled":true},"graphs":[]},"schema_type":"default","schema_type_options":null,"pillar_content":false,"robots_default":true,"robots_noindex":false,"robots_noarchive":false,"robots_nosnippet":false,"robots_nofollow":false,"robots_noimageindex":false,"robots_noodp":false,"robots_notranslate":false,"robots_max_snippet":null,"robots_max_videopreview":null,"robots_max_imagepreview":"large","priority":null,"frequency":null,"local_seo":null,"limit_modified_date":false,"created":"2023-03-16 20:34:29","updated":"2026-07-28 01:20:33","ai":null,"breadcrumb_settings":null,"seo_analyzer_scan_date":null},"aioseo_breadcrumb":"<div class=\"aioseo-breadcrumbs\"><span class=\"aioseo-breadcrumb\">\n\t\t\t<a href=\"https:\/\/cauceecologico.org\" title=\"Home\">Home<\/a>\n\t\t<\/span><span class=\"aioseo-breadcrumb-separator\">&raquo;<\/span><span class=\"aioseo-breadcrumb\">\n\t\t\t<a href=\"https:\/\/cauceecologico.org\/?cat=2\" title=\"Nuestro trabajo\">Nuestro trabajo<\/a>\n\t\t<\/span><span class=\"aioseo-breadcrumb-separator\">&raquo;<\/span><span class=\"aioseo-breadcrumb\">\n\t\t\tSegundo encuentro sobre energ\u00eda\n\t\t<\/span><\/div>","aioseo_breadcrumb_json":[{"label":"Home","link":"https:\/\/cauceecologico.org"},{"label":"Nuestro trabajo","link":"https:\/\/cauceecologico.org\/?cat=2"},{"label":"Segundo encuentro sobre energ\u00eda","link":"https:\/\/cauceecologico.org\/?p=2388"}],"_links":{"self":[{"href":"https:\/\/cauceecologico.org\/index.php?rest_route=\/wp\/v2\/posts\/2388","targetHints":{"allow":["GET"]}}],"collection":[{"href":"https:\/\/cauceecologico.org\/index.php?rest_route=\/wp\/v2\/posts"}],"about":[{"href":"https:\/\/cauceecologico.org\/index.php?rest_route=\/wp\/v2\/types\/post"}],"author":[{"embeddable":true,"href":"https:\/\/cauceecologico.org\/index.php?rest_route=\/wp\/v2\/users\/2"}],"replies":[{"embeddable":true,"href":"https:\/\/cauceecologico.org\/index.php?rest_route=%2Fwp%2Fv2%2Fcomments&post=2388"}],"version-history":[{"count":4,"href":"https:\/\/cauceecologico.org\/index.php?rest_route=\/wp\/v2\/posts\/2388\/revisions"}],"predecessor-version":[{"id":2393,"href":"https:\/\/cauceecologico.org\/index.php?rest_route=\/wp\/v2\/posts\/2388\/revisions\/2393"}],"wp:featuredmedia":[{"embeddable":true,"href":"https:\/\/cauceecologico.org\/index.php?rest_route=\/wp\/v2\/media\/2389"}],"wp:attachment":[{"href":"https:\/\/cauceecologico.org\/index.php?rest_route=%2Fwp%2Fv2%2Fmedia&parent=2388"}],"wp:term":[{"taxonomy":"category","embeddable":true,"href":"https:\/\/cauceecologico.org\/index.php?rest_route=%2Fwp%2Fv2%2Fcategories&post=2388"},{"taxonomy":"post_tag","embeddable":true,"href":"https:\/\/cauceecologico.org\/index.php?rest_route=%2Fwp%2Fv2%2Ftags&post=2388"}],"curies":[{"name":"wp","href":"https:\/\/api.w.org\/{rel}","templated":true}]}}