{"id":2437,"date":"2020-11-12T19:19:35","date_gmt":"2020-11-12T19:19:35","guid":{"rendered":"http:\/\/cauceecologico.org\/?p=2437"},"modified":"2021-02-10T16:05:11","modified_gmt":"2021-02-10T16:05:11","slug":"rechazo-de-organizaciones-a-la-aprobacion-del-trigo-transgenico-en-argentina","status":"publish","type":"post","link":"https:\/\/cauceecologico.org\/?p=2437","title":{"rendered":"Rechazo de organizaciones a la aprobaci\u00f3n del trigo transg\u00e9nico en Argentina"},"content":{"rendered":"<div class=\"StoryFull-intro StoryFull-width\">\n<div class=\"ezxmltext\">\n<p>En el d\u00eda de la fecha se ha presentado ante el Ministro de Agricultura, Ganader\u00eda y Pesca de la Rep\u00fablica Argentina, Luis Basterra, el documento \u201cCon nuestro pan No\u201d\u00a0 al que adherimos m\u00e1s de 200 organizaciones y 6200 personas, para exigir al gobierno argentino que d\u00e9 marcha atr\u00e1s con la aprobaci\u00f3n del primer trigo transg\u00e9nico del mundo.<\/p>\n<\/div>\n<\/div>\n<div class=\"StoryFull-body\">\n<div class=\"ezxmltext\">\n<p>Este trigo transg\u00e9nico es denominado HB4 (trigo IND-\u00d8\u00d8412-7) y presenta dos caracter\u00edsticas: resistencia a la sequ\u00eda y tolerancia al herbicida glufosinato de amonio.<\/p>\n<p>Fue autorizado por la Resoluci\u00f3n 41\/2020 del 7 de octubre de la Secretar\u00eda de Alimentos, Bioeconom\u00eda y Desarrollo Regional del Ministerio de Agricultura, Ganader\u00eda y Pesca, publicada en el Bolet\u00edn Oficial el 9 de octubre, y est\u00e1 listo para su cultivo masivo (sujeto a que Brasil lo acepte, al ser el primer receptor de las exportaciones argentinas de trigo).<\/p>\n<p>El trigo es la base de la alimentaci\u00f3n de las argentinas y los argentinos y de una parte muy importante de la humanidad: con \u00e9l se elabora el pan y gran parte de nuestras comidas. El cultivo masivo de este trigo significar\u00eda aumentar de forma exponencial la presencia de agrot\u00f3xicos en nuestros platos.<\/p>\n<p>Esta autorizaci\u00f3n significa un <strong>avance del agronegocio sobre la alimentaci\u00f3n de nuestros pueblos y sobre nuestra agricultura que no podemos aceptar<\/strong> y que nos obliga a denunciar y resistir por todas las v\u00edas posibles.<\/p>\n<p>Por ese motivo, te invitamos a adherir a la Campa\u00f1a \u00a1Con nuestro pan NO! y hacerles llegar a las autoridades que no queremos m\u00e1s transg\u00e9nicos en Argentina:\u00a0<span style=\"color: #3366ff;\"><a style=\"color: #3366ff;\" href=\"http:\/\/accionesbiodiversidad.org\/archivos\/328\" target=\"_blank\" rel=\"noopener noreferrer\">http:\/\/accionesbiodiversidad.org\/archivos\/328<\/a><\/span><\/p>\n<p>Para m\u00e1s informaci\u00f3n, visit\u00e1 la\u00a0<span style=\"color: #3366ff;\"><a style=\"color: #3366ff;\" href=\"http:\/\/www.biodiversidadla.org\/Coberturas-especiales\/Trigo-transgenico\" target=\"_blank\" rel=\"noopener noreferrer\">Cobertura Especial No al trigo transg\u00e9nico en Argentina: \u00a1con nuestro pan NO!<\/a><\/span><\/p>\n<p><img loading=\"lazy\" decoding=\"async\" class=\"alignnone wp-image-2438 size-full\" src=\"http:\/\/cauceecologico.org\/wp-content\/uploads\/2020\/11\/WhatsApp-Image-2020-11-12-at-15.59.12.jpeg\" alt=\"\" width=\"1080\" height=\"1080\" srcset=\"https:\/\/cauceecologico.org\/wp-content\/uploads\/2020\/11\/WhatsApp-Image-2020-11-12-at-15.59.12.jpeg 1080w, https:\/\/cauceecologico.org\/wp-content\/uploads\/2020\/11\/WhatsApp-Image-2020-11-12-at-15.59.12-300x300.jpeg 300w, https:\/\/cauceecologico.org\/wp-content\/uploads\/2020\/11\/WhatsApp-Image-2020-11-12-at-15.59.12-1024x1024.jpeg 1024w, https:\/\/cauceecologico.org\/wp-content\/uploads\/2020\/11\/WhatsApp-Image-2020-11-12-at-15.59.12-150x150.jpeg 150w, https:\/\/cauceecologico.org\/wp-content\/uploads\/2020\/11\/WhatsApp-Image-2020-11-12-at-15.59.12-768x768.jpeg 768w\" sizes=\"auto, (max-width: 1080px) 100vw, 1080px\" \/><\/p>\n<p>&nbsp;<\/p>\n<p style=\"text-align: right;\">12\/11\/20<\/p>\n<\/div>\n<\/div>\n","protected":false},"excerpt":{"rendered":"<p>En el d\u00eda de la fecha se ha presentado ante el Ministro de Agricultura, Ganader\u00eda y Pesca de la Rep\u00fablica Argentina, Luis Basterra, el documento \u201cCon nuestro pan No\u201d\u00a0 al que adherimos m\u00e1s de 200 organizaciones y 6200 personas, para exigir al gobierno argentino que d\u00e9 marcha atr\u00e1s con la aprobaci\u00f3n del primer trigo transg\u00e9nico [&hellip;]<\/p>\n","protected":false},"author":2,"featured_media":2145,"comment_status":"open","ping_status":"open","sticky":false,"template":"","format":"standard","meta":{"om_disable_all_campaigns":false,"_monsterinsights_skip_tracking":false,"amp_status":"","footnotes":""},"categories":[274,6,5],"tags":[],"class_list":["post-2437","post","type-post","status-publish","format-standard","has-post-thumbnail","hentry","category-agroecologia","category-destacados","category-noticias"],"aioseo_notices":[],"aioseo_head":"\n\t\t<!-- All in One SEO 4.9.10 - aioseo.com -->\n\t<meta name=\"description\" content=\"En el d\u00eda de la fecha se ha presentado ante el Ministro de Agricultura, Ganader\u00eda y Pesca de la Rep\u00fablica Argentina, Luis Basterra, el documento \u201cCon nuestro pan No\u201d al que adherimos m\u00e1s de 200 organizaciones y 6200 personas, para exigir al gobierno argentino que d\u00e9 marcha atr\u00e1s con la aprobaci\u00f3n del primer trigo transg\u00e9nico\" \/>\n\t<meta name=\"robots\" content=\"max-image-preview:large\" \/>\n\t<meta name=\"author\" content=\"Ana Lucia Vergara\"\/>\n\t<link rel=\"canonical\" href=\"https:\/\/cauceecologico.org\/?p=2437\" \/>\n\t<meta name=\"generator\" content=\"All in One SEO (AIOSEO) 4.9.10\" \/>\n\t\t<meta property=\"og:locale\" content=\"es_ES\" \/>\n\t\t<meta property=\"og:site_name\" content=\"CAUCE - Cultura Ambiental - Causa Ecologista\" \/>\n\t\t<meta property=\"og:type\" content=\"article\" \/>\n\t\t<meta property=\"og:title\" content=\"Rechazo de organizaciones a la aprobaci\u00f3n del trigo transg\u00e9nico en Argentina - CAUCE\" \/>\n\t\t<meta property=\"og:description\" content=\"En el d\u00eda de la fecha se ha presentado ante el Ministro de Agricultura, Ganader\u00eda y Pesca de la Rep\u00fablica Argentina, Luis Basterra, el documento \u201cCon nuestro pan No\u201d al que adherimos m\u00e1s de 200 organizaciones y 6200 personas, para exigir al gobierno argentino que d\u00e9 marcha atr\u00e1s con la aprobaci\u00f3n del primer trigo transg\u00e9nico\" \/>\n\t\t<meta property=\"og:url\" content=\"https:\/\/cauceecologico.org\/?p=2437\" \/>\n\t\t<meta property=\"article:published_time\" content=\"2020-11-12T19:19:35+00:00\" \/>\n\t\t<meta property=\"article:modified_time\" content=\"2021-02-10T16:05:11+00:00\" \/>\n\t\t<meta name=\"twitter:card\" content=\"summary_large_image\" \/>\n\t\t<meta name=\"twitter:title\" content=\"Rechazo de organizaciones a la aprobaci\u00f3n del trigo transg\u00e9nico en Argentina - CAUCE\" \/>\n\t\t<meta name=\"twitter:description\" content=\"En el d\u00eda de la fecha se ha presentado ante el Ministro de Agricultura, Ganader\u00eda y Pesca de la Rep\u00fablica Argentina, Luis Basterra, el documento \u201cCon nuestro pan No\u201d al que adherimos m\u00e1s de 200 organizaciones y 6200 personas, para exigir al gobierno argentino que d\u00e9 marcha atr\u00e1s con la aprobaci\u00f3n del primer trigo transg\u00e9nico\" \/>\n\t\t<script type=\"application\/ld+json\" class=\"aioseo-schema\">\n\t\t\t{\"@context\":\"https:\\\/\\\/schema.org\",\"@graph\":[{\"@type\":\"BlogPosting\",\"@id\":\"https:\\\/\\\/cauceecologico.org\\\/?p=2437#blogposting\",\"name\":\"Rechazo de organizaciones a la aprobaci\\u00f3n del trigo transg\\u00e9nico en Argentina - CAUCE\",\"headline\":\"Rechazo de organizaciones a la aprobaci\\u00f3n del trigo transg\\u00e9nico en Argentina\",\"author\":{\"@id\":\"https:\\\/\\\/cauceecologico.org\\\/?author=2#author\"},\"publisher\":{\"@id\":\"https:\\\/\\\/cauceecologico.org\\\/#organization\"},\"image\":{\"@type\":\"ImageObject\",\"url\":\"https:\\\/\\\/cauceecologico.org\\\/wp-content\\\/uploads\\\/2020\\\/08\\\/pexels-pixabay-164504-scaled.jpg\",\"width\":2560,\"height\":1920},\"datePublished\":\"2020-11-12T19:19:35+00:00\",\"dateModified\":\"2021-02-10T16:05:11+00:00\",\"inLanguage\":\"es-ES\",\"mainEntityOfPage\":{\"@id\":\"https:\\\/\\\/cauceecologico.org\\\/?p=2437#webpage\"},\"isPartOf\":{\"@id\":\"https:\\\/\\\/cauceecologico.org\\\/?p=2437#webpage\"},\"articleSection\":\"Agroecolog\\u00eda, Destacados, Noticias\"},{\"@type\":\"BreadcrumbList\",\"@id\":\"https:\\\/\\\/cauceecologico.org\\\/?p=2437#breadcrumblist\",\"itemListElement\":[{\"@type\":\"ListItem\",\"@id\":\"https:\\\/\\\/cauceecologico.org#listItem\",\"position\":1,\"name\":\"Home\",\"item\":\"https:\\\/\\\/cauceecologico.org\",\"nextItem\":{\"@type\":\"ListItem\",\"@id\":\"https:\\\/\\\/cauceecologico.org\\\/?cat=5#listItem\",\"name\":\"Noticias\"}},{\"@type\":\"ListItem\",\"@id\":\"https:\\\/\\\/cauceecologico.org\\\/?cat=5#listItem\",\"position\":2,\"name\":\"Noticias\",\"item\":\"https:\\\/\\\/cauceecologico.org\\\/?cat=5\",\"nextItem\":{\"@type\":\"ListItem\",\"@id\":\"https:\\\/\\\/cauceecologico.org\\\/?p=2437#listItem\",\"name\":\"Rechazo de organizaciones a la aprobaci\\u00f3n del trigo transg\\u00e9nico en Argentina\"},\"previousItem\":{\"@type\":\"ListItem\",\"@id\":\"https:\\\/\\\/cauceecologico.org#listItem\",\"name\":\"Home\"}},{\"@type\":\"ListItem\",\"@id\":\"https:\\\/\\\/cauceecologico.org\\\/?p=2437#listItem\",\"position\":3,\"name\":\"Rechazo de organizaciones a la aprobaci\\u00f3n del trigo transg\\u00e9nico en Argentina\",\"previousItem\":{\"@type\":\"ListItem\",\"@id\":\"https:\\\/\\\/cauceecologico.org\\\/?cat=5#listItem\",\"name\":\"Noticias\"}}]},{\"@type\":\"Organization\",\"@id\":\"https:\\\/\\\/cauceecologico.org\\\/#organization\",\"name\":\"CAUCE\",\"description\":\"Cultura Ambiental - Causa Ecologista\",\"url\":\"https:\\\/\\\/cauceecologico.org\\\/\"},{\"@type\":\"Person\",\"@id\":\"https:\\\/\\\/cauceecologico.org\\\/?author=2#author\",\"url\":\"https:\\\/\\\/cauceecologico.org\\\/?author=2\",\"name\":\"Ana Lucia Vergara\",\"image\":{\"@type\":\"ImageObject\",\"@id\":\"https:\\\/\\\/cauceecologico.org\\\/?p=2437#authorImage\",\"url\":\"https:\\\/\\\/secure.gravatar.com\\\/avatar\\\/e8720df08f5c466573fb9f3d6cec14bcac9a305e2049123e58e6bc9c03f3a77b?s=96&d=mm&r=g\",\"width\":96,\"height\":96,\"caption\":\"Ana Lucia Vergara\"}},{\"@type\":\"WebPage\",\"@id\":\"https:\\\/\\\/cauceecologico.org\\\/?p=2437#webpage\",\"url\":\"https:\\\/\\\/cauceecologico.org\\\/?p=2437\",\"name\":\"Rechazo de organizaciones a la aprobaci\\u00f3n del trigo transg\\u00e9nico en Argentina - CAUCE\",\"description\":\"En el d\\u00eda de la fecha se ha presentado ante el Ministro de Agricultura, Ganader\\u00eda y Pesca de la Rep\\u00fablica Argentina, Luis Basterra, el documento \\u201cCon nuestro pan No\\u201d al que adherimos m\\u00e1s de 200 organizaciones y 6200 personas, para exigir al gobierno argentino que d\\u00e9 marcha atr\\u00e1s con la aprobaci\\u00f3n del primer trigo transg\\u00e9nico\",\"inLanguage\":\"es-ES\",\"isPartOf\":{\"@id\":\"https:\\\/\\\/cauceecologico.org\\\/#website\"},\"breadcrumb\":{\"@id\":\"https:\\\/\\\/cauceecologico.org\\\/?p=2437#breadcrumblist\"},\"author\":{\"@id\":\"https:\\\/\\\/cauceecologico.org\\\/?author=2#author\"},\"creator\":{\"@id\":\"https:\\\/\\\/cauceecologico.org\\\/?author=2#author\"},\"image\":{\"@type\":\"ImageObject\",\"url\":\"https:\\\/\\\/cauceecologico.org\\\/wp-content\\\/uploads\\\/2020\\\/08\\\/pexels-pixabay-164504-scaled.jpg\",\"@id\":\"https:\\\/\\\/cauceecologico.org\\\/?p=2437\\\/#mainImage\",\"width\":2560,\"height\":1920},\"primaryImageOfPage\":{\"@id\":\"https:\\\/\\\/cauceecologico.org\\\/?p=2437#mainImage\"},\"datePublished\":\"2020-11-12T19:19:35+00:00\",\"dateModified\":\"2021-02-10T16:05:11+00:00\"},{\"@type\":\"WebSite\",\"@id\":\"https:\\\/\\\/cauceecologico.org\\\/#website\",\"url\":\"https:\\\/\\\/cauceecologico.org\\\/\",\"name\":\"CAUCE\",\"description\":\"Cultura Ambiental - Causa Ecologista\",\"inLanguage\":\"es-ES\",\"publisher\":{\"@id\":\"https:\\\/\\\/cauceecologico.org\\\/#organization\"}}]}\n\t\t<\/script>\n\t\t<!-- All in One SEO -->\n\n","aioseo_head_json":{"title":"Rechazo de organizaciones a la aprobaci\u00f3n del trigo transg\u00e9nico en Argentina - CAUCE","description":"En el d\u00eda de la fecha se ha presentado ante el Ministro de Agricultura, Ganader\u00eda y Pesca de la Rep\u00fablica Argentina, Luis Basterra, el documento \u201cCon nuestro pan No\u201d al que adherimos m\u00e1s de 200 organizaciones y 6200 personas, para exigir al gobierno argentino que d\u00e9 marcha atr\u00e1s con la aprobaci\u00f3n del primer trigo transg\u00e9nico","canonical_url":"https:\/\/cauceecologico.org\/?p=2437","robots":"max-image-preview:large","keywords":"","webmasterTools":{"miscellaneous":""},"schema":{"@context":"https:\/\/schema.org","@graph":[{"@type":"BlogPosting","@id":"https:\/\/cauceecologico.org\/?p=2437#blogposting","name":"Rechazo de organizaciones a la aprobaci\u00f3n del trigo transg\u00e9nico en Argentina - CAUCE","headline":"Rechazo de organizaciones a la aprobaci\u00f3n del trigo transg\u00e9nico en Argentina","author":{"@id":"https:\/\/cauceecologico.org\/?author=2#author"},"publisher":{"@id":"https:\/\/cauceecologico.org\/#organization"},"image":{"@type":"ImageObject","url":"https:\/\/cauceecologico.org\/wp-content\/uploads\/2020\/08\/pexels-pixabay-164504-scaled.jpg","width":2560,"height":1920},"datePublished":"2020-11-12T19:19:35+00:00","dateModified":"2021-02-10T16:05:11+00:00","inLanguage":"es-ES","mainEntityOfPage":{"@id":"https:\/\/cauceecologico.org\/?p=2437#webpage"},"isPartOf":{"@id":"https:\/\/cauceecologico.org\/?p=2437#webpage"},"articleSection":"Agroecolog\u00eda, Destacados, Noticias"},{"@type":"BreadcrumbList","@id":"https:\/\/cauceecologico.org\/?p=2437#breadcrumblist","itemListElement":[{"@type":"ListItem","@id":"https:\/\/cauceecologico.org#listItem","position":1,"name":"Home","item":"https:\/\/cauceecologico.org","nextItem":{"@type":"ListItem","@id":"https:\/\/cauceecologico.org\/?cat=5#listItem","name":"Noticias"}},{"@type":"ListItem","@id":"https:\/\/cauceecologico.org\/?cat=5#listItem","position":2,"name":"Noticias","item":"https:\/\/cauceecologico.org\/?cat=5","nextItem":{"@type":"ListItem","@id":"https:\/\/cauceecologico.org\/?p=2437#listItem","name":"Rechazo de organizaciones a la aprobaci\u00f3n del trigo transg\u00e9nico en Argentina"},"previousItem":{"@type":"ListItem","@id":"https:\/\/cauceecologico.org#listItem","name":"Home"}},{"@type":"ListItem","@id":"https:\/\/cauceecologico.org\/?p=2437#listItem","position":3,"name":"Rechazo de organizaciones a la aprobaci\u00f3n del trigo transg\u00e9nico en Argentina","previousItem":{"@type":"ListItem","@id":"https:\/\/cauceecologico.org\/?cat=5#listItem","name":"Noticias"}}]},{"@type":"Organization","@id":"https:\/\/cauceecologico.org\/#organization","name":"CAUCE","description":"Cultura Ambiental - Causa Ecologista","url":"https:\/\/cauceecologico.org\/"},{"@type":"Person","@id":"https:\/\/cauceecologico.org\/?author=2#author","url":"https:\/\/cauceecologico.org\/?author=2","name":"Ana Lucia Vergara","image":{"@type":"ImageObject","@id":"https:\/\/cauceecologico.org\/?p=2437#authorImage","url":"https:\/\/secure.gravatar.com\/avatar\/e8720df08f5c466573fb9f3d6cec14bcac9a305e2049123e58e6bc9c03f3a77b?s=96&d=mm&r=g","width":96,"height":96,"caption":"Ana Lucia Vergara"}},{"@type":"WebPage","@id":"https:\/\/cauceecologico.org\/?p=2437#webpage","url":"https:\/\/cauceecologico.org\/?p=2437","name":"Rechazo de organizaciones a la aprobaci\u00f3n del trigo transg\u00e9nico en Argentina - CAUCE","description":"En el d\u00eda de la fecha se ha presentado ante el Ministro de Agricultura, Ganader\u00eda y Pesca de la Rep\u00fablica Argentina, Luis Basterra, el documento \u201cCon nuestro pan No\u201d al que adherimos m\u00e1s de 200 organizaciones y 6200 personas, para exigir al gobierno argentino que d\u00e9 marcha atr\u00e1s con la aprobaci\u00f3n del primer trigo transg\u00e9nico","inLanguage":"es-ES","isPartOf":{"@id":"https:\/\/cauceecologico.org\/#website"},"breadcrumb":{"@id":"https:\/\/cauceecologico.org\/?p=2437#breadcrumblist"},"author":{"@id":"https:\/\/cauceecologico.org\/?author=2#author"},"creator":{"@id":"https:\/\/cauceecologico.org\/?author=2#author"},"image":{"@type":"ImageObject","url":"https:\/\/cauceecologico.org\/wp-content\/uploads\/2020\/08\/pexels-pixabay-164504-scaled.jpg","@id":"https:\/\/cauceecologico.org\/?p=2437\/#mainImage","width":2560,"height":1920},"primaryImageOfPage":{"@id":"https:\/\/cauceecologico.org\/?p=2437#mainImage"},"datePublished":"2020-11-12T19:19:35+00:00","dateModified":"2021-02-10T16:05:11+00:00"},{"@type":"WebSite","@id":"https:\/\/cauceecologico.org\/#website","url":"https:\/\/cauceecologico.org\/","name":"CAUCE","description":"Cultura Ambiental - Causa Ecologista","inLanguage":"es-ES","publisher":{"@id":"https:\/\/cauceecologico.org\/#organization"}}]},"og:locale":"es_ES","og:site_name":"CAUCE - Cultura Ambiental - Causa Ecologista","og:type":"article","og:title":"Rechazo de organizaciones a la aprobaci\u00f3n del trigo transg\u00e9nico en Argentina - CAUCE","og:description":"En el d\u00eda de la fecha se ha presentado ante el Ministro de Agricultura, Ganader\u00eda y Pesca de la Rep\u00fablica Argentina, Luis Basterra, el documento \u201cCon nuestro pan No\u201d al que adherimos m\u00e1s de 200 organizaciones y 6200 personas, para exigir al gobierno argentino que d\u00e9 marcha atr\u00e1s con la aprobaci\u00f3n del primer trigo transg\u00e9nico","og:url":"https:\/\/cauceecologico.org\/?p=2437","article:published_time":"2020-11-12T19:19:35+00:00","article:modified_time":"2021-02-10T16:05:11+00:00","twitter:card":"summary_large_image","twitter:title":"Rechazo de organizaciones a la aprobaci\u00f3n del trigo transg\u00e9nico en Argentina - CAUCE","twitter:description":"En el d\u00eda de la fecha se ha presentado ante el Ministro de Agricultura, Ganader\u00eda y Pesca de la Rep\u00fablica Argentina, Luis Basterra, el documento \u201cCon nuestro pan No\u201d al que adherimos m\u00e1s de 200 organizaciones y 6200 personas, para exigir al gobierno argentino que d\u00e9 marcha atr\u00e1s con la aprobaci\u00f3n del primer trigo transg\u00e9nico"},"aioseo_meta_data":{"post_id":"2437","title":null,"description":null,"keywords":null,"keyphrases":null,"primary_term":null,"canonical_url":null,"og_title":null,"og_description":null,"og_object_type":"default","og_image_type":"default","og_image_url":null,"og_image_width":null,"og_image_height":null,"og_image_custom_url":null,"og_image_custom_fields":null,"og_video":null,"og_custom_url":null,"og_article_section":null,"og_article_tags":null,"twitter_use_og":false,"twitter_card":"default","twitter_image_type":"default","twitter_image_url":null,"twitter_image_custom_url":null,"twitter_image_custom_fields":null,"twitter_title":null,"twitter_description":null,"schema":{"blockGraphs":[],"customGraphs":[],"default":{"data":{"Article":[],"Course":[],"Dataset":[],"FAQPage":[],"Movie":[],"Person":[],"Product":[],"ProductReview":[],"Car":[],"Recipe":[],"Service":[],"SoftwareApplication":[],"WebPage":[]},"graphName":"","isEnabled":true},"graphs":[]},"schema_type":"default","schema_type_options":null,"pillar_content":false,"robots_default":true,"robots_noindex":false,"robots_noarchive":false,"robots_nosnippet":false,"robots_nofollow":false,"robots_noimageindex":false,"robots_noodp":false,"robots_notranslate":false,"robots_max_snippet":null,"robots_max_videopreview":null,"robots_max_imagepreview":"large","priority":null,"frequency":null,"local_seo":null,"limit_modified_date":false,"created":"2023-03-16 20:38:37","updated":"2026-07-28 01:20:33","ai":null,"breadcrumb_settings":null,"seo_analyzer_scan_date":null},"aioseo_breadcrumb":"<div class=\"aioseo-breadcrumbs\"><span class=\"aioseo-breadcrumb\">\n\t\t\t<a href=\"https:\/\/cauceecologico.org\" title=\"Home\">Home<\/a>\n\t\t<\/span><span class=\"aioseo-breadcrumb-separator\">&raquo;<\/span><span class=\"aioseo-breadcrumb\">\n\t\t\t<a href=\"https:\/\/cauceecologico.org\/?cat=5\" title=\"Noticias\">Noticias<\/a>\n\t\t<\/span><span class=\"aioseo-breadcrumb-separator\">&raquo;<\/span><span class=\"aioseo-breadcrumb\">\n\t\t\tRechazo de organizaciones a la aprobaci\u00f3n del trigo transg\u00e9nico en Argentina\n\t\t<\/span><\/div>","aioseo_breadcrumb_json":[{"label":"Home","link":"https:\/\/cauceecologico.org"},{"label":"Noticias","link":"https:\/\/cauceecologico.org\/?cat=5"},{"label":"Rechazo de organizaciones a la aprobaci\u00f3n del trigo transg\u00e9nico en Argentina","link":"https:\/\/cauceecologico.org\/?p=2437"}],"_links":{"self":[{"href":"https:\/\/cauceecologico.org\/index.php?rest_route=\/wp\/v2\/posts\/2437","targetHints":{"allow":["GET"]}}],"collection":[{"href":"https:\/\/cauceecologico.org\/index.php?rest_route=\/wp\/v2\/posts"}],"about":[{"href":"https:\/\/cauceecologico.org\/index.php?rest_route=\/wp\/v2\/types\/post"}],"author":[{"embeddable":true,"href":"https:\/\/cauceecologico.org\/index.php?rest_route=\/wp\/v2\/users\/2"}],"replies":[{"embeddable":true,"href":"https:\/\/cauceecologico.org\/index.php?rest_route=%2Fwp%2Fv2%2Fcomments&post=2437"}],"version-history":[{"count":4,"href":"https:\/\/cauceecologico.org\/index.php?rest_route=\/wp\/v2\/posts\/2437\/revisions"}],"predecessor-version":[{"id":2442,"href":"https:\/\/cauceecologico.org\/index.php?rest_route=\/wp\/v2\/posts\/2437\/revisions\/2442"}],"wp:featuredmedia":[{"embeddable":true,"href":"https:\/\/cauceecologico.org\/index.php?rest_route=\/wp\/v2\/media\/2145"}],"wp:attachment":[{"href":"https:\/\/cauceecologico.org\/index.php?rest_route=%2Fwp%2Fv2%2Fmedia&parent=2437"}],"wp:term":[{"taxonomy":"category","embeddable":true,"href":"https:\/\/cauceecologico.org\/index.php?rest_route=%2Fwp%2Fv2%2Fcategories&post=2437"},{"taxonomy":"post_tag","embeddable":true,"href":"https:\/\/cauceecologico.org\/index.php?rest_route=%2Fwp%2Fv2%2Ftags&post=2437"}],"curies":[{"name":"wp","href":"https:\/\/api.w.org\/{rel}","templated":true}]}}