{"id":2478,"date":"2020-12-02T18:03:23","date_gmt":"2020-12-02T18:03:23","guid":{"rendered":"http:\/\/cauceecologico.org\/?p=2478"},"modified":"2021-02-10T20:13:10","modified_gmt":"2021-02-10T20:13:10","slug":"inscripciones-abiertas-al-taller-de-compostaje-y-huerta-agroecologica","status":"publish","type":"post","link":"https:\/\/cauceecologico.org\/?p=2478","title":{"rendered":"Inscripciones abiertas al Taller de Compostaje y Huerta Agroecol\u00f3gica"},"content":{"rendered":"<p>Fundaci\u00f3n CAUCE lanza la inscripci\u00f3n a un curso virtual gratuito con v\u00eddeos y material bibliogr\u00e1fico en nuestra plataforma educativa EduCauce.\u00a0 El mismo comienza el 9 de diciembre.<\/p>\n<p><iframe loading=\"lazy\" src=\"https:\/\/www.youtube.com\/embed\/ycEoPjUAhrw\" width=\"560\" height=\"315\" frameborder=\"0\" allowfullscreen=\"allowfullscreen\"><\/iframe><\/p>\n<p>Con una serie de videos y material bibliogr\u00e1fico, el ingeniero agr\u00f3nomo Juli\u00e1n Parodi y el abogado Enzo Culasso, comparten sus conocimientos sobre la realizaci\u00f3n de una huerta urbana agroecol\u00f3gica y c\u00f3mo realizar una compostera domiciliaria.<\/p>\n<p>Durante el taller, que estar\u00e1 divido en m\u00f3dulos, se introducir\u00e1n a las y los participantes conceptos sobre soberan\u00eda alimentaria, la producci\u00f3n agroecol\u00f3gica y sus diferencias con la org\u00e1nica. Tambi\u00e9n, como hacer biopreparados para tener una huerta sana.<\/p>\n<p><span style=\"color: #3366ff;\"><strong><a style=\"color: #3366ff;\" href=\"https:\/\/forms.gle\/Q4HS8KHzbjny3JV49\"><img loading=\"lazy\" decoding=\"async\" class=\"alignnone wp-image-1706\" src=\"http:\/\/cauceecologico.org\/wp-content\/uploads\/2020\/02\/link.png\" alt=\"\" width=\"19\" height=\"19\" \/> Inscripciones ac\u00e1\u00a0<\/a><\/strong><\/span><\/p>\n<p style=\"text-align: right;\">01\/12\/20<\/p>\n","protected":false},"excerpt":{"rendered":"<p>Fundaci\u00f3n CAUCE lanza la inscripci\u00f3n a un curso virtual gratuito con v\u00eddeos y material bibliogr\u00e1fico en nuestra plataforma educativa EduCauce.\u00a0 El mismo comienza el 9 de diciembre. Con una serie de videos y material bibliogr\u00e1fico, el ingeniero agr\u00f3nomo Juli\u00e1n Parodi y el abogado Enzo Culasso, comparten sus conocimientos sobre la realizaci\u00f3n de una huerta urbana [&hellip;]<\/p>\n","protected":false},"author":2,"featured_media":2684,"comment_status":"open","ping_status":"open","sticky":false,"template":"","format":"standard","meta":{"om_disable_all_campaigns":false,"_monsterinsights_skip_tracking":false,"amp_status":"","footnotes":""},"categories":[6,5,2],"tags":[],"class_list":["post-2478","post","type-post","status-publish","format-standard","has-post-thumbnail","hentry","category-destacados","category-noticias","category-nuestro-trabajo"],"aioseo_notices":[],"aioseo_head":"\n\t\t<!-- All in One SEO 4.9.10 - aioseo.com -->\n\t<meta name=\"description\" content=\"Fundaci\u00f3n CAUCE lanza la inscripci\u00f3n a un curso virtual gratuito con v\u00eddeos y material bibliogr\u00e1fico en nuestra plataforma educativa EduCauce. El mismo comienza el 9 de diciembre. Con una serie de videos y material bibliogr\u00e1fico, el ingeniero agr\u00f3nomo Juli\u00e1n Parodi y el abogado Enzo Culasso, comparten sus conocimientos sobre la realizaci\u00f3n de una huerta urbana\" \/>\n\t<meta name=\"robots\" content=\"max-image-preview:large\" \/>\n\t<meta name=\"author\" content=\"Ana Lucia Vergara\"\/>\n\t<link rel=\"canonical\" href=\"https:\/\/cauceecologico.org\/?p=2478\" \/>\n\t<meta name=\"generator\" content=\"All in One SEO (AIOSEO) 4.9.10\" \/>\n\t\t<meta property=\"og:locale\" content=\"es_ES\" \/>\n\t\t<meta property=\"og:site_name\" content=\"CAUCE - Cultura Ambiental - Causa Ecologista\" \/>\n\t\t<meta property=\"og:type\" content=\"article\" \/>\n\t\t<meta property=\"og:title\" content=\"Inscripciones abiertas al Taller de Compostaje y Huerta Agroecol\u00f3gica - CAUCE\" \/>\n\t\t<meta property=\"og:description\" content=\"Fundaci\u00f3n CAUCE lanza la inscripci\u00f3n a un curso virtual gratuito con v\u00eddeos y material bibliogr\u00e1fico en nuestra plataforma educativa EduCauce. El mismo comienza el 9 de diciembre. Con una serie de videos y material bibliogr\u00e1fico, el ingeniero agr\u00f3nomo Juli\u00e1n Parodi y el abogado Enzo Culasso, comparten sus conocimientos sobre la realizaci\u00f3n de una huerta urbana\" \/>\n\t\t<meta property=\"og:url\" content=\"https:\/\/cauceecologico.org\/?p=2478\" \/>\n\t\t<meta property=\"article:published_time\" content=\"2020-12-02T18:03:23+00:00\" \/>\n\t\t<meta property=\"article:modified_time\" content=\"2021-02-10T20:13:10+00:00\" \/>\n\t\t<meta name=\"twitter:card\" content=\"summary_large_image\" \/>\n\t\t<meta name=\"twitter:title\" content=\"Inscripciones abiertas al Taller de Compostaje y Huerta Agroecol\u00f3gica - CAUCE\" \/>\n\t\t<meta name=\"twitter:description\" content=\"Fundaci\u00f3n CAUCE lanza la inscripci\u00f3n a un curso virtual gratuito con v\u00eddeos y material bibliogr\u00e1fico en nuestra plataforma educativa EduCauce. El mismo comienza el 9 de diciembre. Con una serie de videos y material bibliogr\u00e1fico, el ingeniero agr\u00f3nomo Juli\u00e1n Parodi y el abogado Enzo Culasso, comparten sus conocimientos sobre la realizaci\u00f3n de una huerta urbana\" \/>\n\t\t<script type=\"application\/ld+json\" class=\"aioseo-schema\">\n\t\t\t{\"@context\":\"https:\\\/\\\/schema.org\",\"@graph\":[{\"@type\":\"BlogPosting\",\"@id\":\"https:\\\/\\\/cauceecologico.org\\\/?p=2478#blogposting\",\"name\":\"Inscripciones abiertas al Taller de Compostaje y Huerta Agroecol\\u00f3gica - CAUCE\",\"headline\":\"Inscripciones abiertas al Taller de Compostaje y Huerta Agroecol\\u00f3gica\",\"author\":{\"@id\":\"https:\\\/\\\/cauceecologico.org\\\/?author=2#author\"},\"publisher\":{\"@id\":\"https:\\\/\\\/cauceecologico.org\\\/#organization\"},\"image\":{\"@type\":\"ImageObject\",\"url\":\"https:\\\/\\\/cauceecologico.org\\\/wp-content\\\/uploads\\\/2020\\\/12\\\/notacomps.jpg\",\"width\":1000,\"height\":667},\"datePublished\":\"2020-12-02T18:03:23+00:00\",\"dateModified\":\"2021-02-10T20:13:10+00:00\",\"inLanguage\":\"es-ES\",\"mainEntityOfPage\":{\"@id\":\"https:\\\/\\\/cauceecologico.org\\\/?p=2478#webpage\"},\"isPartOf\":{\"@id\":\"https:\\\/\\\/cauceecologico.org\\\/?p=2478#webpage\"},\"articleSection\":\"Destacados, Noticias, Nuestro trabajo\"},{\"@type\":\"BreadcrumbList\",\"@id\":\"https:\\\/\\\/cauceecologico.org\\\/?p=2478#breadcrumblist\",\"itemListElement\":[{\"@type\":\"ListItem\",\"@id\":\"https:\\\/\\\/cauceecologico.org#listItem\",\"position\":1,\"name\":\"Home\",\"item\":\"https:\\\/\\\/cauceecologico.org\",\"nextItem\":{\"@type\":\"ListItem\",\"@id\":\"https:\\\/\\\/cauceecologico.org\\\/?cat=2#listItem\",\"name\":\"Nuestro trabajo\"}},{\"@type\":\"ListItem\",\"@id\":\"https:\\\/\\\/cauceecologico.org\\\/?cat=2#listItem\",\"position\":2,\"name\":\"Nuestro trabajo\",\"item\":\"https:\\\/\\\/cauceecologico.org\\\/?cat=2\",\"nextItem\":{\"@type\":\"ListItem\",\"@id\":\"https:\\\/\\\/cauceecologico.org\\\/?p=2478#listItem\",\"name\":\"Inscripciones abiertas al Taller de Compostaje y Huerta Agroecol\\u00f3gica\"},\"previousItem\":{\"@type\":\"ListItem\",\"@id\":\"https:\\\/\\\/cauceecologico.org#listItem\",\"name\":\"Home\"}},{\"@type\":\"ListItem\",\"@id\":\"https:\\\/\\\/cauceecologico.org\\\/?p=2478#listItem\",\"position\":3,\"name\":\"Inscripciones abiertas al Taller de Compostaje y Huerta Agroecol\\u00f3gica\",\"previousItem\":{\"@type\":\"ListItem\",\"@id\":\"https:\\\/\\\/cauceecologico.org\\\/?cat=2#listItem\",\"name\":\"Nuestro trabajo\"}}]},{\"@type\":\"Organization\",\"@id\":\"https:\\\/\\\/cauceecologico.org\\\/#organization\",\"name\":\"CAUCE\",\"description\":\"Cultura Ambiental - Causa Ecologista\",\"url\":\"https:\\\/\\\/cauceecologico.org\\\/\"},{\"@type\":\"Person\",\"@id\":\"https:\\\/\\\/cauceecologico.org\\\/?author=2#author\",\"url\":\"https:\\\/\\\/cauceecologico.org\\\/?author=2\",\"name\":\"Ana Lucia Vergara\",\"image\":{\"@type\":\"ImageObject\",\"@id\":\"https:\\\/\\\/cauceecologico.org\\\/?p=2478#authorImage\",\"url\":\"https:\\\/\\\/secure.gravatar.com\\\/avatar\\\/e8720df08f5c466573fb9f3d6cec14bcac9a305e2049123e58e6bc9c03f3a77b?s=96&d=mm&r=g\",\"width\":96,\"height\":96,\"caption\":\"Ana Lucia Vergara\"}},{\"@type\":\"WebPage\",\"@id\":\"https:\\\/\\\/cauceecologico.org\\\/?p=2478#webpage\",\"url\":\"https:\\\/\\\/cauceecologico.org\\\/?p=2478\",\"name\":\"Inscripciones abiertas al Taller de Compostaje y Huerta Agroecol\\u00f3gica - CAUCE\",\"description\":\"Fundaci\\u00f3n CAUCE lanza la inscripci\\u00f3n a un curso virtual gratuito con v\\u00eddeos y material bibliogr\\u00e1fico en nuestra plataforma educativa EduCauce. El mismo comienza el 9 de diciembre. Con una serie de videos y material bibliogr\\u00e1fico, el ingeniero agr\\u00f3nomo Juli\\u00e1n Parodi y el abogado Enzo Culasso, comparten sus conocimientos sobre la realizaci\\u00f3n de una huerta urbana\",\"inLanguage\":\"es-ES\",\"isPartOf\":{\"@id\":\"https:\\\/\\\/cauceecologico.org\\\/#website\"},\"breadcrumb\":{\"@id\":\"https:\\\/\\\/cauceecologico.org\\\/?p=2478#breadcrumblist\"},\"author\":{\"@id\":\"https:\\\/\\\/cauceecologico.org\\\/?author=2#author\"},\"creator\":{\"@id\":\"https:\\\/\\\/cauceecologico.org\\\/?author=2#author\"},\"image\":{\"@type\":\"ImageObject\",\"url\":\"https:\\\/\\\/cauceecologico.org\\\/wp-content\\\/uploads\\\/2020\\\/12\\\/notacomps.jpg\",\"@id\":\"https:\\\/\\\/cauceecologico.org\\\/?p=2478\\\/#mainImage\",\"width\":1000,\"height\":667},\"primaryImageOfPage\":{\"@id\":\"https:\\\/\\\/cauceecologico.org\\\/?p=2478#mainImage\"},\"datePublished\":\"2020-12-02T18:03:23+00:00\",\"dateModified\":\"2021-02-10T20:13:10+00:00\"},{\"@type\":\"WebSite\",\"@id\":\"https:\\\/\\\/cauceecologico.org\\\/#website\",\"url\":\"https:\\\/\\\/cauceecologico.org\\\/\",\"name\":\"CAUCE\",\"description\":\"Cultura Ambiental - Causa Ecologista\",\"inLanguage\":\"es-ES\",\"publisher\":{\"@id\":\"https:\\\/\\\/cauceecologico.org\\\/#organization\"}}]}\n\t\t<\/script>\n\t\t<!-- All in One SEO -->\n\n","aioseo_head_json":{"title":"Inscripciones abiertas al Taller de Compostaje y Huerta Agroecol\u00f3gica - CAUCE","description":"Fundaci\u00f3n CAUCE lanza la inscripci\u00f3n a un curso virtual gratuito con v\u00eddeos y material bibliogr\u00e1fico en nuestra plataforma educativa EduCauce. El mismo comienza el 9 de diciembre. Con una serie de videos y material bibliogr\u00e1fico, el ingeniero agr\u00f3nomo Juli\u00e1n Parodi y el abogado Enzo Culasso, comparten sus conocimientos sobre la realizaci\u00f3n de una huerta urbana","canonical_url":"https:\/\/cauceecologico.org\/?p=2478","robots":"max-image-preview:large","keywords":"","webmasterTools":{"miscellaneous":""},"schema":{"@context":"https:\/\/schema.org","@graph":[{"@type":"BlogPosting","@id":"https:\/\/cauceecologico.org\/?p=2478#blogposting","name":"Inscripciones abiertas al Taller de Compostaje y Huerta Agroecol\u00f3gica - CAUCE","headline":"Inscripciones abiertas al Taller de Compostaje y Huerta Agroecol\u00f3gica","author":{"@id":"https:\/\/cauceecologico.org\/?author=2#author"},"publisher":{"@id":"https:\/\/cauceecologico.org\/#organization"},"image":{"@type":"ImageObject","url":"https:\/\/cauceecologico.org\/wp-content\/uploads\/2020\/12\/notacomps.jpg","width":1000,"height":667},"datePublished":"2020-12-02T18:03:23+00:00","dateModified":"2021-02-10T20:13:10+00:00","inLanguage":"es-ES","mainEntityOfPage":{"@id":"https:\/\/cauceecologico.org\/?p=2478#webpage"},"isPartOf":{"@id":"https:\/\/cauceecologico.org\/?p=2478#webpage"},"articleSection":"Destacados, Noticias, Nuestro trabajo"},{"@type":"BreadcrumbList","@id":"https:\/\/cauceecologico.org\/?p=2478#breadcrumblist","itemListElement":[{"@type":"ListItem","@id":"https:\/\/cauceecologico.org#listItem","position":1,"name":"Home","item":"https:\/\/cauceecologico.org","nextItem":{"@type":"ListItem","@id":"https:\/\/cauceecologico.org\/?cat=2#listItem","name":"Nuestro trabajo"}},{"@type":"ListItem","@id":"https:\/\/cauceecologico.org\/?cat=2#listItem","position":2,"name":"Nuestro trabajo","item":"https:\/\/cauceecologico.org\/?cat=2","nextItem":{"@type":"ListItem","@id":"https:\/\/cauceecologico.org\/?p=2478#listItem","name":"Inscripciones abiertas al Taller de Compostaje y Huerta Agroecol\u00f3gica"},"previousItem":{"@type":"ListItem","@id":"https:\/\/cauceecologico.org#listItem","name":"Home"}},{"@type":"ListItem","@id":"https:\/\/cauceecologico.org\/?p=2478#listItem","position":3,"name":"Inscripciones abiertas al Taller de Compostaje y Huerta Agroecol\u00f3gica","previousItem":{"@type":"ListItem","@id":"https:\/\/cauceecologico.org\/?cat=2#listItem","name":"Nuestro trabajo"}}]},{"@type":"Organization","@id":"https:\/\/cauceecologico.org\/#organization","name":"CAUCE","description":"Cultura Ambiental - Causa Ecologista","url":"https:\/\/cauceecologico.org\/"},{"@type":"Person","@id":"https:\/\/cauceecologico.org\/?author=2#author","url":"https:\/\/cauceecologico.org\/?author=2","name":"Ana Lucia Vergara","image":{"@type":"ImageObject","@id":"https:\/\/cauceecologico.org\/?p=2478#authorImage","url":"https:\/\/secure.gravatar.com\/avatar\/e8720df08f5c466573fb9f3d6cec14bcac9a305e2049123e58e6bc9c03f3a77b?s=96&d=mm&r=g","width":96,"height":96,"caption":"Ana Lucia Vergara"}},{"@type":"WebPage","@id":"https:\/\/cauceecologico.org\/?p=2478#webpage","url":"https:\/\/cauceecologico.org\/?p=2478","name":"Inscripciones abiertas al Taller de Compostaje y Huerta Agroecol\u00f3gica - CAUCE","description":"Fundaci\u00f3n CAUCE lanza la inscripci\u00f3n a un curso virtual gratuito con v\u00eddeos y material bibliogr\u00e1fico en nuestra plataforma educativa EduCauce. El mismo comienza el 9 de diciembre. Con una serie de videos y material bibliogr\u00e1fico, el ingeniero agr\u00f3nomo Juli\u00e1n Parodi y el abogado Enzo Culasso, comparten sus conocimientos sobre la realizaci\u00f3n de una huerta urbana","inLanguage":"es-ES","isPartOf":{"@id":"https:\/\/cauceecologico.org\/#website"},"breadcrumb":{"@id":"https:\/\/cauceecologico.org\/?p=2478#breadcrumblist"},"author":{"@id":"https:\/\/cauceecologico.org\/?author=2#author"},"creator":{"@id":"https:\/\/cauceecologico.org\/?author=2#author"},"image":{"@type":"ImageObject","url":"https:\/\/cauceecologico.org\/wp-content\/uploads\/2020\/12\/notacomps.jpg","@id":"https:\/\/cauceecologico.org\/?p=2478\/#mainImage","width":1000,"height":667},"primaryImageOfPage":{"@id":"https:\/\/cauceecologico.org\/?p=2478#mainImage"},"datePublished":"2020-12-02T18:03:23+00:00","dateModified":"2021-02-10T20:13:10+00:00"},{"@type":"WebSite","@id":"https:\/\/cauceecologico.org\/#website","url":"https:\/\/cauceecologico.org\/","name":"CAUCE","description":"Cultura Ambiental - Causa Ecologista","inLanguage":"es-ES","publisher":{"@id":"https:\/\/cauceecologico.org\/#organization"}}]},"og:locale":"es_ES","og:site_name":"CAUCE - Cultura Ambiental - Causa Ecologista","og:type":"article","og:title":"Inscripciones abiertas al Taller de Compostaje y Huerta Agroecol\u00f3gica - CAUCE","og:description":"Fundaci\u00f3n CAUCE lanza la inscripci\u00f3n a un curso virtual gratuito con v\u00eddeos y material bibliogr\u00e1fico en nuestra plataforma educativa EduCauce. El mismo comienza el 9 de diciembre. Con una serie de videos y material bibliogr\u00e1fico, el ingeniero agr\u00f3nomo Juli\u00e1n Parodi y el abogado Enzo Culasso, comparten sus conocimientos sobre la realizaci\u00f3n de una huerta urbana","og:url":"https:\/\/cauceecologico.org\/?p=2478","article:published_time":"2020-12-02T18:03:23+00:00","article:modified_time":"2021-02-10T20:13:10+00:00","twitter:card":"summary_large_image","twitter:title":"Inscripciones abiertas al Taller de Compostaje y Huerta Agroecol\u00f3gica - CAUCE","twitter:description":"Fundaci\u00f3n CAUCE lanza la inscripci\u00f3n a un curso virtual gratuito con v\u00eddeos y material bibliogr\u00e1fico en nuestra plataforma educativa EduCauce. El mismo comienza el 9 de diciembre. Con una serie de videos y material bibliogr\u00e1fico, el ingeniero agr\u00f3nomo Juli\u00e1n Parodi y el abogado Enzo Culasso, comparten sus conocimientos sobre la realizaci\u00f3n de una huerta urbana"},"aioseo_meta_data":{"post_id":"2478","title":null,"description":null,"keywords":null,"keyphrases":null,"primary_term":null,"canonical_url":null,"og_title":null,"og_description":null,"og_object_type":"default","og_image_type":"default","og_image_url":null,"og_image_width":null,"og_image_height":null,"og_image_custom_url":null,"og_image_custom_fields":null,"og_video":null,"og_custom_url":null,"og_article_section":null,"og_article_tags":null,"twitter_use_og":false,"twitter_card":"default","twitter_image_type":"default","twitter_image_url":null,"twitter_image_custom_url":null,"twitter_image_custom_fields":null,"twitter_title":null,"twitter_description":null,"schema":{"blockGraphs":[],"customGraphs":[],"default":{"data":{"Article":[],"Course":[],"Dataset":[],"FAQPage":[],"Movie":[],"Person":[],"Product":[],"ProductReview":[],"Car":[],"Recipe":[],"Service":[],"SoftwareApplication":[],"WebPage":[]},"graphName":"","isEnabled":true},"graphs":[]},"schema_type":"default","schema_type_options":null,"pillar_content":false,"robots_default":true,"robots_noindex":false,"robots_noarchive":false,"robots_nosnippet":false,"robots_nofollow":false,"robots_noimageindex":false,"robots_noodp":false,"robots_notranslate":false,"robots_max_snippet":null,"robots_max_videopreview":null,"robots_max_imagepreview":"large","priority":null,"frequency":null,"local_seo":null,"limit_modified_date":false,"created":"2023-03-16 20:38:37","updated":"2026-07-28 01:21:47","ai":null,"breadcrumb_settings":null,"seo_analyzer_scan_date":null},"aioseo_breadcrumb":"<div class=\"aioseo-breadcrumbs\"><span class=\"aioseo-breadcrumb\">\n\t\t\t<a href=\"https:\/\/cauceecologico.org\" title=\"Home\">Home<\/a>\n\t\t<\/span><span class=\"aioseo-breadcrumb-separator\">&raquo;<\/span><span class=\"aioseo-breadcrumb\">\n\t\t\t<a href=\"https:\/\/cauceecologico.org\/?cat=2\" title=\"Nuestro trabajo\">Nuestro trabajo<\/a>\n\t\t<\/span><span class=\"aioseo-breadcrumb-separator\">&raquo;<\/span><span class=\"aioseo-breadcrumb\">\n\t\t\tInscripciones abiertas al Taller de Compostaje y Huerta Agroecol\u00f3gica\n\t\t<\/span><\/div>","aioseo_breadcrumb_json":[{"label":"Home","link":"https:\/\/cauceecologico.org"},{"label":"Nuestro trabajo","link":"https:\/\/cauceecologico.org\/?cat=2"},{"label":"Inscripciones abiertas al Taller de Compostaje y Huerta Agroecol\u00f3gica","link":"https:\/\/cauceecologico.org\/?p=2478"}],"_links":{"self":[{"href":"https:\/\/cauceecologico.org\/index.php?rest_route=\/wp\/v2\/posts\/2478","targetHints":{"allow":["GET"]}}],"collection":[{"href":"https:\/\/cauceecologico.org\/index.php?rest_route=\/wp\/v2\/posts"}],"about":[{"href":"https:\/\/cauceecologico.org\/index.php?rest_route=\/wp\/v2\/types\/post"}],"author":[{"embeddable":true,"href":"https:\/\/cauceecologico.org\/index.php?rest_route=\/wp\/v2\/users\/2"}],"replies":[{"embeddable":true,"href":"https:\/\/cauceecologico.org\/index.php?rest_route=%2Fwp%2Fv2%2Fcomments&post=2478"}],"version-history":[{"count":2,"href":"https:\/\/cauceecologico.org\/index.php?rest_route=\/wp\/v2\/posts\/2478\/revisions"}],"predecessor-version":[{"id":2482,"href":"https:\/\/cauceecologico.org\/index.php?rest_route=\/wp\/v2\/posts\/2478\/revisions\/2482"}],"wp:featuredmedia":[{"embeddable":true,"href":"https:\/\/cauceecologico.org\/index.php?rest_route=\/wp\/v2\/media\/2684"}],"wp:attachment":[{"href":"https:\/\/cauceecologico.org\/index.php?rest_route=%2Fwp%2Fv2%2Fmedia&parent=2478"}],"wp:term":[{"taxonomy":"category","embeddable":true,"href":"https:\/\/cauceecologico.org\/index.php?rest_route=%2Fwp%2Fv2%2Fcategories&post=2478"},{"taxonomy":"post_tag","embeddable":true,"href":"https:\/\/cauceecologico.org\/index.php?rest_route=%2Fwp%2Fv2%2Ftags&post=2478"}],"curies":[{"name":"wp","href":"https:\/\/api.w.org\/{rel}","templated":true}]}}