{"id":2484,"date":"2020-12-03T14:43:56","date_gmt":"2020-12-03T14:43:56","guid":{"rendered":"http:\/\/cauceecologico.org\/?p=2484"},"modified":"2021-02-10T20:14:33","modified_gmt":"2021-02-10T20:14:33","slug":"llamamiento-mundial-para-la-proteccion-de-los-rios-y-derechos-de-las-comunidades","status":"publish","type":"post","link":"https:\/\/cauceecologico.org\/?p=2484","title":{"rendered":"Llamamiento mundial para la protecci\u00f3n de los r\u00edos y derechos de las comunidades"},"content":{"rendered":"<p class=\"\">Fundaci\u00f3n CAUCE, Cultura Ambiental &#8211; Causa Ecologista, adhiere a la Declaraci\u00f3n <strong>R\u00edos Saludables para una Recuperaci\u00f3n Justa y Verde, <\/strong>un llamamiento mundial para la protecci\u00f3n de los r\u00edos y derechos de las comunidades. En la misma, <em>exigimos una recuperaci\u00f3n que se base en la justicia clim\u00e1tica y que proteja los r\u00edos como medios de vida fundamentales &#8211; sustentando la biodiversidad, el suministro de agua, la producci\u00f3n de alimentos, los pueblos ind\u00edgenas y las diversas poblaciones de todo el mundo &#8211; en lugar de destruirlos con represas y contaminarlos en busca de lucro y crecimiento econ\u00f3mico insostenible. <\/em>Para leer el contenido y sumar tu firma, ingres\u00e1 en el siguiente <a href=\"https:\/\/www.rivers4recovery.org\/spanish\"><span style=\"color: #3366ff;\"><strong>enlace<\/strong><\/span><\/a>.<\/p>\n<p><strong>Llamamiento\u00a0<\/strong><\/p>\n<p class=\"\">Funcionarios gubernamentales a nivel municipal, estatal, provincial y nacional, financiadores de proyectos de energ\u00eda e infraestructura, corporaciones en el sector energ\u00e9tico , comit\u00e9s y organizaciones intergubernamentales,<\/p>\n<p class=\"\">Nosotros, abajo firmantes,\u00a0solicitamos a que reconozcan el papel fundamental de los r\u00edos para una recuperaci\u00f3n justa y verde de la pandemia COVID-19.\u00a0Los r\u00edos son la base de nuestros sistemas naturales, proporcionan servicios ecosist\u00e9micos esenciales y funcionan como una red que proporciona seguridad econ\u00f3mica para los m\u00e1s vulnerables en muchos pa\u00edses.\u00a0Sin embargo, durante generaciones, estas arterias del planeta han sido destruidas por represas, desviadas y contaminadas a un coste catastr\u00f3fico para las personas y los sistemas vivos de la Tierra.\u00a0Un nuevo paradigma para el cuidado de los r\u00edos es fundamental, no s\u00f3lo para preservar las fuentes de agua indispensables para la vida y la salud p\u00fablica, sino tambi\u00e9n para evitar que los pa\u00edses perjudicados por la pandemia COVID-19 contraigan nuevas deudas calamitosas, as\u00ed como para acelerar una transici\u00f3n energ\u00e9tica justa y afrontar eficazmente la crisis clim\u00e1tica.<\/p>\n<p class=\"\"><strong>Por eso les pedimos que hagan lo correcto por nuestros r\u00edos, nuestro soporte vital, promoviendo una recuperaci\u00f3n verdaderamente justa y verde que:<\/strong><\/p>\n<ul data-rte-list=\"default\">\n<li>\n<p class=\"\"><strong>Pone una moratoria\u00a0sobre\u00a0nuevas presas\u00a0hidroel\u00e9ctricas\u00a0;\u00a0\u00a0<\/strong><\/p>\n<\/li>\n<li>\n<p class=\"\"><strong>Aumenta\u00a0la inversi\u00f3n en energ\u00edas renovables no hidroel\u00e9ctricas y en almacenamiento de\u00a0energ\u00eda;\u00a0\u00a0\u00a0\u00a0\u00a0\u00a0\u00a0<\/strong><\/p>\n<\/li>\n<li>\n<p class=\"\"><strong>Mejora\u00a0la eficiencia de los proyectos hidroel\u00e9ctricos existentes en lugar de construir nuevos;\u00a0\u00a0\u00a0\u00a0<\/strong><\/p>\n<\/li>\n<li>\n<p class=\"\"><strong>Inicia nuevos planes energ\u00e9ticos que ponen hincapi\u00e9 en soluciones energ\u00e9ticas distribuidas y de menor escala;\u00a0\u00a0\u00a0\u00a0\u00a0\u00a0\u00a0<\/strong><\/p>\n<\/li>\n<li>\n<p class=\"\"><strong>Salvaguarda las \u00e1reas protegidas, los r\u00edos de flujo natural y los territorios ind\u00edgenas.<\/strong><\/p>\n<\/li>\n<\/ul>\n<p style=\"text-align: right;\">03\/12\/20<\/p>\n","protected":false},"excerpt":{"rendered":"<p>Fundaci\u00f3n CAUCE, Cultura Ambiental &#8211; Causa Ecologista, adhiere a la Declaraci\u00f3n R\u00edos Saludables para una Recuperaci\u00f3n Justa y Verde, un llamamiento mundial para la protecci\u00f3n de los r\u00edos y derechos de las comunidades. En la misma, exigimos una recuperaci\u00f3n que se base en la justicia clim\u00e1tica y que proteja los r\u00edos como medios de vida [&hellip;]<\/p>\n","protected":false},"author":2,"featured_media":2685,"comment_status":"open","ping_status":"open","sticky":false,"template":"","format":"standard","meta":{"om_disable_all_campaigns":false,"_monsterinsights_skip_tracking":false,"amp_status":"","footnotes":""},"categories":[6,5,112],"tags":[],"class_list":["post-2484","post","type-post","status-publish","format-standard","has-post-thumbnail","hentry","category-destacados","category-noticias","category-rios-libres"],"aioseo_notices":[],"aioseo_head":"\n\t\t<!-- All in One SEO 4.9.10 - aioseo.com -->\n\t<meta name=\"description\" content=\"Fundaci\u00f3n CAUCE, Cultura Ambiental - Causa Ecologista, adhiere a la Declaraci\u00f3n R\u00edos Saludables para una Recuperaci\u00f3n Justa y Verde, un llamamiento mundial para la protecci\u00f3n de los r\u00edos y derechos de las comunidades. En la misma, exigimos una recuperaci\u00f3n que se base en la justicia clim\u00e1tica y que proteja los r\u00edos como medios de vida\" \/>\n\t<meta name=\"robots\" content=\"max-image-preview:large\" \/>\n\t<meta name=\"author\" content=\"Ana Lucia Vergara\"\/>\n\t<link rel=\"canonical\" href=\"https:\/\/cauceecologico.org\/?p=2484\" \/>\n\t<meta name=\"generator\" content=\"All in One SEO (AIOSEO) 4.9.10\" \/>\n\t\t<meta property=\"og:locale\" content=\"es_ES\" \/>\n\t\t<meta property=\"og:site_name\" content=\"CAUCE - Cultura Ambiental - Causa Ecologista\" \/>\n\t\t<meta property=\"og:type\" content=\"article\" \/>\n\t\t<meta property=\"og:title\" content=\"Llamamiento mundial para la protecci\u00f3n de los r\u00edos y derechos de las comunidades - CAUCE\" \/>\n\t\t<meta property=\"og:description\" content=\"Fundaci\u00f3n CAUCE, Cultura Ambiental - Causa Ecologista, adhiere a la Declaraci\u00f3n R\u00edos Saludables para una Recuperaci\u00f3n Justa y Verde, un llamamiento mundial para la protecci\u00f3n de los r\u00edos y derechos de las comunidades. En la misma, exigimos una recuperaci\u00f3n que se base en la justicia clim\u00e1tica y que proteja los r\u00edos como medios de vida\" \/>\n\t\t<meta property=\"og:url\" content=\"https:\/\/cauceecologico.org\/?p=2484\" \/>\n\t\t<meta property=\"article:published_time\" content=\"2020-12-03T14:43:56+00:00\" \/>\n\t\t<meta property=\"article:modified_time\" content=\"2021-02-10T20:14:33+00:00\" \/>\n\t\t<meta name=\"twitter:card\" content=\"summary_large_image\" \/>\n\t\t<meta name=\"twitter:title\" content=\"Llamamiento mundial para la protecci\u00f3n de los r\u00edos y derechos de las comunidades - CAUCE\" \/>\n\t\t<meta name=\"twitter:description\" content=\"Fundaci\u00f3n CAUCE, Cultura Ambiental - Causa Ecologista, adhiere a la Declaraci\u00f3n R\u00edos Saludables para una Recuperaci\u00f3n Justa y Verde, un llamamiento mundial para la protecci\u00f3n de los r\u00edos y derechos de las comunidades. En la misma, exigimos una recuperaci\u00f3n que se base en la justicia clim\u00e1tica y que proteja los r\u00edos como medios de vida\" \/>\n\t\t<script type=\"application\/ld+json\" class=\"aioseo-schema\">\n\t\t\t{\"@context\":\"https:\\\/\\\/schema.org\",\"@graph\":[{\"@type\":\"BlogPosting\",\"@id\":\"https:\\\/\\\/cauceecologico.org\\\/?p=2484#blogposting\",\"name\":\"Llamamiento mundial para la protecci\\u00f3n de los r\\u00edos y derechos de las comunidades - CAUCE\",\"headline\":\"Llamamiento mundial para la protecci\\u00f3n de los r\\u00edos y derechos de las comunidades\",\"author\":{\"@id\":\"https:\\\/\\\/cauceecologico.org\\\/?author=2#author\"},\"publisher\":{\"@id\":\"https:\\\/\\\/cauceecologico.org\\\/#organization\"},\"image\":{\"@type\":\"ImageObject\",\"url\":\"https:\\\/\\\/cauceecologico.org\\\/wp-content\\\/uploads\\\/2020\\\/12\\\/mptona.jpg\",\"width\":1000,\"height\":667},\"datePublished\":\"2020-12-03T14:43:56+00:00\",\"dateModified\":\"2021-02-10T20:14:33+00:00\",\"inLanguage\":\"es-ES\",\"mainEntityOfPage\":{\"@id\":\"https:\\\/\\\/cauceecologico.org\\\/?p=2484#webpage\"},\"isPartOf\":{\"@id\":\"https:\\\/\\\/cauceecologico.org\\\/?p=2484#webpage\"},\"articleSection\":\"Destacados, Noticias, R\\u00edos libres\"},{\"@type\":\"BreadcrumbList\",\"@id\":\"https:\\\/\\\/cauceecologico.org\\\/?p=2484#breadcrumblist\",\"itemListElement\":[{\"@type\":\"ListItem\",\"@id\":\"https:\\\/\\\/cauceecologico.org#listItem\",\"position\":1,\"name\":\"Home\",\"item\":\"https:\\\/\\\/cauceecologico.org\",\"nextItem\":{\"@type\":\"ListItem\",\"@id\":\"https:\\\/\\\/cauceecologico.org\\\/?cat=5#listItem\",\"name\":\"Noticias\"}},{\"@type\":\"ListItem\",\"@id\":\"https:\\\/\\\/cauceecologico.org\\\/?cat=5#listItem\",\"position\":2,\"name\":\"Noticias\",\"item\":\"https:\\\/\\\/cauceecologico.org\\\/?cat=5\",\"nextItem\":{\"@type\":\"ListItem\",\"@id\":\"https:\\\/\\\/cauceecologico.org\\\/?p=2484#listItem\",\"name\":\"Llamamiento mundial para la protecci\\u00f3n de los r\\u00edos y derechos de las comunidades\"},\"previousItem\":{\"@type\":\"ListItem\",\"@id\":\"https:\\\/\\\/cauceecologico.org#listItem\",\"name\":\"Home\"}},{\"@type\":\"ListItem\",\"@id\":\"https:\\\/\\\/cauceecologico.org\\\/?p=2484#listItem\",\"position\":3,\"name\":\"Llamamiento mundial para la protecci\\u00f3n de los r\\u00edos y derechos de las comunidades\",\"previousItem\":{\"@type\":\"ListItem\",\"@id\":\"https:\\\/\\\/cauceecologico.org\\\/?cat=5#listItem\",\"name\":\"Noticias\"}}]},{\"@type\":\"Organization\",\"@id\":\"https:\\\/\\\/cauceecologico.org\\\/#organization\",\"name\":\"CAUCE\",\"description\":\"Cultura Ambiental - Causa Ecologista\",\"url\":\"https:\\\/\\\/cauceecologico.org\\\/\"},{\"@type\":\"Person\",\"@id\":\"https:\\\/\\\/cauceecologico.org\\\/?author=2#author\",\"url\":\"https:\\\/\\\/cauceecologico.org\\\/?author=2\",\"name\":\"Ana Lucia Vergara\",\"image\":{\"@type\":\"ImageObject\",\"@id\":\"https:\\\/\\\/cauceecologico.org\\\/?p=2484#authorImage\",\"url\":\"https:\\\/\\\/secure.gravatar.com\\\/avatar\\\/e8720df08f5c466573fb9f3d6cec14bcac9a305e2049123e58e6bc9c03f3a77b?s=96&d=mm&r=g\",\"width\":96,\"height\":96,\"caption\":\"Ana Lucia Vergara\"}},{\"@type\":\"WebPage\",\"@id\":\"https:\\\/\\\/cauceecologico.org\\\/?p=2484#webpage\",\"url\":\"https:\\\/\\\/cauceecologico.org\\\/?p=2484\",\"name\":\"Llamamiento mundial para la protecci\\u00f3n de los r\\u00edos y derechos de las comunidades - CAUCE\",\"description\":\"Fundaci\\u00f3n CAUCE, Cultura Ambiental - Causa Ecologista, adhiere a la Declaraci\\u00f3n R\\u00edos Saludables para una Recuperaci\\u00f3n Justa y Verde, un llamamiento mundial para la protecci\\u00f3n de los r\\u00edos y derechos de las comunidades. En la misma, exigimos una recuperaci\\u00f3n que se base en la justicia clim\\u00e1tica y que proteja los r\\u00edos como medios de vida\",\"inLanguage\":\"es-ES\",\"isPartOf\":{\"@id\":\"https:\\\/\\\/cauceecologico.org\\\/#website\"},\"breadcrumb\":{\"@id\":\"https:\\\/\\\/cauceecologico.org\\\/?p=2484#breadcrumblist\"},\"author\":{\"@id\":\"https:\\\/\\\/cauceecologico.org\\\/?author=2#author\"},\"creator\":{\"@id\":\"https:\\\/\\\/cauceecologico.org\\\/?author=2#author\"},\"image\":{\"@type\":\"ImageObject\",\"url\":\"https:\\\/\\\/cauceecologico.org\\\/wp-content\\\/uploads\\\/2020\\\/12\\\/mptona.jpg\",\"@id\":\"https:\\\/\\\/cauceecologico.org\\\/?p=2484\\\/#mainImage\",\"width\":1000,\"height\":667},\"primaryImageOfPage\":{\"@id\":\"https:\\\/\\\/cauceecologico.org\\\/?p=2484#mainImage\"},\"datePublished\":\"2020-12-03T14:43:56+00:00\",\"dateModified\":\"2021-02-10T20:14:33+00:00\"},{\"@type\":\"WebSite\",\"@id\":\"https:\\\/\\\/cauceecologico.org\\\/#website\",\"url\":\"https:\\\/\\\/cauceecologico.org\\\/\",\"name\":\"CAUCE\",\"description\":\"Cultura Ambiental - Causa Ecologista\",\"inLanguage\":\"es-ES\",\"publisher\":{\"@id\":\"https:\\\/\\\/cauceecologico.org\\\/#organization\"}}]}\n\t\t<\/script>\n\t\t<!-- All in One SEO -->\n\n","aioseo_head_json":{"title":"Llamamiento mundial para la protecci\u00f3n de los r\u00edos y derechos de las comunidades - CAUCE","description":"Fundaci\u00f3n CAUCE, Cultura Ambiental - Causa Ecologista, adhiere a la Declaraci\u00f3n R\u00edos Saludables para una Recuperaci\u00f3n Justa y Verde, un llamamiento mundial para la protecci\u00f3n de los r\u00edos y derechos de las comunidades. En la misma, exigimos una recuperaci\u00f3n que se base en la justicia clim\u00e1tica y que proteja los r\u00edos como medios de vida","canonical_url":"https:\/\/cauceecologico.org\/?p=2484","robots":"max-image-preview:large","keywords":"","webmasterTools":{"miscellaneous":""},"schema":{"@context":"https:\/\/schema.org","@graph":[{"@type":"BlogPosting","@id":"https:\/\/cauceecologico.org\/?p=2484#blogposting","name":"Llamamiento mundial para la protecci\u00f3n de los r\u00edos y derechos de las comunidades - CAUCE","headline":"Llamamiento mundial para la protecci\u00f3n de los r\u00edos y derechos de las comunidades","author":{"@id":"https:\/\/cauceecologico.org\/?author=2#author"},"publisher":{"@id":"https:\/\/cauceecologico.org\/#organization"},"image":{"@type":"ImageObject","url":"https:\/\/cauceecologico.org\/wp-content\/uploads\/2020\/12\/mptona.jpg","width":1000,"height":667},"datePublished":"2020-12-03T14:43:56+00:00","dateModified":"2021-02-10T20:14:33+00:00","inLanguage":"es-ES","mainEntityOfPage":{"@id":"https:\/\/cauceecologico.org\/?p=2484#webpage"},"isPartOf":{"@id":"https:\/\/cauceecologico.org\/?p=2484#webpage"},"articleSection":"Destacados, Noticias, R\u00edos libres"},{"@type":"BreadcrumbList","@id":"https:\/\/cauceecologico.org\/?p=2484#breadcrumblist","itemListElement":[{"@type":"ListItem","@id":"https:\/\/cauceecologico.org#listItem","position":1,"name":"Home","item":"https:\/\/cauceecologico.org","nextItem":{"@type":"ListItem","@id":"https:\/\/cauceecologico.org\/?cat=5#listItem","name":"Noticias"}},{"@type":"ListItem","@id":"https:\/\/cauceecologico.org\/?cat=5#listItem","position":2,"name":"Noticias","item":"https:\/\/cauceecologico.org\/?cat=5","nextItem":{"@type":"ListItem","@id":"https:\/\/cauceecologico.org\/?p=2484#listItem","name":"Llamamiento mundial para la protecci\u00f3n de los r\u00edos y derechos de las comunidades"},"previousItem":{"@type":"ListItem","@id":"https:\/\/cauceecologico.org#listItem","name":"Home"}},{"@type":"ListItem","@id":"https:\/\/cauceecologico.org\/?p=2484#listItem","position":3,"name":"Llamamiento mundial para la protecci\u00f3n de los r\u00edos y derechos de las comunidades","previousItem":{"@type":"ListItem","@id":"https:\/\/cauceecologico.org\/?cat=5#listItem","name":"Noticias"}}]},{"@type":"Organization","@id":"https:\/\/cauceecologico.org\/#organization","name":"CAUCE","description":"Cultura Ambiental - Causa Ecologista","url":"https:\/\/cauceecologico.org\/"},{"@type":"Person","@id":"https:\/\/cauceecologico.org\/?author=2#author","url":"https:\/\/cauceecologico.org\/?author=2","name":"Ana Lucia Vergara","image":{"@type":"ImageObject","@id":"https:\/\/cauceecologico.org\/?p=2484#authorImage","url":"https:\/\/secure.gravatar.com\/avatar\/e8720df08f5c466573fb9f3d6cec14bcac9a305e2049123e58e6bc9c03f3a77b?s=96&d=mm&r=g","width":96,"height":96,"caption":"Ana Lucia Vergara"}},{"@type":"WebPage","@id":"https:\/\/cauceecologico.org\/?p=2484#webpage","url":"https:\/\/cauceecologico.org\/?p=2484","name":"Llamamiento mundial para la protecci\u00f3n de los r\u00edos y derechos de las comunidades - CAUCE","description":"Fundaci\u00f3n CAUCE, Cultura Ambiental - Causa Ecologista, adhiere a la Declaraci\u00f3n R\u00edos Saludables para una Recuperaci\u00f3n Justa y Verde, un llamamiento mundial para la protecci\u00f3n de los r\u00edos y derechos de las comunidades. En la misma, exigimos una recuperaci\u00f3n que se base en la justicia clim\u00e1tica y que proteja los r\u00edos como medios de vida","inLanguage":"es-ES","isPartOf":{"@id":"https:\/\/cauceecologico.org\/#website"},"breadcrumb":{"@id":"https:\/\/cauceecologico.org\/?p=2484#breadcrumblist"},"author":{"@id":"https:\/\/cauceecologico.org\/?author=2#author"},"creator":{"@id":"https:\/\/cauceecologico.org\/?author=2#author"},"image":{"@type":"ImageObject","url":"https:\/\/cauceecologico.org\/wp-content\/uploads\/2020\/12\/mptona.jpg","@id":"https:\/\/cauceecologico.org\/?p=2484\/#mainImage","width":1000,"height":667},"primaryImageOfPage":{"@id":"https:\/\/cauceecologico.org\/?p=2484#mainImage"},"datePublished":"2020-12-03T14:43:56+00:00","dateModified":"2021-02-10T20:14:33+00:00"},{"@type":"WebSite","@id":"https:\/\/cauceecologico.org\/#website","url":"https:\/\/cauceecologico.org\/","name":"CAUCE","description":"Cultura Ambiental - Causa Ecologista","inLanguage":"es-ES","publisher":{"@id":"https:\/\/cauceecologico.org\/#organization"}}]},"og:locale":"es_ES","og:site_name":"CAUCE - Cultura Ambiental - Causa Ecologista","og:type":"article","og:title":"Llamamiento mundial para la protecci\u00f3n de los r\u00edos y derechos de las comunidades - CAUCE","og:description":"Fundaci\u00f3n CAUCE, Cultura Ambiental - Causa Ecologista, adhiere a la Declaraci\u00f3n R\u00edos Saludables para una Recuperaci\u00f3n Justa y Verde, un llamamiento mundial para la protecci\u00f3n de los r\u00edos y derechos de las comunidades. En la misma, exigimos una recuperaci\u00f3n que se base en la justicia clim\u00e1tica y que proteja los r\u00edos como medios de vida","og:url":"https:\/\/cauceecologico.org\/?p=2484","article:published_time":"2020-12-03T14:43:56+00:00","article:modified_time":"2021-02-10T20:14:33+00:00","twitter:card":"summary_large_image","twitter:title":"Llamamiento mundial para la protecci\u00f3n de los r\u00edos y derechos de las comunidades - CAUCE","twitter:description":"Fundaci\u00f3n CAUCE, Cultura Ambiental - Causa Ecologista, adhiere a la Declaraci\u00f3n R\u00edos Saludables para una Recuperaci\u00f3n Justa y Verde, un llamamiento mundial para la protecci\u00f3n de los r\u00edos y derechos de las comunidades. En la misma, exigimos una recuperaci\u00f3n que se base en la justicia clim\u00e1tica y que proteja los r\u00edos como medios de vida"},"aioseo_meta_data":{"post_id":"2484","title":null,"description":null,"keywords":null,"keyphrases":null,"primary_term":null,"canonical_url":null,"og_title":null,"og_description":null,"og_object_type":"default","og_image_type":"default","og_image_url":null,"og_image_width":null,"og_image_height":null,"og_image_custom_url":null,"og_image_custom_fields":null,"og_video":null,"og_custom_url":null,"og_article_section":null,"og_article_tags":null,"twitter_use_og":false,"twitter_card":"default","twitter_image_type":"default","twitter_image_url":null,"twitter_image_custom_url":null,"twitter_image_custom_fields":null,"twitter_title":null,"twitter_description":null,"schema":{"blockGraphs":[],"customGraphs":[],"default":{"data":{"Article":[],"Course":[],"Dataset":[],"FAQPage":[],"Movie":[],"Person":[],"Product":[],"ProductReview":[],"Car":[],"Recipe":[],"Service":[],"SoftwareApplication":[],"WebPage":[]},"graphName":"","isEnabled":true},"graphs":[]},"schema_type":"default","schema_type_options":null,"pillar_content":false,"robots_default":true,"robots_noindex":false,"robots_noarchive":false,"robots_nosnippet":false,"robots_nofollow":false,"robots_noimageindex":false,"robots_noodp":false,"robots_notranslate":false,"robots_max_snippet":null,"robots_max_videopreview":null,"robots_max_imagepreview":"large","priority":null,"frequency":null,"local_seo":null,"limit_modified_date":false,"created":"2023-03-16 20:38:37","updated":"2026-07-28 01:21:47","ai":null,"breadcrumb_settings":null,"seo_analyzer_scan_date":null},"aioseo_breadcrumb":"<div class=\"aioseo-breadcrumbs\"><span class=\"aioseo-breadcrumb\">\n\t\t\t<a href=\"https:\/\/cauceecologico.org\" title=\"Home\">Home<\/a>\n\t\t<\/span><span class=\"aioseo-breadcrumb-separator\">&raquo;<\/span><span class=\"aioseo-breadcrumb\">\n\t\t\t<a href=\"https:\/\/cauceecologico.org\/?cat=5\" title=\"Noticias\">Noticias<\/a>\n\t\t<\/span><span class=\"aioseo-breadcrumb-separator\">&raquo;<\/span><span class=\"aioseo-breadcrumb\">\n\t\t\tLlamamiento mundial para la protecci\u00f3n de los r\u00edos y derechos de las comunidades\n\t\t<\/span><\/div>","aioseo_breadcrumb_json":[{"label":"Home","link":"https:\/\/cauceecologico.org"},{"label":"Noticias","link":"https:\/\/cauceecologico.org\/?cat=5"},{"label":"Llamamiento mundial para la protecci\u00f3n de los r\u00edos y derechos de las comunidades","link":"https:\/\/cauceecologico.org\/?p=2484"}],"_links":{"self":[{"href":"https:\/\/cauceecologico.org\/index.php?rest_route=\/wp\/v2\/posts\/2484","targetHints":{"allow":["GET"]}}],"collection":[{"href":"https:\/\/cauceecologico.org\/index.php?rest_route=\/wp\/v2\/posts"}],"about":[{"href":"https:\/\/cauceecologico.org\/index.php?rest_route=\/wp\/v2\/types\/post"}],"author":[{"embeddable":true,"href":"https:\/\/cauceecologico.org\/index.php?rest_route=\/wp\/v2\/users\/2"}],"replies":[{"embeddable":true,"href":"https:\/\/cauceecologico.org\/index.php?rest_route=%2Fwp%2Fv2%2Fcomments&post=2484"}],"version-history":[{"count":3,"href":"https:\/\/cauceecologico.org\/index.php?rest_route=\/wp\/v2\/posts\/2484\/revisions"}],"predecessor-version":[{"id":2489,"href":"https:\/\/cauceecologico.org\/index.php?rest_route=\/wp\/v2\/posts\/2484\/revisions\/2489"}],"wp:featuredmedia":[{"embeddable":true,"href":"https:\/\/cauceecologico.org\/index.php?rest_route=\/wp\/v2\/media\/2685"}],"wp:attachment":[{"href":"https:\/\/cauceecologico.org\/index.php?rest_route=%2Fwp%2Fv2%2Fmedia&parent=2484"}],"wp:term":[{"taxonomy":"category","embeddable":true,"href":"https:\/\/cauceecologico.org\/index.php?rest_route=%2Fwp%2Fv2%2Fcategories&post=2484"},{"taxonomy":"post_tag","embeddable":true,"href":"https:\/\/cauceecologico.org\/index.php?rest_route=%2Fwp%2Fv2%2Ftags&post=2484"}],"curies":[{"name":"wp","href":"https:\/\/api.w.org\/{rel}","templated":true}]}}