{"id":2520,"date":"2020-12-22T19:23:43","date_gmt":"2020-12-22T19:23:43","guid":{"rendered":"http:\/\/cauceecologico.org\/?p=2520"},"modified":"2021-02-10T22:31:59","modified_gmt":"2021-02-10T22:31:59","slug":"reunion-con-organizaciones-por-la-hidrovia-parana-paraguay","status":"publish","type":"post","link":"https:\/\/cauceecologico.org\/?p=2520","title":{"rendered":"Reuni\u00f3n con organizaciones por la Hidrov\u00eda Paran\u00e1-Paraguay"},"content":{"rendered":"<p><strong>Fundaci\u00f3n CAUCE: Cultura Ambiental &#8211; Causa Ecologista y <span style=\"color: #3366ff;\"><a style=\"color: #3366ff;\" href=\"https:\/\/tallerecologista.org.ar\/\">Taller Ecologista<\/a><\/span><\/strong> -ambas organizaciones integrantes del programa Humedales Sin Fronteras- nos reunimos hoy con la organizaci\u00f3n <strong>R\u00edos Sanos<\/strong> y <span style=\"color: #3366ff;\"><a style=\"color: #3366ff;\" href=\"https:\/\/www.facebook.com\/apdl.pescadoresdeportivos\/\"><strong>Asociaci\u00f3n de Pescadores Deportivos del Litoral<\/strong><\/a><\/span> para abordar la incidencia sobre el mega-proyecto de la Hidrov\u00eda Paran\u00e1-Paraguay cuyo mantenimiento y acondicionamiento se licitar\u00e1 en los pr\u00f3ximos meses.<\/p>\n<p>Dada la cantidad de obras de infraestructura asociadas y los impactos ambientales y socio-culturales que se producir\u00e1n en el territorio, desde nuestras organizaciones ecologistas fomentamos el trabajo colaborativo y cooperativo con agrupaciones, comunidades y personas que conocen y habitan los territorios. Como hemos manifestado en varias oportunidades, compartimos la preocupaci\u00f3n por la falta de acceso a la informaci\u00f3n p\u00fablica ambiental sobre este proyecto y la ausencia de espacios de participaci\u00f3n ciudadana.<\/p>\n<p><img loading=\"lazy\" decoding=\"async\" class=\"alignnone wp-image-2521 size-large\" src=\"http:\/\/cauceecologico.org\/wp-content\/uploads\/2020\/12\/reunion-1024x451.jpg\" alt=\"\" width=\"618\" height=\"272\" srcset=\"https:\/\/cauceecologico.org\/wp-content\/uploads\/2020\/12\/reunion-1024x451.jpg 1024w, https:\/\/cauceecologico.org\/wp-content\/uploads\/2020\/12\/reunion-300x132.jpg 300w, https:\/\/cauceecologico.org\/wp-content\/uploads\/2020\/12\/reunion-768x338.jpg 768w, https:\/\/cauceecologico.org\/wp-content\/uploads\/2020\/12\/reunion.jpg 1255w\" sizes=\"auto, (max-width: 618px) 100vw, 618px\" \/><\/p>\n<p>&nbsp;<\/p>\n<p><img loading=\"lazy\" decoding=\"async\" class=\"alignnone wp-image-1703\" src=\"http:\/\/cauceecologico.org\/wp-content\/uploads\/2020\/02\/descargar.png\" alt=\"\" width=\"21\" height=\"22\" \/>Para m\u00e1s infomaci\u00f3n<em>\u00a0sobre la Hidrov\u00eda Paran\u00e1-Paraguay descarg\u00e1 nuestro documento haciendo clic en la imagen:<\/em><\/p>\n<p><a href=\"http:\/\/cauceecologico.org\/wp-content\/uploads\/2020\/07\/CauceHPP-2.pdf\"><img decoding=\"async\" src=\"http:\/\/cauceecologico.org\/wp-content\/uploads\/2020\/08\/WhatsApp-Image-2020-08-10-at-16.43.28.jpeg\" \/><\/a><\/p>\n<p style=\"text-align: right;\">22\/12\/20<\/p>\n","protected":false},"excerpt":{"rendered":"<p>Fundaci\u00f3n CAUCE: Cultura Ambiental &#8211; Causa Ecologista y Taller Ecologista -ambas organizaciones integrantes del programa Humedales Sin Fronteras- nos reunimos hoy con la organizaci\u00f3n R\u00edos Sanos y Asociaci\u00f3n de Pescadores Deportivos del Litoral para abordar la incidencia sobre el mega-proyecto de la Hidrov\u00eda Paran\u00e1-Paraguay cuyo mantenimiento y acondicionamiento se licitar\u00e1 en los pr\u00f3ximos meses. Dada [&hellip;]<\/p>\n","protected":false},"author":2,"featured_media":2688,"comment_status":"open","ping_status":"open","sticky":false,"template":"","format":"standard","meta":{"om_disable_all_campaigns":false,"_monsterinsights_skip_tracking":false,"amp_status":"","footnotes":""},"categories":[6,275,5],"tags":[],"class_list":["post-2520","post","type-post","status-publish","format-standard","has-post-thumbnail","hentry","category-destacados","category-hidrovia-parana-paraguay-hpp","category-noticias"],"aioseo_notices":[],"aioseo_head":"\n\t\t<!-- All in One SEO 4.9.10 - aioseo.com -->\n\t<meta name=\"description\" content=\"Fundaci\u00f3n CAUCE: Cultura Ambiental - Causa Ecologista y Taller Ecologista -ambas organizaciones integrantes del programa Humedales Sin Fronteras- nos reunimos hoy con la organizaci\u00f3n R\u00edos Sanos y Asociaci\u00f3n de Pescadores Deportivos del Litoral para abordar la incidencia sobre el mega-proyecto de la Hidrov\u00eda Paran\u00e1-Paraguay cuyo mantenimiento y acondicionamiento se licitar\u00e1 en los pr\u00f3ximos meses. Dada\" \/>\n\t<meta name=\"robots\" content=\"max-image-preview:large\" \/>\n\t<meta name=\"author\" content=\"Ana Lucia Vergara\"\/>\n\t<link rel=\"canonical\" href=\"https:\/\/cauceecologico.org\/?p=2520\" \/>\n\t<meta name=\"generator\" content=\"All in One SEO (AIOSEO) 4.9.10\" \/>\n\t\t<meta property=\"og:locale\" content=\"es_ES\" \/>\n\t\t<meta property=\"og:site_name\" content=\"CAUCE - Cultura Ambiental - Causa Ecologista\" \/>\n\t\t<meta property=\"og:type\" content=\"article\" \/>\n\t\t<meta property=\"og:title\" content=\"Reuni\u00f3n con organizaciones por la Hidrov\u00eda Paran\u00e1-Paraguay - CAUCE\" \/>\n\t\t<meta property=\"og:description\" content=\"Fundaci\u00f3n CAUCE: Cultura Ambiental - Causa Ecologista y Taller Ecologista -ambas organizaciones integrantes del programa Humedales Sin Fronteras- nos reunimos hoy con la organizaci\u00f3n R\u00edos Sanos y Asociaci\u00f3n de Pescadores Deportivos del Litoral para abordar la incidencia sobre el mega-proyecto de la Hidrov\u00eda Paran\u00e1-Paraguay cuyo mantenimiento y acondicionamiento se licitar\u00e1 en los pr\u00f3ximos meses. Dada\" \/>\n\t\t<meta property=\"og:url\" content=\"https:\/\/cauceecologico.org\/?p=2520\" \/>\n\t\t<meta property=\"article:published_time\" content=\"2020-12-22T19:23:43+00:00\" \/>\n\t\t<meta property=\"article:modified_time\" content=\"2021-02-10T22:31:59+00:00\" \/>\n\t\t<meta name=\"twitter:card\" content=\"summary_large_image\" \/>\n\t\t<meta name=\"twitter:title\" content=\"Reuni\u00f3n con organizaciones por la Hidrov\u00eda Paran\u00e1-Paraguay - CAUCE\" \/>\n\t\t<meta name=\"twitter:description\" content=\"Fundaci\u00f3n CAUCE: Cultura Ambiental - Causa Ecologista y Taller Ecologista -ambas organizaciones integrantes del programa Humedales Sin Fronteras- nos reunimos hoy con la organizaci\u00f3n R\u00edos Sanos y Asociaci\u00f3n de Pescadores Deportivos del Litoral para abordar la incidencia sobre el mega-proyecto de la Hidrov\u00eda Paran\u00e1-Paraguay cuyo mantenimiento y acondicionamiento se licitar\u00e1 en los pr\u00f3ximos meses. Dada\" \/>\n\t\t<script type=\"application\/ld+json\" class=\"aioseo-schema\">\n\t\t\t{\"@context\":\"https:\\\/\\\/schema.org\",\"@graph\":[{\"@type\":\"BlogPosting\",\"@id\":\"https:\\\/\\\/cauceecologico.org\\\/?p=2520#blogposting\",\"name\":\"Reuni\\u00f3n con organizaciones por la Hidrov\\u00eda Paran\\u00e1-Paraguay - CAUCE\",\"headline\":\"Reuni\\u00f3n con organizaciones por la Hidrov\\u00eda Paran\\u00e1-Paraguay\",\"author\":{\"@id\":\"https:\\\/\\\/cauceecologico.org\\\/?author=2#author\"},\"publisher\":{\"@id\":\"https:\\\/\\\/cauceecologico.org\\\/#organization\"},\"image\":{\"@type\":\"ImageObject\",\"url\":\"https:\\\/\\\/cauceecologico.org\\\/wp-content\\\/uploads\\\/2020\\\/12\\\/hidrovii.jpg\",\"width\":1000,\"height\":667},\"datePublished\":\"2020-12-22T19:23:43+00:00\",\"dateModified\":\"2021-02-10T22:31:59+00:00\",\"inLanguage\":\"es-ES\",\"mainEntityOfPage\":{\"@id\":\"https:\\\/\\\/cauceecologico.org\\\/?p=2520#webpage\"},\"isPartOf\":{\"@id\":\"https:\\\/\\\/cauceecologico.org\\\/?p=2520#webpage\"},\"articleSection\":\"Destacados, Hidrov\\u00eda Paran\\u00e1-Paraguay (HPP), Noticias\"},{\"@type\":\"BreadcrumbList\",\"@id\":\"https:\\\/\\\/cauceecologico.org\\\/?p=2520#breadcrumblist\",\"itemListElement\":[{\"@type\":\"ListItem\",\"@id\":\"https:\\\/\\\/cauceecologico.org#listItem\",\"position\":1,\"name\":\"Home\",\"item\":\"https:\\\/\\\/cauceecologico.org\",\"nextItem\":{\"@type\":\"ListItem\",\"@id\":\"https:\\\/\\\/cauceecologico.org\\\/?cat=5#listItem\",\"name\":\"Noticias\"}},{\"@type\":\"ListItem\",\"@id\":\"https:\\\/\\\/cauceecologico.org\\\/?cat=5#listItem\",\"position\":2,\"name\":\"Noticias\",\"item\":\"https:\\\/\\\/cauceecologico.org\\\/?cat=5\",\"nextItem\":{\"@type\":\"ListItem\",\"@id\":\"https:\\\/\\\/cauceecologico.org\\\/?p=2520#listItem\",\"name\":\"Reuni\\u00f3n con organizaciones por la Hidrov\\u00eda Paran\\u00e1-Paraguay\"},\"previousItem\":{\"@type\":\"ListItem\",\"@id\":\"https:\\\/\\\/cauceecologico.org#listItem\",\"name\":\"Home\"}},{\"@type\":\"ListItem\",\"@id\":\"https:\\\/\\\/cauceecologico.org\\\/?p=2520#listItem\",\"position\":3,\"name\":\"Reuni\\u00f3n con organizaciones por la Hidrov\\u00eda Paran\\u00e1-Paraguay\",\"previousItem\":{\"@type\":\"ListItem\",\"@id\":\"https:\\\/\\\/cauceecologico.org\\\/?cat=5#listItem\",\"name\":\"Noticias\"}}]},{\"@type\":\"Organization\",\"@id\":\"https:\\\/\\\/cauceecologico.org\\\/#organization\",\"name\":\"CAUCE\",\"description\":\"Cultura Ambiental - Causa Ecologista\",\"url\":\"https:\\\/\\\/cauceecologico.org\\\/\"},{\"@type\":\"Person\",\"@id\":\"https:\\\/\\\/cauceecologico.org\\\/?author=2#author\",\"url\":\"https:\\\/\\\/cauceecologico.org\\\/?author=2\",\"name\":\"Ana Lucia Vergara\",\"image\":{\"@type\":\"ImageObject\",\"@id\":\"https:\\\/\\\/cauceecologico.org\\\/?p=2520#authorImage\",\"url\":\"https:\\\/\\\/secure.gravatar.com\\\/avatar\\\/e8720df08f5c466573fb9f3d6cec14bcac9a305e2049123e58e6bc9c03f3a77b?s=96&d=mm&r=g\",\"width\":96,\"height\":96,\"caption\":\"Ana Lucia Vergara\"}},{\"@type\":\"WebPage\",\"@id\":\"https:\\\/\\\/cauceecologico.org\\\/?p=2520#webpage\",\"url\":\"https:\\\/\\\/cauceecologico.org\\\/?p=2520\",\"name\":\"Reuni\\u00f3n con organizaciones por la Hidrov\\u00eda Paran\\u00e1-Paraguay - CAUCE\",\"description\":\"Fundaci\\u00f3n CAUCE: Cultura Ambiental - Causa Ecologista y Taller Ecologista -ambas organizaciones integrantes del programa Humedales Sin Fronteras- nos reunimos hoy con la organizaci\\u00f3n R\\u00edos Sanos y Asociaci\\u00f3n de Pescadores Deportivos del Litoral para abordar la incidencia sobre el mega-proyecto de la Hidrov\\u00eda Paran\\u00e1-Paraguay cuyo mantenimiento y acondicionamiento se licitar\\u00e1 en los pr\\u00f3ximos meses. Dada\",\"inLanguage\":\"es-ES\",\"isPartOf\":{\"@id\":\"https:\\\/\\\/cauceecologico.org\\\/#website\"},\"breadcrumb\":{\"@id\":\"https:\\\/\\\/cauceecologico.org\\\/?p=2520#breadcrumblist\"},\"author\":{\"@id\":\"https:\\\/\\\/cauceecologico.org\\\/?author=2#author\"},\"creator\":{\"@id\":\"https:\\\/\\\/cauceecologico.org\\\/?author=2#author\"},\"image\":{\"@type\":\"ImageObject\",\"url\":\"https:\\\/\\\/cauceecologico.org\\\/wp-content\\\/uploads\\\/2020\\\/12\\\/hidrovii.jpg\",\"@id\":\"https:\\\/\\\/cauceecologico.org\\\/?p=2520\\\/#mainImage\",\"width\":1000,\"height\":667},\"primaryImageOfPage\":{\"@id\":\"https:\\\/\\\/cauceecologico.org\\\/?p=2520#mainImage\"},\"datePublished\":\"2020-12-22T19:23:43+00:00\",\"dateModified\":\"2021-02-10T22:31:59+00:00\"},{\"@type\":\"WebSite\",\"@id\":\"https:\\\/\\\/cauceecologico.org\\\/#website\",\"url\":\"https:\\\/\\\/cauceecologico.org\\\/\",\"name\":\"CAUCE\",\"description\":\"Cultura Ambiental - Causa Ecologista\",\"inLanguage\":\"es-ES\",\"publisher\":{\"@id\":\"https:\\\/\\\/cauceecologico.org\\\/#organization\"}}]}\n\t\t<\/script>\n\t\t<!-- All in One SEO -->\n\n","aioseo_head_json":{"title":"Reuni\u00f3n con organizaciones por la Hidrov\u00eda Paran\u00e1-Paraguay - CAUCE","description":"Fundaci\u00f3n CAUCE: Cultura Ambiental - Causa Ecologista y Taller Ecologista -ambas organizaciones integrantes del programa Humedales Sin Fronteras- nos reunimos hoy con la organizaci\u00f3n R\u00edos Sanos y Asociaci\u00f3n de Pescadores Deportivos del Litoral para abordar la incidencia sobre el mega-proyecto de la Hidrov\u00eda Paran\u00e1-Paraguay cuyo mantenimiento y acondicionamiento se licitar\u00e1 en los pr\u00f3ximos meses. Dada","canonical_url":"https:\/\/cauceecologico.org\/?p=2520","robots":"max-image-preview:large","keywords":"","webmasterTools":{"miscellaneous":""},"schema":{"@context":"https:\/\/schema.org","@graph":[{"@type":"BlogPosting","@id":"https:\/\/cauceecologico.org\/?p=2520#blogposting","name":"Reuni\u00f3n con organizaciones por la Hidrov\u00eda Paran\u00e1-Paraguay - CAUCE","headline":"Reuni\u00f3n con organizaciones por la Hidrov\u00eda Paran\u00e1-Paraguay","author":{"@id":"https:\/\/cauceecologico.org\/?author=2#author"},"publisher":{"@id":"https:\/\/cauceecologico.org\/#organization"},"image":{"@type":"ImageObject","url":"https:\/\/cauceecologico.org\/wp-content\/uploads\/2020\/12\/hidrovii.jpg","width":1000,"height":667},"datePublished":"2020-12-22T19:23:43+00:00","dateModified":"2021-02-10T22:31:59+00:00","inLanguage":"es-ES","mainEntityOfPage":{"@id":"https:\/\/cauceecologico.org\/?p=2520#webpage"},"isPartOf":{"@id":"https:\/\/cauceecologico.org\/?p=2520#webpage"},"articleSection":"Destacados, Hidrov\u00eda Paran\u00e1-Paraguay (HPP), Noticias"},{"@type":"BreadcrumbList","@id":"https:\/\/cauceecologico.org\/?p=2520#breadcrumblist","itemListElement":[{"@type":"ListItem","@id":"https:\/\/cauceecologico.org#listItem","position":1,"name":"Home","item":"https:\/\/cauceecologico.org","nextItem":{"@type":"ListItem","@id":"https:\/\/cauceecologico.org\/?cat=5#listItem","name":"Noticias"}},{"@type":"ListItem","@id":"https:\/\/cauceecologico.org\/?cat=5#listItem","position":2,"name":"Noticias","item":"https:\/\/cauceecologico.org\/?cat=5","nextItem":{"@type":"ListItem","@id":"https:\/\/cauceecologico.org\/?p=2520#listItem","name":"Reuni\u00f3n con organizaciones por la Hidrov\u00eda Paran\u00e1-Paraguay"},"previousItem":{"@type":"ListItem","@id":"https:\/\/cauceecologico.org#listItem","name":"Home"}},{"@type":"ListItem","@id":"https:\/\/cauceecologico.org\/?p=2520#listItem","position":3,"name":"Reuni\u00f3n con organizaciones por la Hidrov\u00eda Paran\u00e1-Paraguay","previousItem":{"@type":"ListItem","@id":"https:\/\/cauceecologico.org\/?cat=5#listItem","name":"Noticias"}}]},{"@type":"Organization","@id":"https:\/\/cauceecologico.org\/#organization","name":"CAUCE","description":"Cultura Ambiental - Causa Ecologista","url":"https:\/\/cauceecologico.org\/"},{"@type":"Person","@id":"https:\/\/cauceecologico.org\/?author=2#author","url":"https:\/\/cauceecologico.org\/?author=2","name":"Ana Lucia Vergara","image":{"@type":"ImageObject","@id":"https:\/\/cauceecologico.org\/?p=2520#authorImage","url":"https:\/\/secure.gravatar.com\/avatar\/e8720df08f5c466573fb9f3d6cec14bcac9a305e2049123e58e6bc9c03f3a77b?s=96&d=mm&r=g","width":96,"height":96,"caption":"Ana Lucia Vergara"}},{"@type":"WebPage","@id":"https:\/\/cauceecologico.org\/?p=2520#webpage","url":"https:\/\/cauceecologico.org\/?p=2520","name":"Reuni\u00f3n con organizaciones por la Hidrov\u00eda Paran\u00e1-Paraguay - CAUCE","description":"Fundaci\u00f3n CAUCE: Cultura Ambiental - Causa Ecologista y Taller Ecologista -ambas organizaciones integrantes del programa Humedales Sin Fronteras- nos reunimos hoy con la organizaci\u00f3n R\u00edos Sanos y Asociaci\u00f3n de Pescadores Deportivos del Litoral para abordar la incidencia sobre el mega-proyecto de la Hidrov\u00eda Paran\u00e1-Paraguay cuyo mantenimiento y acondicionamiento se licitar\u00e1 en los pr\u00f3ximos meses. Dada","inLanguage":"es-ES","isPartOf":{"@id":"https:\/\/cauceecologico.org\/#website"},"breadcrumb":{"@id":"https:\/\/cauceecologico.org\/?p=2520#breadcrumblist"},"author":{"@id":"https:\/\/cauceecologico.org\/?author=2#author"},"creator":{"@id":"https:\/\/cauceecologico.org\/?author=2#author"},"image":{"@type":"ImageObject","url":"https:\/\/cauceecologico.org\/wp-content\/uploads\/2020\/12\/hidrovii.jpg","@id":"https:\/\/cauceecologico.org\/?p=2520\/#mainImage","width":1000,"height":667},"primaryImageOfPage":{"@id":"https:\/\/cauceecologico.org\/?p=2520#mainImage"},"datePublished":"2020-12-22T19:23:43+00:00","dateModified":"2021-02-10T22:31:59+00:00"},{"@type":"WebSite","@id":"https:\/\/cauceecologico.org\/#website","url":"https:\/\/cauceecologico.org\/","name":"CAUCE","description":"Cultura Ambiental - Causa Ecologista","inLanguage":"es-ES","publisher":{"@id":"https:\/\/cauceecologico.org\/#organization"}}]},"og:locale":"es_ES","og:site_name":"CAUCE - Cultura Ambiental - Causa Ecologista","og:type":"article","og:title":"Reuni\u00f3n con organizaciones por la Hidrov\u00eda Paran\u00e1-Paraguay - CAUCE","og:description":"Fundaci\u00f3n CAUCE: Cultura Ambiental - Causa Ecologista y Taller Ecologista -ambas organizaciones integrantes del programa Humedales Sin Fronteras- nos reunimos hoy con la organizaci\u00f3n R\u00edos Sanos y Asociaci\u00f3n de Pescadores Deportivos del Litoral para abordar la incidencia sobre el mega-proyecto de la Hidrov\u00eda Paran\u00e1-Paraguay cuyo mantenimiento y acondicionamiento se licitar\u00e1 en los pr\u00f3ximos meses. Dada","og:url":"https:\/\/cauceecologico.org\/?p=2520","article:published_time":"2020-12-22T19:23:43+00:00","article:modified_time":"2021-02-10T22:31:59+00:00","twitter:card":"summary_large_image","twitter:title":"Reuni\u00f3n con organizaciones por la Hidrov\u00eda Paran\u00e1-Paraguay - CAUCE","twitter:description":"Fundaci\u00f3n CAUCE: Cultura Ambiental - Causa Ecologista y Taller Ecologista -ambas organizaciones integrantes del programa Humedales Sin Fronteras- nos reunimos hoy con la organizaci\u00f3n R\u00edos Sanos y Asociaci\u00f3n de Pescadores Deportivos del Litoral para abordar la incidencia sobre el mega-proyecto de la Hidrov\u00eda Paran\u00e1-Paraguay cuyo mantenimiento y acondicionamiento se licitar\u00e1 en los pr\u00f3ximos meses. Dada"},"aioseo_meta_data":{"post_id":"2520","title":null,"description":null,"keywords":null,"keyphrases":null,"primary_term":null,"canonical_url":null,"og_title":null,"og_description":null,"og_object_type":"default","og_image_type":"default","og_image_url":null,"og_image_width":null,"og_image_height":null,"og_image_custom_url":null,"og_image_custom_fields":null,"og_video":null,"og_custom_url":null,"og_article_section":null,"og_article_tags":null,"twitter_use_og":false,"twitter_card":"default","twitter_image_type":"default","twitter_image_url":null,"twitter_image_custom_url":null,"twitter_image_custom_fields":null,"twitter_title":null,"twitter_description":null,"schema":{"blockGraphs":[],"customGraphs":[],"default":{"data":{"Article":[],"Course":[],"Dataset":[],"FAQPage":[],"Movie":[],"Person":[],"Product":[],"ProductReview":[],"Car":[],"Recipe":[],"Service":[],"SoftwareApplication":[],"WebPage":[]},"graphName":"","isEnabled":true},"graphs":[]},"schema_type":"default","schema_type_options":null,"pillar_content":false,"robots_default":true,"robots_noindex":false,"robots_noarchive":false,"robots_nosnippet":false,"robots_nofollow":false,"robots_noimageindex":false,"robots_noodp":false,"robots_notranslate":false,"robots_max_snippet":null,"robots_max_videopreview":null,"robots_max_imagepreview":"large","priority":null,"frequency":null,"local_seo":null,"limit_modified_date":false,"created":"2023-03-16 20:40:03","updated":"2026-07-28 01:21:47","ai":null,"breadcrumb_settings":null,"seo_analyzer_scan_date":null},"aioseo_breadcrumb":"<div class=\"aioseo-breadcrumbs\"><span class=\"aioseo-breadcrumb\">\n\t\t\t<a href=\"https:\/\/cauceecologico.org\" title=\"Home\">Home<\/a>\n\t\t<\/span><span class=\"aioseo-breadcrumb-separator\">&raquo;<\/span><span class=\"aioseo-breadcrumb\">\n\t\t\t<a href=\"https:\/\/cauceecologico.org\/?cat=5\" title=\"Noticias\">Noticias<\/a>\n\t\t<\/span><span class=\"aioseo-breadcrumb-separator\">&raquo;<\/span><span class=\"aioseo-breadcrumb\">\n\t\t\tReuni\u00f3n con organizaciones por la Hidrov\u00eda Paran\u00e1-Paraguay\n\t\t<\/span><\/div>","aioseo_breadcrumb_json":[{"label":"Home","link":"https:\/\/cauceecologico.org"},{"label":"Noticias","link":"https:\/\/cauceecologico.org\/?cat=5"},{"label":"Reuni\u00f3n con organizaciones por la Hidrov\u00eda Paran\u00e1-Paraguay","link":"https:\/\/cauceecologico.org\/?p=2520"}],"_links":{"self":[{"href":"https:\/\/cauceecologico.org\/index.php?rest_route=\/wp\/v2\/posts\/2520","targetHints":{"allow":["GET"]}}],"collection":[{"href":"https:\/\/cauceecologico.org\/index.php?rest_route=\/wp\/v2\/posts"}],"about":[{"href":"https:\/\/cauceecologico.org\/index.php?rest_route=\/wp\/v2\/types\/post"}],"author":[{"embeddable":true,"href":"https:\/\/cauceecologico.org\/index.php?rest_route=\/wp\/v2\/users\/2"}],"replies":[{"embeddable":true,"href":"https:\/\/cauceecologico.org\/index.php?rest_route=%2Fwp%2Fv2%2Fcomments&post=2520"}],"version-history":[{"count":4,"href":"https:\/\/cauceecologico.org\/index.php?rest_route=\/wp\/v2\/posts\/2520\/revisions"}],"predecessor-version":[{"id":2699,"href":"https:\/\/cauceecologico.org\/index.php?rest_route=\/wp\/v2\/posts\/2520\/revisions\/2699"}],"wp:featuredmedia":[{"embeddable":true,"href":"https:\/\/cauceecologico.org\/index.php?rest_route=\/wp\/v2\/media\/2688"}],"wp:attachment":[{"href":"https:\/\/cauceecologico.org\/index.php?rest_route=%2Fwp%2Fv2%2Fmedia&parent=2520"}],"wp:term":[{"taxonomy":"category","embeddable":true,"href":"https:\/\/cauceecologico.org\/index.php?rest_route=%2Fwp%2Fv2%2Fcategories&post=2520"},{"taxonomy":"post_tag","embeddable":true,"href":"https:\/\/cauceecologico.org\/index.php?rest_route=%2Fwp%2Fv2%2Ftags&post=2520"}],"curies":[{"name":"wp","href":"https:\/\/api.w.org\/{rel}","templated":true}]}}