{"id":2553,"date":"2021-01-13T21:41:12","date_gmt":"2021-01-13T21:41:12","guid":{"rendered":"http:\/\/cauceecologico.org\/?p=2553"},"modified":"2021-01-13T21:48:04","modified_gmt":"2021-01-13T21:48:04","slug":"taller-sobre-libertad-de-los-rios","status":"publish","type":"post","link":"https:\/\/cauceecologico.org\/?p=2553","title":{"rendered":"Taller sobre libertad de los r\u00edos"},"content":{"rendered":"<div class=\"kvgmc6g5 cxmmr5t8 oygrvhab hcukyx3x c1et5uql ii04i59q\">\n<div dir=\"auto\"><strong>Nuevo taller virtual en nuestra plataforma educativa EduCauce | Inscripciones abiertas<\/strong><\/div>\n<div dir=\"auto\"><\/div>\n<div dir=\"auto\"><img loading=\"lazy\" decoding=\"async\" class=\"alignnone wp-image-2554 size-full\" src=\"http:\/\/cauceecologico.org\/wp-content\/uploads\/2021\/01\/WhatsApp-Image-2021-01-07-at-12.33.19-1.jpeg\" alt=\"\" width=\"901\" height=\"901\" srcset=\"https:\/\/cauceecologico.org\/wp-content\/uploads\/2021\/01\/WhatsApp-Image-2021-01-07-at-12.33.19-1.jpeg 901w, https:\/\/cauceecologico.org\/wp-content\/uploads\/2021\/01\/WhatsApp-Image-2021-01-07-at-12.33.19-1-300x300.jpeg 300w, https:\/\/cauceecologico.org\/wp-content\/uploads\/2021\/01\/WhatsApp-Image-2021-01-07-at-12.33.19-1-150x150.jpeg 150w, https:\/\/cauceecologico.org\/wp-content\/uploads\/2021\/01\/WhatsApp-Image-2021-01-07-at-12.33.19-1-768x768.jpeg 768w\" sizes=\"auto, (max-width: 901px) 100vw, 901px\" \/><\/div>\n<div dir=\"auto\">\n<p><strong>Contenidos:<\/strong> energ\u00eda hidroel\u00e9ctrica, proyectos de represamiento del Paran\u00e1 Medio, sus consecuencias e impactos sobre la fauna ict\u00edcola. Tambi\u00e9n conoceremos la lucha del pueblo entrerriano por la libertad de los r\u00edos y el rol que los y las docentes han tenido en la defensa del ambiente.<\/p>\n<p><strong>Participan:<\/strong><br \/>\nIng. Mario Luis Amsler<br \/>\nDra. Ana Pia Rabuffetti<br \/>\nDocentes: Carlos Andrade y Mar\u00eda Jos\u00e9 Ortiz<\/p>\n<\/div>\n<\/div>\n<div class=\"o9v6fnle cxmmr5t8 oygrvhab hcukyx3x c1et5uql ii04i59q\">\n<div dir=\"auto\">\n<div class=\"o9v6fnle cxmmr5t8 oygrvhab hcukyx3x c1et5uql ii04i59q\">\n<div dir=\"auto\"><\/div>\n<div dir=\"auto\"><\/div>\n<div dir=\"auto\"><img loading=\"lazy\" decoding=\"async\" class=\"alignnone wp-image-1706\" src=\"http:\/\/cauceecologico.org\/wp-content\/uploads\/2020\/02\/link.png\" alt=\"\" width=\"22\" height=\"23\" \/>\u00a0<strong>Inscribite <span style=\"color: #3366ff;\"><a style=\"color: #3366ff;\" href=\"https:\/\/forms.gle\/JHY8rw5X4hzy63WJ8\">ac\u00e1\u00a0\u00a0<\/a><\/span><\/strong><\/div>\n<\/div>\n<\/div>\n<\/div>\n","protected":false},"excerpt":{"rendered":"<p>Nuevo taller virtual en nuestra plataforma educativa EduCauce | Inscripciones abiertas Contenidos: energ\u00eda hidroel\u00e9ctrica, proyectos de represamiento del Paran\u00e1 Medio, sus consecuencias e impactos sobre la fauna ict\u00edcola. Tambi\u00e9n conoceremos la lucha del pueblo entrerriano por la libertad de los r\u00edos y el rol que los y las docentes han tenido en la defensa del [&hellip;]<\/p>\n","protected":false},"author":2,"featured_media":2554,"comment_status":"open","ping_status":"open","sticky":false,"template":"","format":"standard","meta":{"om_disable_all_campaigns":false,"_monsterinsights_skip_tracking":false,"amp_status":"","footnotes":""},"categories":[2],"tags":[],"class_list":["post-2553","post","type-post","status-publish","format-standard","has-post-thumbnail","hentry","category-nuestro-trabajo"],"aioseo_notices":[],"aioseo_head":"\n\t\t<!-- All in One SEO 4.9.10 - aioseo.com -->\n\t<meta name=\"description\" content=\"Nuevo taller virtual en nuestra plataforma educativa EduCauce | Inscripciones abiertas Contenidos: energ\u00eda hidroel\u00e9ctrica, proyectos de represamiento del Paran\u00e1 Medio, sus consecuencias e impactos sobre la fauna ict\u00edcola. Tambi\u00e9n conoceremos la lucha del pueblo entrerriano por la libertad de los r\u00edos y el rol que los y las docentes han tenido en la defensa del\" \/>\n\t<meta name=\"robots\" content=\"max-image-preview:large\" \/>\n\t<meta name=\"author\" content=\"Ana Lucia Vergara\"\/>\n\t<link rel=\"canonical\" href=\"https:\/\/cauceecologico.org\/?p=2553\" \/>\n\t<meta name=\"generator\" content=\"All in One SEO (AIOSEO) 4.9.10\" \/>\n\t\t<meta property=\"og:locale\" content=\"es_ES\" \/>\n\t\t<meta property=\"og:site_name\" content=\"CAUCE - Cultura Ambiental - Causa Ecologista\" \/>\n\t\t<meta property=\"og:type\" content=\"article\" \/>\n\t\t<meta property=\"og:title\" content=\"Taller sobre libertad de los r\u00edos - CAUCE\" \/>\n\t\t<meta property=\"og:description\" content=\"Nuevo taller virtual en nuestra plataforma educativa EduCauce | Inscripciones abiertas Contenidos: energ\u00eda hidroel\u00e9ctrica, proyectos de represamiento del Paran\u00e1 Medio, sus consecuencias e impactos sobre la fauna ict\u00edcola. Tambi\u00e9n conoceremos la lucha del pueblo entrerriano por la libertad de los r\u00edos y el rol que los y las docentes han tenido en la defensa del\" \/>\n\t\t<meta property=\"og:url\" content=\"https:\/\/cauceecologico.org\/?p=2553\" \/>\n\t\t<meta property=\"article:published_time\" content=\"2021-01-13T21:41:12+00:00\" \/>\n\t\t<meta property=\"article:modified_time\" content=\"2021-01-13T21:48:04+00:00\" \/>\n\t\t<meta name=\"twitter:card\" content=\"summary_large_image\" \/>\n\t\t<meta name=\"twitter:title\" content=\"Taller sobre libertad de los r\u00edos - CAUCE\" \/>\n\t\t<meta name=\"twitter:description\" content=\"Nuevo taller virtual en nuestra plataforma educativa EduCauce | Inscripciones abiertas Contenidos: energ\u00eda hidroel\u00e9ctrica, proyectos de represamiento del Paran\u00e1 Medio, sus consecuencias e impactos sobre la fauna ict\u00edcola. Tambi\u00e9n conoceremos la lucha del pueblo entrerriano por la libertad de los r\u00edos y el rol que los y las docentes han tenido en la defensa del\" \/>\n\t\t<script type=\"application\/ld+json\" class=\"aioseo-schema\">\n\t\t\t{\"@context\":\"https:\\\/\\\/schema.org\",\"@graph\":[{\"@type\":\"BlogPosting\",\"@id\":\"https:\\\/\\\/cauceecologico.org\\\/?p=2553#blogposting\",\"name\":\"Taller sobre libertad de los r\\u00edos - CAUCE\",\"headline\":\"Taller sobre libertad de los r\\u00edos\",\"author\":{\"@id\":\"https:\\\/\\\/cauceecologico.org\\\/?author=2#author\"},\"publisher\":{\"@id\":\"https:\\\/\\\/cauceecologico.org\\\/#organization\"},\"image\":{\"@type\":\"ImageObject\",\"url\":\"https:\\\/\\\/cauceecologico.org\\\/wp-content\\\/uploads\\\/2021\\\/01\\\/WhatsApp-Image-2021-01-07-at-12.33.19-1.jpeg\",\"width\":901,\"height\":901},\"datePublished\":\"2021-01-13T21:41:12+00:00\",\"dateModified\":\"2021-01-13T21:48:04+00:00\",\"inLanguage\":\"es-ES\",\"mainEntityOfPage\":{\"@id\":\"https:\\\/\\\/cauceecologico.org\\\/?p=2553#webpage\"},\"isPartOf\":{\"@id\":\"https:\\\/\\\/cauceecologico.org\\\/?p=2553#webpage\"},\"articleSection\":\"Nuestro trabajo\"},{\"@type\":\"BreadcrumbList\",\"@id\":\"https:\\\/\\\/cauceecologico.org\\\/?p=2553#breadcrumblist\",\"itemListElement\":[{\"@type\":\"ListItem\",\"@id\":\"https:\\\/\\\/cauceecologico.org#listItem\",\"position\":1,\"name\":\"Home\",\"item\":\"https:\\\/\\\/cauceecologico.org\",\"nextItem\":{\"@type\":\"ListItem\",\"@id\":\"https:\\\/\\\/cauceecologico.org\\\/?cat=2#listItem\",\"name\":\"Nuestro trabajo\"}},{\"@type\":\"ListItem\",\"@id\":\"https:\\\/\\\/cauceecologico.org\\\/?cat=2#listItem\",\"position\":2,\"name\":\"Nuestro trabajo\",\"item\":\"https:\\\/\\\/cauceecologico.org\\\/?cat=2\",\"nextItem\":{\"@type\":\"ListItem\",\"@id\":\"https:\\\/\\\/cauceecologico.org\\\/?p=2553#listItem\",\"name\":\"Taller sobre libertad de los r\\u00edos\"},\"previousItem\":{\"@type\":\"ListItem\",\"@id\":\"https:\\\/\\\/cauceecologico.org#listItem\",\"name\":\"Home\"}},{\"@type\":\"ListItem\",\"@id\":\"https:\\\/\\\/cauceecologico.org\\\/?p=2553#listItem\",\"position\":3,\"name\":\"Taller sobre libertad de los r\\u00edos\",\"previousItem\":{\"@type\":\"ListItem\",\"@id\":\"https:\\\/\\\/cauceecologico.org\\\/?cat=2#listItem\",\"name\":\"Nuestro trabajo\"}}]},{\"@type\":\"Organization\",\"@id\":\"https:\\\/\\\/cauceecologico.org\\\/#organization\",\"name\":\"CAUCE\",\"description\":\"Cultura Ambiental - Causa Ecologista\",\"url\":\"https:\\\/\\\/cauceecologico.org\\\/\"},{\"@type\":\"Person\",\"@id\":\"https:\\\/\\\/cauceecologico.org\\\/?author=2#author\",\"url\":\"https:\\\/\\\/cauceecologico.org\\\/?author=2\",\"name\":\"Ana Lucia Vergara\",\"image\":{\"@type\":\"ImageObject\",\"@id\":\"https:\\\/\\\/cauceecologico.org\\\/?p=2553#authorImage\",\"url\":\"https:\\\/\\\/secure.gravatar.com\\\/avatar\\\/e8720df08f5c466573fb9f3d6cec14bcac9a305e2049123e58e6bc9c03f3a77b?s=96&d=mm&r=g\",\"width\":96,\"height\":96,\"caption\":\"Ana Lucia Vergara\"}},{\"@type\":\"WebPage\",\"@id\":\"https:\\\/\\\/cauceecologico.org\\\/?p=2553#webpage\",\"url\":\"https:\\\/\\\/cauceecologico.org\\\/?p=2553\",\"name\":\"Taller sobre libertad de los r\\u00edos - CAUCE\",\"description\":\"Nuevo taller virtual en nuestra plataforma educativa EduCauce | Inscripciones abiertas Contenidos: energ\\u00eda hidroel\\u00e9ctrica, proyectos de represamiento del Paran\\u00e1 Medio, sus consecuencias e impactos sobre la fauna ict\\u00edcola. Tambi\\u00e9n conoceremos la lucha del pueblo entrerriano por la libertad de los r\\u00edos y el rol que los y las docentes han tenido en la defensa del\",\"inLanguage\":\"es-ES\",\"isPartOf\":{\"@id\":\"https:\\\/\\\/cauceecologico.org\\\/#website\"},\"breadcrumb\":{\"@id\":\"https:\\\/\\\/cauceecologico.org\\\/?p=2553#breadcrumblist\"},\"author\":{\"@id\":\"https:\\\/\\\/cauceecologico.org\\\/?author=2#author\"},\"creator\":{\"@id\":\"https:\\\/\\\/cauceecologico.org\\\/?author=2#author\"},\"image\":{\"@type\":\"ImageObject\",\"url\":\"https:\\\/\\\/cauceecologico.org\\\/wp-content\\\/uploads\\\/2021\\\/01\\\/WhatsApp-Image-2021-01-07-at-12.33.19-1.jpeg\",\"@id\":\"https:\\\/\\\/cauceecologico.org\\\/?p=2553\\\/#mainImage\",\"width\":901,\"height\":901},\"primaryImageOfPage\":{\"@id\":\"https:\\\/\\\/cauceecologico.org\\\/?p=2553#mainImage\"},\"datePublished\":\"2021-01-13T21:41:12+00:00\",\"dateModified\":\"2021-01-13T21:48:04+00:00\"},{\"@type\":\"WebSite\",\"@id\":\"https:\\\/\\\/cauceecologico.org\\\/#website\",\"url\":\"https:\\\/\\\/cauceecologico.org\\\/\",\"name\":\"CAUCE\",\"description\":\"Cultura Ambiental - Causa Ecologista\",\"inLanguage\":\"es-ES\",\"publisher\":{\"@id\":\"https:\\\/\\\/cauceecologico.org\\\/#organization\"}}]}\n\t\t<\/script>\n\t\t<!-- All in One SEO -->\n\n","aioseo_head_json":{"title":"Taller sobre libertad de los r\u00edos - CAUCE","description":"Nuevo taller virtual en nuestra plataforma educativa EduCauce | Inscripciones abiertas Contenidos: energ\u00eda hidroel\u00e9ctrica, proyectos de represamiento del Paran\u00e1 Medio, sus consecuencias e impactos sobre la fauna ict\u00edcola. Tambi\u00e9n conoceremos la lucha del pueblo entrerriano por la libertad de los r\u00edos y el rol que los y las docentes han tenido en la defensa del","canonical_url":"https:\/\/cauceecologico.org\/?p=2553","robots":"max-image-preview:large","keywords":"","webmasterTools":{"miscellaneous":""},"schema":{"@context":"https:\/\/schema.org","@graph":[{"@type":"BlogPosting","@id":"https:\/\/cauceecologico.org\/?p=2553#blogposting","name":"Taller sobre libertad de los r\u00edos - CAUCE","headline":"Taller sobre libertad de los r\u00edos","author":{"@id":"https:\/\/cauceecologico.org\/?author=2#author"},"publisher":{"@id":"https:\/\/cauceecologico.org\/#organization"},"image":{"@type":"ImageObject","url":"https:\/\/cauceecologico.org\/wp-content\/uploads\/2021\/01\/WhatsApp-Image-2021-01-07-at-12.33.19-1.jpeg","width":901,"height":901},"datePublished":"2021-01-13T21:41:12+00:00","dateModified":"2021-01-13T21:48:04+00:00","inLanguage":"es-ES","mainEntityOfPage":{"@id":"https:\/\/cauceecologico.org\/?p=2553#webpage"},"isPartOf":{"@id":"https:\/\/cauceecologico.org\/?p=2553#webpage"},"articleSection":"Nuestro trabajo"},{"@type":"BreadcrumbList","@id":"https:\/\/cauceecologico.org\/?p=2553#breadcrumblist","itemListElement":[{"@type":"ListItem","@id":"https:\/\/cauceecologico.org#listItem","position":1,"name":"Home","item":"https:\/\/cauceecologico.org","nextItem":{"@type":"ListItem","@id":"https:\/\/cauceecologico.org\/?cat=2#listItem","name":"Nuestro trabajo"}},{"@type":"ListItem","@id":"https:\/\/cauceecologico.org\/?cat=2#listItem","position":2,"name":"Nuestro trabajo","item":"https:\/\/cauceecologico.org\/?cat=2","nextItem":{"@type":"ListItem","@id":"https:\/\/cauceecologico.org\/?p=2553#listItem","name":"Taller sobre libertad de los r\u00edos"},"previousItem":{"@type":"ListItem","@id":"https:\/\/cauceecologico.org#listItem","name":"Home"}},{"@type":"ListItem","@id":"https:\/\/cauceecologico.org\/?p=2553#listItem","position":3,"name":"Taller sobre libertad de los r\u00edos","previousItem":{"@type":"ListItem","@id":"https:\/\/cauceecologico.org\/?cat=2#listItem","name":"Nuestro trabajo"}}]},{"@type":"Organization","@id":"https:\/\/cauceecologico.org\/#organization","name":"CAUCE","description":"Cultura Ambiental - Causa Ecologista","url":"https:\/\/cauceecologico.org\/"},{"@type":"Person","@id":"https:\/\/cauceecologico.org\/?author=2#author","url":"https:\/\/cauceecologico.org\/?author=2","name":"Ana Lucia Vergara","image":{"@type":"ImageObject","@id":"https:\/\/cauceecologico.org\/?p=2553#authorImage","url":"https:\/\/secure.gravatar.com\/avatar\/e8720df08f5c466573fb9f3d6cec14bcac9a305e2049123e58e6bc9c03f3a77b?s=96&d=mm&r=g","width":96,"height":96,"caption":"Ana Lucia Vergara"}},{"@type":"WebPage","@id":"https:\/\/cauceecologico.org\/?p=2553#webpage","url":"https:\/\/cauceecologico.org\/?p=2553","name":"Taller sobre libertad de los r\u00edos - CAUCE","description":"Nuevo taller virtual en nuestra plataforma educativa EduCauce | Inscripciones abiertas Contenidos: energ\u00eda hidroel\u00e9ctrica, proyectos de represamiento del Paran\u00e1 Medio, sus consecuencias e impactos sobre la fauna ict\u00edcola. Tambi\u00e9n conoceremos la lucha del pueblo entrerriano por la libertad de los r\u00edos y el rol que los y las docentes han tenido en la defensa del","inLanguage":"es-ES","isPartOf":{"@id":"https:\/\/cauceecologico.org\/#website"},"breadcrumb":{"@id":"https:\/\/cauceecologico.org\/?p=2553#breadcrumblist"},"author":{"@id":"https:\/\/cauceecologico.org\/?author=2#author"},"creator":{"@id":"https:\/\/cauceecologico.org\/?author=2#author"},"image":{"@type":"ImageObject","url":"https:\/\/cauceecologico.org\/wp-content\/uploads\/2021\/01\/WhatsApp-Image-2021-01-07-at-12.33.19-1.jpeg","@id":"https:\/\/cauceecologico.org\/?p=2553\/#mainImage","width":901,"height":901},"primaryImageOfPage":{"@id":"https:\/\/cauceecologico.org\/?p=2553#mainImage"},"datePublished":"2021-01-13T21:41:12+00:00","dateModified":"2021-01-13T21:48:04+00:00"},{"@type":"WebSite","@id":"https:\/\/cauceecologico.org\/#website","url":"https:\/\/cauceecologico.org\/","name":"CAUCE","description":"Cultura Ambiental - Causa Ecologista","inLanguage":"es-ES","publisher":{"@id":"https:\/\/cauceecologico.org\/#organization"}}]},"og:locale":"es_ES","og:site_name":"CAUCE - Cultura Ambiental - Causa Ecologista","og:type":"article","og:title":"Taller sobre libertad de los r\u00edos - CAUCE","og:description":"Nuevo taller virtual en nuestra plataforma educativa EduCauce | Inscripciones abiertas Contenidos: energ\u00eda hidroel\u00e9ctrica, proyectos de represamiento del Paran\u00e1 Medio, sus consecuencias e impactos sobre la fauna ict\u00edcola. Tambi\u00e9n conoceremos la lucha del pueblo entrerriano por la libertad de los r\u00edos y el rol que los y las docentes han tenido en la defensa del","og:url":"https:\/\/cauceecologico.org\/?p=2553","article:published_time":"2021-01-13T21:41:12+00:00","article:modified_time":"2021-01-13T21:48:04+00:00","twitter:card":"summary_large_image","twitter:title":"Taller sobre libertad de los r\u00edos - CAUCE","twitter:description":"Nuevo taller virtual en nuestra plataforma educativa EduCauce | Inscripciones abiertas Contenidos: energ\u00eda hidroel\u00e9ctrica, proyectos de represamiento del Paran\u00e1 Medio, sus consecuencias e impactos sobre la fauna ict\u00edcola. Tambi\u00e9n conoceremos la lucha del pueblo entrerriano por la libertad de los r\u00edos y el rol que los y las docentes han tenido en la defensa del"},"aioseo_meta_data":{"post_id":"2553","title":null,"description":null,"keywords":null,"keyphrases":null,"primary_term":null,"canonical_url":null,"og_title":null,"og_description":null,"og_object_type":"default","og_image_type":"default","og_image_url":null,"og_image_width":null,"og_image_height":null,"og_image_custom_url":null,"og_image_custom_fields":null,"og_video":null,"og_custom_url":null,"og_article_section":null,"og_article_tags":null,"twitter_use_og":false,"twitter_card":"default","twitter_image_type":"default","twitter_image_url":null,"twitter_image_custom_url":null,"twitter_image_custom_fields":null,"twitter_title":null,"twitter_description":null,"schema":{"blockGraphs":[],"customGraphs":[],"default":{"data":{"Article":[],"Course":[],"Dataset":[],"FAQPage":[],"Movie":[],"Person":[],"Product":[],"ProductReview":[],"Car":[],"Recipe":[],"Service":[],"SoftwareApplication":[],"WebPage":[]},"graphName":"","isEnabled":true},"graphs":[]},"schema_type":"default","schema_type_options":null,"pillar_content":false,"robots_default":true,"robots_noindex":false,"robots_noarchive":false,"robots_nosnippet":false,"robots_nofollow":false,"robots_noimageindex":false,"robots_noodp":false,"robots_notranslate":false,"robots_max_snippet":null,"robots_max_videopreview":null,"robots_max_imagepreview":"large","priority":null,"frequency":null,"local_seo":null,"limit_modified_date":false,"created":"2023-03-16 20:40:04","updated":"2026-07-28 01:21:47","ai":null,"breadcrumb_settings":null,"seo_analyzer_scan_date":null},"aioseo_breadcrumb":"<div class=\"aioseo-breadcrumbs\"><span class=\"aioseo-breadcrumb\">\n\t\t\t<a href=\"https:\/\/cauceecologico.org\" title=\"Home\">Home<\/a>\n\t\t<\/span><span class=\"aioseo-breadcrumb-separator\">&raquo;<\/span><span class=\"aioseo-breadcrumb\">\n\t\t\t<a href=\"https:\/\/cauceecologico.org\/?cat=2\" title=\"Nuestro trabajo\">Nuestro trabajo<\/a>\n\t\t<\/span><span class=\"aioseo-breadcrumb-separator\">&raquo;<\/span><span class=\"aioseo-breadcrumb\">\n\t\t\tTaller sobre libertad de los r\u00edos\n\t\t<\/span><\/div>","aioseo_breadcrumb_json":[{"label":"Home","link":"https:\/\/cauceecologico.org"},{"label":"Nuestro trabajo","link":"https:\/\/cauceecologico.org\/?cat=2"},{"label":"Taller sobre libertad de los r\u00edos","link":"https:\/\/cauceecologico.org\/?p=2553"}],"_links":{"self":[{"href":"https:\/\/cauceecologico.org\/index.php?rest_route=\/wp\/v2\/posts\/2553","targetHints":{"allow":["GET"]}}],"collection":[{"href":"https:\/\/cauceecologico.org\/index.php?rest_route=\/wp\/v2\/posts"}],"about":[{"href":"https:\/\/cauceecologico.org\/index.php?rest_route=\/wp\/v2\/types\/post"}],"author":[{"embeddable":true,"href":"https:\/\/cauceecologico.org\/index.php?rest_route=\/wp\/v2\/users\/2"}],"replies":[{"embeddable":true,"href":"https:\/\/cauceecologico.org\/index.php?rest_route=%2Fwp%2Fv2%2Fcomments&post=2553"}],"version-history":[{"count":9,"href":"https:\/\/cauceecologico.org\/index.php?rest_route=\/wp\/v2\/posts\/2553\/revisions"}],"predecessor-version":[{"id":2563,"href":"https:\/\/cauceecologico.org\/index.php?rest_route=\/wp\/v2\/posts\/2553\/revisions\/2563"}],"wp:featuredmedia":[{"embeddable":true,"href":"https:\/\/cauceecologico.org\/index.php?rest_route=\/wp\/v2\/media\/2554"}],"wp:attachment":[{"href":"https:\/\/cauceecologico.org\/index.php?rest_route=%2Fwp%2Fv2%2Fmedia&parent=2553"}],"wp:term":[{"taxonomy":"category","embeddable":true,"href":"https:\/\/cauceecologico.org\/index.php?rest_route=%2Fwp%2Fv2%2Fcategories&post=2553"},{"taxonomy":"post_tag","embeddable":true,"href":"https:\/\/cauceecologico.org\/index.php?rest_route=%2Fwp%2Fv2%2Ftags&post=2553"}],"curies":[{"name":"wp","href":"https:\/\/api.w.org\/{rel}","templated":true}]}}