{"id":2980,"date":"2021-07-06T15:11:28","date_gmt":"2021-07-06T15:11:28","guid":{"rendered":"https:\/\/cauceecologico.org\/?p=2980"},"modified":"2021-07-06T19:33:46","modified_gmt":"2021-07-06T19:33:46","slug":"reunion-por-depredacion-de-peces-y-bajante-extraordinaria-del-rio-parana","status":"publish","type":"post","link":"https:\/\/cauceecologico.org\/?p=2980","title":{"rendered":"Reuni\u00f3n por depredaci\u00f3n de peces y bajante extraordinaria del r\u00edo Paran\u00e1"},"content":{"rendered":"<p>En el marco de los Encuentros de Territorialidad (EdT) que impulsamos desde el programa Humedales sin Fronteras, se realiz\u00f3 un encuentro virtual entre organizaciones de la sociedad civil, cient\u00edficos y asociaciones de pescadores para tratar la depredaci\u00f3n de peces en el contexto actual de bajante extraordinaria del r\u00edo Paran\u00e1.<\/p>\n<p>En este primera reuni\u00f3n, celebrada el 6 de julio, se comparti\u00f3 informaci\u00f3n pertinente, experiencias y trabajos actuales de las personas presentes sobre esta problem\u00e1tica social, econ\u00f3mica y, principalmente, ecol\u00f3gica. Asimismo, se propuso fortalecer el espacio colectivo y avanzar hacia un plan de acciones en conjunto para la protecci\u00f3n socio-ecosist\u00e9mica.<\/p>\n<p><img loading=\"lazy\" decoding=\"async\" class=\"alignnone size-large wp-image-2981\" src=\"http:\/\/cauceecologico.org\/wp-content\/uploads\/2021\/07\/WhatsApp-Image-2021-07-06-at-09.27.15-1024x575.jpeg\" alt=\"\" width=\"740\" height=\"416\" srcset=\"https:\/\/cauceecologico.org\/wp-content\/uploads\/2021\/07\/WhatsApp-Image-2021-07-06-at-09.27.15-1024x575.jpeg 1024w, https:\/\/cauceecologico.org\/wp-content\/uploads\/2021\/07\/WhatsApp-Image-2021-07-06-at-09.27.15-300x169.jpeg 300w, https:\/\/cauceecologico.org\/wp-content\/uploads\/2021\/07\/WhatsApp-Image-2021-07-06-at-09.27.15-768x431.jpeg 768w, https:\/\/cauceecologico.org\/wp-content\/uploads\/2021\/07\/WhatsApp-Image-2021-07-06-at-09.27.15.jpeg 1280w\" sizes=\"auto, (max-width: 740px) 100vw, 740px\" \/><\/p>\n<p style=\"text-align: right;\">06\/07\/21<\/p>\n","protected":false},"excerpt":{"rendered":"<p>En el marco de los Encuentros de Territorialidad (EdT) que impulsamos desde el programa Humedales sin Fronteras, se realiz\u00f3 un encuentro virtual entre organizaciones de la sociedad civil, cient\u00edficos y asociaciones de pescadores para tratar la depredaci\u00f3n de peces en el contexto actual de bajante extraordinaria del r\u00edo Paran\u00e1. En este primera reuni\u00f3n, celebrada el [&hellip;]<\/p>\n","protected":false},"author":2,"featured_media":2985,"comment_status":"open","ping_status":"open","sticky":false,"template":"","format":"standard","meta":{"om_disable_all_campaigns":false,"_monsterinsights_skip_tracking":false,"amp_status":"","footnotes":""},"categories":[276,5,112],"tags":[],"class_list":["post-2980","post","type-post","status-publish","format-standard","has-post-thumbnail","hentry","category-delta","category-noticias","category-rios-libres"],"aioseo_notices":[],"aioseo_head":"\n\t\t<!-- All in One SEO 4.9.10 - aioseo.com -->\n\t<meta name=\"description\" content=\"En el marco de los Encuentros de Territorialidad (EdT) que impulsamos desde el programa Humedales sin Fronteras, se realiz\u00f3 un encuentro virtual entre organizaciones de la sociedad civil, cient\u00edficos y asociaciones de pescadores para tratar la depredaci\u00f3n de peces en el contexto actual de bajante extraordinaria del r\u00edo Paran\u00e1. En este primera reuni\u00f3n, celebrada el\" \/>\n\t<meta name=\"robots\" content=\"max-image-preview:large\" \/>\n\t<meta name=\"author\" content=\"Ana Lucia Vergara\"\/>\n\t<link rel=\"canonical\" href=\"https:\/\/cauceecologico.org\/?p=2980\" \/>\n\t<meta name=\"generator\" content=\"All in One SEO (AIOSEO) 4.9.10\" \/>\n\t\t<meta property=\"og:locale\" content=\"es_ES\" \/>\n\t\t<meta property=\"og:site_name\" content=\"CAUCE - Cultura Ambiental - Causa Ecologista\" \/>\n\t\t<meta property=\"og:type\" content=\"article\" \/>\n\t\t<meta property=\"og:title\" content=\"Reuni\u00f3n por depredaci\u00f3n de peces y bajante extraordinaria del r\u00edo Paran\u00e1 - CAUCE\" \/>\n\t\t<meta property=\"og:description\" content=\"En el marco de los Encuentros de Territorialidad (EdT) que impulsamos desde el programa Humedales sin Fronteras, se realiz\u00f3 un encuentro virtual entre organizaciones de la sociedad civil, cient\u00edficos y asociaciones de pescadores para tratar la depredaci\u00f3n de peces en el contexto actual de bajante extraordinaria del r\u00edo Paran\u00e1. En este primera reuni\u00f3n, celebrada el\" \/>\n\t\t<meta property=\"og:url\" content=\"https:\/\/cauceecologico.org\/?p=2980\" \/>\n\t\t<meta property=\"article:published_time\" content=\"2021-07-06T15:11:28+00:00\" \/>\n\t\t<meta property=\"article:modified_time\" content=\"2021-07-06T19:33:46+00:00\" \/>\n\t\t<meta name=\"twitter:card\" content=\"summary_large_image\" \/>\n\t\t<meta name=\"twitter:title\" content=\"Reuni\u00f3n por depredaci\u00f3n de peces y bajante extraordinaria del r\u00edo Paran\u00e1 - CAUCE\" \/>\n\t\t<meta name=\"twitter:description\" content=\"En el marco de los Encuentros de Territorialidad (EdT) que impulsamos desde el programa Humedales sin Fronteras, se realiz\u00f3 un encuentro virtual entre organizaciones de la sociedad civil, cient\u00edficos y asociaciones de pescadores para tratar la depredaci\u00f3n de peces en el contexto actual de bajante extraordinaria del r\u00edo Paran\u00e1. En este primera reuni\u00f3n, celebrada el\" \/>\n\t\t<script type=\"application\/ld+json\" class=\"aioseo-schema\">\n\t\t\t{\"@context\":\"https:\\\/\\\/schema.org\",\"@graph\":[{\"@type\":\"BlogPosting\",\"@id\":\"https:\\\/\\\/cauceecologico.org\\\/?p=2980#blogposting\",\"name\":\"Reuni\\u00f3n por depredaci\\u00f3n de peces y bajante extraordinaria del r\\u00edo Paran\\u00e1 - CAUCE\",\"headline\":\"Reuni\\u00f3n por depredaci\\u00f3n de peces y bajante extraordinaria del r\\u00edo Paran\\u00e1\",\"author\":{\"@id\":\"https:\\\/\\\/cauceecologico.org\\\/?author=2#author\"},\"publisher\":{\"@id\":\"https:\\\/\\\/cauceecologico.org\\\/#organization\"},\"image\":{\"@type\":\"ImageObject\",\"url\":\"https:\\\/\\\/cauceecologico.org\\\/wp-content\\\/uploads\\\/2021\\\/07\\\/rio-parana_0.jpg\",\"width\":1330,\"height\":880},\"datePublished\":\"2021-07-06T15:11:28+00:00\",\"dateModified\":\"2021-07-06T19:33:46+00:00\",\"inLanguage\":\"es-ES\",\"mainEntityOfPage\":{\"@id\":\"https:\\\/\\\/cauceecologico.org\\\/?p=2980#webpage\"},\"isPartOf\":{\"@id\":\"https:\\\/\\\/cauceecologico.org\\\/?p=2980#webpage\"},\"articleSection\":\"Delta, Noticias, R\\u00edos libres\"},{\"@type\":\"BreadcrumbList\",\"@id\":\"https:\\\/\\\/cauceecologico.org\\\/?p=2980#breadcrumblist\",\"itemListElement\":[{\"@type\":\"ListItem\",\"@id\":\"https:\\\/\\\/cauceecologico.org#listItem\",\"position\":1,\"name\":\"Home\",\"item\":\"https:\\\/\\\/cauceecologico.org\",\"nextItem\":{\"@type\":\"ListItem\",\"@id\":\"https:\\\/\\\/cauceecologico.org\\\/?cat=5#listItem\",\"name\":\"Noticias\"}},{\"@type\":\"ListItem\",\"@id\":\"https:\\\/\\\/cauceecologico.org\\\/?cat=5#listItem\",\"position\":2,\"name\":\"Noticias\",\"item\":\"https:\\\/\\\/cauceecologico.org\\\/?cat=5\",\"nextItem\":{\"@type\":\"ListItem\",\"@id\":\"https:\\\/\\\/cauceecologico.org\\\/?p=2980#listItem\",\"name\":\"Reuni\\u00f3n por depredaci\\u00f3n de peces y bajante extraordinaria del r\\u00edo Paran\\u00e1\"},\"previousItem\":{\"@type\":\"ListItem\",\"@id\":\"https:\\\/\\\/cauceecologico.org#listItem\",\"name\":\"Home\"}},{\"@type\":\"ListItem\",\"@id\":\"https:\\\/\\\/cauceecologico.org\\\/?p=2980#listItem\",\"position\":3,\"name\":\"Reuni\\u00f3n por depredaci\\u00f3n de peces y bajante extraordinaria del r\\u00edo Paran\\u00e1\",\"previousItem\":{\"@type\":\"ListItem\",\"@id\":\"https:\\\/\\\/cauceecologico.org\\\/?cat=5#listItem\",\"name\":\"Noticias\"}}]},{\"@type\":\"Organization\",\"@id\":\"https:\\\/\\\/cauceecologico.org\\\/#organization\",\"name\":\"CAUCE\",\"description\":\"Cultura Ambiental - Causa Ecologista\",\"url\":\"https:\\\/\\\/cauceecologico.org\\\/\"},{\"@type\":\"Person\",\"@id\":\"https:\\\/\\\/cauceecologico.org\\\/?author=2#author\",\"url\":\"https:\\\/\\\/cauceecologico.org\\\/?author=2\",\"name\":\"Ana Lucia Vergara\",\"image\":{\"@type\":\"ImageObject\",\"@id\":\"https:\\\/\\\/cauceecologico.org\\\/?p=2980#authorImage\",\"url\":\"https:\\\/\\\/secure.gravatar.com\\\/avatar\\\/e8720df08f5c466573fb9f3d6cec14bcac9a305e2049123e58e6bc9c03f3a77b?s=96&d=mm&r=g\",\"width\":96,\"height\":96,\"caption\":\"Ana Lucia Vergara\"}},{\"@type\":\"WebPage\",\"@id\":\"https:\\\/\\\/cauceecologico.org\\\/?p=2980#webpage\",\"url\":\"https:\\\/\\\/cauceecologico.org\\\/?p=2980\",\"name\":\"Reuni\\u00f3n por depredaci\\u00f3n de peces y bajante extraordinaria del r\\u00edo Paran\\u00e1 - CAUCE\",\"description\":\"En el marco de los Encuentros de Territorialidad (EdT) que impulsamos desde el programa Humedales sin Fronteras, se realiz\\u00f3 un encuentro virtual entre organizaciones de la sociedad civil, cient\\u00edficos y asociaciones de pescadores para tratar la depredaci\\u00f3n de peces en el contexto actual de bajante extraordinaria del r\\u00edo Paran\\u00e1. En este primera reuni\\u00f3n, celebrada el\",\"inLanguage\":\"es-ES\",\"isPartOf\":{\"@id\":\"https:\\\/\\\/cauceecologico.org\\\/#website\"},\"breadcrumb\":{\"@id\":\"https:\\\/\\\/cauceecologico.org\\\/?p=2980#breadcrumblist\"},\"author\":{\"@id\":\"https:\\\/\\\/cauceecologico.org\\\/?author=2#author\"},\"creator\":{\"@id\":\"https:\\\/\\\/cauceecologico.org\\\/?author=2#author\"},\"image\":{\"@type\":\"ImageObject\",\"url\":\"https:\\\/\\\/cauceecologico.org\\\/wp-content\\\/uploads\\\/2021\\\/07\\\/rio-parana_0.jpg\",\"@id\":\"https:\\\/\\\/cauceecologico.org\\\/?p=2980\\\/#mainImage\",\"width\":1330,\"height\":880},\"primaryImageOfPage\":{\"@id\":\"https:\\\/\\\/cauceecologico.org\\\/?p=2980#mainImage\"},\"datePublished\":\"2021-07-06T15:11:28+00:00\",\"dateModified\":\"2021-07-06T19:33:46+00:00\"},{\"@type\":\"WebSite\",\"@id\":\"https:\\\/\\\/cauceecologico.org\\\/#website\",\"url\":\"https:\\\/\\\/cauceecologico.org\\\/\",\"name\":\"CAUCE\",\"description\":\"Cultura Ambiental - Causa Ecologista\",\"inLanguage\":\"es-ES\",\"publisher\":{\"@id\":\"https:\\\/\\\/cauceecologico.org\\\/#organization\"}}]}\n\t\t<\/script>\n\t\t<!-- All in One SEO -->\n\n","aioseo_head_json":{"title":"Reuni\u00f3n por depredaci\u00f3n de peces y bajante extraordinaria del r\u00edo Paran\u00e1 - CAUCE","description":"En el marco de los Encuentros de Territorialidad (EdT) que impulsamos desde el programa Humedales sin Fronteras, se realiz\u00f3 un encuentro virtual entre organizaciones de la sociedad civil, cient\u00edficos y asociaciones de pescadores para tratar la depredaci\u00f3n de peces en el contexto actual de bajante extraordinaria del r\u00edo Paran\u00e1. En este primera reuni\u00f3n, celebrada el","canonical_url":"https:\/\/cauceecologico.org\/?p=2980","robots":"max-image-preview:large","keywords":"","webmasterTools":{"miscellaneous":""},"schema":{"@context":"https:\/\/schema.org","@graph":[{"@type":"BlogPosting","@id":"https:\/\/cauceecologico.org\/?p=2980#blogposting","name":"Reuni\u00f3n por depredaci\u00f3n de peces y bajante extraordinaria del r\u00edo Paran\u00e1 - CAUCE","headline":"Reuni\u00f3n por depredaci\u00f3n de peces y bajante extraordinaria del r\u00edo Paran\u00e1","author":{"@id":"https:\/\/cauceecologico.org\/?author=2#author"},"publisher":{"@id":"https:\/\/cauceecologico.org\/#organization"},"image":{"@type":"ImageObject","url":"https:\/\/cauceecologico.org\/wp-content\/uploads\/2021\/07\/rio-parana_0.jpg","width":1330,"height":880},"datePublished":"2021-07-06T15:11:28+00:00","dateModified":"2021-07-06T19:33:46+00:00","inLanguage":"es-ES","mainEntityOfPage":{"@id":"https:\/\/cauceecologico.org\/?p=2980#webpage"},"isPartOf":{"@id":"https:\/\/cauceecologico.org\/?p=2980#webpage"},"articleSection":"Delta, Noticias, R\u00edos libres"},{"@type":"BreadcrumbList","@id":"https:\/\/cauceecologico.org\/?p=2980#breadcrumblist","itemListElement":[{"@type":"ListItem","@id":"https:\/\/cauceecologico.org#listItem","position":1,"name":"Home","item":"https:\/\/cauceecologico.org","nextItem":{"@type":"ListItem","@id":"https:\/\/cauceecologico.org\/?cat=5#listItem","name":"Noticias"}},{"@type":"ListItem","@id":"https:\/\/cauceecologico.org\/?cat=5#listItem","position":2,"name":"Noticias","item":"https:\/\/cauceecologico.org\/?cat=5","nextItem":{"@type":"ListItem","@id":"https:\/\/cauceecologico.org\/?p=2980#listItem","name":"Reuni\u00f3n por depredaci\u00f3n de peces y bajante extraordinaria del r\u00edo Paran\u00e1"},"previousItem":{"@type":"ListItem","@id":"https:\/\/cauceecologico.org#listItem","name":"Home"}},{"@type":"ListItem","@id":"https:\/\/cauceecologico.org\/?p=2980#listItem","position":3,"name":"Reuni\u00f3n por depredaci\u00f3n de peces y bajante extraordinaria del r\u00edo Paran\u00e1","previousItem":{"@type":"ListItem","@id":"https:\/\/cauceecologico.org\/?cat=5#listItem","name":"Noticias"}}]},{"@type":"Organization","@id":"https:\/\/cauceecologico.org\/#organization","name":"CAUCE","description":"Cultura Ambiental - Causa Ecologista","url":"https:\/\/cauceecologico.org\/"},{"@type":"Person","@id":"https:\/\/cauceecologico.org\/?author=2#author","url":"https:\/\/cauceecologico.org\/?author=2","name":"Ana Lucia Vergara","image":{"@type":"ImageObject","@id":"https:\/\/cauceecologico.org\/?p=2980#authorImage","url":"https:\/\/secure.gravatar.com\/avatar\/e8720df08f5c466573fb9f3d6cec14bcac9a305e2049123e58e6bc9c03f3a77b?s=96&d=mm&r=g","width":96,"height":96,"caption":"Ana Lucia Vergara"}},{"@type":"WebPage","@id":"https:\/\/cauceecologico.org\/?p=2980#webpage","url":"https:\/\/cauceecologico.org\/?p=2980","name":"Reuni\u00f3n por depredaci\u00f3n de peces y bajante extraordinaria del r\u00edo Paran\u00e1 - CAUCE","description":"En el marco de los Encuentros de Territorialidad (EdT) que impulsamos desde el programa Humedales sin Fronteras, se realiz\u00f3 un encuentro virtual entre organizaciones de la sociedad civil, cient\u00edficos y asociaciones de pescadores para tratar la depredaci\u00f3n de peces en el contexto actual de bajante extraordinaria del r\u00edo Paran\u00e1. En este primera reuni\u00f3n, celebrada el","inLanguage":"es-ES","isPartOf":{"@id":"https:\/\/cauceecologico.org\/#website"},"breadcrumb":{"@id":"https:\/\/cauceecologico.org\/?p=2980#breadcrumblist"},"author":{"@id":"https:\/\/cauceecologico.org\/?author=2#author"},"creator":{"@id":"https:\/\/cauceecologico.org\/?author=2#author"},"image":{"@type":"ImageObject","url":"https:\/\/cauceecologico.org\/wp-content\/uploads\/2021\/07\/rio-parana_0.jpg","@id":"https:\/\/cauceecologico.org\/?p=2980\/#mainImage","width":1330,"height":880},"primaryImageOfPage":{"@id":"https:\/\/cauceecologico.org\/?p=2980#mainImage"},"datePublished":"2021-07-06T15:11:28+00:00","dateModified":"2021-07-06T19:33:46+00:00"},{"@type":"WebSite","@id":"https:\/\/cauceecologico.org\/#website","url":"https:\/\/cauceecologico.org\/","name":"CAUCE","description":"Cultura Ambiental - Causa Ecologista","inLanguage":"es-ES","publisher":{"@id":"https:\/\/cauceecologico.org\/#organization"}}]},"og:locale":"es_ES","og:site_name":"CAUCE - Cultura Ambiental - Causa Ecologista","og:type":"article","og:title":"Reuni\u00f3n por depredaci\u00f3n de peces y bajante extraordinaria del r\u00edo Paran\u00e1 - CAUCE","og:description":"En el marco de los Encuentros de Territorialidad (EdT) que impulsamos desde el programa Humedales sin Fronteras, se realiz\u00f3 un encuentro virtual entre organizaciones de la sociedad civil, cient\u00edficos y asociaciones de pescadores para tratar la depredaci\u00f3n de peces en el contexto actual de bajante extraordinaria del r\u00edo Paran\u00e1. En este primera reuni\u00f3n, celebrada el","og:url":"https:\/\/cauceecologico.org\/?p=2980","article:published_time":"2021-07-06T15:11:28+00:00","article:modified_time":"2021-07-06T19:33:46+00:00","twitter:card":"summary_large_image","twitter:title":"Reuni\u00f3n por depredaci\u00f3n de peces y bajante extraordinaria del r\u00edo Paran\u00e1 - CAUCE","twitter:description":"En el marco de los Encuentros de Territorialidad (EdT) que impulsamos desde el programa Humedales sin Fronteras, se realiz\u00f3 un encuentro virtual entre organizaciones de la sociedad civil, cient\u00edficos y asociaciones de pescadores para tratar la depredaci\u00f3n de peces en el contexto actual de bajante extraordinaria del r\u00edo Paran\u00e1. En este primera reuni\u00f3n, celebrada el"},"aioseo_meta_data":{"post_id":"2980","title":null,"description":null,"keywords":null,"keyphrases":null,"primary_term":null,"canonical_url":null,"og_title":null,"og_description":null,"og_object_type":"default","og_image_type":"default","og_image_url":null,"og_image_width":null,"og_image_height":null,"og_image_custom_url":null,"og_image_custom_fields":null,"og_video":null,"og_custom_url":null,"og_article_section":null,"og_article_tags":null,"twitter_use_og":false,"twitter_card":"default","twitter_image_type":"default","twitter_image_url":null,"twitter_image_custom_url":null,"twitter_image_custom_fields":null,"twitter_title":null,"twitter_description":null,"schema":{"blockGraphs":[],"customGraphs":[],"default":{"data":{"Article":[],"Course":[],"Dataset":[],"FAQPage":[],"Movie":[],"Person":[],"Product":[],"ProductReview":[],"Car":[],"Recipe":[],"Service":[],"SoftwareApplication":[],"WebPage":[]},"graphName":"","isEnabled":true},"graphs":[]},"schema_type":"default","schema_type_options":null,"pillar_content":false,"robots_default":true,"robots_noindex":false,"robots_noarchive":false,"robots_nosnippet":false,"robots_nofollow":false,"robots_noimageindex":false,"robots_noodp":false,"robots_notranslate":false,"robots_max_snippet":null,"robots_max_videopreview":null,"robots_max_imagepreview":"large","priority":null,"frequency":null,"local_seo":null,"limit_modified_date":false,"created":"2023-03-16 20:49:09","updated":"2026-07-28 01:28:28","ai":null,"breadcrumb_settings":null,"seo_analyzer_scan_date":null},"aioseo_breadcrumb":"<div class=\"aioseo-breadcrumbs\"><span class=\"aioseo-breadcrumb\">\n\t\t\t<a href=\"https:\/\/cauceecologico.org\" title=\"Home\">Home<\/a>\n\t\t<\/span><span class=\"aioseo-breadcrumb-separator\">&raquo;<\/span><span class=\"aioseo-breadcrumb\">\n\t\t\t<a href=\"https:\/\/cauceecologico.org\/?cat=5\" title=\"Noticias\">Noticias<\/a>\n\t\t<\/span><span class=\"aioseo-breadcrumb-separator\">&raquo;<\/span><span class=\"aioseo-breadcrumb\">\n\t\t\tReuni\u00f3n por depredaci\u00f3n de peces y bajante extraordinaria del r\u00edo Paran\u00e1\n\t\t<\/span><\/div>","aioseo_breadcrumb_json":[{"label":"Home","link":"https:\/\/cauceecologico.org"},{"label":"Noticias","link":"https:\/\/cauceecologico.org\/?cat=5"},{"label":"Reuni\u00f3n por depredaci\u00f3n de peces y bajante extraordinaria del r\u00edo Paran\u00e1","link":"https:\/\/cauceecologico.org\/?p=2980"}],"_links":{"self":[{"href":"https:\/\/cauceecologico.org\/index.php?rest_route=\/wp\/v2\/posts\/2980","targetHints":{"allow":["GET"]}}],"collection":[{"href":"https:\/\/cauceecologico.org\/index.php?rest_route=\/wp\/v2\/posts"}],"about":[{"href":"https:\/\/cauceecologico.org\/index.php?rest_route=\/wp\/v2\/types\/post"}],"author":[{"embeddable":true,"href":"https:\/\/cauceecologico.org\/index.php?rest_route=\/wp\/v2\/users\/2"}],"replies":[{"embeddable":true,"href":"https:\/\/cauceecologico.org\/index.php?rest_route=%2Fwp%2Fv2%2Fcomments&post=2980"}],"version-history":[{"count":3,"href":"https:\/\/cauceecologico.org\/index.php?rest_route=\/wp\/v2\/posts\/2980\/revisions"}],"predecessor-version":[{"id":2987,"href":"https:\/\/cauceecologico.org\/index.php?rest_route=\/wp\/v2\/posts\/2980\/revisions\/2987"}],"wp:featuredmedia":[{"embeddable":true,"href":"https:\/\/cauceecologico.org\/index.php?rest_route=\/wp\/v2\/media\/2985"}],"wp:attachment":[{"href":"https:\/\/cauceecologico.org\/index.php?rest_route=%2Fwp%2Fv2%2Fmedia&parent=2980"}],"wp:term":[{"taxonomy":"category","embeddable":true,"href":"https:\/\/cauceecologico.org\/index.php?rest_route=%2Fwp%2Fv2%2Fcategories&post=2980"},{"taxonomy":"post_tag","embeddable":true,"href":"https:\/\/cauceecologico.org\/index.php?rest_route=%2Fwp%2Fv2%2Ftags&post=2980"}],"curies":[{"name":"wp","href":"https:\/\/api.w.org\/{rel}","templated":true}]}}