{"id":3000,"date":"2021-07-14T19:00:33","date_gmt":"2021-07-14T19:00:33","guid":{"rendered":"https:\/\/cauceecologico.org\/?p=3000"},"modified":"2021-07-14T21:04:42","modified_gmt":"2021-07-14T21:04:42","slug":"ley-de-humedales-organizaciones-ambientales-y-sociales-nos-reunimos-con-legisladores","status":"publish","type":"post","link":"https:\/\/cauceecologico.org\/?p=3000","title":{"rendered":"Ley de Humedales: organizaciones ambientales y sociales nos reunimos con legisladores"},"content":{"rendered":"<div class=\"\" data-block=\"true\" data-editor=\"bi4vt\" data-offset-key=\"fprit-0-0\">\n<p class=\"_1mf _1mj\" data-offset-key=\"fprit-0-0\"><span data-offset-key=\"fprit-0-0\">Organizaciones sociales y ambientales mantuvimos una reuni\u00f3n virtual con legisladoras y legisladores nacionales\u00a0 para conversar sobre la Ley de Humedales. En la misma se expres\u00f3 la preocupaci\u00f3n por la falta de tratamiento en el Congreso y se pusieron en com\u00fan perspectivas y compromisos.\u00a0<\/span><\/p>\n<\/div>\n<p data-offset-key=\"fprit-0-0\"><span style=\"font-weight: 400;\">Con la participaci\u00f3n de las diputadas Graciela Cama\u00f1o, Blanca Osuna, Brenda Austin, el diputado Atilio Benedetti y la Senadora Gladys Gonz\u00e1lez, las organizaciones presentes expusimos la necesidad de que Argentina cuente con una ley de presupuestos m\u00ednimos para la protecci\u00f3n de los humedales en todo el territorio.\u00a0\u00a0<\/span><\/p>\n<p data-offset-key=\"fprit-0-0\"><span style=\"font-weight: 400;\">Por su parte, las legisladoras<\/span><span data-offset-key=\"3b92d-0-0\"> reconocieron la necesidad de tratar la <\/span><span class=\"_5zk7\" spellcheck=\"false\" data-offset-key=\"3b92d-1-0\"><span data-offset-key=\"3b92d-1-0\">Ley De Humedales<\/span><\/span><span data-offset-key=\"3b92d-2-0\"> y se\u00f1alaron que se trata de una deuda pendiente frente al escenario actual de crisis clim\u00e1tica que atraviesa el pa\u00eds. <\/span>Tambi\u00e9n destacaron la necesidad de avanzar en un trabajo articulado entre todos los bloques en ambas c\u00e1maras, junto a la sociedad civil y el Poder Ejecutivo.<\/p>\n<div data-offset-key=\"fprit-0-0\"><\/div>\n<div data-offset-key=\"fprit-0-0\"><img loading=\"lazy\" decoding=\"async\" class=\"alignnone size-full wp-image-3001\" src=\"http:\/\/cauceecologico.org\/wp-content\/uploads\/2021\/07\/print-foro-legislativo-3.png\" alt=\"\" width=\"960\" height=\"540\" srcset=\"https:\/\/cauceecologico.org\/wp-content\/uploads\/2021\/07\/print-foro-legislativo-3.png 960w, https:\/\/cauceecologico.org\/wp-content\/uploads\/2021\/07\/print-foro-legislativo-3-300x169.png 300w, https:\/\/cauceecologico.org\/wp-content\/uploads\/2021\/07\/print-foro-legislativo-3-768x432.png 768w\" sizes=\"auto, (max-width: 960px) 100vw, 960px\" \/><\/div>\n<h4 data-offset-key=\"fprit-0-0\"><span style=\"color: #000000;\"><strong>HACIA UNA LEY DE HUMEDALES<\/strong><\/span><\/h4>\n<p><span style=\"font-weight: 400;\">El pasado 20 de noviembre de 2020, la Comisi\u00f3n de Recursos Naturales y Conservaci\u00f3n del Ambiente Humano de la C\u00e1mara de Diputados aprob\u00f3 un texto unificado de Ley de Presupuestos M\u00ednimos de Protecci\u00f3n Ambiental para el Uso Racional y Sostenible de los Humedales. Este dictamen de mayor\u00eda cont\u00f3 con el apoyo de grupos, colectivos, movimientos y organizaciones ya que fue resultado de un trabajo colaborativo entre especialistas en humedales del sector cient\u00edfico y acad\u00e9mico y organizaciones de la sociedad civil.\u00a0<\/span><span style=\"font-weight: 400;\">Actualmente, su tratamiento est\u00e1 trabado en la Comisi\u00f3n de Agricultura.\u00a0<\/span><\/p>\n<h4 data-offset-key=\"fprit-0-0\"><span style=\"color: #3366ff;\"><a style=\"color: #3366ff;\" href=\"https:\/\/activaelcongreso.org\/\"><strong>&#x27a1;&#xfe0f;ACTIV\u00c1 EL CONGRESO\u00a0<\/strong><\/a><\/span><\/h4>\n<p data-offset-key=\"fprit-0-0\"><span style=\"font-weight: 400;\">Se trata de una iniciativa en<\/span><span style=\"font-weight: 400;\"> una plataforma participativa que busca acercar a la ciudadan\u00eda frente a diversas causas. El objetivo es masificar el debate y la llegada a quienes nos representan en el Congreso Nacional. Sumate a este grito por una \u00a1<\/span><i><span style=\"font-weight: 400;\">LeyDeHumedalesYA!<\/span><\/i><\/p>\n<div data-offset-key=\"fprit-0-0\"><\/div>\n<div data-offset-key=\"fprit-0-0\">\n<p><em><strong>Relacionadas:<\/strong><\/em><\/p>\n<p><span style=\"color: #3366ff;\"><a style=\"color: #3366ff;\" href=\"https:\/\/cauceecologico.org\/?p=2837\">Organizaciones enviaron una nota a diputados por Ley de Humedales<\/a><\/span><\/p>\n<p><span style=\"color: #3366ff;\"><a style=\"color: #3366ff;\" href=\"https:\/\/cauceecologico.org\/?p=2378\">LEY DE HUMEDALES: contribuciones al debate legislativo<\/a><\/span><\/p>\n<p><span style=\"color: #3366ff;\"><a style=\"color: #3366ff;\" href=\"https:\/\/cauceecologico.org\/?p=2342\">Ley de Humedales YA: m\u00e1s de 300 organizaciones pedimos que se avance en su tratamiento<\/a><\/span><\/p>\n<p><span style=\"color: #3366ff;\"><a style=\"color: #3366ff;\" href=\"https:\/\/cauceecologico.org\/?p=2174\">Webinario: \u00a1Ley de Humedales YA!<\/a><\/span><\/p>\n<\/div>\n<div style=\"text-align: right;\" data-offset-key=\"fprit-0-0\">14\/04\/21<\/div>\n<div data-offset-key=\"fprit-0-0\"><\/div>\n<div class=\"\" data-block=\"true\" data-editor=\"bi4vt\" data-offset-key=\"e1v5a-0-0\"><\/div>\n","protected":false},"excerpt":{"rendered":"<p>Organizaciones sociales y ambientales mantuvimos una reuni\u00f3n virtual con legisladoras y legisladores nacionales\u00a0 para conversar sobre la Ley de Humedales. En la misma se expres\u00f3 la preocupaci\u00f3n por la falta de tratamiento en el Congreso y se pusieron en com\u00fan perspectivas y compromisos.\u00a0 Con la participaci\u00f3n de las diputadas Graciela Cama\u00f1o, Blanca Osuna, Brenda Austin, [&hellip;]<\/p>\n","protected":false},"author":2,"featured_media":3002,"comment_status":"open","ping_status":"open","sticky":false,"template":"","format":"standard","meta":{"om_disable_all_campaigns":false,"_monsterinsights_skip_tracking":false,"amp_status":"","footnotes":""},"categories":[276,5],"tags":[],"class_list":["post-3000","post","type-post","status-publish","format-standard","has-post-thumbnail","hentry","category-delta","category-noticias"],"aioseo_notices":[],"aioseo_head":"\n\t\t<!-- All in One SEO 4.9.10 - aioseo.com -->\n\t<meta name=\"description\" content=\"Organizaciones sociales y ambientales mantuvimos una reuni\u00f3n virtual con legisladoras y legisladores nacionales para conversar sobre la Ley de Humedales. En la misma se expres\u00f3 la preocupaci\u00f3n por la falta de tratamiento en el Congreso y se pusieron en com\u00fan perspectivas y compromisos. Con la participaci\u00f3n de las diputadas Graciela Cama\u00f1o, Blanca Osuna, Brenda Austin,\" \/>\n\t<meta name=\"robots\" content=\"max-image-preview:large\" \/>\n\t<meta name=\"author\" content=\"Ana Lucia Vergara\"\/>\n\t<link rel=\"canonical\" href=\"https:\/\/cauceecologico.org\/?p=3000\" \/>\n\t<meta name=\"generator\" content=\"All in One SEO (AIOSEO) 4.9.10\" \/>\n\t\t<meta property=\"og:locale\" content=\"es_ES\" \/>\n\t\t<meta property=\"og:site_name\" content=\"CAUCE - Cultura Ambiental - Causa Ecologista\" \/>\n\t\t<meta property=\"og:type\" content=\"article\" \/>\n\t\t<meta property=\"og:title\" content=\"Ley de Humedales: organizaciones ambientales y sociales nos reunimos con legisladores - CAUCE\" \/>\n\t\t<meta property=\"og:description\" content=\"Organizaciones sociales y ambientales mantuvimos una reuni\u00f3n virtual con legisladoras y legisladores nacionales para conversar sobre la Ley de Humedales. En la misma se expres\u00f3 la preocupaci\u00f3n por la falta de tratamiento en el Congreso y se pusieron en com\u00fan perspectivas y compromisos. Con la participaci\u00f3n de las diputadas Graciela Cama\u00f1o, Blanca Osuna, Brenda Austin,\" \/>\n\t\t<meta property=\"og:url\" content=\"https:\/\/cauceecologico.org\/?p=3000\" \/>\n\t\t<meta property=\"article:published_time\" content=\"2021-07-14T19:00:33+00:00\" \/>\n\t\t<meta property=\"article:modified_time\" content=\"2021-07-14T21:04:42+00:00\" \/>\n\t\t<meta name=\"twitter:card\" content=\"summary_large_image\" \/>\n\t\t<meta name=\"twitter:title\" content=\"Ley de Humedales: organizaciones ambientales y sociales nos reunimos con legisladores - CAUCE\" \/>\n\t\t<meta name=\"twitter:description\" content=\"Organizaciones sociales y ambientales mantuvimos una reuni\u00f3n virtual con legisladoras y legisladores nacionales para conversar sobre la Ley de Humedales. En la misma se expres\u00f3 la preocupaci\u00f3n por la falta de tratamiento en el Congreso y se pusieron en com\u00fan perspectivas y compromisos. Con la participaci\u00f3n de las diputadas Graciela Cama\u00f1o, Blanca Osuna, Brenda Austin,\" \/>\n\t\t<script type=\"application\/ld+json\" class=\"aioseo-schema\">\n\t\t\t{\"@context\":\"https:\\\/\\\/schema.org\",\"@graph\":[{\"@type\":\"BlogPosting\",\"@id\":\"https:\\\/\\\/cauceecologico.org\\\/?p=3000#blogposting\",\"name\":\"Ley de Humedales: organizaciones ambientales y sociales nos reunimos con legisladores - CAUCE\",\"headline\":\"Ley de Humedales: organizaciones ambientales y sociales nos reunimos con legisladores\",\"author\":{\"@id\":\"https:\\\/\\\/cauceecologico.org\\\/?author=2#author\"},\"publisher\":{\"@id\":\"https:\\\/\\\/cauceecologico.org\\\/#organization\"},\"image\":{\"@type\":\"ImageObject\",\"url\":\"https:\\\/\\\/cauceecologico.org\\\/wp-content\\\/uploads\\\/2021\\\/07\\\/117304372_3178062765611631_2768101967823339075_o.jpg\",\"width\":1920,\"height\":1038},\"datePublished\":\"2021-07-14T19:00:33+00:00\",\"dateModified\":\"2021-07-14T21:04:42+00:00\",\"inLanguage\":\"es-ES\",\"mainEntityOfPage\":{\"@id\":\"https:\\\/\\\/cauceecologico.org\\\/?p=3000#webpage\"},\"isPartOf\":{\"@id\":\"https:\\\/\\\/cauceecologico.org\\\/?p=3000#webpage\"},\"articleSection\":\"Delta, Noticias\"},{\"@type\":\"BreadcrumbList\",\"@id\":\"https:\\\/\\\/cauceecologico.org\\\/?p=3000#breadcrumblist\",\"itemListElement\":[{\"@type\":\"ListItem\",\"@id\":\"https:\\\/\\\/cauceecologico.org#listItem\",\"position\":1,\"name\":\"Home\",\"item\":\"https:\\\/\\\/cauceecologico.org\",\"nextItem\":{\"@type\":\"ListItem\",\"@id\":\"https:\\\/\\\/cauceecologico.org\\\/?cat=5#listItem\",\"name\":\"Noticias\"}},{\"@type\":\"ListItem\",\"@id\":\"https:\\\/\\\/cauceecologico.org\\\/?cat=5#listItem\",\"position\":2,\"name\":\"Noticias\",\"item\":\"https:\\\/\\\/cauceecologico.org\\\/?cat=5\",\"nextItem\":{\"@type\":\"ListItem\",\"@id\":\"https:\\\/\\\/cauceecologico.org\\\/?p=3000#listItem\",\"name\":\"Ley de Humedales: organizaciones ambientales y sociales nos reunimos con legisladores\"},\"previousItem\":{\"@type\":\"ListItem\",\"@id\":\"https:\\\/\\\/cauceecologico.org#listItem\",\"name\":\"Home\"}},{\"@type\":\"ListItem\",\"@id\":\"https:\\\/\\\/cauceecologico.org\\\/?p=3000#listItem\",\"position\":3,\"name\":\"Ley de Humedales: organizaciones ambientales y sociales nos reunimos con legisladores\",\"previousItem\":{\"@type\":\"ListItem\",\"@id\":\"https:\\\/\\\/cauceecologico.org\\\/?cat=5#listItem\",\"name\":\"Noticias\"}}]},{\"@type\":\"Organization\",\"@id\":\"https:\\\/\\\/cauceecologico.org\\\/#organization\",\"name\":\"CAUCE\",\"description\":\"Cultura Ambiental - Causa Ecologista\",\"url\":\"https:\\\/\\\/cauceecologico.org\\\/\"},{\"@type\":\"Person\",\"@id\":\"https:\\\/\\\/cauceecologico.org\\\/?author=2#author\",\"url\":\"https:\\\/\\\/cauceecologico.org\\\/?author=2\",\"name\":\"Ana Lucia Vergara\",\"image\":{\"@type\":\"ImageObject\",\"@id\":\"https:\\\/\\\/cauceecologico.org\\\/?p=3000#authorImage\",\"url\":\"https:\\\/\\\/secure.gravatar.com\\\/avatar\\\/e8720df08f5c466573fb9f3d6cec14bcac9a305e2049123e58e6bc9c03f3a77b?s=96&d=mm&r=g\",\"width\":96,\"height\":96,\"caption\":\"Ana Lucia Vergara\"}},{\"@type\":\"WebPage\",\"@id\":\"https:\\\/\\\/cauceecologico.org\\\/?p=3000#webpage\",\"url\":\"https:\\\/\\\/cauceecologico.org\\\/?p=3000\",\"name\":\"Ley de Humedales: organizaciones ambientales y sociales nos reunimos con legisladores - CAUCE\",\"description\":\"Organizaciones sociales y ambientales mantuvimos una reuni\\u00f3n virtual con legisladoras y legisladores nacionales para conversar sobre la Ley de Humedales. En la misma se expres\\u00f3 la preocupaci\\u00f3n por la falta de tratamiento en el Congreso y se pusieron en com\\u00fan perspectivas y compromisos. Con la participaci\\u00f3n de las diputadas Graciela Cama\\u00f1o, Blanca Osuna, Brenda Austin,\",\"inLanguage\":\"es-ES\",\"isPartOf\":{\"@id\":\"https:\\\/\\\/cauceecologico.org\\\/#website\"},\"breadcrumb\":{\"@id\":\"https:\\\/\\\/cauceecologico.org\\\/?p=3000#breadcrumblist\"},\"author\":{\"@id\":\"https:\\\/\\\/cauceecologico.org\\\/?author=2#author\"},\"creator\":{\"@id\":\"https:\\\/\\\/cauceecologico.org\\\/?author=2#author\"},\"image\":{\"@type\":\"ImageObject\",\"url\":\"https:\\\/\\\/cauceecologico.org\\\/wp-content\\\/uploads\\\/2021\\\/07\\\/117304372_3178062765611631_2768101967823339075_o.jpg\",\"@id\":\"https:\\\/\\\/cauceecologico.org\\\/?p=3000\\\/#mainImage\",\"width\":1920,\"height\":1038},\"primaryImageOfPage\":{\"@id\":\"https:\\\/\\\/cauceecologico.org\\\/?p=3000#mainImage\"},\"datePublished\":\"2021-07-14T19:00:33+00:00\",\"dateModified\":\"2021-07-14T21:04:42+00:00\"},{\"@type\":\"WebSite\",\"@id\":\"https:\\\/\\\/cauceecologico.org\\\/#website\",\"url\":\"https:\\\/\\\/cauceecologico.org\\\/\",\"name\":\"CAUCE\",\"description\":\"Cultura Ambiental - Causa Ecologista\",\"inLanguage\":\"es-ES\",\"publisher\":{\"@id\":\"https:\\\/\\\/cauceecologico.org\\\/#organization\"}}]}\n\t\t<\/script>\n\t\t<!-- All in One SEO -->\n\n","aioseo_head_json":{"title":"Ley de Humedales: organizaciones ambientales y sociales nos reunimos con legisladores - CAUCE","description":"Organizaciones sociales y ambientales mantuvimos una reuni\u00f3n virtual con legisladoras y legisladores nacionales para conversar sobre la Ley de Humedales. En la misma se expres\u00f3 la preocupaci\u00f3n por la falta de tratamiento en el Congreso y se pusieron en com\u00fan perspectivas y compromisos. Con la participaci\u00f3n de las diputadas Graciela Cama\u00f1o, Blanca Osuna, Brenda Austin,","canonical_url":"https:\/\/cauceecologico.org\/?p=3000","robots":"max-image-preview:large","keywords":"","webmasterTools":{"miscellaneous":""},"schema":{"@context":"https:\/\/schema.org","@graph":[{"@type":"BlogPosting","@id":"https:\/\/cauceecologico.org\/?p=3000#blogposting","name":"Ley de Humedales: organizaciones ambientales y sociales nos reunimos con legisladores - CAUCE","headline":"Ley de Humedales: organizaciones ambientales y sociales nos reunimos con legisladores","author":{"@id":"https:\/\/cauceecologico.org\/?author=2#author"},"publisher":{"@id":"https:\/\/cauceecologico.org\/#organization"},"image":{"@type":"ImageObject","url":"https:\/\/cauceecologico.org\/wp-content\/uploads\/2021\/07\/117304372_3178062765611631_2768101967823339075_o.jpg","width":1920,"height":1038},"datePublished":"2021-07-14T19:00:33+00:00","dateModified":"2021-07-14T21:04:42+00:00","inLanguage":"es-ES","mainEntityOfPage":{"@id":"https:\/\/cauceecologico.org\/?p=3000#webpage"},"isPartOf":{"@id":"https:\/\/cauceecologico.org\/?p=3000#webpage"},"articleSection":"Delta, Noticias"},{"@type":"BreadcrumbList","@id":"https:\/\/cauceecologico.org\/?p=3000#breadcrumblist","itemListElement":[{"@type":"ListItem","@id":"https:\/\/cauceecologico.org#listItem","position":1,"name":"Home","item":"https:\/\/cauceecologico.org","nextItem":{"@type":"ListItem","@id":"https:\/\/cauceecologico.org\/?cat=5#listItem","name":"Noticias"}},{"@type":"ListItem","@id":"https:\/\/cauceecologico.org\/?cat=5#listItem","position":2,"name":"Noticias","item":"https:\/\/cauceecologico.org\/?cat=5","nextItem":{"@type":"ListItem","@id":"https:\/\/cauceecologico.org\/?p=3000#listItem","name":"Ley de Humedales: organizaciones ambientales y sociales nos reunimos con legisladores"},"previousItem":{"@type":"ListItem","@id":"https:\/\/cauceecologico.org#listItem","name":"Home"}},{"@type":"ListItem","@id":"https:\/\/cauceecologico.org\/?p=3000#listItem","position":3,"name":"Ley de Humedales: organizaciones ambientales y sociales nos reunimos con legisladores","previousItem":{"@type":"ListItem","@id":"https:\/\/cauceecologico.org\/?cat=5#listItem","name":"Noticias"}}]},{"@type":"Organization","@id":"https:\/\/cauceecologico.org\/#organization","name":"CAUCE","description":"Cultura Ambiental - Causa Ecologista","url":"https:\/\/cauceecologico.org\/"},{"@type":"Person","@id":"https:\/\/cauceecologico.org\/?author=2#author","url":"https:\/\/cauceecologico.org\/?author=2","name":"Ana Lucia Vergara","image":{"@type":"ImageObject","@id":"https:\/\/cauceecologico.org\/?p=3000#authorImage","url":"https:\/\/secure.gravatar.com\/avatar\/e8720df08f5c466573fb9f3d6cec14bcac9a305e2049123e58e6bc9c03f3a77b?s=96&d=mm&r=g","width":96,"height":96,"caption":"Ana Lucia Vergara"}},{"@type":"WebPage","@id":"https:\/\/cauceecologico.org\/?p=3000#webpage","url":"https:\/\/cauceecologico.org\/?p=3000","name":"Ley de Humedales: organizaciones ambientales y sociales nos reunimos con legisladores - CAUCE","description":"Organizaciones sociales y ambientales mantuvimos una reuni\u00f3n virtual con legisladoras y legisladores nacionales para conversar sobre la Ley de Humedales. En la misma se expres\u00f3 la preocupaci\u00f3n por la falta de tratamiento en el Congreso y se pusieron en com\u00fan perspectivas y compromisos. Con la participaci\u00f3n de las diputadas Graciela Cama\u00f1o, Blanca Osuna, Brenda Austin,","inLanguage":"es-ES","isPartOf":{"@id":"https:\/\/cauceecologico.org\/#website"},"breadcrumb":{"@id":"https:\/\/cauceecologico.org\/?p=3000#breadcrumblist"},"author":{"@id":"https:\/\/cauceecologico.org\/?author=2#author"},"creator":{"@id":"https:\/\/cauceecologico.org\/?author=2#author"},"image":{"@type":"ImageObject","url":"https:\/\/cauceecologico.org\/wp-content\/uploads\/2021\/07\/117304372_3178062765611631_2768101967823339075_o.jpg","@id":"https:\/\/cauceecologico.org\/?p=3000\/#mainImage","width":1920,"height":1038},"primaryImageOfPage":{"@id":"https:\/\/cauceecologico.org\/?p=3000#mainImage"},"datePublished":"2021-07-14T19:00:33+00:00","dateModified":"2021-07-14T21:04:42+00:00"},{"@type":"WebSite","@id":"https:\/\/cauceecologico.org\/#website","url":"https:\/\/cauceecologico.org\/","name":"CAUCE","description":"Cultura Ambiental - Causa Ecologista","inLanguage":"es-ES","publisher":{"@id":"https:\/\/cauceecologico.org\/#organization"}}]},"og:locale":"es_ES","og:site_name":"CAUCE - Cultura Ambiental - Causa Ecologista","og:type":"article","og:title":"Ley de Humedales: organizaciones ambientales y sociales nos reunimos con legisladores - CAUCE","og:description":"Organizaciones sociales y ambientales mantuvimos una reuni\u00f3n virtual con legisladoras y legisladores nacionales para conversar sobre la Ley de Humedales. En la misma se expres\u00f3 la preocupaci\u00f3n por la falta de tratamiento en el Congreso y se pusieron en com\u00fan perspectivas y compromisos. Con la participaci\u00f3n de las diputadas Graciela Cama\u00f1o, Blanca Osuna, Brenda Austin,","og:url":"https:\/\/cauceecologico.org\/?p=3000","article:published_time":"2021-07-14T19:00:33+00:00","article:modified_time":"2021-07-14T21:04:42+00:00","twitter:card":"summary_large_image","twitter:title":"Ley de Humedales: organizaciones ambientales y sociales nos reunimos con legisladores - CAUCE","twitter:description":"Organizaciones sociales y ambientales mantuvimos una reuni\u00f3n virtual con legisladoras y legisladores nacionales para conversar sobre la Ley de Humedales. En la misma se expres\u00f3 la preocupaci\u00f3n por la falta de tratamiento en el Congreso y se pusieron en com\u00fan perspectivas y compromisos. Con la participaci\u00f3n de las diputadas Graciela Cama\u00f1o, Blanca Osuna, Brenda Austin,"},"aioseo_meta_data":{"post_id":"3000","title":null,"description":null,"keywords":null,"keyphrases":null,"primary_term":null,"canonical_url":null,"og_title":null,"og_description":null,"og_object_type":"default","og_image_type":"default","og_image_url":null,"og_image_width":null,"og_image_height":null,"og_image_custom_url":null,"og_image_custom_fields":null,"og_video":null,"og_custom_url":null,"og_article_section":null,"og_article_tags":null,"twitter_use_og":false,"twitter_card":"default","twitter_image_type":"default","twitter_image_url":null,"twitter_image_custom_url":null,"twitter_image_custom_fields":null,"twitter_title":null,"twitter_description":null,"schema":{"blockGraphs":[],"customGraphs":[],"default":{"data":{"Article":[],"Course":[],"Dataset":[],"FAQPage":[],"Movie":[],"Person":[],"Product":[],"ProductReview":[],"Car":[],"Recipe":[],"Service":[],"SoftwareApplication":[],"WebPage":[]},"graphName":"","isEnabled":true},"graphs":[]},"schema_type":"default","schema_type_options":null,"pillar_content":false,"robots_default":true,"robots_noindex":false,"robots_noarchive":false,"robots_nosnippet":false,"robots_nofollow":false,"robots_noimageindex":false,"robots_noodp":false,"robots_notranslate":false,"robots_max_snippet":null,"robots_max_videopreview":null,"robots_max_imagepreview":"large","priority":null,"frequency":null,"local_seo":null,"limit_modified_date":false,"created":"2023-03-16 20:49:09","updated":"2026-07-28 01:28:28","ai":null,"breadcrumb_settings":null,"seo_analyzer_scan_date":null},"aioseo_breadcrumb":"<div class=\"aioseo-breadcrumbs\"><span class=\"aioseo-breadcrumb\">\n\t\t\t<a href=\"https:\/\/cauceecologico.org\" title=\"Home\">Home<\/a>\n\t\t<\/span><span class=\"aioseo-breadcrumb-separator\">&raquo;<\/span><span class=\"aioseo-breadcrumb\">\n\t\t\t<a href=\"https:\/\/cauceecologico.org\/?cat=5\" title=\"Noticias\">Noticias<\/a>\n\t\t<\/span><span class=\"aioseo-breadcrumb-separator\">&raquo;<\/span><span class=\"aioseo-breadcrumb\">\n\t\t\tLey de Humedales: organizaciones ambientales y sociales nos reunimos con legisladores\n\t\t<\/span><\/div>","aioseo_breadcrumb_json":[{"label":"Home","link":"https:\/\/cauceecologico.org"},{"label":"Noticias","link":"https:\/\/cauceecologico.org\/?cat=5"},{"label":"Ley de Humedales: organizaciones ambientales y sociales nos reunimos con legisladores","link":"https:\/\/cauceecologico.org\/?p=3000"}],"_links":{"self":[{"href":"https:\/\/cauceecologico.org\/index.php?rest_route=\/wp\/v2\/posts\/3000","targetHints":{"allow":["GET"]}}],"collection":[{"href":"https:\/\/cauceecologico.org\/index.php?rest_route=\/wp\/v2\/posts"}],"about":[{"href":"https:\/\/cauceecologico.org\/index.php?rest_route=\/wp\/v2\/types\/post"}],"author":[{"embeddable":true,"href":"https:\/\/cauceecologico.org\/index.php?rest_route=\/wp\/v2\/users\/2"}],"replies":[{"embeddable":true,"href":"https:\/\/cauceecologico.org\/index.php?rest_route=%2Fwp%2Fv2%2Fcomments&post=3000"}],"version-history":[{"count":4,"href":"https:\/\/cauceecologico.org\/index.php?rest_route=\/wp\/v2\/posts\/3000\/revisions"}],"predecessor-version":[{"id":3006,"href":"https:\/\/cauceecologico.org\/index.php?rest_route=\/wp\/v2\/posts\/3000\/revisions\/3006"}],"wp:featuredmedia":[{"embeddable":true,"href":"https:\/\/cauceecologico.org\/index.php?rest_route=\/wp\/v2\/media\/3002"}],"wp:attachment":[{"href":"https:\/\/cauceecologico.org\/index.php?rest_route=%2Fwp%2Fv2%2Fmedia&parent=3000"}],"wp:term":[{"taxonomy":"category","embeddable":true,"href":"https:\/\/cauceecologico.org\/index.php?rest_route=%2Fwp%2Fv2%2Fcategories&post=3000"},{"taxonomy":"post_tag","embeddable":true,"href":"https:\/\/cauceecologico.org\/index.php?rest_route=%2Fwp%2Fv2%2Ftags&post=3000"}],"curies":[{"name":"wp","href":"https:\/\/api.w.org\/{rel}","templated":true}]}}