{"id":3027,"date":"2021-08-05T14:16:15","date_gmt":"2021-08-05T14:16:15","guid":{"rendered":"https:\/\/cauceecologico.org\/?p=3027"},"modified":"2021-08-05T19:56:02","modified_gmt":"2021-08-05T19:56:02","slug":"charla-sobre-trabajo-docente-investigacion-educativa-movimientos-sociales-y-educacion","status":"publish","type":"post","link":"https:\/\/cauceecologico.org\/?p=3027","title":{"rendered":"Charla sobre movimientos sociales y educaci\u00f3n"},"content":{"rendered":"<div class=\"o9v6fnle cxmmr5t8 oygrvhab hcukyx3x c1et5uql ii04i59q\">\n<div dir=\"auto\"><strong>La Directora Ejecutiva de Fundaci\u00f3n CAUCE, Abog. Valeria Enderle, participar\u00e1 de un ciclo de charlas sobre pedagog\u00edas decoloniales y resistencias \/contrahegemon\u00edas en territorio. El encuentro virtual ser\u00e1 este lunes 9 de agosto a las 17:00.<\/strong><\/div>\n<div dir=\"auto\"><\/div>\n<div dir=\"auto\"><img loading=\"lazy\" decoding=\"async\" class=\"alignleft wp-image-3028 size-medium\" src=\"http:\/\/cauceecologico.org\/wp-content\/uploads\/2021\/08\/WhatsApp-Image-2021-08-04-at-19.02.47-240x300.jpeg\" alt=\"\" width=\"240\" height=\"300\" srcset=\"https:\/\/cauceecologico.org\/wp-content\/uploads\/2021\/08\/WhatsApp-Image-2021-08-04-at-19.02.47-240x300.jpeg 240w, https:\/\/cauceecologico.org\/wp-content\/uploads\/2021\/08\/WhatsApp-Image-2021-08-04-at-19.02.47-819x1024.jpeg 819w, https:\/\/cauceecologico.org\/wp-content\/uploads\/2021\/08\/WhatsApp-Image-2021-08-04-at-19.02.47-768x960.jpeg 768w, https:\/\/cauceecologico.org\/wp-content\/uploads\/2021\/08\/WhatsApp-Image-2021-08-04-at-19.02.47.jpeg 1024w\" sizes=\"auto, (max-width: 240px) 100vw, 240px\" \/><\/div>\n<\/div>\n<div class=\"o9v6fnle cxmmr5t8 oygrvhab hcukyx3x c1et5uql ii04i59q\">\n<div dir=\"auto\"><\/div>\n<div dir=\"auto\"><span class=\"pq6dq46d tbxw36s4 knj5qynh kvgmc6g5 ditlmg2l oygrvhab nvdbi5me sf5mxxl7 gl3lb2sf hhz5lgdu\">Se trata de una propuesta<\/span> -organizada por la c\u00e1tedra Investigaci\u00f3n Educativa III de los profesorados de Educaci\u00f3n Primaria, Educaci\u00f3n Inicial, Educaci\u00f3n Especial, Educaci\u00f3n Primaria &#8211; orientaci\u00f3n rural y Educaci\u00f3n Inicial &#8211; orientaci\u00f3n rural de la Facultad de Humanidades, Artes y Ciencias Sociales-,<strong>\u00a0<\/strong>que busca visibilizar las voces de referentes de la regi\u00f3n en relaci\u00f3n a Memorias e Identidades Sociales, G\u00e9nero y Problem\u00e1ticas Socioambientales desde un debate epist\u00e9mico y situado.<\/div>\n<div dir=\"auto\"><\/div>\n<div dir=\"auto\">La misma pretende propiciar la construcci\u00f3n de lazos, el conocimiento de pr\u00e1cticas alternativas de mundo y el conocimiento de pr\u00e1cticas que problematizan la colonialidad del poder y el saber en la especificidad de cada contexto escolar.<\/div>\n<\/div>\n<div dir=\"auto\">\n<p>La actividad -gratuita y virtual- est\u00e1 destinada a estudiantes que cursan Investigaci\u00f3n Educativa III de las sedes Alberdi, Almafuerte, Paran\u00e1 y la Extensi\u00f3n \u00c1ulica Federaci\u00f3n, y aquellas personas interesadas sobre la tem\u00e1tica.<\/p>\n<p>&#x1f5d3;&#xfe0f;<strong>Cronograma<\/strong><br \/>\n9 de agosto: \u00abFundaci\u00f3n CAUCE: Cultura ambiental &#8211; Causa Ecologista\u00bb.<br \/>\n30 de agosto: Asociaci\u00f3n Civil \u00abLa Solapa\u00bb.<br \/>\n6 de septiembre: Foro ecologista de Paran\u00e1.<br \/>\n13 de septiembre: H.I.J.O.S. Paran\u00e1.<br \/>\n20 de septiembre: Mujeres Tramando.<br \/>\n4 de octubre: Mujeres por el Buen Vivir.<\/p>\n<\/div>\n<div class=\"o9v6fnle cxmmr5t8 oygrvhab hcukyx3x c1et5uql ii04i59q\">\n<div dir=\"auto\">&#x1f517;M\u00e1s informaci\u00f3n e inscripciones <span style=\"color: #3366ff;\"><strong><a style=\"color: #3366ff;\" href=\"https:\/\/bit.ly\/3ly72xm\">ac\u00e1<\/a><\/strong><\/span><\/div>\n<\/div>\n<div class=\"o9v6fnle cxmmr5t8 oygrvhab hcukyx3x c1et5uql ii04i59q\">\n<div dir=\"auto\">&#x1f5a5;&#xfe0f;Enlace para este lunes 9 a las 17:00 al <strong><span style=\"color: #3366ff;\"><a style=\"color: #3366ff;\" href=\"https:\/\/meet.google.com\/xkt-wjrx-bgr\">Meet<\/a><\/span><\/strong><\/div>\n<\/div>\n<div dir=\"auto\"><\/div>\n<div dir=\"auto\" style=\"text-align: right;\">05\/08\/21<\/div>\n<div class=\"o9v6fnle cxmmr5t8 oygrvhab hcukyx3x c1et5uql ii04i59q\">\n<div dir=\"auto\"><\/div>\n<\/div>\n","protected":false},"excerpt":{"rendered":"<p>La Directora Ejecutiva de Fundaci\u00f3n CAUCE, Abog. Valeria Enderle, participar\u00e1 de un ciclo de charlas sobre pedagog\u00edas decoloniales y resistencias \/contrahegemon\u00edas en territorio. El encuentro virtual ser\u00e1 este lunes 9 de agosto a las 17:00. Se trata de una propuesta -organizada por la c\u00e1tedra Investigaci\u00f3n Educativa III de los profesorados de Educaci\u00f3n Primaria, Educaci\u00f3n Inicial, [&hellip;]<\/p>\n","protected":false},"author":2,"featured_media":3029,"comment_status":"open","ping_status":"open","sticky":false,"template":"","format":"standard","meta":{"om_disable_all_campaigns":false,"_monsterinsights_skip_tracking":false,"amp_status":"","footnotes":""},"categories":[5],"tags":[],"class_list":["post-3027","post","type-post","status-publish","format-standard","has-post-thumbnail","hentry","category-noticias"],"aioseo_notices":[],"aioseo_head":"\n\t\t<!-- All in One SEO 4.9.10 - aioseo.com -->\n\t<meta name=\"description\" content=\"La Directora Ejecutiva de Fundaci\u00f3n CAUCE, Abog. Valeria Enderle, participar\u00e1 de un ciclo de charlas sobre pedagog\u00edas decoloniales y resistencias \/contrahegemon\u00edas en territorio. El encuentro virtual ser\u00e1 este lunes 9 de agosto a las 17:00. Se trata de una propuesta -organizada por la c\u00e1tedra Investigaci\u00f3n Educativa III de los profesorados de Educaci\u00f3n Primaria, Educaci\u00f3n Inicial,\" \/>\n\t<meta name=\"robots\" content=\"max-image-preview:large\" \/>\n\t<meta name=\"author\" content=\"Ana Lucia Vergara\"\/>\n\t<link rel=\"canonical\" href=\"https:\/\/cauceecologico.org\/?p=3027\" \/>\n\t<meta name=\"generator\" content=\"All in One SEO (AIOSEO) 4.9.10\" \/>\n\t\t<meta property=\"og:locale\" content=\"es_ES\" \/>\n\t\t<meta property=\"og:site_name\" content=\"CAUCE - Cultura Ambiental - Causa Ecologista\" \/>\n\t\t<meta property=\"og:type\" content=\"article\" \/>\n\t\t<meta property=\"og:title\" content=\"Charla sobre movimientos sociales y educaci\u00f3n - CAUCE\" \/>\n\t\t<meta property=\"og:description\" content=\"La Directora Ejecutiva de Fundaci\u00f3n CAUCE, Abog. Valeria Enderle, participar\u00e1 de un ciclo de charlas sobre pedagog\u00edas decoloniales y resistencias \/contrahegemon\u00edas en territorio. El encuentro virtual ser\u00e1 este lunes 9 de agosto a las 17:00. Se trata de una propuesta -organizada por la c\u00e1tedra Investigaci\u00f3n Educativa III de los profesorados de Educaci\u00f3n Primaria, Educaci\u00f3n Inicial,\" \/>\n\t\t<meta property=\"og:url\" content=\"https:\/\/cauceecologico.org\/?p=3027\" \/>\n\t\t<meta property=\"article:published_time\" content=\"2021-08-05T14:16:15+00:00\" \/>\n\t\t<meta property=\"article:modified_time\" content=\"2021-08-05T19:56:02+00:00\" \/>\n\t\t<meta name=\"twitter:card\" content=\"summary_large_image\" \/>\n\t\t<meta name=\"twitter:title\" content=\"Charla sobre movimientos sociales y educaci\u00f3n - CAUCE\" \/>\n\t\t<meta name=\"twitter:description\" content=\"La Directora Ejecutiva de Fundaci\u00f3n CAUCE, Abog. Valeria Enderle, participar\u00e1 de un ciclo de charlas sobre pedagog\u00edas decoloniales y resistencias \/contrahegemon\u00edas en territorio. El encuentro virtual ser\u00e1 este lunes 9 de agosto a las 17:00. Se trata de una propuesta -organizada por la c\u00e1tedra Investigaci\u00f3n Educativa III de los profesorados de Educaci\u00f3n Primaria, Educaci\u00f3n Inicial,\" \/>\n\t\t<script type=\"application\/ld+json\" class=\"aioseo-schema\">\n\t\t\t{\"@context\":\"https:\\\/\\\/schema.org\",\"@graph\":[{\"@type\":\"BlogPosting\",\"@id\":\"https:\\\/\\\/cauceecologico.org\\\/?p=3027#blogposting\",\"name\":\"Charla sobre movimientos sociales y educaci\\u00f3n - CAUCE\",\"headline\":\"Charla sobre movimientos sociales y educaci\\u00f3n\",\"author\":{\"@id\":\"https:\\\/\\\/cauceecologico.org\\\/?author=2#author\"},\"publisher\":{\"@id\":\"https:\\\/\\\/cauceecologico.org\\\/#organization\"},\"image\":{\"@type\":\"ImageObject\",\"url\":\"https:\\\/\\\/cauceecologico.org\\\/wp-content\\\/uploads\\\/2021\\\/08\\\/ciclo_charla.jpg\",\"width\":626,\"height\":331},\"datePublished\":\"2021-08-05T14:16:15+00:00\",\"dateModified\":\"2021-08-05T19:56:02+00:00\",\"inLanguage\":\"es-ES\",\"mainEntityOfPage\":{\"@id\":\"https:\\\/\\\/cauceecologico.org\\\/?p=3027#webpage\"},\"isPartOf\":{\"@id\":\"https:\\\/\\\/cauceecologico.org\\\/?p=3027#webpage\"},\"articleSection\":\"Noticias\"},{\"@type\":\"BreadcrumbList\",\"@id\":\"https:\\\/\\\/cauceecologico.org\\\/?p=3027#breadcrumblist\",\"itemListElement\":[{\"@type\":\"ListItem\",\"@id\":\"https:\\\/\\\/cauceecologico.org#listItem\",\"position\":1,\"name\":\"Home\",\"item\":\"https:\\\/\\\/cauceecologico.org\",\"nextItem\":{\"@type\":\"ListItem\",\"@id\":\"https:\\\/\\\/cauceecologico.org\\\/?cat=5#listItem\",\"name\":\"Noticias\"}},{\"@type\":\"ListItem\",\"@id\":\"https:\\\/\\\/cauceecologico.org\\\/?cat=5#listItem\",\"position\":2,\"name\":\"Noticias\",\"item\":\"https:\\\/\\\/cauceecologico.org\\\/?cat=5\",\"nextItem\":{\"@type\":\"ListItem\",\"@id\":\"https:\\\/\\\/cauceecologico.org\\\/?p=3027#listItem\",\"name\":\"Charla sobre movimientos sociales y educaci\\u00f3n\"},\"previousItem\":{\"@type\":\"ListItem\",\"@id\":\"https:\\\/\\\/cauceecologico.org#listItem\",\"name\":\"Home\"}},{\"@type\":\"ListItem\",\"@id\":\"https:\\\/\\\/cauceecologico.org\\\/?p=3027#listItem\",\"position\":3,\"name\":\"Charla sobre movimientos sociales y educaci\\u00f3n\",\"previousItem\":{\"@type\":\"ListItem\",\"@id\":\"https:\\\/\\\/cauceecologico.org\\\/?cat=5#listItem\",\"name\":\"Noticias\"}}]},{\"@type\":\"Organization\",\"@id\":\"https:\\\/\\\/cauceecologico.org\\\/#organization\",\"name\":\"CAUCE\",\"description\":\"Cultura Ambiental - Causa Ecologista\",\"url\":\"https:\\\/\\\/cauceecologico.org\\\/\"},{\"@type\":\"Person\",\"@id\":\"https:\\\/\\\/cauceecologico.org\\\/?author=2#author\",\"url\":\"https:\\\/\\\/cauceecologico.org\\\/?author=2\",\"name\":\"Ana Lucia Vergara\",\"image\":{\"@type\":\"ImageObject\",\"@id\":\"https:\\\/\\\/cauceecologico.org\\\/?p=3027#authorImage\",\"url\":\"https:\\\/\\\/secure.gravatar.com\\\/avatar\\\/e8720df08f5c466573fb9f3d6cec14bcac9a305e2049123e58e6bc9c03f3a77b?s=96&d=mm&r=g\",\"width\":96,\"height\":96,\"caption\":\"Ana Lucia Vergara\"}},{\"@type\":\"WebPage\",\"@id\":\"https:\\\/\\\/cauceecologico.org\\\/?p=3027#webpage\",\"url\":\"https:\\\/\\\/cauceecologico.org\\\/?p=3027\",\"name\":\"Charla sobre movimientos sociales y educaci\\u00f3n - CAUCE\",\"description\":\"La Directora Ejecutiva de Fundaci\\u00f3n CAUCE, Abog. Valeria Enderle, participar\\u00e1 de un ciclo de charlas sobre pedagog\\u00edas decoloniales y resistencias \\\/contrahegemon\\u00edas en territorio. El encuentro virtual ser\\u00e1 este lunes 9 de agosto a las 17:00. Se trata de una propuesta -organizada por la c\\u00e1tedra Investigaci\\u00f3n Educativa III de los profesorados de Educaci\\u00f3n Primaria, Educaci\\u00f3n Inicial,\",\"inLanguage\":\"es-ES\",\"isPartOf\":{\"@id\":\"https:\\\/\\\/cauceecologico.org\\\/#website\"},\"breadcrumb\":{\"@id\":\"https:\\\/\\\/cauceecologico.org\\\/?p=3027#breadcrumblist\"},\"author\":{\"@id\":\"https:\\\/\\\/cauceecologico.org\\\/?author=2#author\"},\"creator\":{\"@id\":\"https:\\\/\\\/cauceecologico.org\\\/?author=2#author\"},\"image\":{\"@type\":\"ImageObject\",\"url\":\"https:\\\/\\\/cauceecologico.org\\\/wp-content\\\/uploads\\\/2021\\\/08\\\/ciclo_charla.jpg\",\"@id\":\"https:\\\/\\\/cauceecologico.org\\\/?p=3027\\\/#mainImage\",\"width\":626,\"height\":331},\"primaryImageOfPage\":{\"@id\":\"https:\\\/\\\/cauceecologico.org\\\/?p=3027#mainImage\"},\"datePublished\":\"2021-08-05T14:16:15+00:00\",\"dateModified\":\"2021-08-05T19:56:02+00:00\"},{\"@type\":\"WebSite\",\"@id\":\"https:\\\/\\\/cauceecologico.org\\\/#website\",\"url\":\"https:\\\/\\\/cauceecologico.org\\\/\",\"name\":\"CAUCE\",\"description\":\"Cultura Ambiental - Causa Ecologista\",\"inLanguage\":\"es-ES\",\"publisher\":{\"@id\":\"https:\\\/\\\/cauceecologico.org\\\/#organization\"}}]}\n\t\t<\/script>\n\t\t<!-- All in One SEO -->\n\n","aioseo_head_json":{"title":"Charla sobre movimientos sociales y educaci\u00f3n - CAUCE","description":"La Directora Ejecutiva de Fundaci\u00f3n CAUCE, Abog. Valeria Enderle, participar\u00e1 de un ciclo de charlas sobre pedagog\u00edas decoloniales y resistencias \/contrahegemon\u00edas en territorio. El encuentro virtual ser\u00e1 este lunes 9 de agosto a las 17:00. Se trata de una propuesta -organizada por la c\u00e1tedra Investigaci\u00f3n Educativa III de los profesorados de Educaci\u00f3n Primaria, Educaci\u00f3n Inicial,","canonical_url":"https:\/\/cauceecologico.org\/?p=3027","robots":"max-image-preview:large","keywords":"","webmasterTools":{"miscellaneous":""},"schema":{"@context":"https:\/\/schema.org","@graph":[{"@type":"BlogPosting","@id":"https:\/\/cauceecologico.org\/?p=3027#blogposting","name":"Charla sobre movimientos sociales y educaci\u00f3n - CAUCE","headline":"Charla sobre movimientos sociales y educaci\u00f3n","author":{"@id":"https:\/\/cauceecologico.org\/?author=2#author"},"publisher":{"@id":"https:\/\/cauceecologico.org\/#organization"},"image":{"@type":"ImageObject","url":"https:\/\/cauceecologico.org\/wp-content\/uploads\/2021\/08\/ciclo_charla.jpg","width":626,"height":331},"datePublished":"2021-08-05T14:16:15+00:00","dateModified":"2021-08-05T19:56:02+00:00","inLanguage":"es-ES","mainEntityOfPage":{"@id":"https:\/\/cauceecologico.org\/?p=3027#webpage"},"isPartOf":{"@id":"https:\/\/cauceecologico.org\/?p=3027#webpage"},"articleSection":"Noticias"},{"@type":"BreadcrumbList","@id":"https:\/\/cauceecologico.org\/?p=3027#breadcrumblist","itemListElement":[{"@type":"ListItem","@id":"https:\/\/cauceecologico.org#listItem","position":1,"name":"Home","item":"https:\/\/cauceecologico.org","nextItem":{"@type":"ListItem","@id":"https:\/\/cauceecologico.org\/?cat=5#listItem","name":"Noticias"}},{"@type":"ListItem","@id":"https:\/\/cauceecologico.org\/?cat=5#listItem","position":2,"name":"Noticias","item":"https:\/\/cauceecologico.org\/?cat=5","nextItem":{"@type":"ListItem","@id":"https:\/\/cauceecologico.org\/?p=3027#listItem","name":"Charla sobre movimientos sociales y educaci\u00f3n"},"previousItem":{"@type":"ListItem","@id":"https:\/\/cauceecologico.org#listItem","name":"Home"}},{"@type":"ListItem","@id":"https:\/\/cauceecologico.org\/?p=3027#listItem","position":3,"name":"Charla sobre movimientos sociales y educaci\u00f3n","previousItem":{"@type":"ListItem","@id":"https:\/\/cauceecologico.org\/?cat=5#listItem","name":"Noticias"}}]},{"@type":"Organization","@id":"https:\/\/cauceecologico.org\/#organization","name":"CAUCE","description":"Cultura Ambiental - Causa Ecologista","url":"https:\/\/cauceecologico.org\/"},{"@type":"Person","@id":"https:\/\/cauceecologico.org\/?author=2#author","url":"https:\/\/cauceecologico.org\/?author=2","name":"Ana Lucia Vergara","image":{"@type":"ImageObject","@id":"https:\/\/cauceecologico.org\/?p=3027#authorImage","url":"https:\/\/secure.gravatar.com\/avatar\/e8720df08f5c466573fb9f3d6cec14bcac9a305e2049123e58e6bc9c03f3a77b?s=96&d=mm&r=g","width":96,"height":96,"caption":"Ana Lucia Vergara"}},{"@type":"WebPage","@id":"https:\/\/cauceecologico.org\/?p=3027#webpage","url":"https:\/\/cauceecologico.org\/?p=3027","name":"Charla sobre movimientos sociales y educaci\u00f3n - CAUCE","description":"La Directora Ejecutiva de Fundaci\u00f3n CAUCE, Abog. Valeria Enderle, participar\u00e1 de un ciclo de charlas sobre pedagog\u00edas decoloniales y resistencias \/contrahegemon\u00edas en territorio. El encuentro virtual ser\u00e1 este lunes 9 de agosto a las 17:00. Se trata de una propuesta -organizada por la c\u00e1tedra Investigaci\u00f3n Educativa III de los profesorados de Educaci\u00f3n Primaria, Educaci\u00f3n Inicial,","inLanguage":"es-ES","isPartOf":{"@id":"https:\/\/cauceecologico.org\/#website"},"breadcrumb":{"@id":"https:\/\/cauceecologico.org\/?p=3027#breadcrumblist"},"author":{"@id":"https:\/\/cauceecologico.org\/?author=2#author"},"creator":{"@id":"https:\/\/cauceecologico.org\/?author=2#author"},"image":{"@type":"ImageObject","url":"https:\/\/cauceecologico.org\/wp-content\/uploads\/2021\/08\/ciclo_charla.jpg","@id":"https:\/\/cauceecologico.org\/?p=3027\/#mainImage","width":626,"height":331},"primaryImageOfPage":{"@id":"https:\/\/cauceecologico.org\/?p=3027#mainImage"},"datePublished":"2021-08-05T14:16:15+00:00","dateModified":"2021-08-05T19:56:02+00:00"},{"@type":"WebSite","@id":"https:\/\/cauceecologico.org\/#website","url":"https:\/\/cauceecologico.org\/","name":"CAUCE","description":"Cultura Ambiental - Causa Ecologista","inLanguage":"es-ES","publisher":{"@id":"https:\/\/cauceecologico.org\/#organization"}}]},"og:locale":"es_ES","og:site_name":"CAUCE - Cultura Ambiental - Causa Ecologista","og:type":"article","og:title":"Charla sobre movimientos sociales y educaci\u00f3n - CAUCE","og:description":"La Directora Ejecutiva de Fundaci\u00f3n CAUCE, Abog. Valeria Enderle, participar\u00e1 de un ciclo de charlas sobre pedagog\u00edas decoloniales y resistencias \/contrahegemon\u00edas en territorio. El encuentro virtual ser\u00e1 este lunes 9 de agosto a las 17:00. Se trata de una propuesta -organizada por la c\u00e1tedra Investigaci\u00f3n Educativa III de los profesorados de Educaci\u00f3n Primaria, Educaci\u00f3n Inicial,","og:url":"https:\/\/cauceecologico.org\/?p=3027","article:published_time":"2021-08-05T14:16:15+00:00","article:modified_time":"2021-08-05T19:56:02+00:00","twitter:card":"summary_large_image","twitter:title":"Charla sobre movimientos sociales y educaci\u00f3n - CAUCE","twitter:description":"La Directora Ejecutiva de Fundaci\u00f3n CAUCE, Abog. Valeria Enderle, participar\u00e1 de un ciclo de charlas sobre pedagog\u00edas decoloniales y resistencias \/contrahegemon\u00edas en territorio. El encuentro virtual ser\u00e1 este lunes 9 de agosto a las 17:00. Se trata de una propuesta -organizada por la c\u00e1tedra Investigaci\u00f3n Educativa III de los profesorados de Educaci\u00f3n Primaria, Educaci\u00f3n Inicial,"},"aioseo_meta_data":{"post_id":"3027","title":null,"description":null,"keywords":null,"keyphrases":null,"primary_term":null,"canonical_url":null,"og_title":null,"og_description":null,"og_object_type":"default","og_image_type":"default","og_image_url":null,"og_image_width":null,"og_image_height":null,"og_image_custom_url":null,"og_image_custom_fields":null,"og_video":null,"og_custom_url":null,"og_article_section":null,"og_article_tags":null,"twitter_use_og":false,"twitter_card":"default","twitter_image_type":"default","twitter_image_url":null,"twitter_image_custom_url":null,"twitter_image_custom_fields":null,"twitter_title":null,"twitter_description":null,"schema":{"blockGraphs":[],"customGraphs":[],"default":{"data":{"Article":[],"Course":[],"Dataset":[],"FAQPage":[],"Movie":[],"Person":[],"Product":[],"ProductReview":[],"Car":[],"Recipe":[],"Service":[],"SoftwareApplication":[],"WebPage":[]},"graphName":"","isEnabled":true},"graphs":[]},"schema_type":"default","schema_type_options":null,"pillar_content":false,"robots_default":true,"robots_noindex":false,"robots_noarchive":false,"robots_nosnippet":false,"robots_nofollow":false,"robots_noimageindex":false,"robots_noodp":false,"robots_notranslate":false,"robots_max_snippet":null,"robots_max_videopreview":null,"robots_max_imagepreview":"large","priority":null,"frequency":null,"local_seo":null,"limit_modified_date":false,"created":"2023-03-16 20:49:10","updated":"2026-07-28 01:28:28","ai":null,"breadcrumb_settings":null,"seo_analyzer_scan_date":null},"aioseo_breadcrumb":"<div class=\"aioseo-breadcrumbs\"><span class=\"aioseo-breadcrumb\">\n\t\t\t<a href=\"https:\/\/cauceecologico.org\" title=\"Home\">Home<\/a>\n\t\t<\/span><span class=\"aioseo-breadcrumb-separator\">&raquo;<\/span><span class=\"aioseo-breadcrumb\">\n\t\t\t<a href=\"https:\/\/cauceecologico.org\/?cat=5\" title=\"Noticias\">Noticias<\/a>\n\t\t<\/span><span class=\"aioseo-breadcrumb-separator\">&raquo;<\/span><span class=\"aioseo-breadcrumb\">\n\t\t\tCharla sobre movimientos sociales y educaci\u00f3n\n\t\t<\/span><\/div>","aioseo_breadcrumb_json":[{"label":"Home","link":"https:\/\/cauceecologico.org"},{"label":"Noticias","link":"https:\/\/cauceecologico.org\/?cat=5"},{"label":"Charla sobre movimientos sociales y educaci\u00f3n","link":"https:\/\/cauceecologico.org\/?p=3027"}],"_links":{"self":[{"href":"https:\/\/cauceecologico.org\/index.php?rest_route=\/wp\/v2\/posts\/3027","targetHints":{"allow":["GET"]}}],"collection":[{"href":"https:\/\/cauceecologico.org\/index.php?rest_route=\/wp\/v2\/posts"}],"about":[{"href":"https:\/\/cauceecologico.org\/index.php?rest_route=\/wp\/v2\/types\/post"}],"author":[{"embeddable":true,"href":"https:\/\/cauceecologico.org\/index.php?rest_route=\/wp\/v2\/users\/2"}],"replies":[{"embeddable":true,"href":"https:\/\/cauceecologico.org\/index.php?rest_route=%2Fwp%2Fv2%2Fcomments&post=3027"}],"version-history":[{"count":10,"href":"https:\/\/cauceecologico.org\/index.php?rest_route=\/wp\/v2\/posts\/3027\/revisions"}],"predecessor-version":[{"id":3039,"href":"https:\/\/cauceecologico.org\/index.php?rest_route=\/wp\/v2\/posts\/3027\/revisions\/3039"}],"wp:featuredmedia":[{"embeddable":true,"href":"https:\/\/cauceecologico.org\/index.php?rest_route=\/wp\/v2\/media\/3029"}],"wp:attachment":[{"href":"https:\/\/cauceecologico.org\/index.php?rest_route=%2Fwp%2Fv2%2Fmedia&parent=3027"}],"wp:term":[{"taxonomy":"category","embeddable":true,"href":"https:\/\/cauceecologico.org\/index.php?rest_route=%2Fwp%2Fv2%2Fcategories&post=3027"},{"taxonomy":"post_tag","embeddable":true,"href":"https:\/\/cauceecologico.org\/index.php?rest_route=%2Fwp%2Fv2%2Ftags&post=3027"}],"curies":[{"name":"wp","href":"https:\/\/api.w.org\/{rel}","templated":true}]}}