{"id":3078,"date":"2021-08-23T19:45:59","date_gmt":"2021-08-23T19:45:59","guid":{"rendered":"https:\/\/cauceecologico.org\/?p=3078"},"modified":"2021-10-28T17:09:36","modified_gmt":"2021-10-28T17:09:36","slug":"pedido-de-informacion-sobre-el-fondo-ambiental-municipal","status":"publish","type":"post","link":"https:\/\/cauceecologico.org\/?p=3078","title":{"rendered":"Solicitud de informaci\u00f3n sobre el Fondo Ambiental Municipal"},"content":{"rendered":"<p>F<strong>undaci\u00f3n CAUCE: Cultura Ambiental \u2013 Causa Ecologista junto a Fundaci\u00f3n Puente a la Vida solicitaron informaci\u00f3n p\u00fablica ambiental sobre el Fondo Ambiental Municipal. Las mismas fueron dirigidas al secretario de Hacienda, Eduardo Jorge Macri, y al subsecretario de Ambiente y Acci\u00f3n Clim\u00e1tica, Facundo Varrone.\u00a0<\/strong><\/p>\n<p>En el caso de la solicitud presentada a la Secretar\u00eda de Hacienda, Inversi\u00f3n, Empleo, Ciencia y Tecnolog\u00eda de la Municipalidad de Paran\u00e1, se pidi\u00f3 informaci\u00f3n y documentaci\u00f3n sobre los montos anuales de recursos econ\u00f3micos que se han destinado al Fondo Ambiental Municipal (y su composici\u00f3n) desde el a\u00f1o 2017 a la fecha y, tambi\u00e9n, se requiri\u00f3 conocer si existen remanentes financieros de ejercicios anteriores.<\/p>\n<p>En la SAIPA enviada a la Subsecretar\u00eda de Ambiente y Acci\u00f3n Clim\u00e1tica de la Municipalidad de Paran\u00e1 se solicit\u00f3 conocer: los<span style=\"font-weight: 400;\"> montos anuales de recursos econ\u00f3micos que se han destinado al Fondo Ambiental Municipal, l<\/span><span style=\"font-weight: 400;\">os ejes, programas, actividades e iniciativas en que se vienen trabajando en el marco de los \u2018Criterios de Pol\u00edtica Ambiental\u2019 dispuestos por el art\u00edculo 10 de la Ordenanza 7717\/95, desde el a\u00f1o 2017 a la fecha y en cu\u00e1les se ha empleado directamente el financiamiento desde el Fondo Ambiental Municipal. Asimismo, se requiri\u00f3 conocer <\/span><span style=\"font-weight: 400;\">los ejes, programas, actividades e iniciativas futuras que se afectar\u00e1n con cargo al Fondo Ambiental Municipal y la estimaci\u00f3n de los compromisos financieros a asumir.<\/span><\/p>\n<p><strong><span style=\"color: #3366ff;\"><a style=\"color: #3366ff;\" href=\"http:\/\/cauceecologico.org\/wp-content\/uploads\/2021\/08\/Respuesta-de-Subsec.-ambiente-t-accion-climatica-exte-18470-21.pdf\">Respuesta de Subsecretar\u00eda. ambiente y acci\u00f3n clim\u00e1tica<\/a> <\/span><\/strong><\/p>\n<div style=\"text-align: right;\">23\/08\/21<\/div>\n","protected":false},"excerpt":{"rendered":"<p>Fundaci\u00f3n CAUCE: Cultura Ambiental \u2013 Causa Ecologista junto a Fundaci\u00f3n Puente a la Vida solicitaron informaci\u00f3n p\u00fablica ambiental sobre el Fondo Ambiental Municipal. Las mismas fueron dirigidas al secretario de Hacienda, Eduardo Jorge Macri, y al subsecretario de Ambiente y Acci\u00f3n Clim\u00e1tica, Facundo Varrone.\u00a0 En el caso de la solicitud presentada a la Secretar\u00eda de [&hellip;]<\/p>\n","protected":false},"author":2,"featured_media":3081,"comment_status":"open","ping_status":"open","sticky":false,"template":"","format":"standard","meta":{"om_disable_all_campaigns":false,"_monsterinsights_skip_tracking":false,"amp_status":"","footnotes":""},"categories":[111,5],"tags":[],"class_list":["post-3078","post","type-post","status-publish","format-standard","has-post-thumbnail","hentry","category-info-publica","category-noticias"],"aioseo_notices":[],"aioseo_head":"\n\t\t<!-- All in One SEO 4.9.10 - aioseo.com -->\n\t<meta name=\"description\" content=\"Fundaci\u00f3n CAUCE: Cultura Ambiental \u2013 Causa Ecologista junto a Fundaci\u00f3n Puente a la Vida solicitaron informaci\u00f3n p\u00fablica ambiental sobre el Fondo Ambiental Municipal. Las mismas fueron dirigidas al secretario de Hacienda, Eduardo Jorge Macri, y al subsecretario de Ambiente y Acci\u00f3n Clim\u00e1tica, Facundo Varrone. En el caso de la solicitud presentada a la Secretar\u00eda de\" \/>\n\t<meta name=\"robots\" content=\"max-image-preview:large\" \/>\n\t<meta name=\"author\" content=\"Ana Lucia Vergara\"\/>\n\t<link rel=\"canonical\" href=\"https:\/\/cauceecologico.org\/?p=3078\" \/>\n\t<meta name=\"generator\" content=\"All in One SEO (AIOSEO) 4.9.10\" \/>\n\t\t<meta property=\"og:locale\" content=\"es_ES\" \/>\n\t\t<meta property=\"og:site_name\" content=\"CAUCE - Cultura Ambiental - Causa Ecologista\" \/>\n\t\t<meta property=\"og:type\" content=\"article\" \/>\n\t\t<meta property=\"og:title\" content=\"Solicitud de informaci\u00f3n sobre el Fondo Ambiental Municipal - CAUCE\" \/>\n\t\t<meta property=\"og:description\" content=\"Fundaci\u00f3n CAUCE: Cultura Ambiental \u2013 Causa Ecologista junto a Fundaci\u00f3n Puente a la Vida solicitaron informaci\u00f3n p\u00fablica ambiental sobre el Fondo Ambiental Municipal. Las mismas fueron dirigidas al secretario de Hacienda, Eduardo Jorge Macri, y al subsecretario de Ambiente y Acci\u00f3n Clim\u00e1tica, Facundo Varrone. En el caso de la solicitud presentada a la Secretar\u00eda de\" \/>\n\t\t<meta property=\"og:url\" content=\"https:\/\/cauceecologico.org\/?p=3078\" \/>\n\t\t<meta property=\"article:published_time\" content=\"2021-08-23T19:45:59+00:00\" \/>\n\t\t<meta property=\"article:modified_time\" content=\"2021-10-28T17:09:36+00:00\" \/>\n\t\t<meta name=\"twitter:card\" content=\"summary_large_image\" \/>\n\t\t<meta name=\"twitter:title\" content=\"Solicitud de informaci\u00f3n sobre el Fondo Ambiental Municipal - CAUCE\" \/>\n\t\t<meta name=\"twitter:description\" content=\"Fundaci\u00f3n CAUCE: Cultura Ambiental \u2013 Causa Ecologista junto a Fundaci\u00f3n Puente a la Vida solicitaron informaci\u00f3n p\u00fablica ambiental sobre el Fondo Ambiental Municipal. Las mismas fueron dirigidas al secretario de Hacienda, Eduardo Jorge Macri, y al subsecretario de Ambiente y Acci\u00f3n Clim\u00e1tica, Facundo Varrone. En el caso de la solicitud presentada a la Secretar\u00eda de\" \/>\n\t\t<script type=\"application\/ld+json\" class=\"aioseo-schema\">\n\t\t\t{\"@context\":\"https:\\\/\\\/schema.org\",\"@graph\":[{\"@type\":\"BlogPosting\",\"@id\":\"https:\\\/\\\/cauceecologico.org\\\/?p=3078#blogposting\",\"name\":\"Solicitud de informaci\\u00f3n sobre el Fondo Ambiental Municipal - CAUCE\",\"headline\":\"Solicitud de informaci\\u00f3n sobre el Fondo Ambiental Municipal\",\"author\":{\"@id\":\"https:\\\/\\\/cauceecologico.org\\\/?author=2#author\"},\"publisher\":{\"@id\":\"https:\\\/\\\/cauceecologico.org\\\/#organization\"},\"image\":{\"@type\":\"ImageObject\",\"url\":\"https:\\\/\\\/cauceecologico.org\\\/wp-content\\\/uploads\\\/2021\\\/08\\\/o_1615498723.jpg\",\"width\":1280,\"height\":854},\"datePublished\":\"2021-08-23T19:45:59+00:00\",\"dateModified\":\"2021-10-28T17:09:36+00:00\",\"inLanguage\":\"es-ES\",\"mainEntityOfPage\":{\"@id\":\"https:\\\/\\\/cauceecologico.org\\\/?p=3078#webpage\"},\"isPartOf\":{\"@id\":\"https:\\\/\\\/cauceecologico.org\\\/?p=3078#webpage\"},\"articleSection\":\"informaci\\u00f3n p\\u00fablica, Noticias\"},{\"@type\":\"BreadcrumbList\",\"@id\":\"https:\\\/\\\/cauceecologico.org\\\/?p=3078#breadcrumblist\",\"itemListElement\":[{\"@type\":\"ListItem\",\"@id\":\"https:\\\/\\\/cauceecologico.org#listItem\",\"position\":1,\"name\":\"Home\",\"item\":\"https:\\\/\\\/cauceecologico.org\",\"nextItem\":{\"@type\":\"ListItem\",\"@id\":\"https:\\\/\\\/cauceecologico.org\\\/?cat=5#listItem\",\"name\":\"Noticias\"}},{\"@type\":\"ListItem\",\"@id\":\"https:\\\/\\\/cauceecologico.org\\\/?cat=5#listItem\",\"position\":2,\"name\":\"Noticias\",\"item\":\"https:\\\/\\\/cauceecologico.org\\\/?cat=5\",\"nextItem\":{\"@type\":\"ListItem\",\"@id\":\"https:\\\/\\\/cauceecologico.org\\\/?p=3078#listItem\",\"name\":\"Solicitud de informaci\\u00f3n sobre el Fondo Ambiental Municipal\"},\"previousItem\":{\"@type\":\"ListItem\",\"@id\":\"https:\\\/\\\/cauceecologico.org#listItem\",\"name\":\"Home\"}},{\"@type\":\"ListItem\",\"@id\":\"https:\\\/\\\/cauceecologico.org\\\/?p=3078#listItem\",\"position\":3,\"name\":\"Solicitud de informaci\\u00f3n sobre el Fondo Ambiental Municipal\",\"previousItem\":{\"@type\":\"ListItem\",\"@id\":\"https:\\\/\\\/cauceecologico.org\\\/?cat=5#listItem\",\"name\":\"Noticias\"}}]},{\"@type\":\"Organization\",\"@id\":\"https:\\\/\\\/cauceecologico.org\\\/#organization\",\"name\":\"CAUCE\",\"description\":\"Cultura Ambiental - Causa Ecologista\",\"url\":\"https:\\\/\\\/cauceecologico.org\\\/\"},{\"@type\":\"Person\",\"@id\":\"https:\\\/\\\/cauceecologico.org\\\/?author=2#author\",\"url\":\"https:\\\/\\\/cauceecologico.org\\\/?author=2\",\"name\":\"Ana Lucia Vergara\",\"image\":{\"@type\":\"ImageObject\",\"@id\":\"https:\\\/\\\/cauceecologico.org\\\/?p=3078#authorImage\",\"url\":\"https:\\\/\\\/secure.gravatar.com\\\/avatar\\\/e8720df08f5c466573fb9f3d6cec14bcac9a305e2049123e58e6bc9c03f3a77b?s=96&d=mm&r=g\",\"width\":96,\"height\":96,\"caption\":\"Ana Lucia Vergara\"}},{\"@type\":\"WebPage\",\"@id\":\"https:\\\/\\\/cauceecologico.org\\\/?p=3078#webpage\",\"url\":\"https:\\\/\\\/cauceecologico.org\\\/?p=3078\",\"name\":\"Solicitud de informaci\\u00f3n sobre el Fondo Ambiental Municipal - CAUCE\",\"description\":\"Fundaci\\u00f3n CAUCE: Cultura Ambiental \\u2013 Causa Ecologista junto a Fundaci\\u00f3n Puente a la Vida solicitaron informaci\\u00f3n p\\u00fablica ambiental sobre el Fondo Ambiental Municipal. Las mismas fueron dirigidas al secretario de Hacienda, Eduardo Jorge Macri, y al subsecretario de Ambiente y Acci\\u00f3n Clim\\u00e1tica, Facundo Varrone. En el caso de la solicitud presentada a la Secretar\\u00eda de\",\"inLanguage\":\"es-ES\",\"isPartOf\":{\"@id\":\"https:\\\/\\\/cauceecologico.org\\\/#website\"},\"breadcrumb\":{\"@id\":\"https:\\\/\\\/cauceecologico.org\\\/?p=3078#breadcrumblist\"},\"author\":{\"@id\":\"https:\\\/\\\/cauceecologico.org\\\/?author=2#author\"},\"creator\":{\"@id\":\"https:\\\/\\\/cauceecologico.org\\\/?author=2#author\"},\"image\":{\"@type\":\"ImageObject\",\"url\":\"https:\\\/\\\/cauceecologico.org\\\/wp-content\\\/uploads\\\/2021\\\/08\\\/o_1615498723.jpg\",\"@id\":\"https:\\\/\\\/cauceecologico.org\\\/?p=3078\\\/#mainImage\",\"width\":1280,\"height\":854},\"primaryImageOfPage\":{\"@id\":\"https:\\\/\\\/cauceecologico.org\\\/?p=3078#mainImage\"},\"datePublished\":\"2021-08-23T19:45:59+00:00\",\"dateModified\":\"2021-10-28T17:09:36+00:00\"},{\"@type\":\"WebSite\",\"@id\":\"https:\\\/\\\/cauceecologico.org\\\/#website\",\"url\":\"https:\\\/\\\/cauceecologico.org\\\/\",\"name\":\"CAUCE\",\"description\":\"Cultura Ambiental - Causa Ecologista\",\"inLanguage\":\"es-ES\",\"publisher\":{\"@id\":\"https:\\\/\\\/cauceecologico.org\\\/#organization\"}}]}\n\t\t<\/script>\n\t\t<!-- All in One SEO -->\n\n","aioseo_head_json":{"title":"Solicitud de informaci\u00f3n sobre el Fondo Ambiental Municipal - CAUCE","description":"Fundaci\u00f3n CAUCE: Cultura Ambiental \u2013 Causa Ecologista junto a Fundaci\u00f3n Puente a la Vida solicitaron informaci\u00f3n p\u00fablica ambiental sobre el Fondo Ambiental Municipal. Las mismas fueron dirigidas al secretario de Hacienda, Eduardo Jorge Macri, y al subsecretario de Ambiente y Acci\u00f3n Clim\u00e1tica, Facundo Varrone. En el caso de la solicitud presentada a la Secretar\u00eda de","canonical_url":"https:\/\/cauceecologico.org\/?p=3078","robots":"max-image-preview:large","keywords":"","webmasterTools":{"miscellaneous":""},"schema":{"@context":"https:\/\/schema.org","@graph":[{"@type":"BlogPosting","@id":"https:\/\/cauceecologico.org\/?p=3078#blogposting","name":"Solicitud de informaci\u00f3n sobre el Fondo Ambiental Municipal - CAUCE","headline":"Solicitud de informaci\u00f3n sobre el Fondo Ambiental Municipal","author":{"@id":"https:\/\/cauceecologico.org\/?author=2#author"},"publisher":{"@id":"https:\/\/cauceecologico.org\/#organization"},"image":{"@type":"ImageObject","url":"https:\/\/cauceecologico.org\/wp-content\/uploads\/2021\/08\/o_1615498723.jpg","width":1280,"height":854},"datePublished":"2021-08-23T19:45:59+00:00","dateModified":"2021-10-28T17:09:36+00:00","inLanguage":"es-ES","mainEntityOfPage":{"@id":"https:\/\/cauceecologico.org\/?p=3078#webpage"},"isPartOf":{"@id":"https:\/\/cauceecologico.org\/?p=3078#webpage"},"articleSection":"informaci\u00f3n p\u00fablica, Noticias"},{"@type":"BreadcrumbList","@id":"https:\/\/cauceecologico.org\/?p=3078#breadcrumblist","itemListElement":[{"@type":"ListItem","@id":"https:\/\/cauceecologico.org#listItem","position":1,"name":"Home","item":"https:\/\/cauceecologico.org","nextItem":{"@type":"ListItem","@id":"https:\/\/cauceecologico.org\/?cat=5#listItem","name":"Noticias"}},{"@type":"ListItem","@id":"https:\/\/cauceecologico.org\/?cat=5#listItem","position":2,"name":"Noticias","item":"https:\/\/cauceecologico.org\/?cat=5","nextItem":{"@type":"ListItem","@id":"https:\/\/cauceecologico.org\/?p=3078#listItem","name":"Solicitud de informaci\u00f3n sobre el Fondo Ambiental Municipal"},"previousItem":{"@type":"ListItem","@id":"https:\/\/cauceecologico.org#listItem","name":"Home"}},{"@type":"ListItem","@id":"https:\/\/cauceecologico.org\/?p=3078#listItem","position":3,"name":"Solicitud de informaci\u00f3n sobre el Fondo Ambiental Municipal","previousItem":{"@type":"ListItem","@id":"https:\/\/cauceecologico.org\/?cat=5#listItem","name":"Noticias"}}]},{"@type":"Organization","@id":"https:\/\/cauceecologico.org\/#organization","name":"CAUCE","description":"Cultura Ambiental - Causa Ecologista","url":"https:\/\/cauceecologico.org\/"},{"@type":"Person","@id":"https:\/\/cauceecologico.org\/?author=2#author","url":"https:\/\/cauceecologico.org\/?author=2","name":"Ana Lucia Vergara","image":{"@type":"ImageObject","@id":"https:\/\/cauceecologico.org\/?p=3078#authorImage","url":"https:\/\/secure.gravatar.com\/avatar\/e8720df08f5c466573fb9f3d6cec14bcac9a305e2049123e58e6bc9c03f3a77b?s=96&d=mm&r=g","width":96,"height":96,"caption":"Ana Lucia Vergara"}},{"@type":"WebPage","@id":"https:\/\/cauceecologico.org\/?p=3078#webpage","url":"https:\/\/cauceecologico.org\/?p=3078","name":"Solicitud de informaci\u00f3n sobre el Fondo Ambiental Municipal - CAUCE","description":"Fundaci\u00f3n CAUCE: Cultura Ambiental \u2013 Causa Ecologista junto a Fundaci\u00f3n Puente a la Vida solicitaron informaci\u00f3n p\u00fablica ambiental sobre el Fondo Ambiental Municipal. Las mismas fueron dirigidas al secretario de Hacienda, Eduardo Jorge Macri, y al subsecretario de Ambiente y Acci\u00f3n Clim\u00e1tica, Facundo Varrone. En el caso de la solicitud presentada a la Secretar\u00eda de","inLanguage":"es-ES","isPartOf":{"@id":"https:\/\/cauceecologico.org\/#website"},"breadcrumb":{"@id":"https:\/\/cauceecologico.org\/?p=3078#breadcrumblist"},"author":{"@id":"https:\/\/cauceecologico.org\/?author=2#author"},"creator":{"@id":"https:\/\/cauceecologico.org\/?author=2#author"},"image":{"@type":"ImageObject","url":"https:\/\/cauceecologico.org\/wp-content\/uploads\/2021\/08\/o_1615498723.jpg","@id":"https:\/\/cauceecologico.org\/?p=3078\/#mainImage","width":1280,"height":854},"primaryImageOfPage":{"@id":"https:\/\/cauceecologico.org\/?p=3078#mainImage"},"datePublished":"2021-08-23T19:45:59+00:00","dateModified":"2021-10-28T17:09:36+00:00"},{"@type":"WebSite","@id":"https:\/\/cauceecologico.org\/#website","url":"https:\/\/cauceecologico.org\/","name":"CAUCE","description":"Cultura Ambiental - Causa Ecologista","inLanguage":"es-ES","publisher":{"@id":"https:\/\/cauceecologico.org\/#organization"}}]},"og:locale":"es_ES","og:site_name":"CAUCE - Cultura Ambiental - Causa Ecologista","og:type":"article","og:title":"Solicitud de informaci\u00f3n sobre el Fondo Ambiental Municipal - CAUCE","og:description":"Fundaci\u00f3n CAUCE: Cultura Ambiental \u2013 Causa Ecologista junto a Fundaci\u00f3n Puente a la Vida solicitaron informaci\u00f3n p\u00fablica ambiental sobre el Fondo Ambiental Municipal. Las mismas fueron dirigidas al secretario de Hacienda, Eduardo Jorge Macri, y al subsecretario de Ambiente y Acci\u00f3n Clim\u00e1tica, Facundo Varrone. En el caso de la solicitud presentada a la Secretar\u00eda de","og:url":"https:\/\/cauceecologico.org\/?p=3078","article:published_time":"2021-08-23T19:45:59+00:00","article:modified_time":"2021-10-28T17:09:36+00:00","twitter:card":"summary_large_image","twitter:title":"Solicitud de informaci\u00f3n sobre el Fondo Ambiental Municipal - CAUCE","twitter:description":"Fundaci\u00f3n CAUCE: Cultura Ambiental \u2013 Causa Ecologista junto a Fundaci\u00f3n Puente a la Vida solicitaron informaci\u00f3n p\u00fablica ambiental sobre el Fondo Ambiental Municipal. Las mismas fueron dirigidas al secretario de Hacienda, Eduardo Jorge Macri, y al subsecretario de Ambiente y Acci\u00f3n Clim\u00e1tica, Facundo Varrone. En el caso de la solicitud presentada a la Secretar\u00eda de"},"aioseo_meta_data":{"post_id":"3078","title":null,"description":null,"keywords":null,"keyphrases":null,"primary_term":null,"canonical_url":null,"og_title":null,"og_description":null,"og_object_type":"default","og_image_type":"default","og_image_url":null,"og_image_width":null,"og_image_height":null,"og_image_custom_url":null,"og_image_custom_fields":null,"og_video":null,"og_custom_url":null,"og_article_section":null,"og_article_tags":null,"twitter_use_og":false,"twitter_card":"default","twitter_image_type":"default","twitter_image_url":null,"twitter_image_custom_url":null,"twitter_image_custom_fields":null,"twitter_title":null,"twitter_description":null,"schema":{"blockGraphs":[],"customGraphs":[],"default":{"data":{"Article":[],"Course":[],"Dataset":[],"FAQPage":[],"Movie":[],"Person":[],"Product":[],"ProductReview":[],"Car":[],"Recipe":[],"Service":[],"SoftwareApplication":[],"WebPage":[]},"graphName":"","isEnabled":true},"graphs":[]},"schema_type":"default","schema_type_options":null,"pillar_content":false,"robots_default":true,"robots_noindex":false,"robots_noarchive":false,"robots_nosnippet":false,"robots_nofollow":false,"robots_noimageindex":false,"robots_noodp":false,"robots_notranslate":false,"robots_max_snippet":null,"robots_max_videopreview":null,"robots_max_imagepreview":"large","priority":null,"frequency":null,"local_seo":null,"limit_modified_date":false,"created":"2023-03-16 20:51:24","updated":"2026-07-28 01:30:04","ai":null,"breadcrumb_settings":null,"seo_analyzer_scan_date":null},"aioseo_breadcrumb":"<div class=\"aioseo-breadcrumbs\"><span class=\"aioseo-breadcrumb\">\n\t\t\t<a href=\"https:\/\/cauceecologico.org\" title=\"Home\">Home<\/a>\n\t\t<\/span><span class=\"aioseo-breadcrumb-separator\">&raquo;<\/span><span class=\"aioseo-breadcrumb\">\n\t\t\t<a href=\"https:\/\/cauceecologico.org\/?cat=5\" title=\"Noticias\">Noticias<\/a>\n\t\t<\/span><span class=\"aioseo-breadcrumb-separator\">&raquo;<\/span><span class=\"aioseo-breadcrumb\">\n\t\t\tSolicitud de informaci\u00f3n sobre el Fondo Ambiental Municipal\n\t\t<\/span><\/div>","aioseo_breadcrumb_json":[{"label":"Home","link":"https:\/\/cauceecologico.org"},{"label":"Noticias","link":"https:\/\/cauceecologico.org\/?cat=5"},{"label":"Solicitud de informaci\u00f3n sobre el Fondo Ambiental Municipal","link":"https:\/\/cauceecologico.org\/?p=3078"}],"_links":{"self":[{"href":"https:\/\/cauceecologico.org\/index.php?rest_route=\/wp\/v2\/posts\/3078","targetHints":{"allow":["GET"]}}],"collection":[{"href":"https:\/\/cauceecologico.org\/index.php?rest_route=\/wp\/v2\/posts"}],"about":[{"href":"https:\/\/cauceecologico.org\/index.php?rest_route=\/wp\/v2\/types\/post"}],"author":[{"embeddable":true,"href":"https:\/\/cauceecologico.org\/index.php?rest_route=\/wp\/v2\/users\/2"}],"replies":[{"embeddable":true,"href":"https:\/\/cauceecologico.org\/index.php?rest_route=%2Fwp%2Fv2%2Fcomments&post=3078"}],"version-history":[{"count":5,"href":"https:\/\/cauceecologico.org\/index.php?rest_route=\/wp\/v2\/posts\/3078\/revisions"}],"predecessor-version":[{"id":3209,"href":"https:\/\/cauceecologico.org\/index.php?rest_route=\/wp\/v2\/posts\/3078\/revisions\/3209"}],"wp:featuredmedia":[{"embeddable":true,"href":"https:\/\/cauceecologico.org\/index.php?rest_route=\/wp\/v2\/media\/3081"}],"wp:attachment":[{"href":"https:\/\/cauceecologico.org\/index.php?rest_route=%2Fwp%2Fv2%2Fmedia&parent=3078"}],"wp:term":[{"taxonomy":"category","embeddable":true,"href":"https:\/\/cauceecologico.org\/index.php?rest_route=%2Fwp%2Fv2%2Fcategories&post=3078"},{"taxonomy":"post_tag","embeddable":true,"href":"https:\/\/cauceecologico.org\/index.php?rest_route=%2Fwp%2Fv2%2Ftags&post=3078"}],"curies":[{"name":"wp","href":"https:\/\/api.w.org\/{rel}","templated":true}]}}