{"id":3168,"date":"2021-10-14T19:26:31","date_gmt":"2021-10-14T19:26:31","guid":{"rendered":"https:\/\/cauceecologico.org\/?p=3168"},"modified":"2021-10-14T19:28:43","modified_gmt":"2021-10-14T19:28:43","slug":"arroyo-tuyucua-solicitud-de-informacion-publica-a-la-municipalidad","status":"publish","type":"post","link":"https:\/\/cauceecologico.org\/?p=3168","title":{"rendered":"Arroyo Tuyucu\u00e1: solicitud de informaci\u00f3n p\u00fablica a la Municipalidad"},"content":{"rendered":"<p><span style=\"font-weight: 400;\">En el marco de procesos de seguimiento y monitoreo que realiza Fundaci\u00f3n CAUCE sobre obras y proyectos que podr\u00edan generar impactos socio-ambientales locales, en particular el <\/span><b>seguimiento de la urbanizaci\u00f3n del nuevo barrio PROCREAR,<\/b><span style=\"font-weight: 400;\"> solicitamos informaci\u00f3n al intendente, Ad\u00e1n Bahl, <\/span><span style=\"font-weight: 400;\">sobre el proyecto de Planta de Tratamiento de Efluentes Cloacales del barrio PROCREAR, ubicado entre calles Espejo, Crausaz, Sarobe y Ej\u00e9rcito. <\/span><\/p>\n<p><span style=\"font-weight: 400;\">En particular solicitamos:<\/span><\/p>\n<ol>\n<li style=\"font-weight: 400;\" aria-level=\"1\"><span style=\"font-weight: 400;\">el tipo de tratamiento de los efluentes y los par\u00e1metros de vuelco de efluentes tratados.<\/span><\/li>\n<li style=\"font-weight: 400;\" aria-level=\"1\"><span style=\"font-weight: 400;\">si el vertido de efluentes tratados se realizar\u00e1 sobre el Arroyo Tuyucu\u00e1. En caso afirmativo, indique las razones que justificaron su elecci\u00f3n y la capacidad operativa de la planta.<\/span><\/li>\n<li style=\"font-weight: 400;\" aria-level=\"1\"><span style=\"font-weight: 400;\">Instancias de participaci\u00f3n ciudadana que se han realizado en torno al Proyecto mencionado, que afectar\u00eda a la cuenca del Arroyo Tuyucu\u00e1.<\/span><\/li>\n<li style=\"font-weight: 400;\" aria-level=\"1\"><span style=\"font-weight: 400;\">si se han realizado estudios hidr\u00e1ulicos, de la flora y fauna del Arroyo Tuyucu\u00e1 y la Cuenca que lo abarca.<\/span><\/li>\n<li style=\"font-weight: 400;\" aria-level=\"1\"><span style=\"font-weight: 400;\">si la mencionada Planta de Tratamiento captar\u00e1 efluentes cloacales de barrios aleda\u00f1os al complejo PROCREAR. En caso afirmativo, precise de qu\u00e9 barrios, en qu\u00e9 caudal y c\u00f3mo ello afectar\u00e1 a la capacidad operativa de la Planta.<\/span><\/li>\n<li style=\"font-weight: 400;\" aria-level=\"1\"><span style=\"font-weight: 400;\">el resultado del proceso de evaluaci\u00f3n de impacto ambiental del Proyecto Barrio PROCREAR y su afectaci\u00f3n sobre la cuenca del Arroyo Tuyucu\u00e1. Y s\u00edrvase remitir el correspondiente estudio de impacto ambiental\u00a0<\/span><\/li>\n<li style=\"font-weight: 400;\" aria-level=\"1\"><span style=\"font-weight: 400;\">si existe un Plan de Mantenimiento de la Planta de Tratamiento de Efluentes Cloacales mencionada. En caso afirmativo, indique qui\u00e9n estar\u00e1 a cargo del mismo y de qu\u00e9 modo -o bajo qu\u00e9 par\u00e1metros- llevar\u00e1 a cabo la actividad.\u00a0<\/span><\/li>\n<li style=\"font-weight: 400;\" aria-level=\"1\"><span style=\"font-weight: 400;\">si se ha desarrollado un plan de seguimiento y monitoreo de variables biol\u00f3gicas y f\u00edsico-qu\u00edmicas del Arroyo Tuyucu\u00e1. En particular, los aspectos relacionados a poblaciones de especies aut\u00f3ctonas de flora y fauna, as\u00ed como tambi\u00e9n caudal, pH, Demanda Biol\u00f3gica de Ox\u00edgeno, etc.<\/span><\/li>\n<li style=\"font-weight: 400;\" aria-level=\"1\"><span style=\"font-weight: 400;\">si existen proyectos o trabajos realizados en materia de mejora de servicios p\u00fablicos (cloacas, alumbrado p\u00fablico, agua potable, gas natural, asfalto, etc.) sobre los barrios aleda\u00f1os al complejo PROCREAR.<\/span><\/li>\n<li style=\"font-weight: 400;\" aria-level=\"1\"><span style=\"font-weight: 400;\">si existe un plan de urbanizaci\u00f3n futura que abarque zonas aleda\u00f1as al barrio PROCREAR. En caso afirmativo, informe qu\u00e9 estudios se han realizado al respecto.\u00a0<\/span><\/li>\n<\/ol>\n<p>&nbsp;<\/p>\n<p style=\"text-align: right;\">14\/10\/21<\/p>\n<p>&nbsp;<\/p>\n","protected":false},"excerpt":{"rendered":"<p>En el marco de procesos de seguimiento y monitoreo que realiza Fundaci\u00f3n CAUCE sobre obras y proyectos que podr\u00edan generar impactos socio-ambientales locales, en particular el seguimiento de la urbanizaci\u00f3n del nuevo barrio PROCREAR, solicitamos informaci\u00f3n al intendente, Ad\u00e1n Bahl, sobre el proyecto de Planta de Tratamiento de Efluentes Cloacales del barrio PROCREAR, ubicado entre [&hellip;]<\/p>\n","protected":false},"author":2,"featured_media":2776,"comment_status":"open","ping_status":"open","sticky":false,"template":"","format":"standard","meta":{"om_disable_all_campaigns":false,"_monsterinsights_skip_tracking":false,"amp_status":"","footnotes":""},"categories":[111,5],"tags":[],"class_list":["post-3168","post","type-post","status-publish","format-standard","has-post-thumbnail","hentry","category-info-publica","category-noticias"],"aioseo_notices":[],"aioseo_head":"\n\t\t<!-- All in One SEO 4.9.10 - aioseo.com -->\n\t<meta name=\"description\" content=\"En el marco de procesos de seguimiento y monitoreo que realiza Fundaci\u00f3n CAUCE sobre obras y proyectos que podr\u00edan generar impactos socio-ambientales locales, en particular el seguimiento de la urbanizaci\u00f3n del nuevo barrio PROCREAR, solicitamos informaci\u00f3n al intendente, Ad\u00e1n Bahl, sobre el proyecto de Planta de Tratamiento de Efluentes Cloacales del barrio PROCREAR, ubicado entre\" \/>\n\t<meta name=\"robots\" content=\"max-image-preview:large\" \/>\n\t<meta name=\"author\" content=\"Ana Lucia Vergara\"\/>\n\t<link rel=\"canonical\" href=\"https:\/\/cauceecologico.org\/?p=3168\" \/>\n\t<meta name=\"generator\" content=\"All in One SEO (AIOSEO) 4.9.10\" \/>\n\t\t<meta property=\"og:locale\" content=\"es_ES\" \/>\n\t\t<meta property=\"og:site_name\" content=\"CAUCE - Cultura Ambiental - Causa Ecologista\" \/>\n\t\t<meta property=\"og:type\" content=\"article\" \/>\n\t\t<meta property=\"og:title\" content=\"Arroyo Tuyucu\u00e1: solicitud de informaci\u00f3n p\u00fablica a la Municipalidad - CAUCE\" \/>\n\t\t<meta property=\"og:description\" content=\"En el marco de procesos de seguimiento y monitoreo que realiza Fundaci\u00f3n CAUCE sobre obras y proyectos que podr\u00edan generar impactos socio-ambientales locales, en particular el seguimiento de la urbanizaci\u00f3n del nuevo barrio PROCREAR, solicitamos informaci\u00f3n al intendente, Ad\u00e1n Bahl, sobre el proyecto de Planta de Tratamiento de Efluentes Cloacales del barrio PROCREAR, ubicado entre\" \/>\n\t\t<meta property=\"og:url\" content=\"https:\/\/cauceecologico.org\/?p=3168\" \/>\n\t\t<meta property=\"article:published_time\" content=\"2021-10-14T19:26:31+00:00\" \/>\n\t\t<meta property=\"article:modified_time\" content=\"2021-10-14T19:28:43+00:00\" \/>\n\t\t<meta name=\"twitter:card\" content=\"summary_large_image\" \/>\n\t\t<meta name=\"twitter:title\" content=\"Arroyo Tuyucu\u00e1: solicitud de informaci\u00f3n p\u00fablica a la Municipalidad - CAUCE\" \/>\n\t\t<meta name=\"twitter:description\" content=\"En el marco de procesos de seguimiento y monitoreo que realiza Fundaci\u00f3n CAUCE sobre obras y proyectos que podr\u00edan generar impactos socio-ambientales locales, en particular el seguimiento de la urbanizaci\u00f3n del nuevo barrio PROCREAR, solicitamos informaci\u00f3n al intendente, Ad\u00e1n Bahl, sobre el proyecto de Planta de Tratamiento de Efluentes Cloacales del barrio PROCREAR, ubicado entre\" \/>\n\t\t<script type=\"application\/ld+json\" class=\"aioseo-schema\">\n\t\t\t{\"@context\":\"https:\\\/\\\/schema.org\",\"@graph\":[{\"@type\":\"BlogPosting\",\"@id\":\"https:\\\/\\\/cauceecologico.org\\\/?p=3168#blogposting\",\"name\":\"Arroyo Tuyucu\\u00e1: solicitud de informaci\\u00f3n p\\u00fablica a la Municipalidad - CAUCE\",\"headline\":\"Arroyo Tuyucu\\u00e1: solicitud de informaci\\u00f3n p\\u00fablica a la Municipalidad\",\"author\":{\"@id\":\"https:\\\/\\\/cauceecologico.org\\\/?author=2#author\"},\"publisher\":{\"@id\":\"https:\\\/\\\/cauceecologico.org\\\/#organization\"},\"image\":{\"@type\":\"ImageObject\",\"url\":\"https:\\\/\\\/cauceecologico.org\\\/wp-content\\\/uploads\\\/2021\\\/02\\\/241913_123.jpg\",\"width\":1732,\"height\":1539},\"datePublished\":\"2021-10-14T19:26:31+00:00\",\"dateModified\":\"2021-10-14T19:28:43+00:00\",\"inLanguage\":\"es-ES\",\"mainEntityOfPage\":{\"@id\":\"https:\\\/\\\/cauceecologico.org\\\/?p=3168#webpage\"},\"isPartOf\":{\"@id\":\"https:\\\/\\\/cauceecologico.org\\\/?p=3168#webpage\"},\"articleSection\":\"informaci\\u00f3n p\\u00fablica, Noticias\"},{\"@type\":\"BreadcrumbList\",\"@id\":\"https:\\\/\\\/cauceecologico.org\\\/?p=3168#breadcrumblist\",\"itemListElement\":[{\"@type\":\"ListItem\",\"@id\":\"https:\\\/\\\/cauceecologico.org#listItem\",\"position\":1,\"name\":\"Home\",\"item\":\"https:\\\/\\\/cauceecologico.org\",\"nextItem\":{\"@type\":\"ListItem\",\"@id\":\"https:\\\/\\\/cauceecologico.org\\\/?cat=5#listItem\",\"name\":\"Noticias\"}},{\"@type\":\"ListItem\",\"@id\":\"https:\\\/\\\/cauceecologico.org\\\/?cat=5#listItem\",\"position\":2,\"name\":\"Noticias\",\"item\":\"https:\\\/\\\/cauceecologico.org\\\/?cat=5\",\"nextItem\":{\"@type\":\"ListItem\",\"@id\":\"https:\\\/\\\/cauceecologico.org\\\/?p=3168#listItem\",\"name\":\"Arroyo Tuyucu\\u00e1: solicitud de informaci\\u00f3n p\\u00fablica a la Municipalidad\"},\"previousItem\":{\"@type\":\"ListItem\",\"@id\":\"https:\\\/\\\/cauceecologico.org#listItem\",\"name\":\"Home\"}},{\"@type\":\"ListItem\",\"@id\":\"https:\\\/\\\/cauceecologico.org\\\/?p=3168#listItem\",\"position\":3,\"name\":\"Arroyo Tuyucu\\u00e1: solicitud de informaci\\u00f3n p\\u00fablica a la Municipalidad\",\"previousItem\":{\"@type\":\"ListItem\",\"@id\":\"https:\\\/\\\/cauceecologico.org\\\/?cat=5#listItem\",\"name\":\"Noticias\"}}]},{\"@type\":\"Organization\",\"@id\":\"https:\\\/\\\/cauceecologico.org\\\/#organization\",\"name\":\"CAUCE\",\"description\":\"Cultura Ambiental - Causa Ecologista\",\"url\":\"https:\\\/\\\/cauceecologico.org\\\/\"},{\"@type\":\"Person\",\"@id\":\"https:\\\/\\\/cauceecologico.org\\\/?author=2#author\",\"url\":\"https:\\\/\\\/cauceecologico.org\\\/?author=2\",\"name\":\"Ana Lucia Vergara\",\"image\":{\"@type\":\"ImageObject\",\"@id\":\"https:\\\/\\\/cauceecologico.org\\\/?p=3168#authorImage\",\"url\":\"https:\\\/\\\/secure.gravatar.com\\\/avatar\\\/e8720df08f5c466573fb9f3d6cec14bcac9a305e2049123e58e6bc9c03f3a77b?s=96&d=mm&r=g\",\"width\":96,\"height\":96,\"caption\":\"Ana Lucia Vergara\"}},{\"@type\":\"WebPage\",\"@id\":\"https:\\\/\\\/cauceecologico.org\\\/?p=3168#webpage\",\"url\":\"https:\\\/\\\/cauceecologico.org\\\/?p=3168\",\"name\":\"Arroyo Tuyucu\\u00e1: solicitud de informaci\\u00f3n p\\u00fablica a la Municipalidad - CAUCE\",\"description\":\"En el marco de procesos de seguimiento y monitoreo que realiza Fundaci\\u00f3n CAUCE sobre obras y proyectos que podr\\u00edan generar impactos socio-ambientales locales, en particular el seguimiento de la urbanizaci\\u00f3n del nuevo barrio PROCREAR, solicitamos informaci\\u00f3n al intendente, Ad\\u00e1n Bahl, sobre el proyecto de Planta de Tratamiento de Efluentes Cloacales del barrio PROCREAR, ubicado entre\",\"inLanguage\":\"es-ES\",\"isPartOf\":{\"@id\":\"https:\\\/\\\/cauceecologico.org\\\/#website\"},\"breadcrumb\":{\"@id\":\"https:\\\/\\\/cauceecologico.org\\\/?p=3168#breadcrumblist\"},\"author\":{\"@id\":\"https:\\\/\\\/cauceecologico.org\\\/?author=2#author\"},\"creator\":{\"@id\":\"https:\\\/\\\/cauceecologico.org\\\/?author=2#author\"},\"image\":{\"@type\":\"ImageObject\",\"url\":\"https:\\\/\\\/cauceecologico.org\\\/wp-content\\\/uploads\\\/2021\\\/02\\\/241913_123.jpg\",\"@id\":\"https:\\\/\\\/cauceecologico.org\\\/?p=3168\\\/#mainImage\",\"width\":1732,\"height\":1539},\"primaryImageOfPage\":{\"@id\":\"https:\\\/\\\/cauceecologico.org\\\/?p=3168#mainImage\"},\"datePublished\":\"2021-10-14T19:26:31+00:00\",\"dateModified\":\"2021-10-14T19:28:43+00:00\"},{\"@type\":\"WebSite\",\"@id\":\"https:\\\/\\\/cauceecologico.org\\\/#website\",\"url\":\"https:\\\/\\\/cauceecologico.org\\\/\",\"name\":\"CAUCE\",\"description\":\"Cultura Ambiental - Causa Ecologista\",\"inLanguage\":\"es-ES\",\"publisher\":{\"@id\":\"https:\\\/\\\/cauceecologico.org\\\/#organization\"}}]}\n\t\t<\/script>\n\t\t<!-- All in One SEO -->\n\n","aioseo_head_json":{"title":"Arroyo Tuyucu\u00e1: solicitud de informaci\u00f3n p\u00fablica a la Municipalidad - CAUCE","description":"En el marco de procesos de seguimiento y monitoreo que realiza Fundaci\u00f3n CAUCE sobre obras y proyectos que podr\u00edan generar impactos socio-ambientales locales, en particular el seguimiento de la urbanizaci\u00f3n del nuevo barrio PROCREAR, solicitamos informaci\u00f3n al intendente, Ad\u00e1n Bahl, sobre el proyecto de Planta de Tratamiento de Efluentes Cloacales del barrio PROCREAR, ubicado entre","canonical_url":"https:\/\/cauceecologico.org\/?p=3168","robots":"max-image-preview:large","keywords":"","webmasterTools":{"miscellaneous":""},"schema":{"@context":"https:\/\/schema.org","@graph":[{"@type":"BlogPosting","@id":"https:\/\/cauceecologico.org\/?p=3168#blogposting","name":"Arroyo Tuyucu\u00e1: solicitud de informaci\u00f3n p\u00fablica a la Municipalidad - CAUCE","headline":"Arroyo Tuyucu\u00e1: solicitud de informaci\u00f3n p\u00fablica a la Municipalidad","author":{"@id":"https:\/\/cauceecologico.org\/?author=2#author"},"publisher":{"@id":"https:\/\/cauceecologico.org\/#organization"},"image":{"@type":"ImageObject","url":"https:\/\/cauceecologico.org\/wp-content\/uploads\/2021\/02\/241913_123.jpg","width":1732,"height":1539},"datePublished":"2021-10-14T19:26:31+00:00","dateModified":"2021-10-14T19:28:43+00:00","inLanguage":"es-ES","mainEntityOfPage":{"@id":"https:\/\/cauceecologico.org\/?p=3168#webpage"},"isPartOf":{"@id":"https:\/\/cauceecologico.org\/?p=3168#webpage"},"articleSection":"informaci\u00f3n p\u00fablica, Noticias"},{"@type":"BreadcrumbList","@id":"https:\/\/cauceecologico.org\/?p=3168#breadcrumblist","itemListElement":[{"@type":"ListItem","@id":"https:\/\/cauceecologico.org#listItem","position":1,"name":"Home","item":"https:\/\/cauceecologico.org","nextItem":{"@type":"ListItem","@id":"https:\/\/cauceecologico.org\/?cat=5#listItem","name":"Noticias"}},{"@type":"ListItem","@id":"https:\/\/cauceecologico.org\/?cat=5#listItem","position":2,"name":"Noticias","item":"https:\/\/cauceecologico.org\/?cat=5","nextItem":{"@type":"ListItem","@id":"https:\/\/cauceecologico.org\/?p=3168#listItem","name":"Arroyo Tuyucu\u00e1: solicitud de informaci\u00f3n p\u00fablica a la Municipalidad"},"previousItem":{"@type":"ListItem","@id":"https:\/\/cauceecologico.org#listItem","name":"Home"}},{"@type":"ListItem","@id":"https:\/\/cauceecologico.org\/?p=3168#listItem","position":3,"name":"Arroyo Tuyucu\u00e1: solicitud de informaci\u00f3n p\u00fablica a la Municipalidad","previousItem":{"@type":"ListItem","@id":"https:\/\/cauceecologico.org\/?cat=5#listItem","name":"Noticias"}}]},{"@type":"Organization","@id":"https:\/\/cauceecologico.org\/#organization","name":"CAUCE","description":"Cultura Ambiental - Causa Ecologista","url":"https:\/\/cauceecologico.org\/"},{"@type":"Person","@id":"https:\/\/cauceecologico.org\/?author=2#author","url":"https:\/\/cauceecologico.org\/?author=2","name":"Ana Lucia Vergara","image":{"@type":"ImageObject","@id":"https:\/\/cauceecologico.org\/?p=3168#authorImage","url":"https:\/\/secure.gravatar.com\/avatar\/e8720df08f5c466573fb9f3d6cec14bcac9a305e2049123e58e6bc9c03f3a77b?s=96&d=mm&r=g","width":96,"height":96,"caption":"Ana Lucia Vergara"}},{"@type":"WebPage","@id":"https:\/\/cauceecologico.org\/?p=3168#webpage","url":"https:\/\/cauceecologico.org\/?p=3168","name":"Arroyo Tuyucu\u00e1: solicitud de informaci\u00f3n p\u00fablica a la Municipalidad - CAUCE","description":"En el marco de procesos de seguimiento y monitoreo que realiza Fundaci\u00f3n CAUCE sobre obras y proyectos que podr\u00edan generar impactos socio-ambientales locales, en particular el seguimiento de la urbanizaci\u00f3n del nuevo barrio PROCREAR, solicitamos informaci\u00f3n al intendente, Ad\u00e1n Bahl, sobre el proyecto de Planta de Tratamiento de Efluentes Cloacales del barrio PROCREAR, ubicado entre","inLanguage":"es-ES","isPartOf":{"@id":"https:\/\/cauceecologico.org\/#website"},"breadcrumb":{"@id":"https:\/\/cauceecologico.org\/?p=3168#breadcrumblist"},"author":{"@id":"https:\/\/cauceecologico.org\/?author=2#author"},"creator":{"@id":"https:\/\/cauceecologico.org\/?author=2#author"},"image":{"@type":"ImageObject","url":"https:\/\/cauceecologico.org\/wp-content\/uploads\/2021\/02\/241913_123.jpg","@id":"https:\/\/cauceecologico.org\/?p=3168\/#mainImage","width":1732,"height":1539},"primaryImageOfPage":{"@id":"https:\/\/cauceecologico.org\/?p=3168#mainImage"},"datePublished":"2021-10-14T19:26:31+00:00","dateModified":"2021-10-14T19:28:43+00:00"},{"@type":"WebSite","@id":"https:\/\/cauceecologico.org\/#website","url":"https:\/\/cauceecologico.org\/","name":"CAUCE","description":"Cultura Ambiental - Causa Ecologista","inLanguage":"es-ES","publisher":{"@id":"https:\/\/cauceecologico.org\/#organization"}}]},"og:locale":"es_ES","og:site_name":"CAUCE - Cultura Ambiental - Causa Ecologista","og:type":"article","og:title":"Arroyo Tuyucu\u00e1: solicitud de informaci\u00f3n p\u00fablica a la Municipalidad - CAUCE","og:description":"En el marco de procesos de seguimiento y monitoreo que realiza Fundaci\u00f3n CAUCE sobre obras y proyectos que podr\u00edan generar impactos socio-ambientales locales, en particular el seguimiento de la urbanizaci\u00f3n del nuevo barrio PROCREAR, solicitamos informaci\u00f3n al intendente, Ad\u00e1n Bahl, sobre el proyecto de Planta de Tratamiento de Efluentes Cloacales del barrio PROCREAR, ubicado entre","og:url":"https:\/\/cauceecologico.org\/?p=3168","article:published_time":"2021-10-14T19:26:31+00:00","article:modified_time":"2021-10-14T19:28:43+00:00","twitter:card":"summary_large_image","twitter:title":"Arroyo Tuyucu\u00e1: solicitud de informaci\u00f3n p\u00fablica a la Municipalidad - CAUCE","twitter:description":"En el marco de procesos de seguimiento y monitoreo que realiza Fundaci\u00f3n CAUCE sobre obras y proyectos que podr\u00edan generar impactos socio-ambientales locales, en particular el seguimiento de la urbanizaci\u00f3n del nuevo barrio PROCREAR, solicitamos informaci\u00f3n al intendente, Ad\u00e1n Bahl, sobre el proyecto de Planta de Tratamiento de Efluentes Cloacales del barrio PROCREAR, ubicado entre"},"aioseo_meta_data":{"post_id":"3168","title":null,"description":null,"keywords":null,"keyphrases":null,"primary_term":null,"canonical_url":null,"og_title":null,"og_description":null,"og_object_type":"default","og_image_type":"default","og_image_url":null,"og_image_width":null,"og_image_height":null,"og_image_custom_url":null,"og_image_custom_fields":null,"og_video":null,"og_custom_url":null,"og_article_section":null,"og_article_tags":null,"twitter_use_og":false,"twitter_card":"default","twitter_image_type":"default","twitter_image_url":null,"twitter_image_custom_url":null,"twitter_image_custom_fields":null,"twitter_title":null,"twitter_description":null,"schema":{"blockGraphs":[],"customGraphs":[],"default":{"data":{"Article":[],"Course":[],"Dataset":[],"FAQPage":[],"Movie":[],"Person":[],"Product":[],"ProductReview":[],"Car":[],"Recipe":[],"Service":[],"SoftwareApplication":[],"WebPage":[]},"graphName":"","isEnabled":true},"graphs":[]},"schema_type":"default","schema_type_options":null,"pillar_content":false,"robots_default":true,"robots_noindex":false,"robots_noarchive":false,"robots_nosnippet":false,"robots_nofollow":false,"robots_noimageindex":false,"robots_noodp":false,"robots_notranslate":false,"robots_max_snippet":null,"robots_max_videopreview":null,"robots_max_imagepreview":"large","priority":null,"frequency":null,"local_seo":null,"limit_modified_date":false,"created":"2023-03-16 20:54:56","updated":"2026-07-28 01:32:31","ai":null,"breadcrumb_settings":null,"seo_analyzer_scan_date":null},"aioseo_breadcrumb":"<div class=\"aioseo-breadcrumbs\"><span class=\"aioseo-breadcrumb\">\n\t\t\t<a href=\"https:\/\/cauceecologico.org\" title=\"Home\">Home<\/a>\n\t\t<\/span><span class=\"aioseo-breadcrumb-separator\">&raquo;<\/span><span class=\"aioseo-breadcrumb\">\n\t\t\t<a href=\"https:\/\/cauceecologico.org\/?cat=5\" title=\"Noticias\">Noticias<\/a>\n\t\t<\/span><span class=\"aioseo-breadcrumb-separator\">&raquo;<\/span><span class=\"aioseo-breadcrumb\">\n\t\t\tArroyo Tuyucu\u00e1: solicitud de informaci\u00f3n p\u00fablica a la Municipalidad\n\t\t<\/span><\/div>","aioseo_breadcrumb_json":[{"label":"Home","link":"https:\/\/cauceecologico.org"},{"label":"Noticias","link":"https:\/\/cauceecologico.org\/?cat=5"},{"label":"Arroyo Tuyucu\u00e1: solicitud de informaci\u00f3n p\u00fablica a la Municipalidad","link":"https:\/\/cauceecologico.org\/?p=3168"}],"_links":{"self":[{"href":"https:\/\/cauceecologico.org\/index.php?rest_route=\/wp\/v2\/posts\/3168","targetHints":{"allow":["GET"]}}],"collection":[{"href":"https:\/\/cauceecologico.org\/index.php?rest_route=\/wp\/v2\/posts"}],"about":[{"href":"https:\/\/cauceecologico.org\/index.php?rest_route=\/wp\/v2\/types\/post"}],"author":[{"embeddable":true,"href":"https:\/\/cauceecologico.org\/index.php?rest_route=\/wp\/v2\/users\/2"}],"replies":[{"embeddable":true,"href":"https:\/\/cauceecologico.org\/index.php?rest_route=%2Fwp%2Fv2%2Fcomments&post=3168"}],"version-history":[{"count":2,"href":"https:\/\/cauceecologico.org\/index.php?rest_route=\/wp\/v2\/posts\/3168\/revisions"}],"predecessor-version":[{"id":3170,"href":"https:\/\/cauceecologico.org\/index.php?rest_route=\/wp\/v2\/posts\/3168\/revisions\/3170"}],"wp:featuredmedia":[{"embeddable":true,"href":"https:\/\/cauceecologico.org\/index.php?rest_route=\/wp\/v2\/media\/2776"}],"wp:attachment":[{"href":"https:\/\/cauceecologico.org\/index.php?rest_route=%2Fwp%2Fv2%2Fmedia&parent=3168"}],"wp:term":[{"taxonomy":"category","embeddable":true,"href":"https:\/\/cauceecologico.org\/index.php?rest_route=%2Fwp%2Fv2%2Fcategories&post=3168"},{"taxonomy":"post_tag","embeddable":true,"href":"https:\/\/cauceecologico.org\/index.php?rest_route=%2Fwp%2Fv2%2Ftags&post=3168"}],"curies":[{"name":"wp","href":"https:\/\/api.w.org\/{rel}","templated":true}]}}