{"id":3191,"date":"2021-10-26T14:35:12","date_gmt":"2021-10-26T14:35:12","guid":{"rendered":"https:\/\/cauceecologico.org\/?p=3191"},"modified":"2021-10-28T21:27:41","modified_gmt":"2021-10-28T21:27:41","slug":"convocatoria-para-participar-de-una-instalacion-por-los-humedales","status":"publish","type":"post","link":"https:\/\/cauceecologico.org\/?p=3191","title":{"rendered":"Convocatoria para participar de una instalaci\u00f3n por los humedales"},"content":{"rendered":"<p><strong>En el marco de la tercera edici\u00f3n del festival ambiental Alma Delta, organizado por Fundaci\u00f3n CAUCE: Cultura Ambiental &#8211; Causa Ecologista, se convoca a la comunidad art\u00edstica a formar parte de \u201cExpedici\u00f3n Resonar: todos somos humedal\u201d, una instalaci\u00f3n sonora visual del artista Francisco Paredes. El evento se llevar\u00e1 a cabo el viernes 26 de noviembre en la Casa de la Cultura de la ciudad de Paran\u00e1, y contar\u00e1 con una muestra fotogr\u00e1fica, stands de productoras y productores agroecol\u00f3gicos, taller sobre alimentaci\u00f3n, charla sobre el r\u00edo Paran\u00e1, lecturas y m\u00fasica en vivo.\u00a0<\/strong><\/p>\n<h4><span style=\"font-weight: 400; color: #ff00ff;\">Sobre la instalaci\u00f3n\u00a0<\/span><\/h4>\n<p><b><img loading=\"lazy\" decoding=\"async\" class=\"alignleft wp-image-3192 size-medium\" src=\"http:\/\/cauceecologico.org\/wp-content\/uploads\/2021\/10\/WhatsApp-Image-2021-10-23-at-10.50.28-300x300.jpeg\" alt=\"\" width=\"300\" height=\"300\" srcset=\"https:\/\/cauceecologico.org\/wp-content\/uploads\/2021\/10\/WhatsApp-Image-2021-10-23-at-10.50.28-300x300.jpeg 300w, https:\/\/cauceecologico.org\/wp-content\/uploads\/2021\/10\/WhatsApp-Image-2021-10-23-at-10.50.28-150x150.jpeg 150w, https:\/\/cauceecologico.org\/wp-content\/uploads\/2021\/10\/WhatsApp-Image-2021-10-23-at-10.50.28-768x768.jpeg 768w, https:\/\/cauceecologico.org\/wp-content\/uploads\/2021\/10\/WhatsApp-Image-2021-10-23-at-10.50.28-80x80.jpeg 80w, https:\/\/cauceecologico.org\/wp-content\/uploads\/2021\/10\/WhatsApp-Image-2021-10-23-at-10.50.28.jpeg 900w\" sizes=\"auto, (max-width: 300px) 100vw, 300px\" \/><\/b><\/p>\n<p>&nbsp;<\/p>\n<p><b>Expedici\u00f3n Resonar<\/b><span style=\"font-weight: 400;\"> propone una experiencia inmersiva que invita a conectar con el ambiente de los humedales a partir de sonidos caracter\u00edsticos del lugar, destacando el valor y la importancia de los humedales en la preservaci\u00f3n de la biodiversidad y la purificaci\u00f3n del agua.\u00a0<\/span><\/p>\n<p><span style=\"font-weight: 400;\">A partir de expediciones personales a diferentes territorios h\u00famedos de la ciudad de Paran\u00e1 y alrededores, el artista realiza registros auditivos del canto de los p\u00e1jaros, animales, insectos, agua y viento para generar junto con el uso de la luz y un m\u00f3vil colgante -producido a partir de la colaboraci\u00f3n con otrxs artistas- una instalaci\u00f3n donde invita a reconectar con el entorno y con nosotrxs mismxs.<\/span><\/p>\n<h4><span style=\"color: #ff00ff;\">Convocatoria<\/span><\/h4>\n<p><span style=\"font-weight: 400;\">Invitamos a artistas y personas creativas a sumar un objeto a la escultura colgante que estar\u00e1 ubicada en el centro de la sala. Este colgante dibuja la forma de un p\u00e1jaro multiforme y tridimensional que se asomar\u00e1 en la oscuridad a partir de los reflejos que cada fragmento genera al recibir luz.<\/span><\/p>\n<p><span style=\"font-weight: 400;\">Cada una de las personas participantes ser\u00e1 co-autora de la obra, destacando as\u00ed\u00a0 la importancia de pensar y actuar colectivamente en el cuidado de la naturaleza.<\/span><\/p>\n<h4><span style=\"color: #ff00ff;\">Caracter\u00edsticas:<\/span><\/h4>\n<p><span style=\"font-weight: 400;\">Medida m\u00e1xima de 28 x 35 cm \/ m\u00ednima 20 x 30 cm. Espesor: hasta 2 cm.<\/span><\/p>\n<p><span style=\"font-weight: 400;\">Forma libre. Puede ser un c\u00edrculo, un trapecio, la forma de un animal, una letra, etc.<\/span><\/p>\n<p><span style=\"font-weight: 400;\">La superficie debe reflejar la luz (vidrio, chapa, acr\u00edlico, textil).\u00a0<\/span><\/p>\n<p><span style=\"font-weight: 400;\">Cada fragmento debe tener en el extremo superior un elemento que le permita atarse a una cuerda o tanza.<\/span><\/p>\n<p><span style=\"font-weight: 400;\">&#x27a1;&#xfe0f;Recepci\u00f3n: del <strong>11 al 18 de noviembre<\/strong>.<\/span><\/p>\n<p><span style=\"font-weight: 400;\">&#x27a1;&#xfe0f;Complet\u00e1 el siguiente <strong><span style=\"color: #3366ff;\"><a style=\"color: #3366ff;\" href=\"https:\/\/forms.gle\/E6tyw8LWYmVMoWyH9\">formulario.<\/a><\/span><\/strong><\/span><\/p>\n<p><span style=\"color: #ff00ff;\"><b>Sobre el artista:<\/b><\/span><\/p>\n<p><span style=\"font-weight: 400;\">Francisco Paredes (Paran\u00e1, 1968) es artista visual, curador y productor audiovisual. Es fundador de la iniciativa art\u00edstica La Paternal Espacio Proyecto &#8211; residencia\/investigaci\u00f3n\/exhibici\u00f3n, en Buenos Aires http:\/\/www.lapaternalespacioproyecto.com.ar<\/span><span style=\"font-weight: 400;\">).<\/span><\/p>\n<p><span style=\"font-weight: 400;\">Su trabajo ha sido expuesto en Buenos Aires en espacios como:\u00a0 Fundaci\u00f3n Proa, Centro Cultural Recoleta, Centro Cultural San Mart\u00edn,\u00a0 a nivel internacional en Galer\u00eda Calatraba &#8211; Memorial de Am\u00e9rica Latina y CESCI Pompei (Brasil) y\u00a0 Espacio Nexus y Casa Tres Patios (Colombia).<\/span><\/p>\n<p><span style=\"font-weight: 400;\">Es miembro co-fundador de la red de arte y ambiente Ambarlab.com.ar, de Gen.BA red de arte, ciencia y tecnolog\u00eda, de AVAA &#8211; Artistas Visuales Autoconvocades Argentina y QUINCHO &#8211; Red de residencias de arte de Argentina.<\/span><\/p>\n<p><span style=\"font-weight: 400;\">En el \u00e1mbito acad\u00e9mico forma parte del equipo docente de la UNTREF &#8211; Universidad de Tres de Febrero en la Maestr\u00eda en artes electr\u00f3nicas (2017 &#8211; actualidad) donde dicta seminarios y materias vinculadas al patrimonio cultural y el artivismo.<\/span><\/p>\n<p><span style=\"font-weight: 400;\">Actualmente aborda tem\u00e1ticas relacionadas con el territorio urbano y natural promoviendo la gesti\u00f3n colaborativa y el cruce de disciplinas.<\/span><\/p>\n<p style=\"text-align: right;\">26\/10\/21<\/p>\n","protected":false},"excerpt":{"rendered":"<p>En el marco de la tercera edici\u00f3n del festival ambiental Alma Delta, organizado por Fundaci\u00f3n CAUCE: Cultura Ambiental &#8211; Causa Ecologista, se convoca a la comunidad art\u00edstica a formar parte de \u201cExpedici\u00f3n Resonar: todos somos humedal\u201d, una instalaci\u00f3n sonora visual del artista Francisco Paredes. El evento se llevar\u00e1 a cabo el viernes 26 de noviembre [&hellip;]<\/p>\n","protected":false},"author":2,"featured_media":3210,"comment_status":"open","ping_status":"open","sticky":false,"template":"","format":"standard","meta":{"om_disable_all_campaigns":false,"_monsterinsights_skip_tracking":false,"amp_status":"","footnotes":""},"categories":[276,5],"tags":[],"class_list":["post-3191","post","type-post","status-publish","format-standard","has-post-thumbnail","hentry","category-delta","category-noticias"],"aioseo_notices":[],"aioseo_head":"\n\t\t<!-- All in One SEO 4.9.10 - aioseo.com -->\n\t<meta name=\"description\" content=\"En el marco de la tercera edici\u00f3n del festival ambiental Alma Delta, organizado por Fundaci\u00f3n CAUCE: Cultura Ambiental - Causa Ecologista, se convoca a la comunidad art\u00edstica a formar parte de \u201cExpedici\u00f3n Resonar: todos somos humedal\u201d, una instalaci\u00f3n sonora visual del artista Francisco Paredes. El evento se llevar\u00e1 a cabo el viernes 26 de noviembre\" \/>\n\t<meta name=\"robots\" content=\"max-image-preview:large\" \/>\n\t<meta name=\"author\" content=\"Ana Lucia Vergara\"\/>\n\t<link rel=\"canonical\" href=\"https:\/\/cauceecologico.org\/?p=3191\" \/>\n\t<meta name=\"generator\" content=\"All in One SEO (AIOSEO) 4.9.10\" \/>\n\t\t<meta property=\"og:locale\" content=\"es_ES\" \/>\n\t\t<meta property=\"og:site_name\" content=\"CAUCE - Cultura Ambiental - Causa Ecologista\" \/>\n\t\t<meta property=\"og:type\" content=\"article\" \/>\n\t\t<meta property=\"og:title\" content=\"Convocatoria para participar de una instalaci\u00f3n por los humedales - CAUCE\" \/>\n\t\t<meta property=\"og:description\" content=\"En el marco de la tercera edici\u00f3n del festival ambiental Alma Delta, organizado por Fundaci\u00f3n CAUCE: Cultura Ambiental - Causa Ecologista, se convoca a la comunidad art\u00edstica a formar parte de \u201cExpedici\u00f3n Resonar: todos somos humedal\u201d, una instalaci\u00f3n sonora visual del artista Francisco Paredes. El evento se llevar\u00e1 a cabo el viernes 26 de noviembre\" \/>\n\t\t<meta property=\"og:url\" content=\"https:\/\/cauceecologico.org\/?p=3191\" \/>\n\t\t<meta property=\"article:published_time\" content=\"2021-10-26T14:35:12+00:00\" \/>\n\t\t<meta property=\"article:modified_time\" content=\"2021-10-28T21:27:41+00:00\" \/>\n\t\t<meta name=\"twitter:card\" content=\"summary_large_image\" \/>\n\t\t<meta name=\"twitter:title\" content=\"Convocatoria para participar de una instalaci\u00f3n por los humedales - CAUCE\" \/>\n\t\t<meta name=\"twitter:description\" content=\"En el marco de la tercera edici\u00f3n del festival ambiental Alma Delta, organizado por Fundaci\u00f3n CAUCE: Cultura Ambiental - Causa Ecologista, se convoca a la comunidad art\u00edstica a formar parte de \u201cExpedici\u00f3n Resonar: todos somos humedal\u201d, una instalaci\u00f3n sonora visual del artista Francisco Paredes. El evento se llevar\u00e1 a cabo el viernes 26 de noviembre\" \/>\n\t\t<script type=\"application\/ld+json\" class=\"aioseo-schema\">\n\t\t\t{\"@context\":\"https:\\\/\\\/schema.org\",\"@graph\":[{\"@type\":\"BlogPosting\",\"@id\":\"https:\\\/\\\/cauceecologico.org\\\/?p=3191#blogposting\",\"name\":\"Convocatoria para participar de una instalaci\\u00f3n por los humedales - CAUCE\",\"headline\":\"Convocatoria para participar de una instalaci\\u00f3n por los humedales\",\"author\":{\"@id\":\"https:\\\/\\\/cauceecologico.org\\\/?author=2#author\"},\"publisher\":{\"@id\":\"https:\\\/\\\/cauceecologico.org\\\/#organization\"},\"image\":{\"@type\":\"ImageObject\",\"url\":\"https:\\\/\\\/cauceecologico.org\\\/wp-content\\\/uploads\\\/2021\\\/10\\\/almadelta-fondo.png\",\"width\":1080,\"height\":1080},\"datePublished\":\"2021-10-26T14:35:12+00:00\",\"dateModified\":\"2021-10-28T21:27:41+00:00\",\"inLanguage\":\"es-ES\",\"mainEntityOfPage\":{\"@id\":\"https:\\\/\\\/cauceecologico.org\\\/?p=3191#webpage\"},\"isPartOf\":{\"@id\":\"https:\\\/\\\/cauceecologico.org\\\/?p=3191#webpage\"},\"articleSection\":\"Delta, Noticias\"},{\"@type\":\"BreadcrumbList\",\"@id\":\"https:\\\/\\\/cauceecologico.org\\\/?p=3191#breadcrumblist\",\"itemListElement\":[{\"@type\":\"ListItem\",\"@id\":\"https:\\\/\\\/cauceecologico.org#listItem\",\"position\":1,\"name\":\"Home\",\"item\":\"https:\\\/\\\/cauceecologico.org\",\"nextItem\":{\"@type\":\"ListItem\",\"@id\":\"https:\\\/\\\/cauceecologico.org\\\/?cat=5#listItem\",\"name\":\"Noticias\"}},{\"@type\":\"ListItem\",\"@id\":\"https:\\\/\\\/cauceecologico.org\\\/?cat=5#listItem\",\"position\":2,\"name\":\"Noticias\",\"item\":\"https:\\\/\\\/cauceecologico.org\\\/?cat=5\",\"nextItem\":{\"@type\":\"ListItem\",\"@id\":\"https:\\\/\\\/cauceecologico.org\\\/?p=3191#listItem\",\"name\":\"Convocatoria para participar de una instalaci\\u00f3n por los humedales\"},\"previousItem\":{\"@type\":\"ListItem\",\"@id\":\"https:\\\/\\\/cauceecologico.org#listItem\",\"name\":\"Home\"}},{\"@type\":\"ListItem\",\"@id\":\"https:\\\/\\\/cauceecologico.org\\\/?p=3191#listItem\",\"position\":3,\"name\":\"Convocatoria para participar de una instalaci\\u00f3n por los humedales\",\"previousItem\":{\"@type\":\"ListItem\",\"@id\":\"https:\\\/\\\/cauceecologico.org\\\/?cat=5#listItem\",\"name\":\"Noticias\"}}]},{\"@type\":\"Organization\",\"@id\":\"https:\\\/\\\/cauceecologico.org\\\/#organization\",\"name\":\"CAUCE\",\"description\":\"Cultura Ambiental - Causa Ecologista\",\"url\":\"https:\\\/\\\/cauceecologico.org\\\/\"},{\"@type\":\"Person\",\"@id\":\"https:\\\/\\\/cauceecologico.org\\\/?author=2#author\",\"url\":\"https:\\\/\\\/cauceecologico.org\\\/?author=2\",\"name\":\"Ana Lucia Vergara\",\"image\":{\"@type\":\"ImageObject\",\"@id\":\"https:\\\/\\\/cauceecologico.org\\\/?p=3191#authorImage\",\"url\":\"https:\\\/\\\/secure.gravatar.com\\\/avatar\\\/e8720df08f5c466573fb9f3d6cec14bcac9a305e2049123e58e6bc9c03f3a77b?s=96&d=mm&r=g\",\"width\":96,\"height\":96,\"caption\":\"Ana Lucia Vergara\"}},{\"@type\":\"WebPage\",\"@id\":\"https:\\\/\\\/cauceecologico.org\\\/?p=3191#webpage\",\"url\":\"https:\\\/\\\/cauceecologico.org\\\/?p=3191\",\"name\":\"Convocatoria para participar de una instalaci\\u00f3n por los humedales - CAUCE\",\"description\":\"En el marco de la tercera edici\\u00f3n del festival ambiental Alma Delta, organizado por Fundaci\\u00f3n CAUCE: Cultura Ambiental - Causa Ecologista, se convoca a la comunidad art\\u00edstica a formar parte de \\u201cExpedici\\u00f3n Resonar: todos somos humedal\\u201d, una instalaci\\u00f3n sonora visual del artista Francisco Paredes. El evento se llevar\\u00e1 a cabo el viernes 26 de noviembre\",\"inLanguage\":\"es-ES\",\"isPartOf\":{\"@id\":\"https:\\\/\\\/cauceecologico.org\\\/#website\"},\"breadcrumb\":{\"@id\":\"https:\\\/\\\/cauceecologico.org\\\/?p=3191#breadcrumblist\"},\"author\":{\"@id\":\"https:\\\/\\\/cauceecologico.org\\\/?author=2#author\"},\"creator\":{\"@id\":\"https:\\\/\\\/cauceecologico.org\\\/?author=2#author\"},\"image\":{\"@type\":\"ImageObject\",\"url\":\"https:\\\/\\\/cauceecologico.org\\\/wp-content\\\/uploads\\\/2021\\\/10\\\/almadelta-fondo.png\",\"@id\":\"https:\\\/\\\/cauceecologico.org\\\/?p=3191\\\/#mainImage\",\"width\":1080,\"height\":1080},\"primaryImageOfPage\":{\"@id\":\"https:\\\/\\\/cauceecologico.org\\\/?p=3191#mainImage\"},\"datePublished\":\"2021-10-26T14:35:12+00:00\",\"dateModified\":\"2021-10-28T21:27:41+00:00\"},{\"@type\":\"WebSite\",\"@id\":\"https:\\\/\\\/cauceecologico.org\\\/#website\",\"url\":\"https:\\\/\\\/cauceecologico.org\\\/\",\"name\":\"CAUCE\",\"description\":\"Cultura Ambiental - Causa Ecologista\",\"inLanguage\":\"es-ES\",\"publisher\":{\"@id\":\"https:\\\/\\\/cauceecologico.org\\\/#organization\"}}]}\n\t\t<\/script>\n\t\t<!-- All in One SEO -->\n\n","aioseo_head_json":{"title":"Convocatoria para participar de una instalaci\u00f3n por los humedales - CAUCE","description":"En el marco de la tercera edici\u00f3n del festival ambiental Alma Delta, organizado por Fundaci\u00f3n CAUCE: Cultura Ambiental - Causa Ecologista, se convoca a la comunidad art\u00edstica a formar parte de \u201cExpedici\u00f3n Resonar: todos somos humedal\u201d, una instalaci\u00f3n sonora visual del artista Francisco Paredes. El evento se llevar\u00e1 a cabo el viernes 26 de noviembre","canonical_url":"https:\/\/cauceecologico.org\/?p=3191","robots":"max-image-preview:large","keywords":"","webmasterTools":{"miscellaneous":""},"schema":{"@context":"https:\/\/schema.org","@graph":[{"@type":"BlogPosting","@id":"https:\/\/cauceecologico.org\/?p=3191#blogposting","name":"Convocatoria para participar de una instalaci\u00f3n por los humedales - CAUCE","headline":"Convocatoria para participar de una instalaci\u00f3n por los humedales","author":{"@id":"https:\/\/cauceecologico.org\/?author=2#author"},"publisher":{"@id":"https:\/\/cauceecologico.org\/#organization"},"image":{"@type":"ImageObject","url":"https:\/\/cauceecologico.org\/wp-content\/uploads\/2021\/10\/almadelta-fondo.png","width":1080,"height":1080},"datePublished":"2021-10-26T14:35:12+00:00","dateModified":"2021-10-28T21:27:41+00:00","inLanguage":"es-ES","mainEntityOfPage":{"@id":"https:\/\/cauceecologico.org\/?p=3191#webpage"},"isPartOf":{"@id":"https:\/\/cauceecologico.org\/?p=3191#webpage"},"articleSection":"Delta, Noticias"},{"@type":"BreadcrumbList","@id":"https:\/\/cauceecologico.org\/?p=3191#breadcrumblist","itemListElement":[{"@type":"ListItem","@id":"https:\/\/cauceecologico.org#listItem","position":1,"name":"Home","item":"https:\/\/cauceecologico.org","nextItem":{"@type":"ListItem","@id":"https:\/\/cauceecologico.org\/?cat=5#listItem","name":"Noticias"}},{"@type":"ListItem","@id":"https:\/\/cauceecologico.org\/?cat=5#listItem","position":2,"name":"Noticias","item":"https:\/\/cauceecologico.org\/?cat=5","nextItem":{"@type":"ListItem","@id":"https:\/\/cauceecologico.org\/?p=3191#listItem","name":"Convocatoria para participar de una instalaci\u00f3n por los humedales"},"previousItem":{"@type":"ListItem","@id":"https:\/\/cauceecologico.org#listItem","name":"Home"}},{"@type":"ListItem","@id":"https:\/\/cauceecologico.org\/?p=3191#listItem","position":3,"name":"Convocatoria para participar de una instalaci\u00f3n por los humedales","previousItem":{"@type":"ListItem","@id":"https:\/\/cauceecologico.org\/?cat=5#listItem","name":"Noticias"}}]},{"@type":"Organization","@id":"https:\/\/cauceecologico.org\/#organization","name":"CAUCE","description":"Cultura Ambiental - Causa Ecologista","url":"https:\/\/cauceecologico.org\/"},{"@type":"Person","@id":"https:\/\/cauceecologico.org\/?author=2#author","url":"https:\/\/cauceecologico.org\/?author=2","name":"Ana Lucia Vergara","image":{"@type":"ImageObject","@id":"https:\/\/cauceecologico.org\/?p=3191#authorImage","url":"https:\/\/secure.gravatar.com\/avatar\/e8720df08f5c466573fb9f3d6cec14bcac9a305e2049123e58e6bc9c03f3a77b?s=96&d=mm&r=g","width":96,"height":96,"caption":"Ana Lucia Vergara"}},{"@type":"WebPage","@id":"https:\/\/cauceecologico.org\/?p=3191#webpage","url":"https:\/\/cauceecologico.org\/?p=3191","name":"Convocatoria para participar de una instalaci\u00f3n por los humedales - CAUCE","description":"En el marco de la tercera edici\u00f3n del festival ambiental Alma Delta, organizado por Fundaci\u00f3n CAUCE: Cultura Ambiental - Causa Ecologista, se convoca a la comunidad art\u00edstica a formar parte de \u201cExpedici\u00f3n Resonar: todos somos humedal\u201d, una instalaci\u00f3n sonora visual del artista Francisco Paredes. El evento se llevar\u00e1 a cabo el viernes 26 de noviembre","inLanguage":"es-ES","isPartOf":{"@id":"https:\/\/cauceecologico.org\/#website"},"breadcrumb":{"@id":"https:\/\/cauceecologico.org\/?p=3191#breadcrumblist"},"author":{"@id":"https:\/\/cauceecologico.org\/?author=2#author"},"creator":{"@id":"https:\/\/cauceecologico.org\/?author=2#author"},"image":{"@type":"ImageObject","url":"https:\/\/cauceecologico.org\/wp-content\/uploads\/2021\/10\/almadelta-fondo.png","@id":"https:\/\/cauceecologico.org\/?p=3191\/#mainImage","width":1080,"height":1080},"primaryImageOfPage":{"@id":"https:\/\/cauceecologico.org\/?p=3191#mainImage"},"datePublished":"2021-10-26T14:35:12+00:00","dateModified":"2021-10-28T21:27:41+00:00"},{"@type":"WebSite","@id":"https:\/\/cauceecologico.org\/#website","url":"https:\/\/cauceecologico.org\/","name":"CAUCE","description":"Cultura Ambiental - Causa Ecologista","inLanguage":"es-ES","publisher":{"@id":"https:\/\/cauceecologico.org\/#organization"}}]},"og:locale":"es_ES","og:site_name":"CAUCE - Cultura Ambiental - Causa Ecologista","og:type":"article","og:title":"Convocatoria para participar de una instalaci\u00f3n por los humedales - CAUCE","og:description":"En el marco de la tercera edici\u00f3n del festival ambiental Alma Delta, organizado por Fundaci\u00f3n CAUCE: Cultura Ambiental - Causa Ecologista, se convoca a la comunidad art\u00edstica a formar parte de \u201cExpedici\u00f3n Resonar: todos somos humedal\u201d, una instalaci\u00f3n sonora visual del artista Francisco Paredes. El evento se llevar\u00e1 a cabo el viernes 26 de noviembre","og:url":"https:\/\/cauceecologico.org\/?p=3191","article:published_time":"2021-10-26T14:35:12+00:00","article:modified_time":"2021-10-28T21:27:41+00:00","twitter:card":"summary_large_image","twitter:title":"Convocatoria para participar de una instalaci\u00f3n por los humedales - CAUCE","twitter:description":"En el marco de la tercera edici\u00f3n del festival ambiental Alma Delta, organizado por Fundaci\u00f3n CAUCE: Cultura Ambiental - Causa Ecologista, se convoca a la comunidad art\u00edstica a formar parte de \u201cExpedici\u00f3n Resonar: todos somos humedal\u201d, una instalaci\u00f3n sonora visual del artista Francisco Paredes. El evento se llevar\u00e1 a cabo el viernes 26 de noviembre"},"aioseo_meta_data":{"post_id":"3191","title":null,"description":null,"keywords":null,"keyphrases":null,"primary_term":null,"canonical_url":null,"og_title":null,"og_description":null,"og_object_type":"default","og_image_type":"default","og_image_url":null,"og_image_width":null,"og_image_height":null,"og_image_custom_url":null,"og_image_custom_fields":null,"og_video":null,"og_custom_url":null,"og_article_section":null,"og_article_tags":null,"twitter_use_og":false,"twitter_card":"default","twitter_image_type":"default","twitter_image_url":null,"twitter_image_custom_url":null,"twitter_image_custom_fields":null,"twitter_title":null,"twitter_description":null,"schema":{"blockGraphs":[],"customGraphs":[],"default":{"data":{"Article":[],"Course":[],"Dataset":[],"FAQPage":[],"Movie":[],"Person":[],"Product":[],"ProductReview":[],"Car":[],"Recipe":[],"Service":[],"SoftwareApplication":[],"WebPage":[]},"graphName":"","isEnabled":true},"graphs":[]},"schema_type":"default","schema_type_options":null,"pillar_content":false,"robots_default":true,"robots_noindex":false,"robots_noarchive":false,"robots_nosnippet":false,"robots_nofollow":false,"robots_noimageindex":false,"robots_noodp":false,"robots_notranslate":false,"robots_max_snippet":null,"robots_max_videopreview":null,"robots_max_imagepreview":"large","priority":null,"frequency":null,"local_seo":null,"limit_modified_date":false,"created":"2023-03-16 20:54:56","updated":"2026-07-28 01:32:31","ai":null,"breadcrumb_settings":null,"seo_analyzer_scan_date":null},"aioseo_breadcrumb":"<div class=\"aioseo-breadcrumbs\"><span class=\"aioseo-breadcrumb\">\n\t\t\t<a href=\"https:\/\/cauceecologico.org\" title=\"Home\">Home<\/a>\n\t\t<\/span><span class=\"aioseo-breadcrumb-separator\">&raquo;<\/span><span class=\"aioseo-breadcrumb\">\n\t\t\t<a href=\"https:\/\/cauceecologico.org\/?cat=5\" title=\"Noticias\">Noticias<\/a>\n\t\t<\/span><span class=\"aioseo-breadcrumb-separator\">&raquo;<\/span><span class=\"aioseo-breadcrumb\">\n\t\t\tConvocatoria para participar de una instalaci\u00f3n por los humedales\n\t\t<\/span><\/div>","aioseo_breadcrumb_json":[{"label":"Home","link":"https:\/\/cauceecologico.org"},{"label":"Noticias","link":"https:\/\/cauceecologico.org\/?cat=5"},{"label":"Convocatoria para participar de una instalaci\u00f3n por los humedales","link":"https:\/\/cauceecologico.org\/?p=3191"}],"_links":{"self":[{"href":"https:\/\/cauceecologico.org\/index.php?rest_route=\/wp\/v2\/posts\/3191","targetHints":{"allow":["GET"]}}],"collection":[{"href":"https:\/\/cauceecologico.org\/index.php?rest_route=\/wp\/v2\/posts"}],"about":[{"href":"https:\/\/cauceecologico.org\/index.php?rest_route=\/wp\/v2\/types\/post"}],"author":[{"embeddable":true,"href":"https:\/\/cauceecologico.org\/index.php?rest_route=\/wp\/v2\/users\/2"}],"replies":[{"embeddable":true,"href":"https:\/\/cauceecologico.org\/index.php?rest_route=%2Fwp%2Fv2%2Fcomments&post=3191"}],"version-history":[{"count":5,"href":"https:\/\/cauceecologico.org\/index.php?rest_route=\/wp\/v2\/posts\/3191\/revisions"}],"predecessor-version":[{"id":3199,"href":"https:\/\/cauceecologico.org\/index.php?rest_route=\/wp\/v2\/posts\/3191\/revisions\/3199"}],"wp:featuredmedia":[{"embeddable":true,"href":"https:\/\/cauceecologico.org\/index.php?rest_route=\/wp\/v2\/media\/3210"}],"wp:attachment":[{"href":"https:\/\/cauceecologico.org\/index.php?rest_route=%2Fwp%2Fv2%2Fmedia&parent=3191"}],"wp:term":[{"taxonomy":"category","embeddable":true,"href":"https:\/\/cauceecologico.org\/index.php?rest_route=%2Fwp%2Fv2%2Fcategories&post=3191"},{"taxonomy":"post_tag","embeddable":true,"href":"https:\/\/cauceecologico.org\/index.php?rest_route=%2Fwp%2Fv2%2Ftags&post=3191"}],"curies":[{"name":"wp","href":"https:\/\/api.w.org\/{rel}","templated":true}]}}