{"id":3250,"date":"2021-11-30T16:06:43","date_gmt":"2021-11-30T16:06:43","guid":{"rendered":"https:\/\/cauceecologico.org\/?p=3250"},"modified":"2022-05-11T13:58:00","modified_gmt":"2022-05-11T13:58:00","slug":"arroyos-nueva-solicitud-de-informacion-a-empresas-del-parque-industrial","status":"publish","type":"post","link":"https:\/\/cauceecologico.org\/?p=3250","title":{"rendered":"Arroyos: nueva solicitud de informaci\u00f3n por el Parque Industrial"},"content":{"rendered":"<p>En el marco de procesos de seguimiento y monitoreo que realiza Fundaci\u00f3n CAUCE sobre obras y proyectos que podr\u00edan generar impactos socio-ambientales locales, en particular el seguimiento de obras sobre las cuencas h\u00eddricas de la ciudad, se present\u00f3 una solicitud de informaci\u00f3n p\u00fablica ambiental para conocer si existe alg\u00fan tipo de planificaci\u00f3n para abordar la problem\u00e1tica actual de los efluentes l\u00edquidos del Parque Industrial Gral. Manuel Belgrano, cuyo vuelco se realiza en el Arroyo Las Tunas de modo directo y sin ning\u00fan tipo de tratamiento.<\/p>\n<p>La solicitud fue remitida al presidente municipal, Ad\u00e1n Bahl, al secretario de Industria y Comercio de la Provincia de Entre R\u00edos, Fernando Caviglia, al subsecretario de Ambiente y Acci\u00f3n Clim\u00e1tica, Facundo Varrone, y al presidente de la Asociaci\u00f3n de Empresas del Parque Industrial de Paran\u00e1, Gabriel Bourdin. En la misma requerimos informaci\u00f3n sobre:<\/p>\n<ul>\n<li>Realizaci\u00f3n de instancias de participaci\u00f3n ciudadana para abordar la problem\u00e1tica se\u00f1alada.<\/li>\n<li>Si se ha avanzado en el plan de acci\u00f3n propuesto en el diagn\u00f3stico preliminar elaborado por el CFI en el a\u00f1o 2019. En caso afirmativo, indique en qu\u00e9 instancia se encuentra.<\/li>\n<li>Los datos de vuelco de efluentes industriales de las empresas del Parque Industrial sobre los que se basa el tratamiento propuesto por el plan de acci\u00f3n que prev\u00e9 el diagn\u00f3stico preliminar elaborado por el CFI en el a\u00f1o 2019.<\/li>\n<li>\u00a0Realizaci\u00f3n de un relevamiento de la cantidad de viviendas y sus habitantes que se encuentran a la vera del arroyo realizando actividad ladrillera -dentro del Parque Industrial-. En caso afirmativo, indique si se ha proyectado la relocalizaci\u00f3n para las familias que se ver\u00edan afectadas.<\/li>\n<li>Si se tiene un plan de adecuaci\u00f3n para las industrias del Parque Industrial que actualmente no se ajustan a los requisitos de la Ley N\u00ba 6260.<\/li>\n<li>Si se ha planeado realizar un saneamiento de A\u00b0 Las Tunas. En caso afirmativo, sirva especificar los detalles de dicho proyecto.<\/li>\n<li>Documentaci\u00f3n que haga referencia a los puntos solicitados. Si ello no fuera posible indique d\u00eda, horario y lugar para tomar vista del\/los expediente\/s y de toda otra documentaci\u00f3n que resulte pertinente a estos efectos, o link del sitio web en el que se encuentre disponible.<\/li>\n<\/ul>\n<p><strong><span style=\"color: #3366ff;\"><a style=\"color: #3366ff;\" href=\"https:\/\/cauceecologico.org\/wp-content\/uploads\/2021\/11\/respuesta-municipalidad.pdf\">&#x27a1;&#xfe0f;Respuesta Subsecretaria de Ambiente y Acci\u00f3n Clim\u00e1tica<\/a><\/span><\/strong><\/p>\n<p><img loading=\"lazy\" decoding=\"async\" class=\"alignnone wp-image-3256 size-large\" src=\"http:\/\/cauceecologico.org\/wp-content\/uploads\/2021\/11\/d6c60b33-429b-4b17-bcba-70150b751334-1024x768.jpg\" alt=\"\" width=\"740\" height=\"555\" srcset=\"https:\/\/cauceecologico.org\/wp-content\/uploads\/2021\/11\/d6c60b33-429b-4b17-bcba-70150b751334-1024x768.jpg 1024w, https:\/\/cauceecologico.org\/wp-content\/uploads\/2021\/11\/d6c60b33-429b-4b17-bcba-70150b751334-300x225.jpg 300w, https:\/\/cauceecologico.org\/wp-content\/uploads\/2021\/11\/d6c60b33-429b-4b17-bcba-70150b751334-768x576.jpg 768w, https:\/\/cauceecologico.org\/wp-content\/uploads\/2021\/11\/d6c60b33-429b-4b17-bcba-70150b751334-1536x1152.jpg 1536w, https:\/\/cauceecologico.org\/wp-content\/uploads\/2021\/11\/d6c60b33-429b-4b17-bcba-70150b751334.jpg 1600w\" sizes=\"auto, (max-width: 740px) 100vw, 740px\" \/><\/p>\n<p>&nbsp;<\/p>\n","protected":false},"excerpt":{"rendered":"<p>En el marco de procesos de seguimiento y monitoreo que realiza Fundaci\u00f3n CAUCE sobre obras y proyectos que podr\u00edan generar impactos socio-ambientales locales, en particular el seguimiento de obras sobre las cuencas h\u00eddricas de la ciudad, se present\u00f3 una solicitud de informaci\u00f3n p\u00fablica ambiental para conocer si existe alg\u00fan tipo de planificaci\u00f3n para abordar la [&hellip;]<\/p>\n","protected":false},"author":2,"featured_media":3260,"comment_status":"open","ping_status":"open","sticky":false,"template":"","format":"standard","meta":{"om_disable_all_campaigns":false,"_monsterinsights_skip_tracking":false,"_monsterinsights_sitenote_active":false,"_monsterinsights_sitenote_note":"","_monsterinsights_sitenote_category":0,"amp_status":"","footnotes":""},"categories":[111,5],"tags":[],"class_list":["post-3250","post","type-post","status-publish","format-standard","has-post-thumbnail","hentry","category-info-publica","category-noticias"],"aioseo_notices":[],"_links":{"self":[{"href":"https:\/\/cauceecologico.org\/index.php?rest_route=\/wp\/v2\/posts\/3250","targetHints":{"allow":["GET"]}}],"collection":[{"href":"https:\/\/cauceecologico.org\/index.php?rest_route=\/wp\/v2\/posts"}],"about":[{"href":"https:\/\/cauceecologico.org\/index.php?rest_route=\/wp\/v2\/types\/post"}],"author":[{"embeddable":true,"href":"https:\/\/cauceecologico.org\/index.php?rest_route=\/wp\/v2\/users\/2"}],"replies":[{"embeddable":true,"href":"https:\/\/cauceecologico.org\/index.php?rest_route=%2Fwp%2Fv2%2Fcomments&post=3250"}],"version-history":[{"count":6,"href":"https:\/\/cauceecologico.org\/index.php?rest_route=\/wp\/v2\/posts\/3250\/revisions"}],"predecessor-version":[{"id":3645,"href":"https:\/\/cauceecologico.org\/index.php?rest_route=\/wp\/v2\/posts\/3250\/revisions\/3645"}],"wp:featuredmedia":[{"embeddable":true,"href":"https:\/\/cauceecologico.org\/index.php?rest_route=\/wp\/v2\/media\/3260"}],"wp:attachment":[{"href":"https:\/\/cauceecologico.org\/index.php?rest_route=%2Fwp%2Fv2%2Fmedia&parent=3250"}],"wp:term":[{"taxonomy":"category","embeddable":true,"href":"https:\/\/cauceecologico.org\/index.php?rest_route=%2Fwp%2Fv2%2Fcategories&post=3250"},{"taxonomy":"post_tag","embeddable":true,"href":"https:\/\/cauceecologico.org\/index.php?rest_route=%2Fwp%2Fv2%2Ftags&post=3250"}],"curies":[{"name":"wp","href":"https:\/\/api.w.org\/{rel}","templated":true}]}}