{"id":3302,"date":"2021-12-06T14:28:04","date_gmt":"2021-12-06T14:28:04","guid":{"rendered":"https:\/\/cauceecologico.org\/?p=3302"},"modified":"2023-03-20T23:04:44","modified_gmt":"2023-03-20T23:04:44","slug":"charla-sobre-acceso-a-la-informacion-y-acuerdo-de-escazu","status":"publish","type":"post","link":"https:\/\/cauceecologico.org\/?p=3302","title":{"rendered":"Charla sobre acceso a la informaci\u00f3n y Acuerdo de Escaz\u00fa"},"content":{"rendered":"<p>Fundaci\u00f3n CAUCE: Cultura Ambiental &#8211; Causa Ecologista, en el marco del taller de Iniciaci\u00f3n a la Democracia Ambiental, brindar\u00e1 una charla gratuita sobre acceso a la informaci\u00f3n p\u00fablica ambiental y Acuerdo de Escaz\u00fa. La misma ser\u00e1 el jueves 9 de diciembre a las 18:00 por la plataforma Zoom. <span style=\"color: #3366ff;\"><a style=\"color: #3366ff;\" href=\"https:\/\/us02web.zoom.us\/meeting\/register\/tZYsdeurrTsjHdC72-KyKCMjj0EXnFcFHzq3\">Inscripciones abiertas.\u00a0<\/a><\/span><\/p>\n<p>El encuentro contar\u00e1 con la participaci\u00f3n de dos integrantes de organizaciones reconocidas en materia ambiental: Juan Bautista L\u00f3pez, coordinador del \u00c1rea de Ambiente de Fundaci\u00f3n para el Desarrollo de Pol\u00edticas Sustentables (FUNDEPS), abogado y docente de la Universidad Nacional de C\u00f3rdoba, que expondr\u00e1 sobre la normativa general de acceso a la informaci\u00f3n en Argentina, experiencias y casos; y Ana Di Pangracio, directora ejecutiva adjunta de Fundaci\u00f3n Ambiente y Recursos Naturales (FARN), abogada especializada en Derecho Ambiental y docente en universidades, que profundizar\u00e1 en distintos aspectos del Acuerdo de Escaz\u00fa.<\/p>\n<p>Para participar, complet\u00e1 el siguiente <span style=\"color: #3366ff;\"><a style=\"color: #3366ff;\" href=\"https:\/\/us02web.zoom.us\/meeting\/register\/tZYsdeurrTsjHdC72-KyKCMjj0EXnFcFHzq3\">formulario de inscripci\u00f3n.\u00a0<\/a><\/span><\/p>\n<p><img loading=\"lazy\" decoding=\"async\" class=\"alignnone size-large wp-image-3309\" src=\"http:\/\/cauceecologico.org\/wp-content\/uploads\/2021\/12\/WhatsApp-Image-2021-12-06-at-16.26.09-1024x1024.jpeg\" alt=\"\" width=\"740\" height=\"740\" srcset=\"https:\/\/cauceecologico.org\/wp-content\/uploads\/2021\/12\/WhatsApp-Image-2021-12-06-at-16.26.09-1024x1024.jpeg 1024w, https:\/\/cauceecologico.org\/wp-content\/uploads\/2021\/12\/WhatsApp-Image-2021-12-06-at-16.26.09-300x300.jpeg 300w, https:\/\/cauceecologico.org\/wp-content\/uploads\/2021\/12\/WhatsApp-Image-2021-12-06-at-16.26.09-150x150.jpeg 150w, https:\/\/cauceecologico.org\/wp-content\/uploads\/2021\/12\/WhatsApp-Image-2021-12-06-at-16.26.09-768x768.jpeg 768w, https:\/\/cauceecologico.org\/wp-content\/uploads\/2021\/12\/WhatsApp-Image-2021-12-06-at-16.26.09-80x80.jpeg 80w, https:\/\/cauceecologico.org\/wp-content\/uploads\/2021\/12\/WhatsApp-Image-2021-12-06-at-16.26.09.jpeg 1200w\" sizes=\"auto, (max-width: 740px) 100vw, 740px\" \/><\/p>\n<p dir=\"auto\">V\u00eddeo charla:<\/p>\n<p><iframe loading=\"lazy\" title=\"YouTube video player\" src=\"https:\/\/www.youtube.com\/embed\/qMyUB3NUhp4\" width=\"560\" height=\"315\" frameborder=\"0\" allowfullscreen=\"allowfullscreen\"><\/iframe><\/p>\n<p dir=\"auto\">Relacionada:<\/p>\n<p dir=\"auto\"><span style=\"color: #3366ff;\"><a style=\"color: #3366ff;\" href=\"https:\/\/cauceecologico.org\/?p=3223\">Taller sobre democracia ambiental: herramientas para ejercer nuestros derechos<\/a><br \/>\n<a style=\"color: #3366ff;\" href=\"http:\/\/cauceecologico.org\/wp-content\/uploads\/2023\/03\/acuerdo-mayo2021.pdf\">Material sobre Acuerdo de Escaz\u00fa<\/a><\/span><\/p>\n<p dir=\"auto\" style=\"text-align: right;\">06\/12\/21<\/p>\n","protected":false},"excerpt":{"rendered":"<p>Fundaci\u00f3n CAUCE: Cultura Ambiental &#8211; Causa Ecologista, en el marco del taller de Iniciaci\u00f3n a la Democracia Ambiental, brindar\u00e1 una charla gratuita sobre acceso a la informaci\u00f3n p\u00fablica ambiental y Acuerdo de Escaz\u00fa. La misma ser\u00e1 el jueves 9 de diciembre a las 18:00 por la plataforma Zoom. Inscripciones abiertas.\u00a0 El encuentro contar\u00e1 con la [&hellip;]<\/p>\n","protected":false},"author":2,"featured_media":3226,"comment_status":"open","ping_status":"open","sticky":false,"template":"","format":"standard","meta":{"om_disable_all_campaigns":false,"_monsterinsights_skip_tracking":false,"amp_status":"","footnotes":""},"categories":[5],"tags":[],"class_list":["post-3302","post","type-post","status-publish","format-standard","has-post-thumbnail","hentry","category-noticias"],"aioseo_notices":[],"aioseo_head":"\n\t\t<!-- All in One SEO 4.9.10 - aioseo.com -->\n\t<meta name=\"description\" content=\"Fundaci\u00f3n CAUCE: Cultura Ambiental - Causa Ecologista, en el marco del taller de Iniciaci\u00f3n a la Democracia Ambiental, brindar\u00e1 una charla gratuita sobre acceso a la informaci\u00f3n p\u00fablica ambiental y Acuerdo de Escaz\u00fa. La misma ser\u00e1 el jueves 9 de diciembre a las 18:00 por la plataforma Zoom. Inscripciones abiertas. El encuentro contar\u00e1 con la\" \/>\n\t<meta name=\"robots\" content=\"max-image-preview:large\" \/>\n\t<meta name=\"author\" content=\"Ana Lucia Vergara\"\/>\n\t<link rel=\"canonical\" href=\"https:\/\/cauceecologico.org\/?p=3302\" \/>\n\t<meta name=\"generator\" content=\"All in One SEO (AIOSEO) 4.9.10\" \/>\n\t\t<meta property=\"og:locale\" content=\"es_ES\" \/>\n\t\t<meta property=\"og:site_name\" content=\"CAUCE - Cultura Ambiental - Causa Ecologista\" \/>\n\t\t<meta property=\"og:type\" content=\"article\" \/>\n\t\t<meta property=\"og:title\" content=\"Charla sobre acceso a la informaci\u00f3n y Acuerdo de Escaz\u00fa - CAUCE\" \/>\n\t\t<meta property=\"og:description\" content=\"Fundaci\u00f3n CAUCE: Cultura Ambiental - Causa Ecologista, en el marco del taller de Iniciaci\u00f3n a la Democracia Ambiental, brindar\u00e1 una charla gratuita sobre acceso a la informaci\u00f3n p\u00fablica ambiental y Acuerdo de Escaz\u00fa. La misma ser\u00e1 el jueves 9 de diciembre a las 18:00 por la plataforma Zoom. Inscripciones abiertas. El encuentro contar\u00e1 con la\" \/>\n\t\t<meta property=\"og:url\" content=\"https:\/\/cauceecologico.org\/?p=3302\" \/>\n\t\t<meta property=\"article:published_time\" content=\"2021-12-06T14:28:04+00:00\" \/>\n\t\t<meta property=\"article:modified_time\" content=\"2023-03-20T23:04:44+00:00\" \/>\n\t\t<meta name=\"twitter:card\" content=\"summary_large_image\" \/>\n\t\t<meta name=\"twitter:title\" content=\"Charla sobre acceso a la informaci\u00f3n y Acuerdo de Escaz\u00fa - CAUCE\" \/>\n\t\t<meta name=\"twitter:description\" content=\"Fundaci\u00f3n CAUCE: Cultura Ambiental - Causa Ecologista, en el marco del taller de Iniciaci\u00f3n a la Democracia Ambiental, brindar\u00e1 una charla gratuita sobre acceso a la informaci\u00f3n p\u00fablica ambiental y Acuerdo de Escaz\u00fa. La misma ser\u00e1 el jueves 9 de diciembre a las 18:00 por la plataforma Zoom. Inscripciones abiertas. El encuentro contar\u00e1 con la\" \/>\n\t\t<script type=\"application\/ld+json\" class=\"aioseo-schema\">\n\t\t\t{\"@context\":\"https:\\\/\\\/schema.org\",\"@graph\":[{\"@type\":\"BlogPosting\",\"@id\":\"https:\\\/\\\/cauceecologico.org\\\/?p=3302#blogposting\",\"name\":\"Charla sobre acceso a la informaci\\u00f3n y Acuerdo de Escaz\\u00fa - CAUCE\",\"headline\":\"Charla sobre acceso a la informaci\\u00f3n y Acuerdo de Escaz\\u00fa\",\"author\":{\"@id\":\"https:\\\/\\\/cauceecologico.org\\\/?author=2#author\"},\"publisher\":{\"@id\":\"https:\\\/\\\/cauceecologico.org\\\/#organization\"},\"image\":{\"@type\":\"ImageObject\",\"url\":\"https:\\\/\\\/cauceecologico.org\\\/wp-content\\\/uploads\\\/2021\\\/11\\\/e924dd1466f311e596aa0eb04a1bba78.jpg\",\"width\":970,\"height\":574},\"datePublished\":\"2021-12-06T14:28:04+00:00\",\"dateModified\":\"2023-03-20T23:04:44+00:00\",\"inLanguage\":\"es-ES\",\"mainEntityOfPage\":{\"@id\":\"https:\\\/\\\/cauceecologico.org\\\/?p=3302#webpage\"},\"isPartOf\":{\"@id\":\"https:\\\/\\\/cauceecologico.org\\\/?p=3302#webpage\"},\"articleSection\":\"Noticias\"},{\"@type\":\"BreadcrumbList\",\"@id\":\"https:\\\/\\\/cauceecologico.org\\\/?p=3302#breadcrumblist\",\"itemListElement\":[{\"@type\":\"ListItem\",\"@id\":\"https:\\\/\\\/cauceecologico.org#listItem\",\"position\":1,\"name\":\"Home\",\"item\":\"https:\\\/\\\/cauceecologico.org\",\"nextItem\":{\"@type\":\"ListItem\",\"@id\":\"https:\\\/\\\/cauceecologico.org\\\/?cat=5#listItem\",\"name\":\"Noticias\"}},{\"@type\":\"ListItem\",\"@id\":\"https:\\\/\\\/cauceecologico.org\\\/?cat=5#listItem\",\"position\":2,\"name\":\"Noticias\",\"item\":\"https:\\\/\\\/cauceecologico.org\\\/?cat=5\",\"nextItem\":{\"@type\":\"ListItem\",\"@id\":\"https:\\\/\\\/cauceecologico.org\\\/?p=3302#listItem\",\"name\":\"Charla sobre acceso a la informaci\\u00f3n y Acuerdo de Escaz\\u00fa\"},\"previousItem\":{\"@type\":\"ListItem\",\"@id\":\"https:\\\/\\\/cauceecologico.org#listItem\",\"name\":\"Home\"}},{\"@type\":\"ListItem\",\"@id\":\"https:\\\/\\\/cauceecologico.org\\\/?p=3302#listItem\",\"position\":3,\"name\":\"Charla sobre acceso a la informaci\\u00f3n y Acuerdo de Escaz\\u00fa\",\"previousItem\":{\"@type\":\"ListItem\",\"@id\":\"https:\\\/\\\/cauceecologico.org\\\/?cat=5#listItem\",\"name\":\"Noticias\"}}]},{\"@type\":\"Organization\",\"@id\":\"https:\\\/\\\/cauceecologico.org\\\/#organization\",\"name\":\"CAUCE\",\"description\":\"Cultura Ambiental - Causa Ecologista\",\"url\":\"https:\\\/\\\/cauceecologico.org\\\/\"},{\"@type\":\"Person\",\"@id\":\"https:\\\/\\\/cauceecologico.org\\\/?author=2#author\",\"url\":\"https:\\\/\\\/cauceecologico.org\\\/?author=2\",\"name\":\"Ana Lucia Vergara\",\"image\":{\"@type\":\"ImageObject\",\"@id\":\"https:\\\/\\\/cauceecologico.org\\\/?p=3302#authorImage\",\"url\":\"https:\\\/\\\/secure.gravatar.com\\\/avatar\\\/e8720df08f5c466573fb9f3d6cec14bcac9a305e2049123e58e6bc9c03f3a77b?s=96&d=mm&r=g\",\"width\":96,\"height\":96,\"caption\":\"Ana Lucia Vergara\"}},{\"@type\":\"WebPage\",\"@id\":\"https:\\\/\\\/cauceecologico.org\\\/?p=3302#webpage\",\"url\":\"https:\\\/\\\/cauceecologico.org\\\/?p=3302\",\"name\":\"Charla sobre acceso a la informaci\\u00f3n y Acuerdo de Escaz\\u00fa - CAUCE\",\"description\":\"Fundaci\\u00f3n CAUCE: Cultura Ambiental - Causa Ecologista, en el marco del taller de Iniciaci\\u00f3n a la Democracia Ambiental, brindar\\u00e1 una charla gratuita sobre acceso a la informaci\\u00f3n p\\u00fablica ambiental y Acuerdo de Escaz\\u00fa. La misma ser\\u00e1 el jueves 9 de diciembre a las 18:00 por la plataforma Zoom. Inscripciones abiertas. El encuentro contar\\u00e1 con la\",\"inLanguage\":\"es-ES\",\"isPartOf\":{\"@id\":\"https:\\\/\\\/cauceecologico.org\\\/#website\"},\"breadcrumb\":{\"@id\":\"https:\\\/\\\/cauceecologico.org\\\/?p=3302#breadcrumblist\"},\"author\":{\"@id\":\"https:\\\/\\\/cauceecologico.org\\\/?author=2#author\"},\"creator\":{\"@id\":\"https:\\\/\\\/cauceecologico.org\\\/?author=2#author\"},\"image\":{\"@type\":\"ImageObject\",\"url\":\"https:\\\/\\\/cauceecologico.org\\\/wp-content\\\/uploads\\\/2021\\\/11\\\/e924dd1466f311e596aa0eb04a1bba78.jpg\",\"@id\":\"https:\\\/\\\/cauceecologico.org\\\/?p=3302\\\/#mainImage\",\"width\":970,\"height\":574},\"primaryImageOfPage\":{\"@id\":\"https:\\\/\\\/cauceecologico.org\\\/?p=3302#mainImage\"},\"datePublished\":\"2021-12-06T14:28:04+00:00\",\"dateModified\":\"2023-03-20T23:04:44+00:00\"},{\"@type\":\"WebSite\",\"@id\":\"https:\\\/\\\/cauceecologico.org\\\/#website\",\"url\":\"https:\\\/\\\/cauceecologico.org\\\/\",\"name\":\"CAUCE\",\"description\":\"Cultura Ambiental - Causa Ecologista\",\"inLanguage\":\"es-ES\",\"publisher\":{\"@id\":\"https:\\\/\\\/cauceecologico.org\\\/#organization\"}}]}\n\t\t<\/script>\n\t\t<!-- All in One SEO -->\n\n","aioseo_head_json":{"title":"Charla sobre acceso a la informaci\u00f3n y Acuerdo de Escaz\u00fa - CAUCE","description":"Fundaci\u00f3n CAUCE: Cultura Ambiental - Causa Ecologista, en el marco del taller de Iniciaci\u00f3n a la Democracia Ambiental, brindar\u00e1 una charla gratuita sobre acceso a la informaci\u00f3n p\u00fablica ambiental y Acuerdo de Escaz\u00fa. La misma ser\u00e1 el jueves 9 de diciembre a las 18:00 por la plataforma Zoom. Inscripciones abiertas. El encuentro contar\u00e1 con la","canonical_url":"https:\/\/cauceecologico.org\/?p=3302","robots":"max-image-preview:large","keywords":"","webmasterTools":{"miscellaneous":""},"schema":{"@context":"https:\/\/schema.org","@graph":[{"@type":"BlogPosting","@id":"https:\/\/cauceecologico.org\/?p=3302#blogposting","name":"Charla sobre acceso a la informaci\u00f3n y Acuerdo de Escaz\u00fa - CAUCE","headline":"Charla sobre acceso a la informaci\u00f3n y Acuerdo de Escaz\u00fa","author":{"@id":"https:\/\/cauceecologico.org\/?author=2#author"},"publisher":{"@id":"https:\/\/cauceecologico.org\/#organization"},"image":{"@type":"ImageObject","url":"https:\/\/cauceecologico.org\/wp-content\/uploads\/2021\/11\/e924dd1466f311e596aa0eb04a1bba78.jpg","width":970,"height":574},"datePublished":"2021-12-06T14:28:04+00:00","dateModified":"2023-03-20T23:04:44+00:00","inLanguage":"es-ES","mainEntityOfPage":{"@id":"https:\/\/cauceecologico.org\/?p=3302#webpage"},"isPartOf":{"@id":"https:\/\/cauceecologico.org\/?p=3302#webpage"},"articleSection":"Noticias"},{"@type":"BreadcrumbList","@id":"https:\/\/cauceecologico.org\/?p=3302#breadcrumblist","itemListElement":[{"@type":"ListItem","@id":"https:\/\/cauceecologico.org#listItem","position":1,"name":"Home","item":"https:\/\/cauceecologico.org","nextItem":{"@type":"ListItem","@id":"https:\/\/cauceecologico.org\/?cat=5#listItem","name":"Noticias"}},{"@type":"ListItem","@id":"https:\/\/cauceecologico.org\/?cat=5#listItem","position":2,"name":"Noticias","item":"https:\/\/cauceecologico.org\/?cat=5","nextItem":{"@type":"ListItem","@id":"https:\/\/cauceecologico.org\/?p=3302#listItem","name":"Charla sobre acceso a la informaci\u00f3n y Acuerdo de Escaz\u00fa"},"previousItem":{"@type":"ListItem","@id":"https:\/\/cauceecologico.org#listItem","name":"Home"}},{"@type":"ListItem","@id":"https:\/\/cauceecologico.org\/?p=3302#listItem","position":3,"name":"Charla sobre acceso a la informaci\u00f3n y Acuerdo de Escaz\u00fa","previousItem":{"@type":"ListItem","@id":"https:\/\/cauceecologico.org\/?cat=5#listItem","name":"Noticias"}}]},{"@type":"Organization","@id":"https:\/\/cauceecologico.org\/#organization","name":"CAUCE","description":"Cultura Ambiental - Causa Ecologista","url":"https:\/\/cauceecologico.org\/"},{"@type":"Person","@id":"https:\/\/cauceecologico.org\/?author=2#author","url":"https:\/\/cauceecologico.org\/?author=2","name":"Ana Lucia Vergara","image":{"@type":"ImageObject","@id":"https:\/\/cauceecologico.org\/?p=3302#authorImage","url":"https:\/\/secure.gravatar.com\/avatar\/e8720df08f5c466573fb9f3d6cec14bcac9a305e2049123e58e6bc9c03f3a77b?s=96&d=mm&r=g","width":96,"height":96,"caption":"Ana Lucia Vergara"}},{"@type":"WebPage","@id":"https:\/\/cauceecologico.org\/?p=3302#webpage","url":"https:\/\/cauceecologico.org\/?p=3302","name":"Charla sobre acceso a la informaci\u00f3n y Acuerdo de Escaz\u00fa - CAUCE","description":"Fundaci\u00f3n CAUCE: Cultura Ambiental - Causa Ecologista, en el marco del taller de Iniciaci\u00f3n a la Democracia Ambiental, brindar\u00e1 una charla gratuita sobre acceso a la informaci\u00f3n p\u00fablica ambiental y Acuerdo de Escaz\u00fa. La misma ser\u00e1 el jueves 9 de diciembre a las 18:00 por la plataforma Zoom. Inscripciones abiertas. El encuentro contar\u00e1 con la","inLanguage":"es-ES","isPartOf":{"@id":"https:\/\/cauceecologico.org\/#website"},"breadcrumb":{"@id":"https:\/\/cauceecologico.org\/?p=3302#breadcrumblist"},"author":{"@id":"https:\/\/cauceecologico.org\/?author=2#author"},"creator":{"@id":"https:\/\/cauceecologico.org\/?author=2#author"},"image":{"@type":"ImageObject","url":"https:\/\/cauceecologico.org\/wp-content\/uploads\/2021\/11\/e924dd1466f311e596aa0eb04a1bba78.jpg","@id":"https:\/\/cauceecologico.org\/?p=3302\/#mainImage","width":970,"height":574},"primaryImageOfPage":{"@id":"https:\/\/cauceecologico.org\/?p=3302#mainImage"},"datePublished":"2021-12-06T14:28:04+00:00","dateModified":"2023-03-20T23:04:44+00:00"},{"@type":"WebSite","@id":"https:\/\/cauceecologico.org\/#website","url":"https:\/\/cauceecologico.org\/","name":"CAUCE","description":"Cultura Ambiental - Causa Ecologista","inLanguage":"es-ES","publisher":{"@id":"https:\/\/cauceecologico.org\/#organization"}}]},"og:locale":"es_ES","og:site_name":"CAUCE - Cultura Ambiental - Causa Ecologista","og:type":"article","og:title":"Charla sobre acceso a la informaci\u00f3n y Acuerdo de Escaz\u00fa - CAUCE","og:description":"Fundaci\u00f3n CAUCE: Cultura Ambiental - Causa Ecologista, en el marco del taller de Iniciaci\u00f3n a la Democracia Ambiental, brindar\u00e1 una charla gratuita sobre acceso a la informaci\u00f3n p\u00fablica ambiental y Acuerdo de Escaz\u00fa. La misma ser\u00e1 el jueves 9 de diciembre a las 18:00 por la plataforma Zoom. Inscripciones abiertas. El encuentro contar\u00e1 con la","og:url":"https:\/\/cauceecologico.org\/?p=3302","article:published_time":"2021-12-06T14:28:04+00:00","article:modified_time":"2023-03-20T23:04:44+00:00","twitter:card":"summary_large_image","twitter:title":"Charla sobre acceso a la informaci\u00f3n y Acuerdo de Escaz\u00fa - CAUCE","twitter:description":"Fundaci\u00f3n CAUCE: Cultura Ambiental - Causa Ecologista, en el marco del taller de Iniciaci\u00f3n a la Democracia Ambiental, brindar\u00e1 una charla gratuita sobre acceso a la informaci\u00f3n p\u00fablica ambiental y Acuerdo de Escaz\u00fa. La misma ser\u00e1 el jueves 9 de diciembre a las 18:00 por la plataforma Zoom. Inscripciones abiertas. El encuentro contar\u00e1 con la"},"aioseo_meta_data":{"post_id":"3302","title":null,"description":null,"keywords":[],"keyphrases":{"focus":{"keyphrase":"","score":0,"analysis":{"keyphraseInTitle":{"score":0,"maxScore":9,"error":1}}},"additional":[]},"primary_term":null,"canonical_url":null,"og_title":null,"og_description":null,"og_object_type":"default","og_image_type":"default","og_image_url":null,"og_image_width":null,"og_image_height":null,"og_image_custom_url":null,"og_image_custom_fields":null,"og_video":"","og_custom_url":null,"og_article_section":null,"og_article_tags":[],"twitter_use_og":false,"twitter_card":"default","twitter_image_type":"default","twitter_image_url":null,"twitter_image_custom_url":null,"twitter_image_custom_fields":null,"twitter_title":null,"twitter_description":null,"schema":{"blockGraphs":[],"customGraphs":[],"default":{"data":{"Article":[],"Course":[],"Dataset":[],"FAQPage":[],"Movie":[],"Person":[],"Product":[],"ProductReview":[],"Car":[],"Recipe":[],"Service":[],"SoftwareApplication":[],"WebPage":[]},"graphName":"BlogPosting","isEnabled":true},"graphs":[]},"schema_type":"default","schema_type_options":null,"pillar_content":false,"robots_default":true,"robots_noindex":false,"robots_noarchive":false,"robots_nosnippet":false,"robots_nofollow":false,"robots_noimageindex":false,"robots_noodp":false,"robots_notranslate":false,"robots_max_snippet":"-1","robots_max_videopreview":"-1","robots_max_imagepreview":"large","priority":null,"frequency":"default","local_seo":null,"limit_modified_date":false,"created":"2023-03-16 21:01:13","updated":"2026-07-28 01:33:35","ai":null,"breadcrumb_settings":null,"seo_analyzer_scan_date":null},"aioseo_breadcrumb":"<div class=\"aioseo-breadcrumbs\"><span class=\"aioseo-breadcrumb\">\n\t\t\t<a href=\"https:\/\/cauceecologico.org\" title=\"Home\">Home<\/a>\n\t\t<\/span><span class=\"aioseo-breadcrumb-separator\">&raquo;<\/span><span class=\"aioseo-breadcrumb\">\n\t\t\t<a href=\"https:\/\/cauceecologico.org\/?cat=5\" title=\"Noticias\">Noticias<\/a>\n\t\t<\/span><span class=\"aioseo-breadcrumb-separator\">&raquo;<\/span><span class=\"aioseo-breadcrumb\">\n\t\t\tCharla sobre acceso a la informaci\u00f3n y Acuerdo de Escaz\u00fa\n\t\t<\/span><\/div>","aioseo_breadcrumb_json":[{"label":"Home","link":"https:\/\/cauceecologico.org"},{"label":"Noticias","link":"https:\/\/cauceecologico.org\/?cat=5"},{"label":"Charla sobre acceso a la informaci\u00f3n y Acuerdo de Escaz\u00fa","link":"https:\/\/cauceecologico.org\/?p=3302"}],"_links":{"self":[{"href":"https:\/\/cauceecologico.org\/index.php?rest_route=\/wp\/v2\/posts\/3302","targetHints":{"allow":["GET"]}}],"collection":[{"href":"https:\/\/cauceecologico.org\/index.php?rest_route=\/wp\/v2\/posts"}],"about":[{"href":"https:\/\/cauceecologico.org\/index.php?rest_route=\/wp\/v2\/types\/post"}],"author":[{"embeddable":true,"href":"https:\/\/cauceecologico.org\/index.php?rest_route=\/wp\/v2\/users\/2"}],"replies":[{"embeddable":true,"href":"https:\/\/cauceecologico.org\/index.php?rest_route=%2Fwp%2Fv2%2Fcomments&post=3302"}],"version-history":[{"count":8,"href":"https:\/\/cauceecologico.org\/index.php?rest_route=\/wp\/v2\/posts\/3302\/revisions"}],"predecessor-version":[{"id":4219,"href":"https:\/\/cauceecologico.org\/index.php?rest_route=\/wp\/v2\/posts\/3302\/revisions\/4219"}],"wp:featuredmedia":[{"embeddable":true,"href":"https:\/\/cauceecologico.org\/index.php?rest_route=\/wp\/v2\/media\/3226"}],"wp:attachment":[{"href":"https:\/\/cauceecologico.org\/index.php?rest_route=%2Fwp%2Fv2%2Fmedia&parent=3302"}],"wp:term":[{"taxonomy":"category","embeddable":true,"href":"https:\/\/cauceecologico.org\/index.php?rest_route=%2Fwp%2Fv2%2Fcategories&post=3302"},{"taxonomy":"post_tag","embeddable":true,"href":"https:\/\/cauceecologico.org\/index.php?rest_route=%2Fwp%2Fv2%2Ftags&post=3302"}],"curies":[{"name":"wp","href":"https:\/\/api.w.org\/{rel}","templated":true}]}}