{"id":3318,"date":"2021-12-14T14:24:28","date_gmt":"2021-12-14T14:24:28","guid":{"rendered":"https:\/\/cauceecologico.org\/?p=3318"},"modified":"2021-12-14T14:30:32","modified_gmt":"2021-12-14T14:30:32","slug":"rio-parana-bajante-y-situacion-de-peces","status":"publish","type":"post","link":"https:\/\/cauceecologico.org\/?p=3318","title":{"rendered":"R\u00edo Paran\u00e1: bajante y situaci\u00f3n de peces"},"content":{"rendered":"<p>Recorrido por el r\u00edo Paran\u00e1, las islas Puente y Santa C\u00e1ndida. Los relatos de Abelino, Daniel y Domingo. Gracias Luis \u00abCosita\u00bb Romero y Gabriel Ducasse. Material realizado en el marco de los Encuentros de Territorialidad del programa Humedales Sin Fronteras.<\/p>\n","protected":false},"excerpt":{"rendered":"<p>Recorrido por el r\u00edo Paran\u00e1, las islas Puente y Santa C\u00e1ndida. Los relatos de Abelino, Daniel y Domingo. Gracias Luis \u00abCosita\u00bb Romero y Gabriel Ducasse. Material realizado en el marco de los Encuentros de Territorialidad del programa Humedales Sin Fronteras.<\/p>\n","protected":false},"author":2,"featured_media":3320,"comment_status":"open","ping_status":"open","sticky":false,"template":"","format":"video","meta":{"om_disable_all_campaigns":false,"_monsterinsights_skip_tracking":false,"amp_status":"","footnotes":""},"categories":[1],"tags":[],"class_list":["post-3318","post","type-post","status-publish","format-video","has-post-thumbnail","hentry","category-uncategorized","post_format-post-format-video"],"aioseo_notices":[],"aioseo_head":"\n\t\t<!-- All in One SEO 4.9.10 - aioseo.com -->\n\t<meta name=\"description\" content=\"Recorrido por el r\u00edo Paran\u00e1, las islas Puente y Santa C\u00e1ndida. Los relatos de Abelino, Daniel y Domingo. Gracias Luis &quot;Cosita&quot; Romero y Gabriel Ducasse. Material realizado en el marco de los Encuentros de Territorialidad del programa Humedales Sin Fronteras.\" \/>\n\t<meta name=\"robots\" content=\"max-image-preview:large\" \/>\n\t<meta name=\"author\" content=\"Ana Lucia Vergara\"\/>\n\t<link rel=\"canonical\" href=\"https:\/\/cauceecologico.org\/?p=3318\" \/>\n\t<meta name=\"generator\" content=\"All in One SEO (AIOSEO) 4.9.10\" \/>\n\t\t<meta property=\"og:locale\" content=\"es_ES\" \/>\n\t\t<meta property=\"og:site_name\" content=\"CAUCE - Cultura Ambiental - Causa Ecologista\" \/>\n\t\t<meta property=\"og:type\" content=\"article\" \/>\n\t\t<meta property=\"og:title\" content=\"R\u00edo Paran\u00e1: bajante y situaci\u00f3n de peces - CAUCE\" \/>\n\t\t<meta property=\"og:description\" content=\"Recorrido por el r\u00edo Paran\u00e1, las islas Puente y Santa C\u00e1ndida. Los relatos de Abelino, Daniel y Domingo. Gracias Luis &quot;Cosita&quot; Romero y Gabriel Ducasse. Material realizado en el marco de los Encuentros de Territorialidad del programa Humedales Sin Fronteras.\" \/>\n\t\t<meta property=\"og:url\" content=\"https:\/\/cauceecologico.org\/?p=3318\" \/>\n\t\t<meta property=\"article:published_time\" content=\"2021-12-14T14:24:28+00:00\" \/>\n\t\t<meta property=\"article:modified_time\" content=\"2021-12-14T14:30:32+00:00\" \/>\n\t\t<meta name=\"twitter:card\" content=\"summary_large_image\" \/>\n\t\t<meta name=\"twitter:title\" content=\"R\u00edo Paran\u00e1: bajante y situaci\u00f3n de peces - CAUCE\" \/>\n\t\t<meta name=\"twitter:description\" content=\"Recorrido por el r\u00edo Paran\u00e1, las islas Puente y Santa C\u00e1ndida. Los relatos de Abelino, Daniel y Domingo. Gracias Luis &quot;Cosita&quot; Romero y Gabriel Ducasse. Material realizado en el marco de los Encuentros de Territorialidad del programa Humedales Sin Fronteras.\" \/>\n\t\t<script type=\"application\/ld+json\" class=\"aioseo-schema\">\n\t\t\t{\"@context\":\"https:\\\/\\\/schema.org\",\"@graph\":[{\"@type\":\"BlogPosting\",\"@id\":\"https:\\\/\\\/cauceecologico.org\\\/?p=3318#blogposting\",\"name\":\"R\\u00edo Paran\\u00e1: bajante y situaci\\u00f3n de peces - CAUCE\",\"headline\":\"R\\u00edo Paran\\u00e1: bajante y situaci\\u00f3n de peces\",\"author\":{\"@id\":\"https:\\\/\\\/cauceecologico.org\\\/?author=2#author\"},\"publisher\":{\"@id\":\"https:\\\/\\\/cauceecologico.org\\\/#organization\"},\"image\":{\"@type\":\"ImageObject\",\"url\":\"https:\\\/\\\/cauceecologico.org\\\/wp-content\\\/uploads\\\/2021\\\/12\\\/rio.jpg\",\"width\":1391,\"height\":884},\"datePublished\":\"2021-12-14T14:24:28+00:00\",\"dateModified\":\"2021-12-14T14:30:32+00:00\",\"inLanguage\":\"es-ES\",\"mainEntityOfPage\":{\"@id\":\"https:\\\/\\\/cauceecologico.org\\\/?p=3318#webpage\"},\"isPartOf\":{\"@id\":\"https:\\\/\\\/cauceecologico.org\\\/?p=3318#webpage\"},\"articleSection\":\"Uncategorized, V\\u00eddeo\"},{\"@type\":\"BreadcrumbList\",\"@id\":\"https:\\\/\\\/cauceecologico.org\\\/?p=3318#breadcrumblist\",\"itemListElement\":[{\"@type\":\"ListItem\",\"@id\":\"https:\\\/\\\/cauceecologico.org#listItem\",\"position\":1,\"name\":\"Home\",\"item\":\"https:\\\/\\\/cauceecologico.org\",\"nextItem\":{\"@type\":\"ListItem\",\"@id\":\"https:\\\/\\\/cauceecologico.org\\\/?cat=1#listItem\",\"name\":\"Uncategorized\"}},{\"@type\":\"ListItem\",\"@id\":\"https:\\\/\\\/cauceecologico.org\\\/?cat=1#listItem\",\"position\":2,\"name\":\"Uncategorized\",\"item\":\"https:\\\/\\\/cauceecologico.org\\\/?cat=1\",\"nextItem\":{\"@type\":\"ListItem\",\"@id\":\"https:\\\/\\\/cauceecologico.org\\\/?p=3318#listItem\",\"name\":\"R\\u00edo Paran\\u00e1: bajante y situaci\\u00f3n de peces\"},\"previousItem\":{\"@type\":\"ListItem\",\"@id\":\"https:\\\/\\\/cauceecologico.org#listItem\",\"name\":\"Home\"}},{\"@type\":\"ListItem\",\"@id\":\"https:\\\/\\\/cauceecologico.org\\\/?p=3318#listItem\",\"position\":3,\"name\":\"R\\u00edo Paran\\u00e1: bajante y situaci\\u00f3n de peces\",\"previousItem\":{\"@type\":\"ListItem\",\"@id\":\"https:\\\/\\\/cauceecologico.org\\\/?cat=1#listItem\",\"name\":\"Uncategorized\"}}]},{\"@type\":\"Organization\",\"@id\":\"https:\\\/\\\/cauceecologico.org\\\/#organization\",\"name\":\"CAUCE\",\"description\":\"Cultura Ambiental - Causa Ecologista\",\"url\":\"https:\\\/\\\/cauceecologico.org\\\/\"},{\"@type\":\"Person\",\"@id\":\"https:\\\/\\\/cauceecologico.org\\\/?author=2#author\",\"url\":\"https:\\\/\\\/cauceecologico.org\\\/?author=2\",\"name\":\"Ana Lucia Vergara\",\"image\":{\"@type\":\"ImageObject\",\"@id\":\"https:\\\/\\\/cauceecologico.org\\\/?p=3318#authorImage\",\"url\":\"https:\\\/\\\/secure.gravatar.com\\\/avatar\\\/e8720df08f5c466573fb9f3d6cec14bcac9a305e2049123e58e6bc9c03f3a77b?s=96&d=mm&r=g\",\"width\":96,\"height\":96,\"caption\":\"Ana Lucia Vergara\"}},{\"@type\":\"WebPage\",\"@id\":\"https:\\\/\\\/cauceecologico.org\\\/?p=3318#webpage\",\"url\":\"https:\\\/\\\/cauceecologico.org\\\/?p=3318\",\"name\":\"R\\u00edo Paran\\u00e1: bajante y situaci\\u00f3n de peces - CAUCE\",\"description\":\"Recorrido por el r\\u00edo Paran\\u00e1, las islas Puente y Santa C\\u00e1ndida. Los relatos de Abelino, Daniel y Domingo. Gracias Luis \\\"Cosita\\\" Romero y Gabriel Ducasse. Material realizado en el marco de los Encuentros de Territorialidad del programa Humedales Sin Fronteras.\",\"inLanguage\":\"es-ES\",\"isPartOf\":{\"@id\":\"https:\\\/\\\/cauceecologico.org\\\/#website\"},\"breadcrumb\":{\"@id\":\"https:\\\/\\\/cauceecologico.org\\\/?p=3318#breadcrumblist\"},\"author\":{\"@id\":\"https:\\\/\\\/cauceecologico.org\\\/?author=2#author\"},\"creator\":{\"@id\":\"https:\\\/\\\/cauceecologico.org\\\/?author=2#author\"},\"image\":{\"@type\":\"ImageObject\",\"url\":\"https:\\\/\\\/cauceecologico.org\\\/wp-content\\\/uploads\\\/2021\\\/12\\\/rio.jpg\",\"@id\":\"https:\\\/\\\/cauceecologico.org\\\/?p=3318\\\/#mainImage\",\"width\":1391,\"height\":884},\"primaryImageOfPage\":{\"@id\":\"https:\\\/\\\/cauceecologico.org\\\/?p=3318#mainImage\"},\"datePublished\":\"2021-12-14T14:24:28+00:00\",\"dateModified\":\"2021-12-14T14:30:32+00:00\"},{\"@type\":\"WebSite\",\"@id\":\"https:\\\/\\\/cauceecologico.org\\\/#website\",\"url\":\"https:\\\/\\\/cauceecologico.org\\\/\",\"name\":\"CAUCE\",\"description\":\"Cultura Ambiental - Causa Ecologista\",\"inLanguage\":\"es-ES\",\"publisher\":{\"@id\":\"https:\\\/\\\/cauceecologico.org\\\/#organization\"}}]}\n\t\t<\/script>\n\t\t<!-- All in One SEO -->\n\n","aioseo_head_json":{"title":"R\u00edo Paran\u00e1: bajante y situaci\u00f3n de peces - CAUCE","description":"Recorrido por el r\u00edo Paran\u00e1, las islas Puente y Santa C\u00e1ndida. Los relatos de Abelino, Daniel y Domingo. Gracias Luis \"Cosita\" Romero y Gabriel Ducasse. Material realizado en el marco de los Encuentros de Territorialidad del programa Humedales Sin Fronteras.","canonical_url":"https:\/\/cauceecologico.org\/?p=3318","robots":"max-image-preview:large","keywords":"","webmasterTools":{"miscellaneous":""},"schema":{"@context":"https:\/\/schema.org","@graph":[{"@type":"BlogPosting","@id":"https:\/\/cauceecologico.org\/?p=3318#blogposting","name":"R\u00edo Paran\u00e1: bajante y situaci\u00f3n de peces - CAUCE","headline":"R\u00edo Paran\u00e1: bajante y situaci\u00f3n de peces","author":{"@id":"https:\/\/cauceecologico.org\/?author=2#author"},"publisher":{"@id":"https:\/\/cauceecologico.org\/#organization"},"image":{"@type":"ImageObject","url":"https:\/\/cauceecologico.org\/wp-content\/uploads\/2021\/12\/rio.jpg","width":1391,"height":884},"datePublished":"2021-12-14T14:24:28+00:00","dateModified":"2021-12-14T14:30:32+00:00","inLanguage":"es-ES","mainEntityOfPage":{"@id":"https:\/\/cauceecologico.org\/?p=3318#webpage"},"isPartOf":{"@id":"https:\/\/cauceecologico.org\/?p=3318#webpage"},"articleSection":"Uncategorized, V\u00eddeo"},{"@type":"BreadcrumbList","@id":"https:\/\/cauceecologico.org\/?p=3318#breadcrumblist","itemListElement":[{"@type":"ListItem","@id":"https:\/\/cauceecologico.org#listItem","position":1,"name":"Home","item":"https:\/\/cauceecologico.org","nextItem":{"@type":"ListItem","@id":"https:\/\/cauceecologico.org\/?cat=1#listItem","name":"Uncategorized"}},{"@type":"ListItem","@id":"https:\/\/cauceecologico.org\/?cat=1#listItem","position":2,"name":"Uncategorized","item":"https:\/\/cauceecologico.org\/?cat=1","nextItem":{"@type":"ListItem","@id":"https:\/\/cauceecologico.org\/?p=3318#listItem","name":"R\u00edo Paran\u00e1: bajante y situaci\u00f3n de peces"},"previousItem":{"@type":"ListItem","@id":"https:\/\/cauceecologico.org#listItem","name":"Home"}},{"@type":"ListItem","@id":"https:\/\/cauceecologico.org\/?p=3318#listItem","position":3,"name":"R\u00edo Paran\u00e1: bajante y situaci\u00f3n de peces","previousItem":{"@type":"ListItem","@id":"https:\/\/cauceecologico.org\/?cat=1#listItem","name":"Uncategorized"}}]},{"@type":"Organization","@id":"https:\/\/cauceecologico.org\/#organization","name":"CAUCE","description":"Cultura Ambiental - Causa Ecologista","url":"https:\/\/cauceecologico.org\/"},{"@type":"Person","@id":"https:\/\/cauceecologico.org\/?author=2#author","url":"https:\/\/cauceecologico.org\/?author=2","name":"Ana Lucia Vergara","image":{"@type":"ImageObject","@id":"https:\/\/cauceecologico.org\/?p=3318#authorImage","url":"https:\/\/secure.gravatar.com\/avatar\/e8720df08f5c466573fb9f3d6cec14bcac9a305e2049123e58e6bc9c03f3a77b?s=96&d=mm&r=g","width":96,"height":96,"caption":"Ana Lucia Vergara"}},{"@type":"WebPage","@id":"https:\/\/cauceecologico.org\/?p=3318#webpage","url":"https:\/\/cauceecologico.org\/?p=3318","name":"R\u00edo Paran\u00e1: bajante y situaci\u00f3n de peces - CAUCE","description":"Recorrido por el r\u00edo Paran\u00e1, las islas Puente y Santa C\u00e1ndida. Los relatos de Abelino, Daniel y Domingo. Gracias Luis \"Cosita\" Romero y Gabriel Ducasse. Material realizado en el marco de los Encuentros de Territorialidad del programa Humedales Sin Fronteras.","inLanguage":"es-ES","isPartOf":{"@id":"https:\/\/cauceecologico.org\/#website"},"breadcrumb":{"@id":"https:\/\/cauceecologico.org\/?p=3318#breadcrumblist"},"author":{"@id":"https:\/\/cauceecologico.org\/?author=2#author"},"creator":{"@id":"https:\/\/cauceecologico.org\/?author=2#author"},"image":{"@type":"ImageObject","url":"https:\/\/cauceecologico.org\/wp-content\/uploads\/2021\/12\/rio.jpg","@id":"https:\/\/cauceecologico.org\/?p=3318\/#mainImage","width":1391,"height":884},"primaryImageOfPage":{"@id":"https:\/\/cauceecologico.org\/?p=3318#mainImage"},"datePublished":"2021-12-14T14:24:28+00:00","dateModified":"2021-12-14T14:30:32+00:00"},{"@type":"WebSite","@id":"https:\/\/cauceecologico.org\/#website","url":"https:\/\/cauceecologico.org\/","name":"CAUCE","description":"Cultura Ambiental - Causa Ecologista","inLanguage":"es-ES","publisher":{"@id":"https:\/\/cauceecologico.org\/#organization"}}]},"og:locale":"es_ES","og:site_name":"CAUCE - Cultura Ambiental - Causa Ecologista","og:type":"article","og:title":"R\u00edo Paran\u00e1: bajante y situaci\u00f3n de peces - CAUCE","og:description":"Recorrido por el r\u00edo Paran\u00e1, las islas Puente y Santa C\u00e1ndida. Los relatos de Abelino, Daniel y Domingo. Gracias Luis &quot;Cosita&quot; Romero y Gabriel Ducasse. Material realizado en el marco de los Encuentros de Territorialidad del programa Humedales Sin Fronteras.","og:url":"https:\/\/cauceecologico.org\/?p=3318","article:published_time":"2021-12-14T14:24:28+00:00","article:modified_time":"2021-12-14T14:30:32+00:00","twitter:card":"summary_large_image","twitter:title":"R\u00edo Paran\u00e1: bajante y situaci\u00f3n de peces - CAUCE","twitter:description":"Recorrido por el r\u00edo Paran\u00e1, las islas Puente y Santa C\u00e1ndida. Los relatos de Abelino, Daniel y Domingo. Gracias Luis &quot;Cosita&quot; Romero y Gabriel Ducasse. Material realizado en el marco de los Encuentros de Territorialidad del programa Humedales Sin Fronteras."},"aioseo_meta_data":{"post_id":"3318","title":null,"description":null,"keywords":null,"keyphrases":null,"primary_term":null,"canonical_url":null,"og_title":null,"og_description":null,"og_object_type":"default","og_image_type":"default","og_image_url":null,"og_image_width":null,"og_image_height":null,"og_image_custom_url":null,"og_image_custom_fields":null,"og_video":null,"og_custom_url":null,"og_article_section":null,"og_article_tags":null,"twitter_use_og":false,"twitter_card":"default","twitter_image_type":"default","twitter_image_url":null,"twitter_image_custom_url":null,"twitter_image_custom_fields":null,"twitter_title":null,"twitter_description":null,"schema":{"blockGraphs":[],"customGraphs":[],"default":{"data":{"Article":[],"Course":[],"Dataset":[],"FAQPage":[],"Movie":[],"Person":[],"Product":[],"ProductReview":[],"Car":[],"Recipe":[],"Service":[],"SoftwareApplication":[],"WebPage":[]},"graphName":"","isEnabled":true},"graphs":[]},"schema_type":"default","schema_type_options":null,"pillar_content":false,"robots_default":true,"robots_noindex":false,"robots_noarchive":false,"robots_nosnippet":false,"robots_nofollow":false,"robots_noimageindex":false,"robots_noodp":false,"robots_notranslate":false,"robots_max_snippet":null,"robots_max_videopreview":null,"robots_max_imagepreview":"large","priority":null,"frequency":null,"local_seo":null,"limit_modified_date":false,"created":"2023-03-16 21:01:13","updated":"2026-07-28 01:33:35","ai":null,"breadcrumb_settings":null,"seo_analyzer_scan_date":null},"aioseo_breadcrumb":"<div class=\"aioseo-breadcrumbs\"><span class=\"aioseo-breadcrumb\">\n\t\t\t<a href=\"https:\/\/cauceecologico.org\" title=\"Home\">Home<\/a>\n\t\t<\/span><span class=\"aioseo-breadcrumb-separator\">&raquo;<\/span><span class=\"aioseo-breadcrumb\">\n\t\t\t<a href=\"https:\/\/cauceecologico.org\/?cat=1\" title=\"Uncategorized\">Uncategorized<\/a>\n\t\t<\/span><span class=\"aioseo-breadcrumb-separator\">&raquo;<\/span><span class=\"aioseo-breadcrumb\">\n\t\t\tR\u00edo Paran\u00e1: bajante y situaci\u00f3n de peces\n\t\t<\/span><\/div>","aioseo_breadcrumb_json":[{"label":"Home","link":"https:\/\/cauceecologico.org"},{"label":"Uncategorized","link":"https:\/\/cauceecologico.org\/?cat=1"},{"label":"R\u00edo Paran\u00e1: bajante y situaci\u00f3n de peces","link":"https:\/\/cauceecologico.org\/?p=3318"}],"_links":{"self":[{"href":"https:\/\/cauceecologico.org\/index.php?rest_route=\/wp\/v2\/posts\/3318","targetHints":{"allow":["GET"]}}],"collection":[{"href":"https:\/\/cauceecologico.org\/index.php?rest_route=\/wp\/v2\/posts"}],"about":[{"href":"https:\/\/cauceecologico.org\/index.php?rest_route=\/wp\/v2\/types\/post"}],"author":[{"embeddable":true,"href":"https:\/\/cauceecologico.org\/index.php?rest_route=\/wp\/v2\/users\/2"}],"replies":[{"embeddable":true,"href":"https:\/\/cauceecologico.org\/index.php?rest_route=%2Fwp%2Fv2%2Fcomments&post=3318"}],"version-history":[{"count":1,"href":"https:\/\/cauceecologico.org\/index.php?rest_route=\/wp\/v2\/posts\/3318\/revisions"}],"predecessor-version":[{"id":3319,"href":"https:\/\/cauceecologico.org\/index.php?rest_route=\/wp\/v2\/posts\/3318\/revisions\/3319"}],"wp:featuredmedia":[{"embeddable":true,"href":"https:\/\/cauceecologico.org\/index.php?rest_route=\/wp\/v2\/media\/3320"}],"wp:attachment":[{"href":"https:\/\/cauceecologico.org\/index.php?rest_route=%2Fwp%2Fv2%2Fmedia&parent=3318"}],"wp:term":[{"taxonomy":"category","embeddable":true,"href":"https:\/\/cauceecologico.org\/index.php?rest_route=%2Fwp%2Fv2%2Fcategories&post=3318"},{"taxonomy":"post_tag","embeddable":true,"href":"https:\/\/cauceecologico.org\/index.php?rest_route=%2Fwp%2Fv2%2Ftags&post=3318"}],"curies":[{"name":"wp","href":"https:\/\/api.w.org\/{rel}","templated":true}]}}