{"id":3322,"date":"2021-12-14T22:30:22","date_gmt":"2021-12-14T22:30:22","guid":{"rendered":"https:\/\/cauceecologico.org\/?p=3322"},"modified":"2021-12-15T19:20:14","modified_gmt":"2021-12-15T19:20:14","slug":"charla-en-vivo-hidrovia-para-que-quienes-conversacion-sobre-sus-impactos-en-la-region","status":"publish","type":"post","link":"https:\/\/cauceecologico.org\/?p=3322","title":{"rendered":"\u00a1Charla en vivo! Hidrov\u00eda: \u00bfPara qu\u00e9 \/ qui\u00e9nes? Impactos de este megaproyecto en la regi\u00f3n"},"content":{"rendered":"<p><span style=\"font-weight: 400;\">Fundaci\u00f3n CAUCE: Cultura Ambiental \u2013 Causa Ecologista y Taller Ecologista brindar\u00e1n una charla en vivo para dar a conocer diversos aspectos de la Hidrov\u00eda Paran\u00e1-Paraguay, enfatizando en los principales impactos ambientales de este megaproyecto para la regi\u00f3n.<\/span><\/p>\n<p><span style=\"font-weight: 400;\">La transmisi\u00f3n se realizar\u00e1 este viernes 17 de diciembre a las 17:00 por el perfil de instagram cauce_ecologico con la presencia de Ariel Ocantos (Taller Ecologista) y Joel de Souza (CAUCE). La actividad se enmarca en la campa\u00f1a comunicacional \u201c\u00a1Alerta Hidrov\u00eda! Impactos en nuestros r\u00edos y territorios\u201d, que ambas organizaciones desarrollan desde el programa Humedales Sin Fronteras.\u00a0\u00a0<\/span><\/p>\n<h4><b>Sobre los expositores:<\/b><\/h4>\n<p><span style=\"font-weight: 400;\">Ariel Ocantos: Lic. en Relaciones Internacionales. Becario doctoral CONICET\/ICO-UNGS. Doctorando en Cs. Sociales UBA y docente de la Universidad Nacional de Rosario.<\/span><\/p>\n<p><span style=\"font-weight: 400;\">Joel de Souza: Contador P\u00fablico Nacional por la Universidad Nacional de Entre R\u00edos. Diplomado en Gesti\u00f3n de Proyectos (UTN, Buenos Aires).\u00a0<\/span><\/p>\n<p><img loading=\"lazy\" decoding=\"async\" class=\"alignnone wp-image-3323 size-full\" src=\"http:\/\/cauceecologico.org\/wp-content\/uploads\/2021\/12\/WhatsApp-Image-2021-12-14-at-17.56.30.jpeg\" alt=\"\" width=\"1000\" height=\"1000\" srcset=\"https:\/\/cauceecologico.org\/wp-content\/uploads\/2021\/12\/WhatsApp-Image-2021-12-14-at-17.56.30.jpeg 1000w, https:\/\/cauceecologico.org\/wp-content\/uploads\/2021\/12\/WhatsApp-Image-2021-12-14-at-17.56.30-300x300.jpeg 300w, https:\/\/cauceecologico.org\/wp-content\/uploads\/2021\/12\/WhatsApp-Image-2021-12-14-at-17.56.30-150x150.jpeg 150w, https:\/\/cauceecologico.org\/wp-content\/uploads\/2021\/12\/WhatsApp-Image-2021-12-14-at-17.56.30-768x768.jpeg 768w, https:\/\/cauceecologico.org\/wp-content\/uploads\/2021\/12\/WhatsApp-Image-2021-12-14-at-17.56.30-80x80.jpeg 80w\" sizes=\"auto, (max-width: 1000px) 100vw, 1000px\" \/><\/p>\n<h4><b>Sobre las organizaciones y el programa Humedales Sin Fronteras:<\/b><\/h4>\n<p><span style=\"font-weight: 400;\">Fundaci\u00f3n CAUCE: Cultura Ambiental \u2013 Causa Ecologista: nace en 2018 con el objetivo principal de avanzar hacia sociedades sustentables donde la ciudadan\u00eda pueda ejercer, con plena conciencia, una \u00e9tica del cuidado que contemple los derechos humanos y los derechos de la naturaleza. Para ello asume el compromiso de exigir la garant\u00eda de cumplimiento de los tres pilares bases de la democracia ambiental: acceso a la informaci\u00f3n p\u00fablica, participaci\u00f3n ciudadana y acceso a la justicia. Trabaja con perspectiva de g\u00e9nero, desde el arte, la cultura y la educaci\u00f3n.<\/span><\/p>\n<p><span style=\"font-weight: 400;\">Taller Ecologista: organizaci\u00f3n socioambiental sin fines de lucro, aut\u00f3noma y autogestiva, con 36 a\u00f1os de trabajo ininterrumpido. Nacimos en 1985 en la ciudad de Rosario (Argentina), trabajamos desde una perspectiva socioambiental en la defensa y preservaci\u00f3n del ambiente de manera integral, conjugando los problemas sociales, pol\u00edticos y econ\u00f3micos con el respeto por los derechos humanos. Promovemos sociedades sustentables que permitan a las generaciones actuales y futuras una vida digna y armoniosa con el entorno, hacia una cultura ecol\u00f3gica de la igualdad.<\/span><\/p>\n<p><span style=\"font-weight: 400;\">Humedales sin Fronteras: programa comprometido con la sustentabilidad de la Cuenca del Plata, integrado por organizaciones de Argentina, Bolivia, Brasil, Paraguay y Pa\u00edses Bajos. Trabajamos para la defensa, conservaci\u00f3n y restauraci\u00f3n de los humedales y para la protecci\u00f3n y soberan\u00eda de los valores hist\u00f3rico-culturales de las comunidades que los habitan. Realizamos acciones para evitar la degradaci\u00f3n de la cuenca, fuente clave de agua y alimentos para 5 pa\u00edses y hogar de m\u00e1s de 30 millones de personas.<\/span><\/p>\n<p><b>Material relacionado:<\/b><\/p>\n<p><strong><span style=\"color: #3366ff;\"><a style=\"color: #3366ff;\" href=\"https:\/\/www.youtube.com\/watch?v=t468TZdUHbA&amp;list=PLgkpJEv-jfJIkGKB-4vWJNvHMk-ZOAGE9&amp;index=1&amp;t=1s\">&#x27a1;&#xfe0f;Informes radiof\u00f3nicos \u00a1Alerta Hidrov\u00eda!<\/a><\/span><\/strong><\/p>\n<p style=\"text-align: right;\">14\/12\/21<\/p>\n","protected":false},"excerpt":{"rendered":"<p>Fundaci\u00f3n CAUCE: Cultura Ambiental \u2013 Causa Ecologista y Taller Ecologista brindar\u00e1n una charla en vivo para dar a conocer diversos aspectos de la Hidrov\u00eda Paran\u00e1-Paraguay, enfatizando en los principales impactos ambientales de este megaproyecto para la regi\u00f3n. La transmisi\u00f3n se realizar\u00e1 este viernes 17 de diciembre a las 17:00 por el perfil de instagram cauce_ecologico [&hellip;]<\/p>\n","protected":false},"author":2,"featured_media":2977,"comment_status":"open","ping_status":"open","sticky":false,"template":"","format":"standard","meta":{"om_disable_all_campaigns":false,"_monsterinsights_skip_tracking":false,"amp_status":"","footnotes":""},"categories":[275,5],"tags":[],"class_list":["post-3322","post","type-post","status-publish","format-standard","has-post-thumbnail","hentry","category-hidrovia-parana-paraguay-hpp","category-noticias"],"aioseo_notices":[],"aioseo_head":"\n\t\t<!-- All in One SEO 4.9.10 - aioseo.com -->\n\t<meta name=\"description\" content=\"Fundaci\u00f3n CAUCE: Cultura Ambiental \u2013 Causa Ecologista y Taller Ecologista brindar\u00e1n una charla en vivo para dar a conocer diversos aspectos de la Hidrov\u00eda Paran\u00e1-Paraguay, enfatizando en los principales impactos ambientales de este megaproyecto para la regi\u00f3n. La transmisi\u00f3n se realizar\u00e1 este viernes 17 de diciembre a las 17:00 por el perfil de instagram cauce_ecologico\" \/>\n\t<meta name=\"robots\" content=\"max-image-preview:large\" \/>\n\t<meta name=\"author\" content=\"Ana Lucia Vergara\"\/>\n\t<link rel=\"canonical\" href=\"https:\/\/cauceecologico.org\/?p=3322\" \/>\n\t<meta name=\"generator\" content=\"All in One SEO (AIOSEO) 4.9.10\" \/>\n\t\t<meta property=\"og:locale\" content=\"es_ES\" \/>\n\t\t<meta property=\"og:site_name\" content=\"CAUCE - Cultura Ambiental - Causa Ecologista\" \/>\n\t\t<meta property=\"og:type\" content=\"article\" \/>\n\t\t<meta property=\"og:title\" content=\"\u00a1Charla en vivo! Hidrov\u00eda: \u00bfPara qu\u00e9 \/ qui\u00e9nes? Impactos de este megaproyecto en la regi\u00f3n - CAUCE\" \/>\n\t\t<meta property=\"og:description\" content=\"Fundaci\u00f3n CAUCE: Cultura Ambiental \u2013 Causa Ecologista y Taller Ecologista brindar\u00e1n una charla en vivo para dar a conocer diversos aspectos de la Hidrov\u00eda Paran\u00e1-Paraguay, enfatizando en los principales impactos ambientales de este megaproyecto para la regi\u00f3n. La transmisi\u00f3n se realizar\u00e1 este viernes 17 de diciembre a las 17:00 por el perfil de instagram cauce_ecologico\" \/>\n\t\t<meta property=\"og:url\" content=\"https:\/\/cauceecologico.org\/?p=3322\" \/>\n\t\t<meta property=\"article:published_time\" content=\"2021-12-14T22:30:22+00:00\" \/>\n\t\t<meta property=\"article:modified_time\" content=\"2021-12-15T19:20:14+00:00\" \/>\n\t\t<meta name=\"twitter:card\" content=\"summary_large_image\" \/>\n\t\t<meta name=\"twitter:title\" content=\"\u00a1Charla en vivo! Hidrov\u00eda: \u00bfPara qu\u00e9 \/ qui\u00e9nes? Impactos de este megaproyecto en la regi\u00f3n - CAUCE\" \/>\n\t\t<meta name=\"twitter:description\" content=\"Fundaci\u00f3n CAUCE: Cultura Ambiental \u2013 Causa Ecologista y Taller Ecologista brindar\u00e1n una charla en vivo para dar a conocer diversos aspectos de la Hidrov\u00eda Paran\u00e1-Paraguay, enfatizando en los principales impactos ambientales de este megaproyecto para la regi\u00f3n. La transmisi\u00f3n se realizar\u00e1 este viernes 17 de diciembre a las 17:00 por el perfil de instagram cauce_ecologico\" \/>\n\t\t<script type=\"application\/ld+json\" class=\"aioseo-schema\">\n\t\t\t{\"@context\":\"https:\\\/\\\/schema.org\",\"@graph\":[{\"@type\":\"BlogPosting\",\"@id\":\"https:\\\/\\\/cauceecologico.org\\\/?p=3322#blogposting\",\"name\":\"\\u00a1Charla en vivo! Hidrov\\u00eda: \\u00bfPara qu\\u00e9 \\\/ qui\\u00e9nes? Impactos de este megaproyecto en la regi\\u00f3n - CAUCE\",\"headline\":\"\\u00a1Charla en vivo! Hidrov\\u00eda: \\u00bfPara qu\\u00e9 \\\/ qui\\u00e9nes? Impactos de este megaproyecto en la regi\\u00f3n\",\"author\":{\"@id\":\"https:\\\/\\\/cauceecologico.org\\\/?author=2#author\"},\"publisher\":{\"@id\":\"https:\\\/\\\/cauceecologico.org\\\/#organization\"},\"image\":{\"@type\":\"ImageObject\",\"url\":\"https:\\\/\\\/cauceecologico.org\\\/wp-content\\\/uploads\\\/2021\\\/06\\\/37f621b6-4f59-4561-8857-18ea18c6b62a.jpg\",\"width\":1280,\"height\":960},\"datePublished\":\"2021-12-14T22:30:22+00:00\",\"dateModified\":\"2021-12-15T19:20:14+00:00\",\"inLanguage\":\"es-ES\",\"mainEntityOfPage\":{\"@id\":\"https:\\\/\\\/cauceecologico.org\\\/?p=3322#webpage\"},\"isPartOf\":{\"@id\":\"https:\\\/\\\/cauceecologico.org\\\/?p=3322#webpage\"},\"articleSection\":\"Hidrov\\u00eda Paran\\u00e1-Paraguay (HPP), Noticias\"},{\"@type\":\"BreadcrumbList\",\"@id\":\"https:\\\/\\\/cauceecologico.org\\\/?p=3322#breadcrumblist\",\"itemListElement\":[{\"@type\":\"ListItem\",\"@id\":\"https:\\\/\\\/cauceecologico.org#listItem\",\"position\":1,\"name\":\"Home\",\"item\":\"https:\\\/\\\/cauceecologico.org\",\"nextItem\":{\"@type\":\"ListItem\",\"@id\":\"https:\\\/\\\/cauceecologico.org\\\/?cat=5#listItem\",\"name\":\"Noticias\"}},{\"@type\":\"ListItem\",\"@id\":\"https:\\\/\\\/cauceecologico.org\\\/?cat=5#listItem\",\"position\":2,\"name\":\"Noticias\",\"item\":\"https:\\\/\\\/cauceecologico.org\\\/?cat=5\",\"nextItem\":{\"@type\":\"ListItem\",\"@id\":\"https:\\\/\\\/cauceecologico.org\\\/?p=3322#listItem\",\"name\":\"\\u00a1Charla en vivo! Hidrov\\u00eda: \\u00bfPara qu\\u00e9 \\\/ qui\\u00e9nes? Impactos de este megaproyecto en la regi\\u00f3n\"},\"previousItem\":{\"@type\":\"ListItem\",\"@id\":\"https:\\\/\\\/cauceecologico.org#listItem\",\"name\":\"Home\"}},{\"@type\":\"ListItem\",\"@id\":\"https:\\\/\\\/cauceecologico.org\\\/?p=3322#listItem\",\"position\":3,\"name\":\"\\u00a1Charla en vivo! Hidrov\\u00eda: \\u00bfPara qu\\u00e9 \\\/ qui\\u00e9nes? Impactos de este megaproyecto en la regi\\u00f3n\",\"previousItem\":{\"@type\":\"ListItem\",\"@id\":\"https:\\\/\\\/cauceecologico.org\\\/?cat=5#listItem\",\"name\":\"Noticias\"}}]},{\"@type\":\"Organization\",\"@id\":\"https:\\\/\\\/cauceecologico.org\\\/#organization\",\"name\":\"CAUCE\",\"description\":\"Cultura Ambiental - Causa Ecologista\",\"url\":\"https:\\\/\\\/cauceecologico.org\\\/\"},{\"@type\":\"Person\",\"@id\":\"https:\\\/\\\/cauceecologico.org\\\/?author=2#author\",\"url\":\"https:\\\/\\\/cauceecologico.org\\\/?author=2\",\"name\":\"Ana Lucia Vergara\",\"image\":{\"@type\":\"ImageObject\",\"@id\":\"https:\\\/\\\/cauceecologico.org\\\/?p=3322#authorImage\",\"url\":\"https:\\\/\\\/secure.gravatar.com\\\/avatar\\\/e8720df08f5c466573fb9f3d6cec14bcac9a305e2049123e58e6bc9c03f3a77b?s=96&d=mm&r=g\",\"width\":96,\"height\":96,\"caption\":\"Ana Lucia Vergara\"}},{\"@type\":\"WebPage\",\"@id\":\"https:\\\/\\\/cauceecologico.org\\\/?p=3322#webpage\",\"url\":\"https:\\\/\\\/cauceecologico.org\\\/?p=3322\",\"name\":\"\\u00a1Charla en vivo! Hidrov\\u00eda: \\u00bfPara qu\\u00e9 \\\/ qui\\u00e9nes? Impactos de este megaproyecto en la regi\\u00f3n - CAUCE\",\"description\":\"Fundaci\\u00f3n CAUCE: Cultura Ambiental \\u2013 Causa Ecologista y Taller Ecologista brindar\\u00e1n una charla en vivo para dar a conocer diversos aspectos de la Hidrov\\u00eda Paran\\u00e1-Paraguay, enfatizando en los principales impactos ambientales de este megaproyecto para la regi\\u00f3n. La transmisi\\u00f3n se realizar\\u00e1 este viernes 17 de diciembre a las 17:00 por el perfil de instagram cauce_ecologico\",\"inLanguage\":\"es-ES\",\"isPartOf\":{\"@id\":\"https:\\\/\\\/cauceecologico.org\\\/#website\"},\"breadcrumb\":{\"@id\":\"https:\\\/\\\/cauceecologico.org\\\/?p=3322#breadcrumblist\"},\"author\":{\"@id\":\"https:\\\/\\\/cauceecologico.org\\\/?author=2#author\"},\"creator\":{\"@id\":\"https:\\\/\\\/cauceecologico.org\\\/?author=2#author\"},\"image\":{\"@type\":\"ImageObject\",\"url\":\"https:\\\/\\\/cauceecologico.org\\\/wp-content\\\/uploads\\\/2021\\\/06\\\/37f621b6-4f59-4561-8857-18ea18c6b62a.jpg\",\"@id\":\"https:\\\/\\\/cauceecologico.org\\\/?p=3322\\\/#mainImage\",\"width\":1280,\"height\":960},\"primaryImageOfPage\":{\"@id\":\"https:\\\/\\\/cauceecologico.org\\\/?p=3322#mainImage\"},\"datePublished\":\"2021-12-14T22:30:22+00:00\",\"dateModified\":\"2021-12-15T19:20:14+00:00\"},{\"@type\":\"WebSite\",\"@id\":\"https:\\\/\\\/cauceecologico.org\\\/#website\",\"url\":\"https:\\\/\\\/cauceecologico.org\\\/\",\"name\":\"CAUCE\",\"description\":\"Cultura Ambiental - Causa Ecologista\",\"inLanguage\":\"es-ES\",\"publisher\":{\"@id\":\"https:\\\/\\\/cauceecologico.org\\\/#organization\"}}]}\n\t\t<\/script>\n\t\t<!-- All in One SEO -->\n\n","aioseo_head_json":{"title":"\u00a1Charla en vivo! Hidrov\u00eda: \u00bfPara qu\u00e9 \/ qui\u00e9nes? Impactos de este megaproyecto en la regi\u00f3n - CAUCE","description":"Fundaci\u00f3n CAUCE: Cultura Ambiental \u2013 Causa Ecologista y Taller Ecologista brindar\u00e1n una charla en vivo para dar a conocer diversos aspectos de la Hidrov\u00eda Paran\u00e1-Paraguay, enfatizando en los principales impactos ambientales de este megaproyecto para la regi\u00f3n. La transmisi\u00f3n se realizar\u00e1 este viernes 17 de diciembre a las 17:00 por el perfil de instagram cauce_ecologico","canonical_url":"https:\/\/cauceecologico.org\/?p=3322","robots":"max-image-preview:large","keywords":"","webmasterTools":{"miscellaneous":""},"schema":{"@context":"https:\/\/schema.org","@graph":[{"@type":"BlogPosting","@id":"https:\/\/cauceecologico.org\/?p=3322#blogposting","name":"\u00a1Charla en vivo! Hidrov\u00eda: \u00bfPara qu\u00e9 \/ qui\u00e9nes? Impactos de este megaproyecto en la regi\u00f3n - CAUCE","headline":"\u00a1Charla en vivo! Hidrov\u00eda: \u00bfPara qu\u00e9 \/ qui\u00e9nes? Impactos de este megaproyecto en la regi\u00f3n","author":{"@id":"https:\/\/cauceecologico.org\/?author=2#author"},"publisher":{"@id":"https:\/\/cauceecologico.org\/#organization"},"image":{"@type":"ImageObject","url":"https:\/\/cauceecologico.org\/wp-content\/uploads\/2021\/06\/37f621b6-4f59-4561-8857-18ea18c6b62a.jpg","width":1280,"height":960},"datePublished":"2021-12-14T22:30:22+00:00","dateModified":"2021-12-15T19:20:14+00:00","inLanguage":"es-ES","mainEntityOfPage":{"@id":"https:\/\/cauceecologico.org\/?p=3322#webpage"},"isPartOf":{"@id":"https:\/\/cauceecologico.org\/?p=3322#webpage"},"articleSection":"Hidrov\u00eda Paran\u00e1-Paraguay (HPP), Noticias"},{"@type":"BreadcrumbList","@id":"https:\/\/cauceecologico.org\/?p=3322#breadcrumblist","itemListElement":[{"@type":"ListItem","@id":"https:\/\/cauceecologico.org#listItem","position":1,"name":"Home","item":"https:\/\/cauceecologico.org","nextItem":{"@type":"ListItem","@id":"https:\/\/cauceecologico.org\/?cat=5#listItem","name":"Noticias"}},{"@type":"ListItem","@id":"https:\/\/cauceecologico.org\/?cat=5#listItem","position":2,"name":"Noticias","item":"https:\/\/cauceecologico.org\/?cat=5","nextItem":{"@type":"ListItem","@id":"https:\/\/cauceecologico.org\/?p=3322#listItem","name":"\u00a1Charla en vivo! Hidrov\u00eda: \u00bfPara qu\u00e9 \/ qui\u00e9nes? Impactos de este megaproyecto en la regi\u00f3n"},"previousItem":{"@type":"ListItem","@id":"https:\/\/cauceecologico.org#listItem","name":"Home"}},{"@type":"ListItem","@id":"https:\/\/cauceecologico.org\/?p=3322#listItem","position":3,"name":"\u00a1Charla en vivo! Hidrov\u00eda: \u00bfPara qu\u00e9 \/ qui\u00e9nes? Impactos de este megaproyecto en la regi\u00f3n","previousItem":{"@type":"ListItem","@id":"https:\/\/cauceecologico.org\/?cat=5#listItem","name":"Noticias"}}]},{"@type":"Organization","@id":"https:\/\/cauceecologico.org\/#organization","name":"CAUCE","description":"Cultura Ambiental - Causa Ecologista","url":"https:\/\/cauceecologico.org\/"},{"@type":"Person","@id":"https:\/\/cauceecologico.org\/?author=2#author","url":"https:\/\/cauceecologico.org\/?author=2","name":"Ana Lucia Vergara","image":{"@type":"ImageObject","@id":"https:\/\/cauceecologico.org\/?p=3322#authorImage","url":"https:\/\/secure.gravatar.com\/avatar\/e8720df08f5c466573fb9f3d6cec14bcac9a305e2049123e58e6bc9c03f3a77b?s=96&d=mm&r=g","width":96,"height":96,"caption":"Ana Lucia Vergara"}},{"@type":"WebPage","@id":"https:\/\/cauceecologico.org\/?p=3322#webpage","url":"https:\/\/cauceecologico.org\/?p=3322","name":"\u00a1Charla en vivo! Hidrov\u00eda: \u00bfPara qu\u00e9 \/ qui\u00e9nes? Impactos de este megaproyecto en la regi\u00f3n - CAUCE","description":"Fundaci\u00f3n CAUCE: Cultura Ambiental \u2013 Causa Ecologista y Taller Ecologista brindar\u00e1n una charla en vivo para dar a conocer diversos aspectos de la Hidrov\u00eda Paran\u00e1-Paraguay, enfatizando en los principales impactos ambientales de este megaproyecto para la regi\u00f3n. La transmisi\u00f3n se realizar\u00e1 este viernes 17 de diciembre a las 17:00 por el perfil de instagram cauce_ecologico","inLanguage":"es-ES","isPartOf":{"@id":"https:\/\/cauceecologico.org\/#website"},"breadcrumb":{"@id":"https:\/\/cauceecologico.org\/?p=3322#breadcrumblist"},"author":{"@id":"https:\/\/cauceecologico.org\/?author=2#author"},"creator":{"@id":"https:\/\/cauceecologico.org\/?author=2#author"},"image":{"@type":"ImageObject","url":"https:\/\/cauceecologico.org\/wp-content\/uploads\/2021\/06\/37f621b6-4f59-4561-8857-18ea18c6b62a.jpg","@id":"https:\/\/cauceecologico.org\/?p=3322\/#mainImage","width":1280,"height":960},"primaryImageOfPage":{"@id":"https:\/\/cauceecologico.org\/?p=3322#mainImage"},"datePublished":"2021-12-14T22:30:22+00:00","dateModified":"2021-12-15T19:20:14+00:00"},{"@type":"WebSite","@id":"https:\/\/cauceecologico.org\/#website","url":"https:\/\/cauceecologico.org\/","name":"CAUCE","description":"Cultura Ambiental - Causa Ecologista","inLanguage":"es-ES","publisher":{"@id":"https:\/\/cauceecologico.org\/#organization"}}]},"og:locale":"es_ES","og:site_name":"CAUCE - Cultura Ambiental - Causa Ecologista","og:type":"article","og:title":"\u00a1Charla en vivo! Hidrov\u00eda: \u00bfPara qu\u00e9 \/ qui\u00e9nes? Impactos de este megaproyecto en la regi\u00f3n - CAUCE","og:description":"Fundaci\u00f3n CAUCE: Cultura Ambiental \u2013 Causa Ecologista y Taller Ecologista brindar\u00e1n una charla en vivo para dar a conocer diversos aspectos de la Hidrov\u00eda Paran\u00e1-Paraguay, enfatizando en los principales impactos ambientales de este megaproyecto para la regi\u00f3n. La transmisi\u00f3n se realizar\u00e1 este viernes 17 de diciembre a las 17:00 por el perfil de instagram cauce_ecologico","og:url":"https:\/\/cauceecologico.org\/?p=3322","article:published_time":"2021-12-14T22:30:22+00:00","article:modified_time":"2021-12-15T19:20:14+00:00","twitter:card":"summary_large_image","twitter:title":"\u00a1Charla en vivo! Hidrov\u00eda: \u00bfPara qu\u00e9 \/ qui\u00e9nes? Impactos de este megaproyecto en la regi\u00f3n - CAUCE","twitter:description":"Fundaci\u00f3n CAUCE: Cultura Ambiental \u2013 Causa Ecologista y Taller Ecologista brindar\u00e1n una charla en vivo para dar a conocer diversos aspectos de la Hidrov\u00eda Paran\u00e1-Paraguay, enfatizando en los principales impactos ambientales de este megaproyecto para la regi\u00f3n. La transmisi\u00f3n se realizar\u00e1 este viernes 17 de diciembre a las 17:00 por el perfil de instagram cauce_ecologico"},"aioseo_meta_data":{"post_id":"3322","title":null,"description":null,"keywords":null,"keyphrases":null,"primary_term":null,"canonical_url":null,"og_title":null,"og_description":null,"og_object_type":"default","og_image_type":"default","og_image_url":null,"og_image_width":null,"og_image_height":null,"og_image_custom_url":null,"og_image_custom_fields":null,"og_video":null,"og_custom_url":null,"og_article_section":null,"og_article_tags":null,"twitter_use_og":false,"twitter_card":"default","twitter_image_type":"default","twitter_image_url":null,"twitter_image_custom_url":null,"twitter_image_custom_fields":null,"twitter_title":null,"twitter_description":null,"schema":{"blockGraphs":[],"customGraphs":[],"default":{"data":{"Article":[],"Course":[],"Dataset":[],"FAQPage":[],"Movie":[],"Person":[],"Product":[],"ProductReview":[],"Car":[],"Recipe":[],"Service":[],"SoftwareApplication":[],"WebPage":[]},"graphName":"","isEnabled":true},"graphs":[]},"schema_type":"default","schema_type_options":null,"pillar_content":false,"robots_default":true,"robots_noindex":false,"robots_noarchive":false,"robots_nosnippet":false,"robots_nofollow":false,"robots_noimageindex":false,"robots_noodp":false,"robots_notranslate":false,"robots_max_snippet":null,"robots_max_videopreview":null,"robots_max_imagepreview":"large","priority":null,"frequency":null,"local_seo":null,"limit_modified_date":false,"created":"2023-03-16 21:01:13","updated":"2026-07-28 01:33:35","ai":null,"breadcrumb_settings":null,"seo_analyzer_scan_date":null},"aioseo_breadcrumb":"<div class=\"aioseo-breadcrumbs\"><span class=\"aioseo-breadcrumb\">\n\t\t\t<a href=\"https:\/\/cauceecologico.org\" title=\"Home\">Home<\/a>\n\t\t<\/span><span class=\"aioseo-breadcrumb-separator\">&raquo;<\/span><span class=\"aioseo-breadcrumb\">\n\t\t\t<a href=\"https:\/\/cauceecologico.org\/?cat=5\" title=\"Noticias\">Noticias<\/a>\n\t\t<\/span><span class=\"aioseo-breadcrumb-separator\">&raquo;<\/span><span class=\"aioseo-breadcrumb\">\n\t\t\t\u00a1Charla en vivo! Hidrov\u00eda: \u00bfPara qu\u00e9 \/ qui\u00e9nes? Impactos de este megaproyecto en la regi\u00f3n\n\t\t<\/span><\/div>","aioseo_breadcrumb_json":[{"label":"Home","link":"https:\/\/cauceecologico.org"},{"label":"Noticias","link":"https:\/\/cauceecologico.org\/?cat=5"},{"label":"\u00a1Charla en vivo! Hidrov\u00eda: \u00bfPara qu\u00e9 \/ qui\u00e9nes? Impactos de este megaproyecto en la regi\u00f3n","link":"https:\/\/cauceecologico.org\/?p=3322"}],"_links":{"self":[{"href":"https:\/\/cauceecologico.org\/index.php?rest_route=\/wp\/v2\/posts\/3322","targetHints":{"allow":["GET"]}}],"collection":[{"href":"https:\/\/cauceecologico.org\/index.php?rest_route=\/wp\/v2\/posts"}],"about":[{"href":"https:\/\/cauceecologico.org\/index.php?rest_route=\/wp\/v2\/types\/post"}],"author":[{"embeddable":true,"href":"https:\/\/cauceecologico.org\/index.php?rest_route=\/wp\/v2\/users\/2"}],"replies":[{"embeddable":true,"href":"https:\/\/cauceecologico.org\/index.php?rest_route=%2Fwp%2Fv2%2Fcomments&post=3322"}],"version-history":[{"count":2,"href":"https:\/\/cauceecologico.org\/index.php?rest_route=\/wp\/v2\/posts\/3322\/revisions"}],"predecessor-version":[{"id":3325,"href":"https:\/\/cauceecologico.org\/index.php?rest_route=\/wp\/v2\/posts\/3322\/revisions\/3325"}],"wp:featuredmedia":[{"embeddable":true,"href":"https:\/\/cauceecologico.org\/index.php?rest_route=\/wp\/v2\/media\/2977"}],"wp:attachment":[{"href":"https:\/\/cauceecologico.org\/index.php?rest_route=%2Fwp%2Fv2%2Fmedia&parent=3322"}],"wp:term":[{"taxonomy":"category","embeddable":true,"href":"https:\/\/cauceecologico.org\/index.php?rest_route=%2Fwp%2Fv2%2Fcategories&post=3322"},{"taxonomy":"post_tag","embeddable":true,"href":"https:\/\/cauceecologico.org\/index.php?rest_route=%2Fwp%2Fv2%2Ftags&post=3322"}],"curies":[{"name":"wp","href":"https:\/\/api.w.org\/{rel}","templated":true}]}}