{"id":3355,"date":"2021-12-16T17:56:38","date_gmt":"2021-12-16T17:56:38","guid":{"rendered":"https:\/\/cauceecologico.org\/?p=3355"},"modified":"2021-12-16T18:41:03","modified_gmt":"2021-12-16T18:41:03","slug":"alma-delta-iii-festival-ambiental","status":"publish","type":"post","link":"https:\/\/cauceecologico.org\/?p=3355","title":{"rendered":"Alma Delta III &#8211; Festival Ambiental"},"content":{"rendered":"<p>Registro de la tercera edici\u00f3n del festival de cultura ambiental de Fundaci\u00f3n CAUCE: Cultura Ambiental &#8211; Causa Ecologista. Este a\u00f1o la propuesta incluy\u00f3 una muestra fotogr\u00e1fica sobre agroecolog\u00eda, taller sobre alimentaci\u00f3n consciente, instalaciones art\u00edsticas, charla sobre la bajante y situaci\u00f3n de los peces en el r\u00edo Paran\u00e1, m\u00fasica y lecturas en vivo, poes\u00eda y cantina saludable.<\/p>\n<p>Con un contenido anclado en el cuidado de los suelos, el r\u00edo y los humedales, este festival cultural propuso un espacio de construcci\u00f3n colectiva para la protecci\u00f3n de la naturaleza y las comunidades. Adem\u00e1s, se compartieron materiales y producciones realizadas por la Fundaci\u00f3n.<\/p>\n<p>El evento fue realizado el viernes 26 de noviembre en la Casa de la Cultura (Paran\u00e1, Entre R\u00edos), y se llev\u00f3 adelante en el marco del programa Humedales Sin Fronteras.<\/p>\n","protected":false},"excerpt":{"rendered":"<p>Registro de la tercera edici\u00f3n del festival de cultura ambiental de Fundaci\u00f3n CAUCE: Cultura Ambiental &#8211; Causa Ecologista. Este a\u00f1o la propuesta incluy\u00f3 una muestra fotogr\u00e1fica sobre agroecolog\u00eda, taller sobre alimentaci\u00f3n consciente, instalaciones art\u00edsticas, charla sobre la bajante y situaci\u00f3n de los peces en el r\u00edo Paran\u00e1, m\u00fasica y lecturas en vivo, poes\u00eda y cantina [&hellip;]<\/p>\n","protected":false},"author":2,"featured_media":3358,"comment_status":"open","ping_status":"open","sticky":false,"template":"","format":"video","meta":{"om_disable_all_campaigns":false,"_monsterinsights_skip_tracking":false,"amp_status":"","footnotes":""},"categories":[1],"tags":[],"class_list":["post-3355","post","type-post","status-publish","format-video","has-post-thumbnail","hentry","category-uncategorized","post_format-post-format-video"],"aioseo_notices":[],"aioseo_head":"\n\t\t<!-- All in One SEO 4.9.10 - aioseo.com -->\n\t<meta name=\"description\" content=\"Registro de la tercera edici\u00f3n del festival de cultura ambiental de Fundaci\u00f3n CAUCE: Cultura Ambiental - Causa Ecologista. Este a\u00f1o la propuesta incluy\u00f3 una muestra fotogr\u00e1fica sobre agroecolog\u00eda, taller sobre alimentaci\u00f3n consciente, instalaciones art\u00edsticas, charla sobre la bajante y situaci\u00f3n de los peces en el r\u00edo Paran\u00e1, m\u00fasica y lecturas en vivo, poes\u00eda y cantina\" \/>\n\t<meta name=\"robots\" content=\"max-image-preview:large\" \/>\n\t<meta name=\"author\" content=\"Ana Lucia Vergara\"\/>\n\t<link rel=\"canonical\" href=\"https:\/\/cauceecologico.org\/?p=3355\" \/>\n\t<meta name=\"generator\" content=\"All in One SEO (AIOSEO) 4.9.10\" \/>\n\t\t<meta property=\"og:locale\" content=\"es_ES\" \/>\n\t\t<meta property=\"og:site_name\" content=\"CAUCE - Cultura Ambiental - Causa Ecologista\" \/>\n\t\t<meta property=\"og:type\" content=\"article\" \/>\n\t\t<meta property=\"og:title\" content=\"Alma Delta III \u2013 Festival Ambiental - CAUCE\" \/>\n\t\t<meta property=\"og:description\" content=\"Registro de la tercera edici\u00f3n del festival de cultura ambiental de Fundaci\u00f3n CAUCE: Cultura Ambiental - Causa Ecologista. Este a\u00f1o la propuesta incluy\u00f3 una muestra fotogr\u00e1fica sobre agroecolog\u00eda, taller sobre alimentaci\u00f3n consciente, instalaciones art\u00edsticas, charla sobre la bajante y situaci\u00f3n de los peces en el r\u00edo Paran\u00e1, m\u00fasica y lecturas en vivo, poes\u00eda y cantina\" \/>\n\t\t<meta property=\"og:url\" content=\"https:\/\/cauceecologico.org\/?p=3355\" \/>\n\t\t<meta property=\"article:published_time\" content=\"2021-12-16T17:56:38+00:00\" \/>\n\t\t<meta property=\"article:modified_time\" content=\"2021-12-16T18:41:03+00:00\" \/>\n\t\t<meta name=\"twitter:card\" content=\"summary_large_image\" \/>\n\t\t<meta name=\"twitter:title\" content=\"Alma Delta III \u2013 Festival Ambiental - CAUCE\" \/>\n\t\t<meta name=\"twitter:description\" content=\"Registro de la tercera edici\u00f3n del festival de cultura ambiental de Fundaci\u00f3n CAUCE: Cultura Ambiental - Causa Ecologista. Este a\u00f1o la propuesta incluy\u00f3 una muestra fotogr\u00e1fica sobre agroecolog\u00eda, taller sobre alimentaci\u00f3n consciente, instalaciones art\u00edsticas, charla sobre la bajante y situaci\u00f3n de los peces en el r\u00edo Paran\u00e1, m\u00fasica y lecturas en vivo, poes\u00eda y cantina\" \/>\n\t\t<script type=\"application\/ld+json\" class=\"aioseo-schema\">\n\t\t\t{\"@context\":\"https:\\\/\\\/schema.org\",\"@graph\":[{\"@type\":\"BlogPosting\",\"@id\":\"https:\\\/\\\/cauceecologico.org\\\/?p=3355#blogposting\",\"name\":\"Alma Delta III \\u2013 Festival Ambiental - CAUCE\",\"headline\":\"Alma Delta III &#8211; Festival Ambiental\",\"author\":{\"@id\":\"https:\\\/\\\/cauceecologico.org\\\/?author=2#author\"},\"publisher\":{\"@id\":\"https:\\\/\\\/cauceecologico.org\\\/#organization\"},\"image\":{\"@type\":\"ImageObject\",\"url\":\"https:\\\/\\\/cauceecologico.org\\\/wp-content\\\/uploads\\\/2021\\\/12\\\/Captura-de-pantalla-2021-12-16-a-las-14.59.41.png\",\"width\":1855,\"height\":958},\"datePublished\":\"2021-12-16T17:56:38+00:00\",\"dateModified\":\"2021-12-16T18:41:03+00:00\",\"inLanguage\":\"es-ES\",\"mainEntityOfPage\":{\"@id\":\"https:\\\/\\\/cauceecologico.org\\\/?p=3355#webpage\"},\"isPartOf\":{\"@id\":\"https:\\\/\\\/cauceecologico.org\\\/?p=3355#webpage\"},\"articleSection\":\"Uncategorized, V\\u00eddeo\"},{\"@type\":\"BreadcrumbList\",\"@id\":\"https:\\\/\\\/cauceecologico.org\\\/?p=3355#breadcrumblist\",\"itemListElement\":[{\"@type\":\"ListItem\",\"@id\":\"https:\\\/\\\/cauceecologico.org#listItem\",\"position\":1,\"name\":\"Home\",\"item\":\"https:\\\/\\\/cauceecologico.org\",\"nextItem\":{\"@type\":\"ListItem\",\"@id\":\"https:\\\/\\\/cauceecologico.org\\\/?cat=1#listItem\",\"name\":\"Uncategorized\"}},{\"@type\":\"ListItem\",\"@id\":\"https:\\\/\\\/cauceecologico.org\\\/?cat=1#listItem\",\"position\":2,\"name\":\"Uncategorized\",\"item\":\"https:\\\/\\\/cauceecologico.org\\\/?cat=1\",\"nextItem\":{\"@type\":\"ListItem\",\"@id\":\"https:\\\/\\\/cauceecologico.org\\\/?p=3355#listItem\",\"name\":\"Alma Delta III &#8211; Festival Ambiental\"},\"previousItem\":{\"@type\":\"ListItem\",\"@id\":\"https:\\\/\\\/cauceecologico.org#listItem\",\"name\":\"Home\"}},{\"@type\":\"ListItem\",\"@id\":\"https:\\\/\\\/cauceecologico.org\\\/?p=3355#listItem\",\"position\":3,\"name\":\"Alma Delta III &#8211; Festival Ambiental\",\"previousItem\":{\"@type\":\"ListItem\",\"@id\":\"https:\\\/\\\/cauceecologico.org\\\/?cat=1#listItem\",\"name\":\"Uncategorized\"}}]},{\"@type\":\"Organization\",\"@id\":\"https:\\\/\\\/cauceecologico.org\\\/#organization\",\"name\":\"CAUCE\",\"description\":\"Cultura Ambiental - Causa Ecologista\",\"url\":\"https:\\\/\\\/cauceecologico.org\\\/\"},{\"@type\":\"Person\",\"@id\":\"https:\\\/\\\/cauceecologico.org\\\/?author=2#author\",\"url\":\"https:\\\/\\\/cauceecologico.org\\\/?author=2\",\"name\":\"Ana Lucia Vergara\",\"image\":{\"@type\":\"ImageObject\",\"@id\":\"https:\\\/\\\/cauceecologico.org\\\/?p=3355#authorImage\",\"url\":\"https:\\\/\\\/secure.gravatar.com\\\/avatar\\\/e8720df08f5c466573fb9f3d6cec14bcac9a305e2049123e58e6bc9c03f3a77b?s=96&d=mm&r=g\",\"width\":96,\"height\":96,\"caption\":\"Ana Lucia Vergara\"}},{\"@type\":\"WebPage\",\"@id\":\"https:\\\/\\\/cauceecologico.org\\\/?p=3355#webpage\",\"url\":\"https:\\\/\\\/cauceecologico.org\\\/?p=3355\",\"name\":\"Alma Delta III \\u2013 Festival Ambiental - CAUCE\",\"description\":\"Registro de la tercera edici\\u00f3n del festival de cultura ambiental de Fundaci\\u00f3n CAUCE: Cultura Ambiental - Causa Ecologista. Este a\\u00f1o la propuesta incluy\\u00f3 una muestra fotogr\\u00e1fica sobre agroecolog\\u00eda, taller sobre alimentaci\\u00f3n consciente, instalaciones art\\u00edsticas, charla sobre la bajante y situaci\\u00f3n de los peces en el r\\u00edo Paran\\u00e1, m\\u00fasica y lecturas en vivo, poes\\u00eda y cantina\",\"inLanguage\":\"es-ES\",\"isPartOf\":{\"@id\":\"https:\\\/\\\/cauceecologico.org\\\/#website\"},\"breadcrumb\":{\"@id\":\"https:\\\/\\\/cauceecologico.org\\\/?p=3355#breadcrumblist\"},\"author\":{\"@id\":\"https:\\\/\\\/cauceecologico.org\\\/?author=2#author\"},\"creator\":{\"@id\":\"https:\\\/\\\/cauceecologico.org\\\/?author=2#author\"},\"image\":{\"@type\":\"ImageObject\",\"url\":\"https:\\\/\\\/cauceecologico.org\\\/wp-content\\\/uploads\\\/2021\\\/12\\\/Captura-de-pantalla-2021-12-16-a-las-14.59.41.png\",\"@id\":\"https:\\\/\\\/cauceecologico.org\\\/?p=3355\\\/#mainImage\",\"width\":1855,\"height\":958},\"primaryImageOfPage\":{\"@id\":\"https:\\\/\\\/cauceecologico.org\\\/?p=3355#mainImage\"},\"datePublished\":\"2021-12-16T17:56:38+00:00\",\"dateModified\":\"2021-12-16T18:41:03+00:00\"},{\"@type\":\"WebSite\",\"@id\":\"https:\\\/\\\/cauceecologico.org\\\/#website\",\"url\":\"https:\\\/\\\/cauceecologico.org\\\/\",\"name\":\"CAUCE\",\"description\":\"Cultura Ambiental - Causa Ecologista\",\"inLanguage\":\"es-ES\",\"publisher\":{\"@id\":\"https:\\\/\\\/cauceecologico.org\\\/#organization\"}}]}\n\t\t<\/script>\n\t\t<!-- All in One SEO -->\n\n","aioseo_head_json":{"title":"Alma Delta III \u2013 Festival Ambiental - CAUCE","description":"Registro de la tercera edici\u00f3n del festival de cultura ambiental de Fundaci\u00f3n CAUCE: Cultura Ambiental - Causa Ecologista. Este a\u00f1o la propuesta incluy\u00f3 una muestra fotogr\u00e1fica sobre agroecolog\u00eda, taller sobre alimentaci\u00f3n consciente, instalaciones art\u00edsticas, charla sobre la bajante y situaci\u00f3n de los peces en el r\u00edo Paran\u00e1, m\u00fasica y lecturas en vivo, poes\u00eda y cantina","canonical_url":"https:\/\/cauceecologico.org\/?p=3355","robots":"max-image-preview:large","keywords":"","webmasterTools":{"miscellaneous":""},"schema":{"@context":"https:\/\/schema.org","@graph":[{"@type":"BlogPosting","@id":"https:\/\/cauceecologico.org\/?p=3355#blogposting","name":"Alma Delta III \u2013 Festival Ambiental - CAUCE","headline":"Alma Delta III &#8211; Festival Ambiental","author":{"@id":"https:\/\/cauceecologico.org\/?author=2#author"},"publisher":{"@id":"https:\/\/cauceecologico.org\/#organization"},"image":{"@type":"ImageObject","url":"https:\/\/cauceecologico.org\/wp-content\/uploads\/2021\/12\/Captura-de-pantalla-2021-12-16-a-las-14.59.41.png","width":1855,"height":958},"datePublished":"2021-12-16T17:56:38+00:00","dateModified":"2021-12-16T18:41:03+00:00","inLanguage":"es-ES","mainEntityOfPage":{"@id":"https:\/\/cauceecologico.org\/?p=3355#webpage"},"isPartOf":{"@id":"https:\/\/cauceecologico.org\/?p=3355#webpage"},"articleSection":"Uncategorized, V\u00eddeo"},{"@type":"BreadcrumbList","@id":"https:\/\/cauceecologico.org\/?p=3355#breadcrumblist","itemListElement":[{"@type":"ListItem","@id":"https:\/\/cauceecologico.org#listItem","position":1,"name":"Home","item":"https:\/\/cauceecologico.org","nextItem":{"@type":"ListItem","@id":"https:\/\/cauceecologico.org\/?cat=1#listItem","name":"Uncategorized"}},{"@type":"ListItem","@id":"https:\/\/cauceecologico.org\/?cat=1#listItem","position":2,"name":"Uncategorized","item":"https:\/\/cauceecologico.org\/?cat=1","nextItem":{"@type":"ListItem","@id":"https:\/\/cauceecologico.org\/?p=3355#listItem","name":"Alma Delta III &#8211; Festival Ambiental"},"previousItem":{"@type":"ListItem","@id":"https:\/\/cauceecologico.org#listItem","name":"Home"}},{"@type":"ListItem","@id":"https:\/\/cauceecologico.org\/?p=3355#listItem","position":3,"name":"Alma Delta III &#8211; Festival Ambiental","previousItem":{"@type":"ListItem","@id":"https:\/\/cauceecologico.org\/?cat=1#listItem","name":"Uncategorized"}}]},{"@type":"Organization","@id":"https:\/\/cauceecologico.org\/#organization","name":"CAUCE","description":"Cultura Ambiental - Causa Ecologista","url":"https:\/\/cauceecologico.org\/"},{"@type":"Person","@id":"https:\/\/cauceecologico.org\/?author=2#author","url":"https:\/\/cauceecologico.org\/?author=2","name":"Ana Lucia Vergara","image":{"@type":"ImageObject","@id":"https:\/\/cauceecologico.org\/?p=3355#authorImage","url":"https:\/\/secure.gravatar.com\/avatar\/e8720df08f5c466573fb9f3d6cec14bcac9a305e2049123e58e6bc9c03f3a77b?s=96&d=mm&r=g","width":96,"height":96,"caption":"Ana Lucia Vergara"}},{"@type":"WebPage","@id":"https:\/\/cauceecologico.org\/?p=3355#webpage","url":"https:\/\/cauceecologico.org\/?p=3355","name":"Alma Delta III \u2013 Festival Ambiental - CAUCE","description":"Registro de la tercera edici\u00f3n del festival de cultura ambiental de Fundaci\u00f3n CAUCE: Cultura Ambiental - Causa Ecologista. Este a\u00f1o la propuesta incluy\u00f3 una muestra fotogr\u00e1fica sobre agroecolog\u00eda, taller sobre alimentaci\u00f3n consciente, instalaciones art\u00edsticas, charla sobre la bajante y situaci\u00f3n de los peces en el r\u00edo Paran\u00e1, m\u00fasica y lecturas en vivo, poes\u00eda y cantina","inLanguage":"es-ES","isPartOf":{"@id":"https:\/\/cauceecologico.org\/#website"},"breadcrumb":{"@id":"https:\/\/cauceecologico.org\/?p=3355#breadcrumblist"},"author":{"@id":"https:\/\/cauceecologico.org\/?author=2#author"},"creator":{"@id":"https:\/\/cauceecologico.org\/?author=2#author"},"image":{"@type":"ImageObject","url":"https:\/\/cauceecologico.org\/wp-content\/uploads\/2021\/12\/Captura-de-pantalla-2021-12-16-a-las-14.59.41.png","@id":"https:\/\/cauceecologico.org\/?p=3355\/#mainImage","width":1855,"height":958},"primaryImageOfPage":{"@id":"https:\/\/cauceecologico.org\/?p=3355#mainImage"},"datePublished":"2021-12-16T17:56:38+00:00","dateModified":"2021-12-16T18:41:03+00:00"},{"@type":"WebSite","@id":"https:\/\/cauceecologico.org\/#website","url":"https:\/\/cauceecologico.org\/","name":"CAUCE","description":"Cultura Ambiental - Causa Ecologista","inLanguage":"es-ES","publisher":{"@id":"https:\/\/cauceecologico.org\/#organization"}}]},"og:locale":"es_ES","og:site_name":"CAUCE - Cultura Ambiental - Causa Ecologista","og:type":"article","og:title":"Alma Delta III \u2013 Festival Ambiental - CAUCE","og:description":"Registro de la tercera edici\u00f3n del festival de cultura ambiental de Fundaci\u00f3n CAUCE: Cultura Ambiental - Causa Ecologista. Este a\u00f1o la propuesta incluy\u00f3 una muestra fotogr\u00e1fica sobre agroecolog\u00eda, taller sobre alimentaci\u00f3n consciente, instalaciones art\u00edsticas, charla sobre la bajante y situaci\u00f3n de los peces en el r\u00edo Paran\u00e1, m\u00fasica y lecturas en vivo, poes\u00eda y cantina","og:url":"https:\/\/cauceecologico.org\/?p=3355","article:published_time":"2021-12-16T17:56:38+00:00","article:modified_time":"2021-12-16T18:41:03+00:00","twitter:card":"summary_large_image","twitter:title":"Alma Delta III \u2013 Festival Ambiental - CAUCE","twitter:description":"Registro de la tercera edici\u00f3n del festival de cultura ambiental de Fundaci\u00f3n CAUCE: Cultura Ambiental - Causa Ecologista. Este a\u00f1o la propuesta incluy\u00f3 una muestra fotogr\u00e1fica sobre agroecolog\u00eda, taller sobre alimentaci\u00f3n consciente, instalaciones art\u00edsticas, charla sobre la bajante y situaci\u00f3n de los peces en el r\u00edo Paran\u00e1, m\u00fasica y lecturas en vivo, poes\u00eda y cantina"},"aioseo_meta_data":{"post_id":"3355","title":null,"description":null,"keywords":null,"keyphrases":null,"primary_term":null,"canonical_url":null,"og_title":null,"og_description":null,"og_object_type":"default","og_image_type":"default","og_image_url":null,"og_image_width":null,"og_image_height":null,"og_image_custom_url":null,"og_image_custom_fields":null,"og_video":null,"og_custom_url":null,"og_article_section":null,"og_article_tags":null,"twitter_use_og":false,"twitter_card":"default","twitter_image_type":"default","twitter_image_url":null,"twitter_image_custom_url":null,"twitter_image_custom_fields":null,"twitter_title":null,"twitter_description":null,"schema":{"blockGraphs":[],"customGraphs":[],"default":{"data":{"Article":[],"Course":[],"Dataset":[],"FAQPage":[],"Movie":[],"Person":[],"Product":[],"ProductReview":[],"Car":[],"Recipe":[],"Service":[],"SoftwareApplication":[],"WebPage":[]},"graphName":"","isEnabled":true},"graphs":[]},"schema_type":"default","schema_type_options":null,"pillar_content":false,"robots_default":true,"robots_noindex":false,"robots_noarchive":false,"robots_nosnippet":false,"robots_nofollow":false,"robots_noimageindex":false,"robots_noodp":false,"robots_notranslate":false,"robots_max_snippet":null,"robots_max_videopreview":null,"robots_max_imagepreview":"large","priority":null,"frequency":null,"local_seo":null,"limit_modified_date":false,"created":"2023-03-16 21:01:13","updated":"2026-07-28 01:36:11","ai":null,"breadcrumb_settings":null,"seo_analyzer_scan_date":null},"aioseo_breadcrumb":"<div class=\"aioseo-breadcrumbs\"><span class=\"aioseo-breadcrumb\">\n\t\t\t<a href=\"https:\/\/cauceecologico.org\" title=\"Home\">Home<\/a>\n\t\t<\/span><span class=\"aioseo-breadcrumb-separator\">&raquo;<\/span><span class=\"aioseo-breadcrumb\">\n\t\t\t<a href=\"https:\/\/cauceecologico.org\/?cat=1\" title=\"Uncategorized\">Uncategorized<\/a>\n\t\t<\/span><span class=\"aioseo-breadcrumb-separator\">&raquo;<\/span><span class=\"aioseo-breadcrumb\">\n\t\t\tAlma Delta III \u2013 Festival Ambiental\n\t\t<\/span><\/div>","aioseo_breadcrumb_json":[{"label":"Home","link":"https:\/\/cauceecologico.org"},{"label":"Uncategorized","link":"https:\/\/cauceecologico.org\/?cat=1"},{"label":"Alma Delta III &#8211; Festival Ambiental","link":"https:\/\/cauceecologico.org\/?p=3355"}],"_links":{"self":[{"href":"https:\/\/cauceecologico.org\/index.php?rest_route=\/wp\/v2\/posts\/3355","targetHints":{"allow":["GET"]}}],"collection":[{"href":"https:\/\/cauceecologico.org\/index.php?rest_route=\/wp\/v2\/posts"}],"about":[{"href":"https:\/\/cauceecologico.org\/index.php?rest_route=\/wp\/v2\/types\/post"}],"author":[{"embeddable":true,"href":"https:\/\/cauceecologico.org\/index.php?rest_route=\/wp\/v2\/users\/2"}],"replies":[{"embeddable":true,"href":"https:\/\/cauceecologico.org\/index.php?rest_route=%2Fwp%2Fv2%2Fcomments&post=3355"}],"version-history":[{"count":3,"href":"https:\/\/cauceecologico.org\/index.php?rest_route=\/wp\/v2\/posts\/3355\/revisions"}],"predecessor-version":[{"id":3368,"href":"https:\/\/cauceecologico.org\/index.php?rest_route=\/wp\/v2\/posts\/3355\/revisions\/3368"}],"wp:featuredmedia":[{"embeddable":true,"href":"https:\/\/cauceecologico.org\/index.php?rest_route=\/wp\/v2\/media\/3358"}],"wp:attachment":[{"href":"https:\/\/cauceecologico.org\/index.php?rest_route=%2Fwp%2Fv2%2Fmedia&parent=3355"}],"wp:term":[{"taxonomy":"category","embeddable":true,"href":"https:\/\/cauceecologico.org\/index.php?rest_route=%2Fwp%2Fv2%2Fcategories&post=3355"},{"taxonomy":"post_tag","embeddable":true,"href":"https:\/\/cauceecologico.org\/index.php?rest_route=%2Fwp%2Fv2%2Ftags&post=3355"}],"curies":[{"name":"wp","href":"https:\/\/api.w.org\/{rel}","templated":true}]}}