{"id":3396,"date":"2022-01-26T14:46:08","date_gmt":"2022-01-26T14:46:08","guid":{"rendered":"https:\/\/cauceecologico.org\/?p=3396"},"modified":"2022-04-19T18:10:48","modified_gmt":"2022-04-19T18:10:48","slug":"a-mi-dejame-en-el-campo","status":"publish","type":"post","link":"https:\/\/cauceecologico.org\/?p=3396","title":{"rendered":"A m\u00ed dejame en el campo"},"content":{"rendered":"<div id=\"u428-13\" class=\"clearfix grpelem shared_content\" data-content-guid=\"u428-13_content\">\n<p><b>Galer\u00eda fotogr\u00e1fica sobre agroecolog\u00eda que tiene como protagonistas a productores y productoras de Entre R\u00edos. Por la fot\u00f3grafa <\/b><strong><a href=\"https:\/\/www.instagram.com\/luli.sosabe\/\"><span style=\"color: #3366ff;\">Luciana Sosa Benintende<\/span><\/a><\/strong><\/p>\n<p>A trav\u00e9s de 57 fotograf\u00edas buscamos narrar una historia que habla de resistencia, responsabilidad ciudadana y compromiso con el cuidado de la naturaleza.\u00a0<strong>A m\u00ed dejame en el campo<\/strong> es, principalmente, una historia de amor: quedarse en el campo, elegir cultivar la tierra de manera agroecol\u00f3gica, preservar el monte nativo y criar animales en libertad, es un acto amoroso y valiente. Esta colecci\u00f3n de fotos tuvo su muestra f\u00edsica en nuestra tercera edici\u00f3n del festival <strong><span style=\"color: #3366ff;\"><a style=\"color: #3366ff;\" href=\"https:\/\/www.youtube.com\/watch?v=BltGbDmZ5yk\">Alma Delta<\/a><\/span><\/strong>.<\/p>\n\n\t\t<style type=\"text\/css\">\n\t\t\t#gallery-1 {\n\t\t\t\tmargin: auto;\n\t\t\t}\n\t\t\t#gallery-1 .gallery-item {\n\t\t\t\tfloat: left;\n\t\t\t\tmargin-top: 10px;\n\t\t\t\ttext-align: center;\n\t\t\t\twidth: 33%;\n\t\t\t}\n\t\t\t#gallery-1 img {\n\t\t\t\tborder: 2px solid #cfcfcf;\n\t\t\t}\n\t\t\t#gallery-1 .gallery-caption {\n\t\t\t\tmargin-left: 0;\n\t\t\t}\n\t\t\t\/* see gallery_shortcode() in wp-includes\/media.php *\/\n\t\t<\/style>\n\t\t<div id='gallery-1' class='gallery galleryid-3396 gallery-columns-3 gallery-size-medium'><dl class='gallery-item'>\n\t\t\t<dt class='gallery-icon landscape'>\n\t\t\t\t<a href='https:\/\/cauceecologico.org\/?attachment_id=3399'><img loading=\"lazy\" decoding=\"async\" width=\"300\" height=\"200\" src=\"https:\/\/cauceecologico.org\/wp-content\/uploads\/2022\/01\/10_Minhoca-1-300x200.jpg\" class=\"attachment-medium size-medium\" alt=\"\" srcset=\"https:\/\/cauceecologico.org\/wp-content\/uploads\/2022\/01\/10_Minhoca-1-300x200.jpg 300w, https:\/\/cauceecologico.org\/wp-content\/uploads\/2022\/01\/10_Minhoca-1-1024x684.jpg 1024w, https:\/\/cauceecologico.org\/wp-content\/uploads\/2022\/01\/10_Minhoca-1-768x513.jpg 768w, https:\/\/cauceecologico.org\/wp-content\/uploads\/2022\/01\/10_Minhoca-1-1536x1025.jpg 1536w, https:\/\/cauceecologico.org\/wp-content\/uploads\/2022\/01\/10_Minhoca-1-2048x1367.jpg 2048w\" sizes=\"auto, (max-width: 300px) 100vw, 300px\" \/><\/a>\n\t\t\t<\/dt><\/dl><dl class='gallery-item'>\n\t\t\t<dt class='gallery-icon landscape'>\n\t\t\t\t<a href='https:\/\/cauceecologico.org\/?attachment_id=3397'><img loading=\"lazy\" decoding=\"async\" width=\"300\" height=\"200\" src=\"https:\/\/cauceecologico.org\/wp-content\/uploads\/2022\/01\/3_Minhoca-300x200.jpg\" class=\"attachment-medium size-medium\" alt=\"\" srcset=\"https:\/\/cauceecologico.org\/wp-content\/uploads\/2022\/01\/3_Minhoca-300x200.jpg 300w, https:\/\/cauceecologico.org\/wp-content\/uploads\/2022\/01\/3_Minhoca-1024x684.jpg 1024w, https:\/\/cauceecologico.org\/wp-content\/uploads\/2022\/01\/3_Minhoca-768x513.jpg 768w, https:\/\/cauceecologico.org\/wp-content\/uploads\/2022\/01\/3_Minhoca-1536x1025.jpg 1536w, https:\/\/cauceecologico.org\/wp-content\/uploads\/2022\/01\/3_Minhoca-2048x1367.jpg 2048w\" sizes=\"auto, (max-width: 300px) 100vw, 300px\" \/><\/a>\n\t\t\t<\/dt><\/dl><dl class='gallery-item'>\n\t\t\t<dt class='gallery-icon landscape'>\n\t\t\t\t<a href='https:\/\/cauceecologico.org\/?attachment_id=3398'><img loading=\"lazy\" decoding=\"async\" width=\"300\" height=\"200\" src=\"https:\/\/cauceecologico.org\/wp-content\/uploads\/2022\/01\/12__Minhoca-300x200.jpg\" class=\"attachment-medium size-medium\" alt=\"\" srcset=\"https:\/\/cauceecologico.org\/wp-content\/uploads\/2022\/01\/12__Minhoca-300x200.jpg 300w, https:\/\/cauceecologico.org\/wp-content\/uploads\/2022\/01\/12__Minhoca-1024x684.jpg 1024w, https:\/\/cauceecologico.org\/wp-content\/uploads\/2022\/01\/12__Minhoca-768x513.jpg 768w, https:\/\/cauceecologico.org\/wp-content\/uploads\/2022\/01\/12__Minhoca-1536x1025.jpg 1536w, https:\/\/cauceecologico.org\/wp-content\/uploads\/2022\/01\/12__Minhoca-2048x1367.jpg 2048w\" sizes=\"auto, (max-width: 300px) 100vw, 300px\" \/><\/a>\n\t\t\t<\/dt><\/dl><br style=\"clear: both\" \/>\n\t\t<\/div>\n\n<p>Amelia Uz\u00edn y Germ\u00e1n Rearte Uz\u00edn. Asentados en Tabossi (Entre R\u00edos), llevan adelante <strong><span style=\"color: #3366ff;\"><a style=\"color: #3366ff;\" href=\"https:\/\/www.facebook.com\/minhocatrama\">Minhoca<\/a><\/span><\/strong>, trama de la tierra. Sin utilizar agrot\u00f3xicos y preparando sus propios bioles, siembran soja, ma\u00edz y sorgo, y hacen sus harinas, para luego comercializarlas a grupos de consumo, almacenes naturales, diet\u00e9ticas y panader\u00edas. Adem\u00e1s cr\u00edan ovejas y gallinas libres.<\/p>\n\n\t\t<style type=\"text\/css\">\n\t\t\t#gallery-2 {\n\t\t\t\tmargin: auto;\n\t\t\t}\n\t\t\t#gallery-2 .gallery-item {\n\t\t\t\tfloat: left;\n\t\t\t\tmargin-top: 10px;\n\t\t\t\ttext-align: center;\n\t\t\t\twidth: 33%;\n\t\t\t}\n\t\t\t#gallery-2 img {\n\t\t\t\tborder: 2px solid #cfcfcf;\n\t\t\t}\n\t\t\t#gallery-2 .gallery-caption {\n\t\t\t\tmargin-left: 0;\n\t\t\t}\n\t\t\t\/* see gallery_shortcode() in wp-includes\/media.php *\/\n\t\t<\/style>\n\t\t<div id='gallery-2' class='gallery galleryid-3396 gallery-columns-3 gallery-size-medium'><dl class='gallery-item'>\n\t\t\t<dt class='gallery-icon landscape'>\n\t\t\t\t<a href='https:\/\/cauceecologico.org\/?attachment_id=3402'><img loading=\"lazy\" decoding=\"async\" width=\"300\" height=\"200\" src=\"https:\/\/cauceecologico.org\/wp-content\/uploads\/2022\/01\/35_ElBrete-300x200.jpg\" class=\"attachment-medium size-medium\" alt=\"\" srcset=\"https:\/\/cauceecologico.org\/wp-content\/uploads\/2022\/01\/35_ElBrete-300x200.jpg 300w, https:\/\/cauceecologico.org\/wp-content\/uploads\/2022\/01\/35_ElBrete-1024x684.jpg 1024w, https:\/\/cauceecologico.org\/wp-content\/uploads\/2022\/01\/35_ElBrete-768x513.jpg 768w, https:\/\/cauceecologico.org\/wp-content\/uploads\/2022\/01\/35_ElBrete-1536x1025.jpg 1536w, https:\/\/cauceecologico.org\/wp-content\/uploads\/2022\/01\/35_ElBrete-2048x1367.jpg 2048w\" sizes=\"auto, (max-width: 300px) 100vw, 300px\" \/><\/a>\n\t\t\t<\/dt><\/dl><dl class='gallery-item'>\n\t\t\t<dt class='gallery-icon landscape'>\n\t\t\t\t<a href='https:\/\/cauceecologico.org\/?attachment_id=3401'><img loading=\"lazy\" decoding=\"async\" width=\"300\" height=\"200\" src=\"https:\/\/cauceecologico.org\/wp-content\/uploads\/2022\/01\/28_ElBrete-1-300x200.jpg\" class=\"attachment-medium size-medium\" alt=\"\" srcset=\"https:\/\/cauceecologico.org\/wp-content\/uploads\/2022\/01\/28_ElBrete-1-300x200.jpg 300w, https:\/\/cauceecologico.org\/wp-content\/uploads\/2022\/01\/28_ElBrete-1-1024x684.jpg 1024w, https:\/\/cauceecologico.org\/wp-content\/uploads\/2022\/01\/28_ElBrete-1-768x513.jpg 768w, https:\/\/cauceecologico.org\/wp-content\/uploads\/2022\/01\/28_ElBrete-1-1536x1025.jpg 1536w, https:\/\/cauceecologico.org\/wp-content\/uploads\/2022\/01\/28_ElBrete-1-2048x1367.jpg 2048w\" sizes=\"auto, (max-width: 300px) 100vw, 300px\" \/><\/a>\n\t\t\t<\/dt><\/dl><dl class='gallery-item'>\n\t\t\t<dt class='gallery-icon landscape'>\n\t\t\t\t<a href='https:\/\/cauceecologico.org\/?attachment_id=3400'><img loading=\"lazy\" decoding=\"async\" width=\"300\" height=\"200\" src=\"https:\/\/cauceecologico.org\/wp-content\/uploads\/2022\/01\/36_ElBrete-300x200.jpg\" class=\"attachment-medium size-medium\" alt=\"\" srcset=\"https:\/\/cauceecologico.org\/wp-content\/uploads\/2022\/01\/36_ElBrete-300x200.jpg 300w, https:\/\/cauceecologico.org\/wp-content\/uploads\/2022\/01\/36_ElBrete-1024x684.jpg 1024w, https:\/\/cauceecologico.org\/wp-content\/uploads\/2022\/01\/36_ElBrete-768x513.jpg 768w, https:\/\/cauceecologico.org\/wp-content\/uploads\/2022\/01\/36_ElBrete-1536x1025.jpg 1536w, https:\/\/cauceecologico.org\/wp-content\/uploads\/2022\/01\/36_ElBrete-2048x1367.jpg 2048w\" sizes=\"auto, (max-width: 300px) 100vw, 300px\" \/><\/a>\n\t\t\t<\/dt><\/dl><br style=\"clear: both\" \/>\n\t\t<\/div>\n\n<p>Luis Degenhard y Marcos Degenhardt. T\u00edo y sobrino cultivan una gran variedad de verduras en su huerta agroecol\u00f3gica. Desde <strong><span style=\"color: #3366ff;\"><a style=\"color: #3366ff;\" href=\"https:\/\/www.instagram.com\/el.brete\/\">El Brete<\/a><\/span><\/strong>, ubicado en Paran\u00e1, tambi\u00e9n asesoran a peque\u00f1os productores en el cultivo sin agrot\u00f3xicos y comercializan semillas agroecol\u00f3gicas.<\/p>\n\n\t\t<style type=\"text\/css\">\n\t\t\t#gallery-3 {\n\t\t\t\tmargin: auto;\n\t\t\t}\n\t\t\t#gallery-3 .gallery-item {\n\t\t\t\tfloat: left;\n\t\t\t\tmargin-top: 10px;\n\t\t\t\ttext-align: center;\n\t\t\t\twidth: 50%;\n\t\t\t}\n\t\t\t#gallery-3 img {\n\t\t\t\tborder: 2px solid #cfcfcf;\n\t\t\t}\n\t\t\t#gallery-3 .gallery-caption {\n\t\t\t\tmargin-left: 0;\n\t\t\t}\n\t\t\t\/* see gallery_shortcode() in wp-includes\/media.php *\/\n\t\t<\/style>\n\t\t<div id='gallery-3' class='gallery galleryid-3396 gallery-columns-2 gallery-size-large'><dl class='gallery-item'>\n\t\t\t<dt class='gallery-icon landscape'>\n\t\t\t\t<a href='https:\/\/cauceecologico.org\/?attachment_id=3403'><img loading=\"lazy\" decoding=\"async\" width=\"740\" height=\"494\" src=\"https:\/\/cauceecologico.org\/wp-content\/uploads\/2022\/01\/41_Aranguren-1-1024x684.jpg\" class=\"attachment-large size-large\" alt=\"\" srcset=\"https:\/\/cauceecologico.org\/wp-content\/uploads\/2022\/01\/41_Aranguren-1-1024x684.jpg 1024w, https:\/\/cauceecologico.org\/wp-content\/uploads\/2022\/01\/41_Aranguren-1-300x200.jpg 300w, https:\/\/cauceecologico.org\/wp-content\/uploads\/2022\/01\/41_Aranguren-1-768x513.jpg 768w, https:\/\/cauceecologico.org\/wp-content\/uploads\/2022\/01\/41_Aranguren-1-1536x1025.jpg 1536w, https:\/\/cauceecologico.org\/wp-content\/uploads\/2022\/01\/41_Aranguren-1-2048x1367.jpg 2048w\" sizes=\"auto, (max-width: 740px) 100vw, 740px\" \/><\/a>\n\t\t\t<\/dt><\/dl><dl class='gallery-item'>\n\t\t\t<dt class='gallery-icon landscape'>\n\t\t\t\t<a href='https:\/\/cauceecologico.org\/?attachment_id=3404'><img loading=\"lazy\" decoding=\"async\" width=\"740\" height=\"494\" src=\"https:\/\/cauceecologico.org\/wp-content\/uploads\/2022\/01\/51_Aranguren-1-1024x684.jpg\" class=\"attachment-large size-large\" alt=\"\" srcset=\"https:\/\/cauceecologico.org\/wp-content\/uploads\/2022\/01\/51_Aranguren-1-1024x684.jpg 1024w, https:\/\/cauceecologico.org\/wp-content\/uploads\/2022\/01\/51_Aranguren-1-300x200.jpg 300w, https:\/\/cauceecologico.org\/wp-content\/uploads\/2022\/01\/51_Aranguren-1-768x513.jpg 768w, https:\/\/cauceecologico.org\/wp-content\/uploads\/2022\/01\/51_Aranguren-1-1536x1025.jpg 1536w, https:\/\/cauceecologico.org\/wp-content\/uploads\/2022\/01\/51_Aranguren-1-2048x1367.jpg 2048w\" sizes=\"auto, (max-width: 740px) 100vw, 740px\" \/><\/a>\n\t\t\t<\/dt><\/dl><br style=\"clear: both\" \/>\n\t\t<\/div>\n\n<\/div>\n<div id=\"u434-18\" class=\"clearfix grpelem shared_content\" data-content-guid=\"u434-18_content\">\n<p id=\"u434-5\">Magdalena Torres Lencina. Conocida como Malena, tiene su casa en Aranguren (Entre R\u00edos). Junto a su marido Beto, cr\u00eda animales\u00a0 \u2014sobre todo ganado y gallinas libres\u2014, y tiene \u00e1rboles frutales, con los que elabora dulces caseros.<\/p>\n\n\t\t<style type=\"text\/css\">\n\t\t\t#gallery-4 {\n\t\t\t\tmargin: auto;\n\t\t\t}\n\t\t\t#gallery-4 .gallery-item {\n\t\t\t\tfloat: left;\n\t\t\t\tmargin-top: 10px;\n\t\t\t\ttext-align: center;\n\t\t\t\twidth: 33%;\n\t\t\t}\n\t\t\t#gallery-4 img {\n\t\t\t\tborder: 2px solid #cfcfcf;\n\t\t\t}\n\t\t\t#gallery-4 .gallery-caption {\n\t\t\t\tmargin-left: 0;\n\t\t\t}\n\t\t\t\/* see gallery_shortcode() in wp-includes\/media.php *\/\n\t\t<\/style>\n\t\t<div id='gallery-4' class='gallery galleryid-3396 gallery-columns-3 gallery-size-medium'><dl class='gallery-item'>\n\t\t\t<dt class='gallery-icon landscape'>\n\t\t\t\t<a href='https:\/\/cauceecologico.org\/?attachment_id=3406'><img loading=\"lazy\" decoding=\"async\" width=\"300\" height=\"200\" src=\"https:\/\/cauceecologico.org\/wp-content\/uploads\/2022\/01\/55_VillaUrquiza-1-300x200.jpg\" class=\"attachment-medium size-medium\" alt=\"\" srcset=\"https:\/\/cauceecologico.org\/wp-content\/uploads\/2022\/01\/55_VillaUrquiza-1-300x200.jpg 300w, https:\/\/cauceecologico.org\/wp-content\/uploads\/2022\/01\/55_VillaUrquiza-1-1024x684.jpg 1024w, https:\/\/cauceecologico.org\/wp-content\/uploads\/2022\/01\/55_VillaUrquiza-1-768x513.jpg 768w, https:\/\/cauceecologico.org\/wp-content\/uploads\/2022\/01\/55_VillaUrquiza-1-1536x1025.jpg 1536w, https:\/\/cauceecologico.org\/wp-content\/uploads\/2022\/01\/55_VillaUrquiza-1-2048x1367.jpg 2048w\" sizes=\"auto, (max-width: 300px) 100vw, 300px\" \/><\/a>\n\t\t\t<\/dt><\/dl><dl class='gallery-item'>\n\t\t\t<dt class='gallery-icon landscape'>\n\t\t\t\t<a href='https:\/\/cauceecologico.org\/?attachment_id=3407'><img loading=\"lazy\" decoding=\"async\" width=\"300\" height=\"200\" src=\"https:\/\/cauceecologico.org\/wp-content\/uploads\/2022\/01\/52_VillaUrquiza-300x200.jpg\" class=\"attachment-medium size-medium\" alt=\"\" srcset=\"https:\/\/cauceecologico.org\/wp-content\/uploads\/2022\/01\/52_VillaUrquiza-300x200.jpg 300w, https:\/\/cauceecologico.org\/wp-content\/uploads\/2022\/01\/52_VillaUrquiza-1024x684.jpg 1024w, https:\/\/cauceecologico.org\/wp-content\/uploads\/2022\/01\/52_VillaUrquiza-768x513.jpg 768w, https:\/\/cauceecologico.org\/wp-content\/uploads\/2022\/01\/52_VillaUrquiza-1536x1025.jpg 1536w, https:\/\/cauceecologico.org\/wp-content\/uploads\/2022\/01\/52_VillaUrquiza-2048x1367.jpg 2048w\" sizes=\"auto, (max-width: 300px) 100vw, 300px\" \/><\/a>\n\t\t\t<\/dt><\/dl><dl class='gallery-item'>\n\t\t\t<dt class='gallery-icon landscape'>\n\t\t\t\t<a href='https:\/\/cauceecologico.org\/?attachment_id=3405'><img loading=\"lazy\" decoding=\"async\" width=\"300\" height=\"200\" src=\"https:\/\/cauceecologico.org\/wp-content\/uploads\/2022\/01\/58_VillaUrquiza-300x200.jpg\" class=\"attachment-medium size-medium\" alt=\"\" srcset=\"https:\/\/cauceecologico.org\/wp-content\/uploads\/2022\/01\/58_VillaUrquiza-300x200.jpg 300w, https:\/\/cauceecologico.org\/wp-content\/uploads\/2022\/01\/58_VillaUrquiza-1024x684.jpg 1024w, https:\/\/cauceecologico.org\/wp-content\/uploads\/2022\/01\/58_VillaUrquiza-768x513.jpg 768w, https:\/\/cauceecologico.org\/wp-content\/uploads\/2022\/01\/58_VillaUrquiza-1536x1025.jpg 1536w, https:\/\/cauceecologico.org\/wp-content\/uploads\/2022\/01\/58_VillaUrquiza-2048x1367.jpg 2048w\" sizes=\"auto, (max-width: 300px) 100vw, 300px\" \/><\/a>\n\t\t\t<\/dt><\/dl><br style=\"clear: both\" \/>\n\t\t<\/div>\n\n<p id=\"u434-8\">Anibal Richard y Leticia G\u00f6tte. En su casa de Villa Urquiza (Entre R\u00edos) se dedican a la producci\u00f3n de quesos artesanales y al cultivo de vegetales de su huerta agroecol\u00f3gica. Sus animales \u2014ganado criado en la libertad del monte\u2014, proveen de la materia prima para elaborar quesos de primera calidad.<\/p>\n<p id=\"u434-11\">Modificar la forma en la que producimos y consumimos alimentos es posible y urgente.<\/p>\n<p>&#x27a1;&#xfe0f; Mir\u00e1 la galer\u00eda completa de fotos haciendo clic <strong><span style=\"color: #3366ff;\"><a style=\"color: #3366ff;\" href=\"https:\/\/cauceecologico.org\/agroecologiaenfotos\/\">ac\u00e1.<\/a><\/span><\/strong><\/p>\n<h6>Conoc\u00e9 m\u00e1s sobre Minhoca:<\/h6>\n<\/div>\n<p><iframe loading=\"lazy\" title=\"YouTube video player\" src=\"https:\/\/www.youtube.com\/embed\/NkdZGIpwlOo\" width=\"560\" height=\"315\" frameborder=\"0\" allowfullscreen=\"allowfullscreen\"><\/iframe><\/p>\n<p style=\"text-align: right;\">26\/01\/22<\/p>\n","protected":false},"excerpt":{"rendered":"<p>Galer\u00eda fotogr\u00e1fica sobre agroecolog\u00eda que tiene como protagonistas a productores y productoras de Entre R\u00edos. Por la fot\u00f3grafa Luciana Sosa Benintende A trav\u00e9s de 57 fotograf\u00edas buscamos narrar una historia que habla de resistencia, responsabilidad ciudadana y compromiso con el cuidado de la naturaleza.\u00a0A m\u00ed dejame en el campo es, principalmente, una historia de amor: [&hellip;]<\/p>\n","protected":false},"author":2,"featured_media":3415,"comment_status":"open","ping_status":"open","sticky":false,"template":"","format":"standard","meta":{"om_disable_all_campaigns":false,"_monsterinsights_skip_tracking":false,"amp_status":"","footnotes":""},"categories":[274,6,5],"tags":[],"class_list":["post-3396","post","type-post","status-publish","format-standard","has-post-thumbnail","hentry","category-agroecologia","category-destacados","category-noticias"],"aioseo_notices":[],"aioseo_head":"\n\t\t<!-- All in One SEO 4.9.10 - aioseo.com -->\n\t<meta name=\"description\" content=\"Galer\u00eda fotogr\u00e1fica sobre agroecolog\u00eda que tiene como protagonistas a productores y productoras de Entre R\u00edos. Por la fot\u00f3grafa Luciana Sosa Benintende A trav\u00e9s de 57 fotograf\u00edas buscamos narrar una historia que habla de resistencia, responsabilidad ciudadana y compromiso con el cuidado de la naturaleza. A m\u00ed dejame en el campo es, principalmente, una historia de amor:\" \/>\n\t<meta name=\"robots\" content=\"max-image-preview:large\" \/>\n\t<meta name=\"author\" content=\"Ana Lucia Vergara\"\/>\n\t<link rel=\"canonical\" href=\"https:\/\/cauceecologico.org\/?p=3396\" \/>\n\t<meta name=\"generator\" content=\"All in One SEO (AIOSEO) 4.9.10\" \/>\n\t\t<meta property=\"og:locale\" content=\"es_ES\" \/>\n\t\t<meta property=\"og:site_name\" content=\"CAUCE - Cultura Ambiental - Causa Ecologista\" \/>\n\t\t<meta property=\"og:type\" content=\"article\" \/>\n\t\t<meta property=\"og:title\" content=\"A m\u00ed dejame en el campo - CAUCE\" \/>\n\t\t<meta property=\"og:description\" content=\"Galer\u00eda fotogr\u00e1fica sobre agroecolog\u00eda que tiene como protagonistas a productores y productoras de Entre R\u00edos. Por la fot\u00f3grafa Luciana Sosa Benintende A trav\u00e9s de 57 fotograf\u00edas buscamos narrar una historia que habla de resistencia, responsabilidad ciudadana y compromiso con el cuidado de la naturaleza. A m\u00ed dejame en el campo es, principalmente, una historia de amor:\" \/>\n\t\t<meta property=\"og:url\" content=\"https:\/\/cauceecologico.org\/?p=3396\" \/>\n\t\t<meta property=\"article:published_time\" content=\"2022-01-26T14:46:08+00:00\" \/>\n\t\t<meta property=\"article:modified_time\" content=\"2022-04-19T18:10:48+00:00\" \/>\n\t\t<meta name=\"twitter:card\" content=\"summary_large_image\" \/>\n\t\t<meta name=\"twitter:title\" content=\"A m\u00ed dejame en el campo - CAUCE\" \/>\n\t\t<meta name=\"twitter:description\" content=\"Galer\u00eda fotogr\u00e1fica sobre agroecolog\u00eda que tiene como protagonistas a productores y productoras de Entre R\u00edos. Por la fot\u00f3grafa Luciana Sosa Benintende A trav\u00e9s de 57 fotograf\u00edas buscamos narrar una historia que habla de resistencia, responsabilidad ciudadana y compromiso con el cuidado de la naturaleza. A m\u00ed dejame en el campo es, principalmente, una historia de amor:\" \/>\n\t\t<script type=\"application\/ld+json\" class=\"aioseo-schema\">\n\t\t\t{\"@context\":\"https:\\\/\\\/schema.org\",\"@graph\":[{\"@type\":\"BlogPosting\",\"@id\":\"https:\\\/\\\/cauceecologico.org\\\/?p=3396#blogposting\",\"name\":\"A m\\u00ed dejame en el campo - CAUCE\",\"headline\":\"A m\\u00ed dejame en el campo\",\"author\":{\"@id\":\"https:\\\/\\\/cauceecologico.org\\\/?author=2#author\"},\"publisher\":{\"@id\":\"https:\\\/\\\/cauceecologico.org\\\/#organization\"},\"image\":{\"@type\":\"ImageObject\",\"url\":\"https:\\\/\\\/cauceecologico.org\\\/wp-content\\\/uploads\\\/2022\\\/01\\\/33_ElBrete-scaled.jpg\",\"width\":2560,\"height\":1709},\"datePublished\":\"2022-01-26T14:46:08+00:00\",\"dateModified\":\"2022-04-19T18:10:48+00:00\",\"inLanguage\":\"es-ES\",\"mainEntityOfPage\":{\"@id\":\"https:\\\/\\\/cauceecologico.org\\\/?p=3396#webpage\"},\"isPartOf\":{\"@id\":\"https:\\\/\\\/cauceecologico.org\\\/?p=3396#webpage\"},\"articleSection\":\"Agroecolog\\u00eda, Destacados, Noticias\"},{\"@type\":\"BreadcrumbList\",\"@id\":\"https:\\\/\\\/cauceecologico.org\\\/?p=3396#breadcrumblist\",\"itemListElement\":[{\"@type\":\"ListItem\",\"@id\":\"https:\\\/\\\/cauceecologico.org#listItem\",\"position\":1,\"name\":\"Home\",\"item\":\"https:\\\/\\\/cauceecologico.org\",\"nextItem\":{\"@type\":\"ListItem\",\"@id\":\"https:\\\/\\\/cauceecologico.org\\\/?cat=5#listItem\",\"name\":\"Noticias\"}},{\"@type\":\"ListItem\",\"@id\":\"https:\\\/\\\/cauceecologico.org\\\/?cat=5#listItem\",\"position\":2,\"name\":\"Noticias\",\"item\":\"https:\\\/\\\/cauceecologico.org\\\/?cat=5\",\"nextItem\":{\"@type\":\"ListItem\",\"@id\":\"https:\\\/\\\/cauceecologico.org\\\/?p=3396#listItem\",\"name\":\"A m\\u00ed dejame en el campo\"},\"previousItem\":{\"@type\":\"ListItem\",\"@id\":\"https:\\\/\\\/cauceecologico.org#listItem\",\"name\":\"Home\"}},{\"@type\":\"ListItem\",\"@id\":\"https:\\\/\\\/cauceecologico.org\\\/?p=3396#listItem\",\"position\":3,\"name\":\"A m\\u00ed dejame en el campo\",\"previousItem\":{\"@type\":\"ListItem\",\"@id\":\"https:\\\/\\\/cauceecologico.org\\\/?cat=5#listItem\",\"name\":\"Noticias\"}}]},{\"@type\":\"Organization\",\"@id\":\"https:\\\/\\\/cauceecologico.org\\\/#organization\",\"name\":\"CAUCE\",\"description\":\"Cultura Ambiental - Causa Ecologista\",\"url\":\"https:\\\/\\\/cauceecologico.org\\\/\"},{\"@type\":\"Person\",\"@id\":\"https:\\\/\\\/cauceecologico.org\\\/?author=2#author\",\"url\":\"https:\\\/\\\/cauceecologico.org\\\/?author=2\",\"name\":\"Ana Lucia Vergara\",\"image\":{\"@type\":\"ImageObject\",\"@id\":\"https:\\\/\\\/cauceecologico.org\\\/?p=3396#authorImage\",\"url\":\"https:\\\/\\\/secure.gravatar.com\\\/avatar\\\/e8720df08f5c466573fb9f3d6cec14bcac9a305e2049123e58e6bc9c03f3a77b?s=96&d=mm&r=g\",\"width\":96,\"height\":96,\"caption\":\"Ana Lucia Vergara\"}},{\"@type\":\"WebPage\",\"@id\":\"https:\\\/\\\/cauceecologico.org\\\/?p=3396#webpage\",\"url\":\"https:\\\/\\\/cauceecologico.org\\\/?p=3396\",\"name\":\"A m\\u00ed dejame en el campo - CAUCE\",\"description\":\"Galer\\u00eda fotogr\\u00e1fica sobre agroecolog\\u00eda que tiene como protagonistas a productores y productoras de Entre R\\u00edos. Por la fot\\u00f3grafa Luciana Sosa Benintende A trav\\u00e9s de 57 fotograf\\u00edas buscamos narrar una historia que habla de resistencia, responsabilidad ciudadana y compromiso con el cuidado de la naturaleza. A m\\u00ed dejame en el campo es, principalmente, una historia de amor:\",\"inLanguage\":\"es-ES\",\"isPartOf\":{\"@id\":\"https:\\\/\\\/cauceecologico.org\\\/#website\"},\"breadcrumb\":{\"@id\":\"https:\\\/\\\/cauceecologico.org\\\/?p=3396#breadcrumblist\"},\"author\":{\"@id\":\"https:\\\/\\\/cauceecologico.org\\\/?author=2#author\"},\"creator\":{\"@id\":\"https:\\\/\\\/cauceecologico.org\\\/?author=2#author\"},\"image\":{\"@type\":\"ImageObject\",\"url\":\"https:\\\/\\\/cauceecologico.org\\\/wp-content\\\/uploads\\\/2022\\\/01\\\/33_ElBrete-scaled.jpg\",\"@id\":\"https:\\\/\\\/cauceecologico.org\\\/?p=3396\\\/#mainImage\",\"width\":2560,\"height\":1709},\"primaryImageOfPage\":{\"@id\":\"https:\\\/\\\/cauceecologico.org\\\/?p=3396#mainImage\"},\"datePublished\":\"2022-01-26T14:46:08+00:00\",\"dateModified\":\"2022-04-19T18:10:48+00:00\"},{\"@type\":\"WebSite\",\"@id\":\"https:\\\/\\\/cauceecologico.org\\\/#website\",\"url\":\"https:\\\/\\\/cauceecologico.org\\\/\",\"name\":\"CAUCE\",\"description\":\"Cultura Ambiental - Causa Ecologista\",\"inLanguage\":\"es-ES\",\"publisher\":{\"@id\":\"https:\\\/\\\/cauceecologico.org\\\/#organization\"}}]}\n\t\t<\/script>\n\t\t<!-- All in One SEO -->\n\n","aioseo_head_json":{"title":"A m\u00ed dejame en el campo - CAUCE","description":"Galer\u00eda fotogr\u00e1fica sobre agroecolog\u00eda que tiene como protagonistas a productores y productoras de Entre R\u00edos. Por la fot\u00f3grafa Luciana Sosa Benintende A trav\u00e9s de 57 fotograf\u00edas buscamos narrar una historia que habla de resistencia, responsabilidad ciudadana y compromiso con el cuidado de la naturaleza. A m\u00ed dejame en el campo es, principalmente, una historia de amor:","canonical_url":"https:\/\/cauceecologico.org\/?p=3396","robots":"max-image-preview:large","keywords":"","webmasterTools":{"miscellaneous":""},"schema":{"@context":"https:\/\/schema.org","@graph":[{"@type":"BlogPosting","@id":"https:\/\/cauceecologico.org\/?p=3396#blogposting","name":"A m\u00ed dejame en el campo - CAUCE","headline":"A m\u00ed dejame en el campo","author":{"@id":"https:\/\/cauceecologico.org\/?author=2#author"},"publisher":{"@id":"https:\/\/cauceecologico.org\/#organization"},"image":{"@type":"ImageObject","url":"https:\/\/cauceecologico.org\/wp-content\/uploads\/2022\/01\/33_ElBrete-scaled.jpg","width":2560,"height":1709},"datePublished":"2022-01-26T14:46:08+00:00","dateModified":"2022-04-19T18:10:48+00:00","inLanguage":"es-ES","mainEntityOfPage":{"@id":"https:\/\/cauceecologico.org\/?p=3396#webpage"},"isPartOf":{"@id":"https:\/\/cauceecologico.org\/?p=3396#webpage"},"articleSection":"Agroecolog\u00eda, Destacados, Noticias"},{"@type":"BreadcrumbList","@id":"https:\/\/cauceecologico.org\/?p=3396#breadcrumblist","itemListElement":[{"@type":"ListItem","@id":"https:\/\/cauceecologico.org#listItem","position":1,"name":"Home","item":"https:\/\/cauceecologico.org","nextItem":{"@type":"ListItem","@id":"https:\/\/cauceecologico.org\/?cat=5#listItem","name":"Noticias"}},{"@type":"ListItem","@id":"https:\/\/cauceecologico.org\/?cat=5#listItem","position":2,"name":"Noticias","item":"https:\/\/cauceecologico.org\/?cat=5","nextItem":{"@type":"ListItem","@id":"https:\/\/cauceecologico.org\/?p=3396#listItem","name":"A m\u00ed dejame en el campo"},"previousItem":{"@type":"ListItem","@id":"https:\/\/cauceecologico.org#listItem","name":"Home"}},{"@type":"ListItem","@id":"https:\/\/cauceecologico.org\/?p=3396#listItem","position":3,"name":"A m\u00ed dejame en el campo","previousItem":{"@type":"ListItem","@id":"https:\/\/cauceecologico.org\/?cat=5#listItem","name":"Noticias"}}]},{"@type":"Organization","@id":"https:\/\/cauceecologico.org\/#organization","name":"CAUCE","description":"Cultura Ambiental - Causa Ecologista","url":"https:\/\/cauceecologico.org\/"},{"@type":"Person","@id":"https:\/\/cauceecologico.org\/?author=2#author","url":"https:\/\/cauceecologico.org\/?author=2","name":"Ana Lucia Vergara","image":{"@type":"ImageObject","@id":"https:\/\/cauceecologico.org\/?p=3396#authorImage","url":"https:\/\/secure.gravatar.com\/avatar\/e8720df08f5c466573fb9f3d6cec14bcac9a305e2049123e58e6bc9c03f3a77b?s=96&d=mm&r=g","width":96,"height":96,"caption":"Ana Lucia Vergara"}},{"@type":"WebPage","@id":"https:\/\/cauceecologico.org\/?p=3396#webpage","url":"https:\/\/cauceecologico.org\/?p=3396","name":"A m\u00ed dejame en el campo - CAUCE","description":"Galer\u00eda fotogr\u00e1fica sobre agroecolog\u00eda que tiene como protagonistas a productores y productoras de Entre R\u00edos. Por la fot\u00f3grafa Luciana Sosa Benintende A trav\u00e9s de 57 fotograf\u00edas buscamos narrar una historia que habla de resistencia, responsabilidad ciudadana y compromiso con el cuidado de la naturaleza. A m\u00ed dejame en el campo es, principalmente, una historia de amor:","inLanguage":"es-ES","isPartOf":{"@id":"https:\/\/cauceecologico.org\/#website"},"breadcrumb":{"@id":"https:\/\/cauceecologico.org\/?p=3396#breadcrumblist"},"author":{"@id":"https:\/\/cauceecologico.org\/?author=2#author"},"creator":{"@id":"https:\/\/cauceecologico.org\/?author=2#author"},"image":{"@type":"ImageObject","url":"https:\/\/cauceecologico.org\/wp-content\/uploads\/2022\/01\/33_ElBrete-scaled.jpg","@id":"https:\/\/cauceecologico.org\/?p=3396\/#mainImage","width":2560,"height":1709},"primaryImageOfPage":{"@id":"https:\/\/cauceecologico.org\/?p=3396#mainImage"},"datePublished":"2022-01-26T14:46:08+00:00","dateModified":"2022-04-19T18:10:48+00:00"},{"@type":"WebSite","@id":"https:\/\/cauceecologico.org\/#website","url":"https:\/\/cauceecologico.org\/","name":"CAUCE","description":"Cultura Ambiental - Causa Ecologista","inLanguage":"es-ES","publisher":{"@id":"https:\/\/cauceecologico.org\/#organization"}}]},"og:locale":"es_ES","og:site_name":"CAUCE - Cultura Ambiental - Causa Ecologista","og:type":"article","og:title":"A m\u00ed dejame en el campo - CAUCE","og:description":"Galer\u00eda fotogr\u00e1fica sobre agroecolog\u00eda que tiene como protagonistas a productores y productoras de Entre R\u00edos. Por la fot\u00f3grafa Luciana Sosa Benintende A trav\u00e9s de 57 fotograf\u00edas buscamos narrar una historia que habla de resistencia, responsabilidad ciudadana y compromiso con el cuidado de la naturaleza. A m\u00ed dejame en el campo es, principalmente, una historia de amor:","og:url":"https:\/\/cauceecologico.org\/?p=3396","article:published_time":"2022-01-26T14:46:08+00:00","article:modified_time":"2022-04-19T18:10:48+00:00","twitter:card":"summary_large_image","twitter:title":"A m\u00ed dejame en el campo - CAUCE","twitter:description":"Galer\u00eda fotogr\u00e1fica sobre agroecolog\u00eda que tiene como protagonistas a productores y productoras de Entre R\u00edos. Por la fot\u00f3grafa Luciana Sosa Benintende A trav\u00e9s de 57 fotograf\u00edas buscamos narrar una historia que habla de resistencia, responsabilidad ciudadana y compromiso con el cuidado de la naturaleza. A m\u00ed dejame en el campo es, principalmente, una historia de amor:"},"aioseo_meta_data":{"post_id":"3396","title":null,"description":null,"keywords":null,"keyphrases":null,"primary_term":null,"canonical_url":null,"og_title":null,"og_description":null,"og_object_type":"default","og_image_type":"default","og_image_url":null,"og_image_width":null,"og_image_height":null,"og_image_custom_url":null,"og_image_custom_fields":null,"og_video":null,"og_custom_url":null,"og_article_section":null,"og_article_tags":null,"twitter_use_og":false,"twitter_card":"default","twitter_image_type":"default","twitter_image_url":null,"twitter_image_custom_url":null,"twitter_image_custom_fields":null,"twitter_title":null,"twitter_description":null,"schema":{"blockGraphs":[],"customGraphs":[],"default":{"data":{"Article":[],"Course":[],"Dataset":[],"FAQPage":[],"Movie":[],"Person":[],"Product":[],"ProductReview":[],"Car":[],"Recipe":[],"Service":[],"SoftwareApplication":[],"WebPage":[]},"graphName":"","isEnabled":true},"graphs":[]},"schema_type":"default","schema_type_options":null,"pillar_content":false,"robots_default":true,"robots_noindex":false,"robots_noarchive":false,"robots_nosnippet":false,"robots_nofollow":false,"robots_noimageindex":false,"robots_noodp":false,"robots_notranslate":false,"robots_max_snippet":null,"robots_max_videopreview":null,"robots_max_imagepreview":"large","priority":null,"frequency":null,"local_seo":null,"limit_modified_date":false,"created":"2023-03-16 21:03:44","updated":"2026-07-28 01:36:11","ai":null,"breadcrumb_settings":null,"seo_analyzer_scan_date":null},"aioseo_breadcrumb":"<div class=\"aioseo-breadcrumbs\"><span class=\"aioseo-breadcrumb\">\n\t\t\t<a href=\"https:\/\/cauceecologico.org\" title=\"Home\">Home<\/a>\n\t\t<\/span><span class=\"aioseo-breadcrumb-separator\">&raquo;<\/span><span class=\"aioseo-breadcrumb\">\n\t\t\t<a href=\"https:\/\/cauceecologico.org\/?cat=5\" title=\"Noticias\">Noticias<\/a>\n\t\t<\/span><span class=\"aioseo-breadcrumb-separator\">&raquo;<\/span><span class=\"aioseo-breadcrumb\">\n\t\t\tA m\u00ed dejame en el campo\n\t\t<\/span><\/div>","aioseo_breadcrumb_json":[{"label":"Home","link":"https:\/\/cauceecologico.org"},{"label":"Noticias","link":"https:\/\/cauceecologico.org\/?cat=5"},{"label":"A m\u00ed dejame en el campo","link":"https:\/\/cauceecologico.org\/?p=3396"}],"_links":{"self":[{"href":"https:\/\/cauceecologico.org\/index.php?rest_route=\/wp\/v2\/posts\/3396","targetHints":{"allow":["GET"]}}],"collection":[{"href":"https:\/\/cauceecologico.org\/index.php?rest_route=\/wp\/v2\/posts"}],"about":[{"href":"https:\/\/cauceecologico.org\/index.php?rest_route=\/wp\/v2\/types\/post"}],"author":[{"embeddable":true,"href":"https:\/\/cauceecologico.org\/index.php?rest_route=\/wp\/v2\/users\/2"}],"replies":[{"embeddable":true,"href":"https:\/\/cauceecologico.org\/index.php?rest_route=%2Fwp%2Fv2%2Fcomments&post=3396"}],"version-history":[{"count":13,"href":"https:\/\/cauceecologico.org\/index.php?rest_route=\/wp\/v2\/posts\/3396\/revisions"}],"predecessor-version":[{"id":3426,"href":"https:\/\/cauceecologico.org\/index.php?rest_route=\/wp\/v2\/posts\/3396\/revisions\/3426"}],"wp:featuredmedia":[{"embeddable":true,"href":"https:\/\/cauceecologico.org\/index.php?rest_route=\/wp\/v2\/media\/3415"}],"wp:attachment":[{"href":"https:\/\/cauceecologico.org\/index.php?rest_route=%2Fwp%2Fv2%2Fmedia&parent=3396"}],"wp:term":[{"taxonomy":"category","embeddable":true,"href":"https:\/\/cauceecologico.org\/index.php?rest_route=%2Fwp%2Fv2%2Fcategories&post=3396"},{"taxonomy":"post_tag","embeddable":true,"href":"https:\/\/cauceecologico.org\/index.php?rest_route=%2Fwp%2Fv2%2Ftags&post=3396"}],"curies":[{"name":"wp","href":"https:\/\/api.w.org\/{rel}","templated":true}]}}