{"id":3421,"date":"2022-01-26T15:15:10","date_gmt":"2022-01-26T15:15:10","guid":{"rendered":"https:\/\/cauceecologico.org\/?p=3421"},"modified":"2022-01-26T15:15:10","modified_gmt":"2022-01-26T15:15:10","slug":"ley-de-humedales-la-tercera-no-fue-la-vencida","status":"publish","type":"post","link":"https:\/\/cauceecologico.org\/?p=3421","title":{"rendered":"Ley de humedales: la tercera no fue la vencida"},"content":{"rendered":"<p><span style=\"font-weight: 400;\">En estos dos \u00faltimos a\u00f1os en los que se renovaron las iniciativas legislativas por una ley nacional de presupuestos m\u00ednimos para la conservaci\u00f3n de los humedales, <\/span><b>se multiplicaron las amenazas a estos valiosos ecosistemas y las afectaciones a la biodiversidad, comunidades y pueblos que los habitan y utilizan<\/b><span style=\"font-weight: 400;\">. El fuego, la agroindustria, la ganader\u00eda intensiva, los negocios inmobiliarios y la mega-miner\u00eda acrecientan d\u00eda a d\u00eda la degradaci\u00f3n y p\u00e9rdida de estos ambientes.<\/span><\/p>\n<p><span style=\"font-weight: 400;\">Tambi\u00e9n se renovaron y multiplicaron a lo largo y ancho del pa\u00eds las acciones y movilizaciones ciudadanas con el <\/span><b>reclamo de la urgente sanci\u00f3n de una<\/b> <b>Ley de Humedales<\/b><span style=\"font-weight: 400;\">. Conscientes de esta <\/span><b>deuda hist\u00f3rica ambiental de Argentina<\/b><span style=\"font-weight: 400;\">, varios legisladores y legisladoras presentaron numerosos proyectos (quince entre ambas C\u00e1maras), organizaron una serie de sesiones informativas y destinaron horas de trabajo y discusi\u00f3n para obtener <\/span><b>un texto unificado que logr\u00f3 dictamen<\/b><span style=\"font-weight: 400;\"> de mayor\u00eda en la Comisi\u00f3n de Recursos Naturales de Diputados en noviembre de 2020.\u00a0<\/span><\/p>\n<p><span style=\"font-weight: 400;\">Un a\u00f1o despu\u00e9s el texto qued\u00f3 sin ser tratado por las restantes comisiones de la C\u00e1mara Baja. <\/span><b>Cajonearon la Ley de Humedales<\/b> <b>una vez m\u00e1s<\/b><span style=\"font-weight: 400;\">. Los n\u00fameros de <\/span><a href=\"https:\/\/activaelcongreso.org\"><span style=\"font-weight: 400;\">https:\/\/activaelcongreso.org<\/span> <\/a><span style=\"font-weight: 400;\">reflejan la situaci\u00f3n en Diputados: 82 se pronunciaron a favor, 12 en contra y 159 se abstuvieron. Ello, pese a que las dos principales coaliciones partidarias se pronunciaron en 2016 y 2021 a favor de la sanci\u00f3n de la ley.<\/span><\/p>\n<p><span style=\"font-weight: 400;\">A poco de finalizar el a\u00f1o legislativo 2021, con una nueva composici\u00f3n del Parlamento tras las recientes elecciones, y al no estar en el temario oficial de las sesiones extraordinarias convocadas por la Presidencia de la Naci\u00f3n, una vez m\u00e1s la <\/span><b>Ley de Humedales vuelve al primer casillero<\/b><span style=\"font-weight: 400;\">.\u00a0\u00a0<\/span><\/p>\n<p><span style=\"font-weight: 400;\">En este escenario, como organizaciones socioambientales que venimos siguiendo este proceso, muchas desde hace m\u00e1s de una d\u00e9cada, <\/span><b>reiteramos a nuestras y nuestros representantes en el Congreso Nacional la demanda por la sanci\u00f3n de la Ley de Humedales. Necesitamos su compromiso y decisi\u00f3n pol\u00edtica. <\/b><span style=\"font-weight: 400;\">Las presiones de los lobbies extractivistas no pueden ser m\u00e1s fuertes que las demandas populares. <\/span><b>Los humedales son un bien com\u00fan del pueblo. El tiempo se acaba, no hay vida posible con ecosistemas destruidos. Nuestra lucha continuar\u00e1 en este 2022.<\/b><\/p>\n<p><b>\u00a1LEY DE HUMEDALES YA!<\/b><\/p>\n<p style=\"text-align: right;\">26\/01\/22<\/p>\n","protected":false},"excerpt":{"rendered":"<p>En estos dos \u00faltimos a\u00f1os en los que se renovaron las iniciativas legislativas por una ley nacional de presupuestos m\u00ednimos para la conservaci\u00f3n de los humedales, se multiplicaron las amenazas a estos valiosos ecosistemas y las afectaciones a la biodiversidad, comunidades y pueblos que los habitan y utilizan. El fuego, la agroindustria, la ganader\u00eda intensiva, [&hellip;]<\/p>\n","protected":false},"author":2,"featured_media":3048,"comment_status":"open","ping_status":"open","sticky":false,"template":"","format":"standard","meta":{"om_disable_all_campaigns":false,"_monsterinsights_skip_tracking":false,"amp_status":"","footnotes":""},"categories":[276,5],"tags":[],"class_list":["post-3421","post","type-post","status-publish","format-standard","has-post-thumbnail","hentry","category-delta","category-noticias"],"aioseo_notices":[],"aioseo_head":"\n\t\t<!-- All in One SEO 4.9.10 - aioseo.com -->\n\t<meta name=\"description\" content=\"En estos dos \u00faltimos a\u00f1os en los que se renovaron las iniciativas legislativas por una ley nacional de presupuestos m\u00ednimos para la conservaci\u00f3n de los humedales, se multiplicaron las amenazas a estos valiosos ecosistemas y las afectaciones a la biodiversidad, comunidades y pueblos que los habitan y utilizan. El fuego, la agroindustria, la ganader\u00eda intensiva,\" \/>\n\t<meta name=\"robots\" content=\"max-image-preview:large\" \/>\n\t<meta name=\"author\" content=\"Ana Lucia Vergara\"\/>\n\t<link rel=\"canonical\" href=\"https:\/\/cauceecologico.org\/?p=3421\" \/>\n\t<meta name=\"generator\" content=\"All in One SEO (AIOSEO) 4.9.10\" \/>\n\t\t<meta property=\"og:locale\" content=\"es_ES\" \/>\n\t\t<meta property=\"og:site_name\" content=\"CAUCE - Cultura Ambiental - Causa Ecologista\" \/>\n\t\t<meta property=\"og:type\" content=\"article\" \/>\n\t\t<meta property=\"og:title\" content=\"Ley de humedales: la tercera no fue la vencida - CAUCE\" \/>\n\t\t<meta property=\"og:description\" content=\"En estos dos \u00faltimos a\u00f1os en los que se renovaron las iniciativas legislativas por una ley nacional de presupuestos m\u00ednimos para la conservaci\u00f3n de los humedales, se multiplicaron las amenazas a estos valiosos ecosistemas y las afectaciones a la biodiversidad, comunidades y pueblos que los habitan y utilizan. El fuego, la agroindustria, la ganader\u00eda intensiva,\" \/>\n\t\t<meta property=\"og:url\" content=\"https:\/\/cauceecologico.org\/?p=3421\" \/>\n\t\t<meta property=\"article:published_time\" content=\"2022-01-26T15:15:10+00:00\" \/>\n\t\t<meta property=\"article:modified_time\" content=\"2022-01-26T15:15:10+00:00\" \/>\n\t\t<meta name=\"twitter:card\" content=\"summary_large_image\" \/>\n\t\t<meta name=\"twitter:title\" content=\"Ley de humedales: la tercera no fue la vencida - CAUCE\" \/>\n\t\t<meta name=\"twitter:description\" content=\"En estos dos \u00faltimos a\u00f1os en los que se renovaron las iniciativas legislativas por una ley nacional de presupuestos m\u00ednimos para la conservaci\u00f3n de los humedales, se multiplicaron las amenazas a estos valiosos ecosistemas y las afectaciones a la biodiversidad, comunidades y pueblos que los habitan y utilizan. El fuego, la agroindustria, la ganader\u00eda intensiva,\" \/>\n\t\t<script type=\"application\/ld+json\" class=\"aioseo-schema\">\n\t\t\t{\"@context\":\"https:\\\/\\\/schema.org\",\"@graph\":[{\"@type\":\"BlogPosting\",\"@id\":\"https:\\\/\\\/cauceecologico.org\\\/?p=3421#blogposting\",\"name\":\"Ley de humedales: la tercera no fue la vencida - CAUCE\",\"headline\":\"Ley de humedales: la tercera no fue la vencida\",\"author\":{\"@id\":\"https:\\\/\\\/cauceecologico.org\\\/?author=2#author\"},\"publisher\":{\"@id\":\"https:\\\/\\\/cauceecologico.org\\\/#organization\"},\"image\":{\"@type\":\"ImageObject\",\"url\":\"https:\\\/\\\/cauceecologico.org\\\/wp-content\\\/uploads\\\/2021\\\/08\\\/cevita-97-1-scaled.jpg\",\"width\":2560,\"height\":1664},\"datePublished\":\"2022-01-26T15:15:10+00:00\",\"dateModified\":\"2022-01-26T15:15:10+00:00\",\"inLanguage\":\"es-ES\",\"mainEntityOfPage\":{\"@id\":\"https:\\\/\\\/cauceecologico.org\\\/?p=3421#webpage\"},\"isPartOf\":{\"@id\":\"https:\\\/\\\/cauceecologico.org\\\/?p=3421#webpage\"},\"articleSection\":\"Delta, Noticias\"},{\"@type\":\"BreadcrumbList\",\"@id\":\"https:\\\/\\\/cauceecologico.org\\\/?p=3421#breadcrumblist\",\"itemListElement\":[{\"@type\":\"ListItem\",\"@id\":\"https:\\\/\\\/cauceecologico.org#listItem\",\"position\":1,\"name\":\"Home\",\"item\":\"https:\\\/\\\/cauceecologico.org\",\"nextItem\":{\"@type\":\"ListItem\",\"@id\":\"https:\\\/\\\/cauceecologico.org\\\/?cat=5#listItem\",\"name\":\"Noticias\"}},{\"@type\":\"ListItem\",\"@id\":\"https:\\\/\\\/cauceecologico.org\\\/?cat=5#listItem\",\"position\":2,\"name\":\"Noticias\",\"item\":\"https:\\\/\\\/cauceecologico.org\\\/?cat=5\",\"nextItem\":{\"@type\":\"ListItem\",\"@id\":\"https:\\\/\\\/cauceecologico.org\\\/?p=3421#listItem\",\"name\":\"Ley de humedales: la tercera no fue la vencida\"},\"previousItem\":{\"@type\":\"ListItem\",\"@id\":\"https:\\\/\\\/cauceecologico.org#listItem\",\"name\":\"Home\"}},{\"@type\":\"ListItem\",\"@id\":\"https:\\\/\\\/cauceecologico.org\\\/?p=3421#listItem\",\"position\":3,\"name\":\"Ley de humedales: la tercera no fue la vencida\",\"previousItem\":{\"@type\":\"ListItem\",\"@id\":\"https:\\\/\\\/cauceecologico.org\\\/?cat=5#listItem\",\"name\":\"Noticias\"}}]},{\"@type\":\"Organization\",\"@id\":\"https:\\\/\\\/cauceecologico.org\\\/#organization\",\"name\":\"CAUCE\",\"description\":\"Cultura Ambiental - Causa Ecologista\",\"url\":\"https:\\\/\\\/cauceecologico.org\\\/\"},{\"@type\":\"Person\",\"@id\":\"https:\\\/\\\/cauceecologico.org\\\/?author=2#author\",\"url\":\"https:\\\/\\\/cauceecologico.org\\\/?author=2\",\"name\":\"Ana Lucia Vergara\",\"image\":{\"@type\":\"ImageObject\",\"@id\":\"https:\\\/\\\/cauceecologico.org\\\/?p=3421#authorImage\",\"url\":\"https:\\\/\\\/secure.gravatar.com\\\/avatar\\\/e8720df08f5c466573fb9f3d6cec14bcac9a305e2049123e58e6bc9c03f3a77b?s=96&d=mm&r=g\",\"width\":96,\"height\":96,\"caption\":\"Ana Lucia Vergara\"}},{\"@type\":\"WebPage\",\"@id\":\"https:\\\/\\\/cauceecologico.org\\\/?p=3421#webpage\",\"url\":\"https:\\\/\\\/cauceecologico.org\\\/?p=3421\",\"name\":\"Ley de humedales: la tercera no fue la vencida - CAUCE\",\"description\":\"En estos dos \\u00faltimos a\\u00f1os en los que se renovaron las iniciativas legislativas por una ley nacional de presupuestos m\\u00ednimos para la conservaci\\u00f3n de los humedales, se multiplicaron las amenazas a estos valiosos ecosistemas y las afectaciones a la biodiversidad, comunidades y pueblos que los habitan y utilizan. El fuego, la agroindustria, la ganader\\u00eda intensiva,\",\"inLanguage\":\"es-ES\",\"isPartOf\":{\"@id\":\"https:\\\/\\\/cauceecologico.org\\\/#website\"},\"breadcrumb\":{\"@id\":\"https:\\\/\\\/cauceecologico.org\\\/?p=3421#breadcrumblist\"},\"author\":{\"@id\":\"https:\\\/\\\/cauceecologico.org\\\/?author=2#author\"},\"creator\":{\"@id\":\"https:\\\/\\\/cauceecologico.org\\\/?author=2#author\"},\"image\":{\"@type\":\"ImageObject\",\"url\":\"https:\\\/\\\/cauceecologico.org\\\/wp-content\\\/uploads\\\/2021\\\/08\\\/cevita-97-1-scaled.jpg\",\"@id\":\"https:\\\/\\\/cauceecologico.org\\\/?p=3421\\\/#mainImage\",\"width\":2560,\"height\":1664},\"primaryImageOfPage\":{\"@id\":\"https:\\\/\\\/cauceecologico.org\\\/?p=3421#mainImage\"},\"datePublished\":\"2022-01-26T15:15:10+00:00\",\"dateModified\":\"2022-01-26T15:15:10+00:00\"},{\"@type\":\"WebSite\",\"@id\":\"https:\\\/\\\/cauceecologico.org\\\/#website\",\"url\":\"https:\\\/\\\/cauceecologico.org\\\/\",\"name\":\"CAUCE\",\"description\":\"Cultura Ambiental - Causa Ecologista\",\"inLanguage\":\"es-ES\",\"publisher\":{\"@id\":\"https:\\\/\\\/cauceecologico.org\\\/#organization\"}}]}\n\t\t<\/script>\n\t\t<!-- All in One SEO -->\n\n","aioseo_head_json":{"title":"Ley de humedales: la tercera no fue la vencida - CAUCE","description":"En estos dos \u00faltimos a\u00f1os en los que se renovaron las iniciativas legislativas por una ley nacional de presupuestos m\u00ednimos para la conservaci\u00f3n de los humedales, se multiplicaron las amenazas a estos valiosos ecosistemas y las afectaciones a la biodiversidad, comunidades y pueblos que los habitan y utilizan. El fuego, la agroindustria, la ganader\u00eda intensiva,","canonical_url":"https:\/\/cauceecologico.org\/?p=3421","robots":"max-image-preview:large","keywords":"","webmasterTools":{"miscellaneous":""},"schema":{"@context":"https:\/\/schema.org","@graph":[{"@type":"BlogPosting","@id":"https:\/\/cauceecologico.org\/?p=3421#blogposting","name":"Ley de humedales: la tercera no fue la vencida - CAUCE","headline":"Ley de humedales: la tercera no fue la vencida","author":{"@id":"https:\/\/cauceecologico.org\/?author=2#author"},"publisher":{"@id":"https:\/\/cauceecologico.org\/#organization"},"image":{"@type":"ImageObject","url":"https:\/\/cauceecologico.org\/wp-content\/uploads\/2021\/08\/cevita-97-1-scaled.jpg","width":2560,"height":1664},"datePublished":"2022-01-26T15:15:10+00:00","dateModified":"2022-01-26T15:15:10+00:00","inLanguage":"es-ES","mainEntityOfPage":{"@id":"https:\/\/cauceecologico.org\/?p=3421#webpage"},"isPartOf":{"@id":"https:\/\/cauceecologico.org\/?p=3421#webpage"},"articleSection":"Delta, Noticias"},{"@type":"BreadcrumbList","@id":"https:\/\/cauceecologico.org\/?p=3421#breadcrumblist","itemListElement":[{"@type":"ListItem","@id":"https:\/\/cauceecologico.org#listItem","position":1,"name":"Home","item":"https:\/\/cauceecologico.org","nextItem":{"@type":"ListItem","@id":"https:\/\/cauceecologico.org\/?cat=5#listItem","name":"Noticias"}},{"@type":"ListItem","@id":"https:\/\/cauceecologico.org\/?cat=5#listItem","position":2,"name":"Noticias","item":"https:\/\/cauceecologico.org\/?cat=5","nextItem":{"@type":"ListItem","@id":"https:\/\/cauceecologico.org\/?p=3421#listItem","name":"Ley de humedales: la tercera no fue la vencida"},"previousItem":{"@type":"ListItem","@id":"https:\/\/cauceecologico.org#listItem","name":"Home"}},{"@type":"ListItem","@id":"https:\/\/cauceecologico.org\/?p=3421#listItem","position":3,"name":"Ley de humedales: la tercera no fue la vencida","previousItem":{"@type":"ListItem","@id":"https:\/\/cauceecologico.org\/?cat=5#listItem","name":"Noticias"}}]},{"@type":"Organization","@id":"https:\/\/cauceecologico.org\/#organization","name":"CAUCE","description":"Cultura Ambiental - Causa Ecologista","url":"https:\/\/cauceecologico.org\/"},{"@type":"Person","@id":"https:\/\/cauceecologico.org\/?author=2#author","url":"https:\/\/cauceecologico.org\/?author=2","name":"Ana Lucia Vergara","image":{"@type":"ImageObject","@id":"https:\/\/cauceecologico.org\/?p=3421#authorImage","url":"https:\/\/secure.gravatar.com\/avatar\/e8720df08f5c466573fb9f3d6cec14bcac9a305e2049123e58e6bc9c03f3a77b?s=96&d=mm&r=g","width":96,"height":96,"caption":"Ana Lucia Vergara"}},{"@type":"WebPage","@id":"https:\/\/cauceecologico.org\/?p=3421#webpage","url":"https:\/\/cauceecologico.org\/?p=3421","name":"Ley de humedales: la tercera no fue la vencida - CAUCE","description":"En estos dos \u00faltimos a\u00f1os en los que se renovaron las iniciativas legislativas por una ley nacional de presupuestos m\u00ednimos para la conservaci\u00f3n de los humedales, se multiplicaron las amenazas a estos valiosos ecosistemas y las afectaciones a la biodiversidad, comunidades y pueblos que los habitan y utilizan. El fuego, la agroindustria, la ganader\u00eda intensiva,","inLanguage":"es-ES","isPartOf":{"@id":"https:\/\/cauceecologico.org\/#website"},"breadcrumb":{"@id":"https:\/\/cauceecologico.org\/?p=3421#breadcrumblist"},"author":{"@id":"https:\/\/cauceecologico.org\/?author=2#author"},"creator":{"@id":"https:\/\/cauceecologico.org\/?author=2#author"},"image":{"@type":"ImageObject","url":"https:\/\/cauceecologico.org\/wp-content\/uploads\/2021\/08\/cevita-97-1-scaled.jpg","@id":"https:\/\/cauceecologico.org\/?p=3421\/#mainImage","width":2560,"height":1664},"primaryImageOfPage":{"@id":"https:\/\/cauceecologico.org\/?p=3421#mainImage"},"datePublished":"2022-01-26T15:15:10+00:00","dateModified":"2022-01-26T15:15:10+00:00"},{"@type":"WebSite","@id":"https:\/\/cauceecologico.org\/#website","url":"https:\/\/cauceecologico.org\/","name":"CAUCE","description":"Cultura Ambiental - Causa Ecologista","inLanguage":"es-ES","publisher":{"@id":"https:\/\/cauceecologico.org\/#organization"}}]},"og:locale":"es_ES","og:site_name":"CAUCE - Cultura Ambiental - Causa Ecologista","og:type":"article","og:title":"Ley de humedales: la tercera no fue la vencida - CAUCE","og:description":"En estos dos \u00faltimos a\u00f1os en los que se renovaron las iniciativas legislativas por una ley nacional de presupuestos m\u00ednimos para la conservaci\u00f3n de los humedales, se multiplicaron las amenazas a estos valiosos ecosistemas y las afectaciones a la biodiversidad, comunidades y pueblos que los habitan y utilizan. El fuego, la agroindustria, la ganader\u00eda intensiva,","og:url":"https:\/\/cauceecologico.org\/?p=3421","article:published_time":"2022-01-26T15:15:10+00:00","article:modified_time":"2022-01-26T15:15:10+00:00","twitter:card":"summary_large_image","twitter:title":"Ley de humedales: la tercera no fue la vencida - CAUCE","twitter:description":"En estos dos \u00faltimos a\u00f1os en los que se renovaron las iniciativas legislativas por una ley nacional de presupuestos m\u00ednimos para la conservaci\u00f3n de los humedales, se multiplicaron las amenazas a estos valiosos ecosistemas y las afectaciones a la biodiversidad, comunidades y pueblos que los habitan y utilizan. El fuego, la agroindustria, la ganader\u00eda intensiva,"},"aioseo_meta_data":{"post_id":"3421","title":null,"description":null,"keywords":null,"keyphrases":null,"primary_term":null,"canonical_url":null,"og_title":null,"og_description":null,"og_object_type":"default","og_image_type":"default","og_image_url":null,"og_image_width":null,"og_image_height":null,"og_image_custom_url":null,"og_image_custom_fields":null,"og_video":null,"og_custom_url":null,"og_article_section":null,"og_article_tags":null,"twitter_use_og":false,"twitter_card":"default","twitter_image_type":"default","twitter_image_url":null,"twitter_image_custom_url":null,"twitter_image_custom_fields":null,"twitter_title":null,"twitter_description":null,"schema":{"blockGraphs":[],"customGraphs":[],"default":{"data":{"Article":[],"Course":[],"Dataset":[],"FAQPage":[],"Movie":[],"Person":[],"Product":[],"ProductReview":[],"Car":[],"Recipe":[],"Service":[],"SoftwareApplication":[],"WebPage":[]},"graphName":"","isEnabled":true},"graphs":[]},"schema_type":"default","schema_type_options":null,"pillar_content":false,"robots_default":true,"robots_noindex":false,"robots_noarchive":false,"robots_nosnippet":false,"robots_nofollow":false,"robots_noimageindex":false,"robots_noodp":false,"robots_notranslate":false,"robots_max_snippet":null,"robots_max_videopreview":null,"robots_max_imagepreview":"large","priority":null,"frequency":null,"local_seo":null,"limit_modified_date":false,"created":"2023-03-16 21:03:44","updated":"2026-07-28 01:36:11","ai":null,"breadcrumb_settings":null,"seo_analyzer_scan_date":null},"aioseo_breadcrumb":"<div class=\"aioseo-breadcrumbs\"><span class=\"aioseo-breadcrumb\">\n\t\t\t<a href=\"https:\/\/cauceecologico.org\" title=\"Home\">Home<\/a>\n\t\t<\/span><span class=\"aioseo-breadcrumb-separator\">&raquo;<\/span><span class=\"aioseo-breadcrumb\">\n\t\t\t<a href=\"https:\/\/cauceecologico.org\/?cat=5\" title=\"Noticias\">Noticias<\/a>\n\t\t<\/span><span class=\"aioseo-breadcrumb-separator\">&raquo;<\/span><span class=\"aioseo-breadcrumb\">\n\t\t\tLey de humedales: la tercera no fue la vencida\n\t\t<\/span><\/div>","aioseo_breadcrumb_json":[{"label":"Home","link":"https:\/\/cauceecologico.org"},{"label":"Noticias","link":"https:\/\/cauceecologico.org\/?cat=5"},{"label":"Ley de humedales: la tercera no fue la vencida","link":"https:\/\/cauceecologico.org\/?p=3421"}],"_links":{"self":[{"href":"https:\/\/cauceecologico.org\/index.php?rest_route=\/wp\/v2\/posts\/3421","targetHints":{"allow":["GET"]}}],"collection":[{"href":"https:\/\/cauceecologico.org\/index.php?rest_route=\/wp\/v2\/posts"}],"about":[{"href":"https:\/\/cauceecologico.org\/index.php?rest_route=\/wp\/v2\/types\/post"}],"author":[{"embeddable":true,"href":"https:\/\/cauceecologico.org\/index.php?rest_route=\/wp\/v2\/users\/2"}],"replies":[{"embeddable":true,"href":"https:\/\/cauceecologico.org\/index.php?rest_route=%2Fwp%2Fv2%2Fcomments&post=3421"}],"version-history":[{"count":1,"href":"https:\/\/cauceecologico.org\/index.php?rest_route=\/wp\/v2\/posts\/3421\/revisions"}],"predecessor-version":[{"id":3422,"href":"https:\/\/cauceecologico.org\/index.php?rest_route=\/wp\/v2\/posts\/3421\/revisions\/3422"}],"wp:featuredmedia":[{"embeddable":true,"href":"https:\/\/cauceecologico.org\/index.php?rest_route=\/wp\/v2\/media\/3048"}],"wp:attachment":[{"href":"https:\/\/cauceecologico.org\/index.php?rest_route=%2Fwp%2Fv2%2Fmedia&parent=3421"}],"wp:term":[{"taxonomy":"category","embeddable":true,"href":"https:\/\/cauceecologico.org\/index.php?rest_route=%2Fwp%2Fv2%2Fcategories&post=3421"},{"taxonomy":"post_tag","embeddable":true,"href":"https:\/\/cauceecologico.org\/index.php?rest_route=%2Fwp%2Fv2%2Ftags&post=3421"}],"curies":[{"name":"wp","href":"https:\/\/api.w.org\/{rel}","templated":true}]}}