{"id":3441,"date":"2022-02-01T20:59:55","date_gmt":"2022-02-01T20:59:55","guid":{"rendered":"https:\/\/cauceecologico.org\/?p=3441"},"modified":"2022-02-01T21:38:10","modified_gmt":"2022-02-01T21:38:10","slug":"visita-a-los-humedales","status":"publish","type":"post","link":"https:\/\/cauceecologico.org\/?p=3441","title":{"rendered":"Invitaci\u00f3n a recorrer los humedales"},"content":{"rendered":"<p>Con motivo de celebrarse el D\u00eda Mundial de los Humedales, los Cuidadores de la Casa Com\u00fan de Paran\u00e1 convocan para este mi\u00e9rcoles 2 de febrero a partir de las 17:30 horas en los miradores de Bajada Grande a realizar actividades para reflexionar cr\u00edticamente sobre las amenazas y riesgos que sufren estos ecosistemas fundamentales para la vida, y a la vez promover acciones para el cuidado de nuestros territorios de Agua.<\/p>\n<p>El evento se realiza en el marco de las actividades del Programa Provincial de Cultura del Agua y cuenta con el apoyo de la Secretar\u00eda de Ambiente de la provincia.<\/p>\n<p>El D\u00eda Mundial de los Humedales se celebra el 2 de febrero de cada a\u00f1o, y fue elegida en conmemoraci\u00f3n a la Convenci\u00f3n sobre los Humedales de Importancia Internacional, que se celebr\u00f3 por primera vez el 2 de febrero de 1971 en Ramsar, Ir\u00e1n.<\/p>\n<p>Los humedales son \u00e1reas que permanecen en condiciones de inundaci\u00f3n o con suelo saturado con agua durante per\u00edodos considerables de tiempo. Si bien este t\u00e9rmino engloba una amplia variedad de ecosistemas, todos los humedales comparten una propiedad primordial: el agua es el elemento clave que define sus caracter\u00edsticas f\u00edsicas, vegetales, animales y sus relaciones.<\/p>\n<p>&nbsp;<\/p>\n<p><strong>Las actividades: <\/strong><\/p>\n<p>18 hs: Senderismo por los Humedales del Oeste Turismo Comunitario.<\/p>\n<p>19 hs: Taller y juegos de infancias \u201cGuardianes del Agua\u201d<\/p>\n<p>20 hs: Comidas y show en vivo<\/p>\n\n\t\t<style type=\"text\/css\">\n\t\t\t#gallery-1 {\n\t\t\t\tmargin: auto;\n\t\t\t}\n\t\t\t#gallery-1 .gallery-item {\n\t\t\t\tfloat: left;\n\t\t\t\tmargin-top: 10px;\n\t\t\t\ttext-align: center;\n\t\t\t\twidth: 50%;\n\t\t\t}\n\t\t\t#gallery-1 img {\n\t\t\t\tborder: 2px solid #cfcfcf;\n\t\t\t}\n\t\t\t#gallery-1 .gallery-caption {\n\t\t\t\tmargin-left: 0;\n\t\t\t}\n\t\t\t\/* see gallery_shortcode() in wp-includes\/media.php *\/\n\t\t<\/style>\n\t\t<div id='gallery-1' class='gallery galleryid-3441 gallery-columns-2 gallery-size-large'><dl class='gallery-item'>\n\t\t\t<dt class='gallery-icon landscape'>\n\t\t\t\t<a href='https:\/\/cauceecologico.org\/?attachment_id=3447'><img loading=\"lazy\" decoding=\"async\" width=\"740\" height=\"740\" src=\"https:\/\/cauceecologico.org\/wp-content\/uploads\/2022\/02\/WhatsApp-Image-2022-01-29-at-13.25.38-1024x1024.jpeg\" class=\"attachment-large size-large\" alt=\"\" srcset=\"https:\/\/cauceecologico.org\/wp-content\/uploads\/2022\/02\/WhatsApp-Image-2022-01-29-at-13.25.38-1024x1024.jpeg 1024w, https:\/\/cauceecologico.org\/wp-content\/uploads\/2022\/02\/WhatsApp-Image-2022-01-29-at-13.25.38-300x300.jpeg 300w, https:\/\/cauceecologico.org\/wp-content\/uploads\/2022\/02\/WhatsApp-Image-2022-01-29-at-13.25.38-150x150.jpeg 150w, https:\/\/cauceecologico.org\/wp-content\/uploads\/2022\/02\/WhatsApp-Image-2022-01-29-at-13.25.38-768x768.jpeg 768w, https:\/\/cauceecologico.org\/wp-content\/uploads\/2022\/02\/WhatsApp-Image-2022-01-29-at-13.25.38-80x80.jpeg 80w, https:\/\/cauceecologico.org\/wp-content\/uploads\/2022\/02\/WhatsApp-Image-2022-01-29-at-13.25.38.jpeg 1080w\" sizes=\"auto, (max-width: 740px) 100vw, 740px\" \/><\/a>\n\t\t\t<\/dt><\/dl><dl class='gallery-item'>\n\t\t\t<dt class='gallery-icon landscape'>\n\t\t\t\t<a href='https:\/\/cauceecologico.org\/?attachment_id=3445'><img loading=\"lazy\" decoding=\"async\" width=\"740\" height=\"740\" src=\"https:\/\/cauceecologico.org\/wp-content\/uploads\/2022\/02\/WhatsApp-Image-2022-01-29-at-13.25.42-1024x1024.jpeg\" class=\"attachment-large size-large\" alt=\"\" srcset=\"https:\/\/cauceecologico.org\/wp-content\/uploads\/2022\/02\/WhatsApp-Image-2022-01-29-at-13.25.42-1024x1024.jpeg 1024w, https:\/\/cauceecologico.org\/wp-content\/uploads\/2022\/02\/WhatsApp-Image-2022-01-29-at-13.25.42-300x300.jpeg 300w, https:\/\/cauceecologico.org\/wp-content\/uploads\/2022\/02\/WhatsApp-Image-2022-01-29-at-13.25.42-150x150.jpeg 150w, https:\/\/cauceecologico.org\/wp-content\/uploads\/2022\/02\/WhatsApp-Image-2022-01-29-at-13.25.42-768x768.jpeg 768w, https:\/\/cauceecologico.org\/wp-content\/uploads\/2022\/02\/WhatsApp-Image-2022-01-29-at-13.25.42-80x80.jpeg 80w, https:\/\/cauceecologico.org\/wp-content\/uploads\/2022\/02\/WhatsApp-Image-2022-01-29-at-13.25.42.jpeg 1080w\" sizes=\"auto, (max-width: 740px) 100vw, 740px\" \/><\/a>\n\t\t\t<\/dt><\/dl><br style=\"clear: both\" \/>\n\t\t<\/div>\n\n<p><strong>Cuidadores de la Casa Com\u00fan<\/strong> nace en Argentina a finales de 2015 en respuesta a la Carta Enc\u00edclica Laudato si del Papa Francisco. Es una red de organizaciones sociales y comunitarias con el objetivo de generar nuevas condiciones de integraci\u00f3n para j\u00f3venes en situaci\u00f3n de vulnerabilidad a trav\u00e9s de la formaci\u00f3n y la generaci\u00f3n de oportunidades de trabajo digno en actividades vinculadas al cuidado de la Casa Com\u00fan. Entre otras, turismo comunitario, producci\u00f3n de alimentos saludables, trabajo con la tierra, reciclado, promoci\u00f3n ambiental, generaci\u00f3n de energ\u00edas limpias.<\/p>\n<p>&nbsp;<\/p>\n<p><strong>PROGRAMA PROVINCIAL CULTURA DEL AGUA<\/strong><\/p>\n<p>El Programa Provincial Cultura del Agua, es impulsado desde mayo de 2021 por la Vice gobernaci\u00f3n de Entre R\u00edos, en alianza con el Museo de Ciencias Naturales Antonio Serrano, Cuidadores de la Casa Com\u00fan y la Fundaci\u00f3n Eco Urbano. Cuenta con el apoyo del Consejo Federal de Inversiones (CFI) para la coordinaci\u00f3n y gesti\u00f3n de las actividades educativas y comunicacionales, con el objetivo de promover la cultura del agua como estrategia de cuidado y preservaci\u00f3n de nuestra casa com\u00fan, la vida y la identidad de las y los entrerrianos, instal\u00e1ndose en la agenda p\u00fablica en el contexto del cambio clim\u00e1tico.<\/p>\n<p>&nbsp;<\/p>\n","protected":false},"excerpt":{"rendered":"<p>Con motivo de celebrarse el D\u00eda Mundial de los Humedales, los Cuidadores de la Casa Com\u00fan de Paran\u00e1 convocan para este mi\u00e9rcoles 2 de febrero a partir de las 17:30 horas en los miradores de Bajada Grande a realizar actividades para reflexionar cr\u00edticamente sobre las amenazas y riesgos que sufren estos ecosistemas fundamentales para la [&hellip;]<\/p>\n","protected":false},"author":2,"featured_media":3279,"comment_status":"open","ping_status":"open","sticky":false,"template":"","format":"standard","meta":{"om_disable_all_campaigns":false,"_monsterinsights_skip_tracking":false,"amp_status":"","footnotes":""},"categories":[276,5],"tags":[],"class_list":["post-3441","post","type-post","status-publish","format-standard","has-post-thumbnail","hentry","category-delta","category-noticias"],"aioseo_notices":[],"aioseo_head":"\n\t\t<!-- All in One SEO 4.9.10 - aioseo.com -->\n\t<meta name=\"description\" content=\"Con motivo de celebrarse el D\u00eda Mundial de los Humedales, los Cuidadores de la Casa Com\u00fan de Paran\u00e1 convocan para este mi\u00e9rcoles 2 de febrero a partir de las 17:30 horas en los miradores de Bajada Grande a realizar actividades para reflexionar cr\u00edticamente sobre las amenazas y riesgos que sufren estos ecosistemas fundamentales para la\" \/>\n\t<meta name=\"robots\" content=\"max-image-preview:large\" \/>\n\t<meta name=\"author\" content=\"Ana Lucia Vergara\"\/>\n\t<link rel=\"canonical\" href=\"https:\/\/cauceecologico.org\/?p=3441\" \/>\n\t<meta name=\"generator\" content=\"All in One SEO (AIOSEO) 4.9.10\" \/>\n\t\t<meta property=\"og:locale\" content=\"es_ES\" \/>\n\t\t<meta property=\"og:site_name\" content=\"CAUCE - Cultura Ambiental - Causa Ecologista\" \/>\n\t\t<meta property=\"og:type\" content=\"article\" \/>\n\t\t<meta property=\"og:title\" content=\"Invitaci\u00f3n a recorrer los humedales - CAUCE\" \/>\n\t\t<meta property=\"og:description\" content=\"Con motivo de celebrarse el D\u00eda Mundial de los Humedales, los Cuidadores de la Casa Com\u00fan de Paran\u00e1 convocan para este mi\u00e9rcoles 2 de febrero a partir de las 17:30 horas en los miradores de Bajada Grande a realizar actividades para reflexionar cr\u00edticamente sobre las amenazas y riesgos que sufren estos ecosistemas fundamentales para la\" \/>\n\t\t<meta property=\"og:url\" content=\"https:\/\/cauceecologico.org\/?p=3441\" \/>\n\t\t<meta property=\"article:published_time\" content=\"2022-02-01T20:59:55+00:00\" \/>\n\t\t<meta property=\"article:modified_time\" content=\"2022-02-01T21:38:10+00:00\" \/>\n\t\t<meta name=\"twitter:card\" content=\"summary_large_image\" \/>\n\t\t<meta name=\"twitter:title\" content=\"Invitaci\u00f3n a recorrer los humedales - CAUCE\" \/>\n\t\t<meta name=\"twitter:description\" content=\"Con motivo de celebrarse el D\u00eda Mundial de los Humedales, los Cuidadores de la Casa Com\u00fan de Paran\u00e1 convocan para este mi\u00e9rcoles 2 de febrero a partir de las 17:30 horas en los miradores de Bajada Grande a realizar actividades para reflexionar cr\u00edticamente sobre las amenazas y riesgos que sufren estos ecosistemas fundamentales para la\" \/>\n\t\t<script type=\"application\/ld+json\" class=\"aioseo-schema\">\n\t\t\t{\"@context\":\"https:\\\/\\\/schema.org\",\"@graph\":[{\"@type\":\"BlogPosting\",\"@id\":\"https:\\\/\\\/cauceecologico.org\\\/?p=3441#blogposting\",\"name\":\"Invitaci\\u00f3n a recorrer los humedales - CAUCE\",\"headline\":\"Invitaci\\u00f3n a recorrer los humedales\",\"author\":{\"@id\":\"https:\\\/\\\/cauceecologico.org\\\/?author=2#author\"},\"publisher\":{\"@id\":\"https:\\\/\\\/cauceecologico.org\\\/#organization\"},\"image\":{\"@type\":\"ImageObject\",\"url\":\"https:\\\/\\\/cauceecologico.org\\\/wp-content\\\/uploads\\\/2021\\\/12\\\/20210918172333_IMG_3700-1.jpg\",\"width\":1920,\"height\":1280},\"datePublished\":\"2022-02-01T20:59:55+00:00\",\"dateModified\":\"2022-02-01T21:38:10+00:00\",\"inLanguage\":\"es-ES\",\"mainEntityOfPage\":{\"@id\":\"https:\\\/\\\/cauceecologico.org\\\/?p=3441#webpage\"},\"isPartOf\":{\"@id\":\"https:\\\/\\\/cauceecologico.org\\\/?p=3441#webpage\"},\"articleSection\":\"Delta, Noticias\"},{\"@type\":\"BreadcrumbList\",\"@id\":\"https:\\\/\\\/cauceecologico.org\\\/?p=3441#breadcrumblist\",\"itemListElement\":[{\"@type\":\"ListItem\",\"@id\":\"https:\\\/\\\/cauceecologico.org#listItem\",\"position\":1,\"name\":\"Home\",\"item\":\"https:\\\/\\\/cauceecologico.org\",\"nextItem\":{\"@type\":\"ListItem\",\"@id\":\"https:\\\/\\\/cauceecologico.org\\\/?cat=5#listItem\",\"name\":\"Noticias\"}},{\"@type\":\"ListItem\",\"@id\":\"https:\\\/\\\/cauceecologico.org\\\/?cat=5#listItem\",\"position\":2,\"name\":\"Noticias\",\"item\":\"https:\\\/\\\/cauceecologico.org\\\/?cat=5\",\"nextItem\":{\"@type\":\"ListItem\",\"@id\":\"https:\\\/\\\/cauceecologico.org\\\/?p=3441#listItem\",\"name\":\"Invitaci\\u00f3n a recorrer los humedales\"},\"previousItem\":{\"@type\":\"ListItem\",\"@id\":\"https:\\\/\\\/cauceecologico.org#listItem\",\"name\":\"Home\"}},{\"@type\":\"ListItem\",\"@id\":\"https:\\\/\\\/cauceecologico.org\\\/?p=3441#listItem\",\"position\":3,\"name\":\"Invitaci\\u00f3n a recorrer los humedales\",\"previousItem\":{\"@type\":\"ListItem\",\"@id\":\"https:\\\/\\\/cauceecologico.org\\\/?cat=5#listItem\",\"name\":\"Noticias\"}}]},{\"@type\":\"Organization\",\"@id\":\"https:\\\/\\\/cauceecologico.org\\\/#organization\",\"name\":\"CAUCE\",\"description\":\"Cultura Ambiental - Causa Ecologista\",\"url\":\"https:\\\/\\\/cauceecologico.org\\\/\"},{\"@type\":\"Person\",\"@id\":\"https:\\\/\\\/cauceecologico.org\\\/?author=2#author\",\"url\":\"https:\\\/\\\/cauceecologico.org\\\/?author=2\",\"name\":\"Ana Lucia Vergara\",\"image\":{\"@type\":\"ImageObject\",\"@id\":\"https:\\\/\\\/cauceecologico.org\\\/?p=3441#authorImage\",\"url\":\"https:\\\/\\\/secure.gravatar.com\\\/avatar\\\/e8720df08f5c466573fb9f3d6cec14bcac9a305e2049123e58e6bc9c03f3a77b?s=96&d=mm&r=g\",\"width\":96,\"height\":96,\"caption\":\"Ana Lucia Vergara\"}},{\"@type\":\"WebPage\",\"@id\":\"https:\\\/\\\/cauceecologico.org\\\/?p=3441#webpage\",\"url\":\"https:\\\/\\\/cauceecologico.org\\\/?p=3441\",\"name\":\"Invitaci\\u00f3n a recorrer los humedales - CAUCE\",\"description\":\"Con motivo de celebrarse el D\\u00eda Mundial de los Humedales, los Cuidadores de la Casa Com\\u00fan de Paran\\u00e1 convocan para este mi\\u00e9rcoles 2 de febrero a partir de las 17:30 horas en los miradores de Bajada Grande a realizar actividades para reflexionar cr\\u00edticamente sobre las amenazas y riesgos que sufren estos ecosistemas fundamentales para la\",\"inLanguage\":\"es-ES\",\"isPartOf\":{\"@id\":\"https:\\\/\\\/cauceecologico.org\\\/#website\"},\"breadcrumb\":{\"@id\":\"https:\\\/\\\/cauceecologico.org\\\/?p=3441#breadcrumblist\"},\"author\":{\"@id\":\"https:\\\/\\\/cauceecologico.org\\\/?author=2#author\"},\"creator\":{\"@id\":\"https:\\\/\\\/cauceecologico.org\\\/?author=2#author\"},\"image\":{\"@type\":\"ImageObject\",\"url\":\"https:\\\/\\\/cauceecologico.org\\\/wp-content\\\/uploads\\\/2021\\\/12\\\/20210918172333_IMG_3700-1.jpg\",\"@id\":\"https:\\\/\\\/cauceecologico.org\\\/?p=3441\\\/#mainImage\",\"width\":1920,\"height\":1280},\"primaryImageOfPage\":{\"@id\":\"https:\\\/\\\/cauceecologico.org\\\/?p=3441#mainImage\"},\"datePublished\":\"2022-02-01T20:59:55+00:00\",\"dateModified\":\"2022-02-01T21:38:10+00:00\"},{\"@type\":\"WebSite\",\"@id\":\"https:\\\/\\\/cauceecologico.org\\\/#website\",\"url\":\"https:\\\/\\\/cauceecologico.org\\\/\",\"name\":\"CAUCE\",\"description\":\"Cultura Ambiental - Causa Ecologista\",\"inLanguage\":\"es-ES\",\"publisher\":{\"@id\":\"https:\\\/\\\/cauceecologico.org\\\/#organization\"}}]}\n\t\t<\/script>\n\t\t<!-- All in One SEO -->\n\n","aioseo_head_json":{"title":"Invitaci\u00f3n a recorrer los humedales - CAUCE","description":"Con motivo de celebrarse el D\u00eda Mundial de los Humedales, los Cuidadores de la Casa Com\u00fan de Paran\u00e1 convocan para este mi\u00e9rcoles 2 de febrero a partir de las 17:30 horas en los miradores de Bajada Grande a realizar actividades para reflexionar cr\u00edticamente sobre las amenazas y riesgos que sufren estos ecosistemas fundamentales para la","canonical_url":"https:\/\/cauceecologico.org\/?p=3441","robots":"max-image-preview:large","keywords":"","webmasterTools":{"miscellaneous":""},"schema":{"@context":"https:\/\/schema.org","@graph":[{"@type":"BlogPosting","@id":"https:\/\/cauceecologico.org\/?p=3441#blogposting","name":"Invitaci\u00f3n a recorrer los humedales - CAUCE","headline":"Invitaci\u00f3n a recorrer los humedales","author":{"@id":"https:\/\/cauceecologico.org\/?author=2#author"},"publisher":{"@id":"https:\/\/cauceecologico.org\/#organization"},"image":{"@type":"ImageObject","url":"https:\/\/cauceecologico.org\/wp-content\/uploads\/2021\/12\/20210918172333_IMG_3700-1.jpg","width":1920,"height":1280},"datePublished":"2022-02-01T20:59:55+00:00","dateModified":"2022-02-01T21:38:10+00:00","inLanguage":"es-ES","mainEntityOfPage":{"@id":"https:\/\/cauceecologico.org\/?p=3441#webpage"},"isPartOf":{"@id":"https:\/\/cauceecologico.org\/?p=3441#webpage"},"articleSection":"Delta, Noticias"},{"@type":"BreadcrumbList","@id":"https:\/\/cauceecologico.org\/?p=3441#breadcrumblist","itemListElement":[{"@type":"ListItem","@id":"https:\/\/cauceecologico.org#listItem","position":1,"name":"Home","item":"https:\/\/cauceecologico.org","nextItem":{"@type":"ListItem","@id":"https:\/\/cauceecologico.org\/?cat=5#listItem","name":"Noticias"}},{"@type":"ListItem","@id":"https:\/\/cauceecologico.org\/?cat=5#listItem","position":2,"name":"Noticias","item":"https:\/\/cauceecologico.org\/?cat=5","nextItem":{"@type":"ListItem","@id":"https:\/\/cauceecologico.org\/?p=3441#listItem","name":"Invitaci\u00f3n a recorrer los humedales"},"previousItem":{"@type":"ListItem","@id":"https:\/\/cauceecologico.org#listItem","name":"Home"}},{"@type":"ListItem","@id":"https:\/\/cauceecologico.org\/?p=3441#listItem","position":3,"name":"Invitaci\u00f3n a recorrer los humedales","previousItem":{"@type":"ListItem","@id":"https:\/\/cauceecologico.org\/?cat=5#listItem","name":"Noticias"}}]},{"@type":"Organization","@id":"https:\/\/cauceecologico.org\/#organization","name":"CAUCE","description":"Cultura Ambiental - Causa Ecologista","url":"https:\/\/cauceecologico.org\/"},{"@type":"Person","@id":"https:\/\/cauceecologico.org\/?author=2#author","url":"https:\/\/cauceecologico.org\/?author=2","name":"Ana Lucia Vergara","image":{"@type":"ImageObject","@id":"https:\/\/cauceecologico.org\/?p=3441#authorImage","url":"https:\/\/secure.gravatar.com\/avatar\/e8720df08f5c466573fb9f3d6cec14bcac9a305e2049123e58e6bc9c03f3a77b?s=96&d=mm&r=g","width":96,"height":96,"caption":"Ana Lucia Vergara"}},{"@type":"WebPage","@id":"https:\/\/cauceecologico.org\/?p=3441#webpage","url":"https:\/\/cauceecologico.org\/?p=3441","name":"Invitaci\u00f3n a recorrer los humedales - CAUCE","description":"Con motivo de celebrarse el D\u00eda Mundial de los Humedales, los Cuidadores de la Casa Com\u00fan de Paran\u00e1 convocan para este mi\u00e9rcoles 2 de febrero a partir de las 17:30 horas en los miradores de Bajada Grande a realizar actividades para reflexionar cr\u00edticamente sobre las amenazas y riesgos que sufren estos ecosistemas fundamentales para la","inLanguage":"es-ES","isPartOf":{"@id":"https:\/\/cauceecologico.org\/#website"},"breadcrumb":{"@id":"https:\/\/cauceecologico.org\/?p=3441#breadcrumblist"},"author":{"@id":"https:\/\/cauceecologico.org\/?author=2#author"},"creator":{"@id":"https:\/\/cauceecologico.org\/?author=2#author"},"image":{"@type":"ImageObject","url":"https:\/\/cauceecologico.org\/wp-content\/uploads\/2021\/12\/20210918172333_IMG_3700-1.jpg","@id":"https:\/\/cauceecologico.org\/?p=3441\/#mainImage","width":1920,"height":1280},"primaryImageOfPage":{"@id":"https:\/\/cauceecologico.org\/?p=3441#mainImage"},"datePublished":"2022-02-01T20:59:55+00:00","dateModified":"2022-02-01T21:38:10+00:00"},{"@type":"WebSite","@id":"https:\/\/cauceecologico.org\/#website","url":"https:\/\/cauceecologico.org\/","name":"CAUCE","description":"Cultura Ambiental - Causa Ecologista","inLanguage":"es-ES","publisher":{"@id":"https:\/\/cauceecologico.org\/#organization"}}]},"og:locale":"es_ES","og:site_name":"CAUCE - Cultura Ambiental - Causa Ecologista","og:type":"article","og:title":"Invitaci\u00f3n a recorrer los humedales - CAUCE","og:description":"Con motivo de celebrarse el D\u00eda Mundial de los Humedales, los Cuidadores de la Casa Com\u00fan de Paran\u00e1 convocan para este mi\u00e9rcoles 2 de febrero a partir de las 17:30 horas en los miradores de Bajada Grande a realizar actividades para reflexionar cr\u00edticamente sobre las amenazas y riesgos que sufren estos ecosistemas fundamentales para la","og:url":"https:\/\/cauceecologico.org\/?p=3441","article:published_time":"2022-02-01T20:59:55+00:00","article:modified_time":"2022-02-01T21:38:10+00:00","twitter:card":"summary_large_image","twitter:title":"Invitaci\u00f3n a recorrer los humedales - CAUCE","twitter:description":"Con motivo de celebrarse el D\u00eda Mundial de los Humedales, los Cuidadores de la Casa Com\u00fan de Paran\u00e1 convocan para este mi\u00e9rcoles 2 de febrero a partir de las 17:30 horas en los miradores de Bajada Grande a realizar actividades para reflexionar cr\u00edticamente sobre las amenazas y riesgos que sufren estos ecosistemas fundamentales para la"},"aioseo_meta_data":{"post_id":"3441","title":null,"description":null,"keywords":null,"keyphrases":null,"primary_term":null,"canonical_url":null,"og_title":null,"og_description":null,"og_object_type":"default","og_image_type":"default","og_image_url":null,"og_image_width":null,"og_image_height":null,"og_image_custom_url":null,"og_image_custom_fields":null,"og_video":null,"og_custom_url":null,"og_article_section":null,"og_article_tags":null,"twitter_use_og":false,"twitter_card":"default","twitter_image_type":"default","twitter_image_url":null,"twitter_image_custom_url":null,"twitter_image_custom_fields":null,"twitter_title":null,"twitter_description":null,"schema":{"blockGraphs":[],"customGraphs":[],"default":{"data":{"Article":[],"Course":[],"Dataset":[],"FAQPage":[],"Movie":[],"Person":[],"Product":[],"ProductReview":[],"Car":[],"Recipe":[],"Service":[],"SoftwareApplication":[],"WebPage":[]},"graphName":"","isEnabled":true},"graphs":[]},"schema_type":"default","schema_type_options":null,"pillar_content":false,"robots_default":true,"robots_noindex":false,"robots_noarchive":false,"robots_nosnippet":false,"robots_nofollow":false,"robots_noimageindex":false,"robots_noodp":false,"robots_notranslate":false,"robots_max_snippet":null,"robots_max_videopreview":null,"robots_max_imagepreview":"large","priority":null,"frequency":null,"local_seo":null,"limit_modified_date":false,"created":"2023-03-16 21:03:44","updated":"2026-07-28 01:36:11","ai":null,"breadcrumb_settings":null,"seo_analyzer_scan_date":null},"aioseo_breadcrumb":"<div class=\"aioseo-breadcrumbs\"><span class=\"aioseo-breadcrumb\">\n\t\t\t<a href=\"https:\/\/cauceecologico.org\" title=\"Home\">Home<\/a>\n\t\t<\/span><span class=\"aioseo-breadcrumb-separator\">&raquo;<\/span><span class=\"aioseo-breadcrumb\">\n\t\t\t<a href=\"https:\/\/cauceecologico.org\/?cat=5\" title=\"Noticias\">Noticias<\/a>\n\t\t<\/span><span class=\"aioseo-breadcrumb-separator\">&raquo;<\/span><span class=\"aioseo-breadcrumb\">\n\t\t\tInvitaci\u00f3n a recorrer los humedales\n\t\t<\/span><\/div>","aioseo_breadcrumb_json":[{"label":"Home","link":"https:\/\/cauceecologico.org"},{"label":"Noticias","link":"https:\/\/cauceecologico.org\/?cat=5"},{"label":"Invitaci\u00f3n a recorrer los humedales","link":"https:\/\/cauceecologico.org\/?p=3441"}],"_links":{"self":[{"href":"https:\/\/cauceecologico.org\/index.php?rest_route=\/wp\/v2\/posts\/3441","targetHints":{"allow":["GET"]}}],"collection":[{"href":"https:\/\/cauceecologico.org\/index.php?rest_route=\/wp\/v2\/posts"}],"about":[{"href":"https:\/\/cauceecologico.org\/index.php?rest_route=\/wp\/v2\/types\/post"}],"author":[{"embeddable":true,"href":"https:\/\/cauceecologico.org\/index.php?rest_route=\/wp\/v2\/users\/2"}],"replies":[{"embeddable":true,"href":"https:\/\/cauceecologico.org\/index.php?rest_route=%2Fwp%2Fv2%2Fcomments&post=3441"}],"version-history":[{"count":5,"href":"https:\/\/cauceecologico.org\/index.php?rest_route=\/wp\/v2\/posts\/3441\/revisions"}],"predecessor-version":[{"id":3450,"href":"https:\/\/cauceecologico.org\/index.php?rest_route=\/wp\/v2\/posts\/3441\/revisions\/3450"}],"wp:featuredmedia":[{"embeddable":true,"href":"https:\/\/cauceecologico.org\/index.php?rest_route=\/wp\/v2\/media\/3279"}],"wp:attachment":[{"href":"https:\/\/cauceecologico.org\/index.php?rest_route=%2Fwp%2Fv2%2Fmedia&parent=3441"}],"wp:term":[{"taxonomy":"category","embeddable":true,"href":"https:\/\/cauceecologico.org\/index.php?rest_route=%2Fwp%2Fv2%2Fcategories&post=3441"},{"taxonomy":"post_tag","embeddable":true,"href":"https:\/\/cauceecologico.org\/index.php?rest_route=%2Fwp%2Fv2%2Ftags&post=3441"}],"curies":[{"name":"wp","href":"https:\/\/api.w.org\/{rel}","templated":true}]}}