{"id":3515,"date":"2022-03-02T12:18:34","date_gmt":"2022-03-02T12:18:34","guid":{"rendered":"https:\/\/cauceecologico.org\/?p=3515"},"modified":"2022-03-02T12:34:22","modified_gmt":"2022-03-02T12:34:22","slug":"solicitud-de-informacion-sobre-el-fondo-de-modernizacion-portuaria","status":"publish","type":"post","link":"https:\/\/cauceecologico.org\/?p=3515","title":{"rendered":"Solicitud de informaci\u00f3n sobre el Fondo de Modernizaci\u00f3n Portuaria"},"content":{"rendered":"<p>Fundaci\u00f3n CAUCE: Cultura Ambiental &#8211; Causa Ecologista solicit\u00f3 informaci\u00f3n p\u00fablica ambiental al Instituto Portuario de Entre R\u00edos para conocer la composici\u00f3n y los recursos asignados al Fondo afectado a la modernizaci\u00f3n portuaria, establecido en el art. 51 de la ley provincial 9750. La solicitud, presentada el 25 de febrero, se enmarca en las acciones de monitoreo que realizamos de obras y proyectos que pueden ocasionar diversos impactos socio-ambientales en la regi\u00f3n.<\/p>\n<p>En la misma tambi\u00e9n se requiri\u00f3 estudios y evaluaciones de impacto ambiental que refieran a instalaciones portuarias existentes o que se prevean crear, durante el per\u00edodo 2017-2021.<\/p>\n<p>&nbsp;<\/p>\n<p>Material relacionado:<\/p>\n<p><strong><span style=\"color: #3366ff;\"><a style=\"color: #3366ff;\" href=\"https:\/\/cauceecologico.org\/?p=2545\">&#x1f517;Documento sobre actividad portuaria en Entre R\u00edos<\/a><\/span><\/strong><\/p>\n<p style=\"text-align: right;\">02\/03\/22<\/p>\n<p>&nbsp;<\/p>\n<p>&nbsp;<\/p>\n<p>&nbsp;<\/p>\n","protected":false},"excerpt":{"rendered":"<p>Fundaci\u00f3n CAUCE: Cultura Ambiental &#8211; Causa Ecologista solicit\u00f3 informaci\u00f3n p\u00fablica ambiental al Instituto Portuario de Entre R\u00edos para conocer la composici\u00f3n y los recursos asignados al Fondo afectado a la modernizaci\u00f3n portuaria, establecido en el art. 51 de la ley provincial 9750. La solicitud, presentada el 25 de febrero, se enmarca en las acciones de [&hellip;]<\/p>\n","protected":false},"author":2,"featured_media":3516,"comment_status":"open","ping_status":"open","sticky":false,"template":"","format":"standard","meta":{"om_disable_all_campaigns":false,"_monsterinsights_skip_tracking":false,"amp_status":"","footnotes":""},"categories":[275,111,5,112],"tags":[],"class_list":["post-3515","post","type-post","status-publish","format-standard","has-post-thumbnail","hentry","category-hidrovia-parana-paraguay-hpp","category-info-publica","category-noticias","category-rios-libres"],"aioseo_notices":[],"aioseo_head":"\n\t\t<!-- All in One SEO 4.9.10 - aioseo.com -->\n\t<meta name=\"description\" content=\"Fundaci\u00f3n CAUCE: Cultura Ambiental - Causa Ecologista solicit\u00f3 informaci\u00f3n p\u00fablica ambiental al Instituto Portuario de Entre R\u00edos para conocer la composici\u00f3n y los recursos asignados al Fondo afectado a la modernizaci\u00f3n portuaria, establecido en el art. 51 de la ley provincial 9750. La solicitud, presentada el 25 de febrero, se enmarca en las acciones de\" \/>\n\t<meta name=\"robots\" content=\"max-image-preview:large\" \/>\n\t<meta name=\"author\" content=\"Ana Lucia Vergara\"\/>\n\t<link rel=\"canonical\" href=\"https:\/\/cauceecologico.org\/?p=3515\" \/>\n\t<meta name=\"generator\" content=\"All in One SEO (AIOSEO) 4.9.10\" \/>\n\t\t<meta property=\"og:locale\" content=\"es_ES\" \/>\n\t\t<meta property=\"og:site_name\" content=\"CAUCE - Cultura Ambiental - Causa Ecologista\" \/>\n\t\t<meta property=\"og:type\" content=\"article\" \/>\n\t\t<meta property=\"og:title\" content=\"Solicitud de informaci\u00f3n sobre el Fondo de Modernizaci\u00f3n Portuaria - CAUCE\" \/>\n\t\t<meta property=\"og:description\" content=\"Fundaci\u00f3n CAUCE: Cultura Ambiental - Causa Ecologista solicit\u00f3 informaci\u00f3n p\u00fablica ambiental al Instituto Portuario de Entre R\u00edos para conocer la composici\u00f3n y los recursos asignados al Fondo afectado a la modernizaci\u00f3n portuaria, establecido en el art. 51 de la ley provincial 9750. La solicitud, presentada el 25 de febrero, se enmarca en las acciones de\" \/>\n\t\t<meta property=\"og:url\" content=\"https:\/\/cauceecologico.org\/?p=3515\" \/>\n\t\t<meta property=\"article:published_time\" content=\"2022-03-02T12:18:34+00:00\" \/>\n\t\t<meta property=\"article:modified_time\" content=\"2022-03-02T12:34:22+00:00\" \/>\n\t\t<meta name=\"twitter:card\" content=\"summary_large_image\" \/>\n\t\t<meta name=\"twitter:title\" content=\"Solicitud de informaci\u00f3n sobre el Fondo de Modernizaci\u00f3n Portuaria - CAUCE\" \/>\n\t\t<meta name=\"twitter:description\" content=\"Fundaci\u00f3n CAUCE: Cultura Ambiental - Causa Ecologista solicit\u00f3 informaci\u00f3n p\u00fablica ambiental al Instituto Portuario de Entre R\u00edos para conocer la composici\u00f3n y los recursos asignados al Fondo afectado a la modernizaci\u00f3n portuaria, establecido en el art. 51 de la ley provincial 9750. La solicitud, presentada el 25 de febrero, se enmarca en las acciones de\" \/>\n\t\t<script type=\"application\/ld+json\" class=\"aioseo-schema\">\n\t\t\t{\"@context\":\"https:\\\/\\\/schema.org\",\"@graph\":[{\"@type\":\"BlogPosting\",\"@id\":\"https:\\\/\\\/cauceecologico.org\\\/?p=3515#blogposting\",\"name\":\"Solicitud de informaci\\u00f3n sobre el Fondo de Modernizaci\\u00f3n Portuaria - CAUCE\",\"headline\":\"Solicitud de informaci\\u00f3n sobre el Fondo de Modernizaci\\u00f3n Portuaria\",\"author\":{\"@id\":\"https:\\\/\\\/cauceecologico.org\\\/?author=2#author\"},\"publisher\":{\"@id\":\"https:\\\/\\\/cauceecologico.org\\\/#organization\"},\"image\":{\"@type\":\"ImageObject\",\"url\":\"https:\\\/\\\/cauceecologico.org\\\/wp-content\\\/uploads\\\/2022\\\/03\\\/339128_buque_puerto_diamante4.jpg\",\"width\":1024,\"height\":680},\"datePublished\":\"2022-03-02T12:18:34+00:00\",\"dateModified\":\"2022-03-02T12:34:22+00:00\",\"inLanguage\":\"es-ES\",\"mainEntityOfPage\":{\"@id\":\"https:\\\/\\\/cauceecologico.org\\\/?p=3515#webpage\"},\"isPartOf\":{\"@id\":\"https:\\\/\\\/cauceecologico.org\\\/?p=3515#webpage\"},\"articleSection\":\"Hidrov\\u00eda Paran\\u00e1-Paraguay (HPP), informaci\\u00f3n p\\u00fablica, Noticias, R\\u00edos libres\"},{\"@type\":\"BreadcrumbList\",\"@id\":\"https:\\\/\\\/cauceecologico.org\\\/?p=3515#breadcrumblist\",\"itemListElement\":[{\"@type\":\"ListItem\",\"@id\":\"https:\\\/\\\/cauceecologico.org#listItem\",\"position\":1,\"name\":\"Home\",\"item\":\"https:\\\/\\\/cauceecologico.org\",\"nextItem\":{\"@type\":\"ListItem\",\"@id\":\"https:\\\/\\\/cauceecologico.org\\\/?cat=5#listItem\",\"name\":\"Noticias\"}},{\"@type\":\"ListItem\",\"@id\":\"https:\\\/\\\/cauceecologico.org\\\/?cat=5#listItem\",\"position\":2,\"name\":\"Noticias\",\"item\":\"https:\\\/\\\/cauceecologico.org\\\/?cat=5\",\"nextItem\":{\"@type\":\"ListItem\",\"@id\":\"https:\\\/\\\/cauceecologico.org\\\/?p=3515#listItem\",\"name\":\"Solicitud de informaci\\u00f3n sobre el Fondo de Modernizaci\\u00f3n Portuaria\"},\"previousItem\":{\"@type\":\"ListItem\",\"@id\":\"https:\\\/\\\/cauceecologico.org#listItem\",\"name\":\"Home\"}},{\"@type\":\"ListItem\",\"@id\":\"https:\\\/\\\/cauceecologico.org\\\/?p=3515#listItem\",\"position\":3,\"name\":\"Solicitud de informaci\\u00f3n sobre el Fondo de Modernizaci\\u00f3n Portuaria\",\"previousItem\":{\"@type\":\"ListItem\",\"@id\":\"https:\\\/\\\/cauceecologico.org\\\/?cat=5#listItem\",\"name\":\"Noticias\"}}]},{\"@type\":\"Organization\",\"@id\":\"https:\\\/\\\/cauceecologico.org\\\/#organization\",\"name\":\"CAUCE\",\"description\":\"Cultura Ambiental - Causa Ecologista\",\"url\":\"https:\\\/\\\/cauceecologico.org\\\/\"},{\"@type\":\"Person\",\"@id\":\"https:\\\/\\\/cauceecologico.org\\\/?author=2#author\",\"url\":\"https:\\\/\\\/cauceecologico.org\\\/?author=2\",\"name\":\"Ana Lucia Vergara\",\"image\":{\"@type\":\"ImageObject\",\"@id\":\"https:\\\/\\\/cauceecologico.org\\\/?p=3515#authorImage\",\"url\":\"https:\\\/\\\/secure.gravatar.com\\\/avatar\\\/e8720df08f5c466573fb9f3d6cec14bcac9a305e2049123e58e6bc9c03f3a77b?s=96&d=mm&r=g\",\"width\":96,\"height\":96,\"caption\":\"Ana Lucia Vergara\"}},{\"@type\":\"WebPage\",\"@id\":\"https:\\\/\\\/cauceecologico.org\\\/?p=3515#webpage\",\"url\":\"https:\\\/\\\/cauceecologico.org\\\/?p=3515\",\"name\":\"Solicitud de informaci\\u00f3n sobre el Fondo de Modernizaci\\u00f3n Portuaria - CAUCE\",\"description\":\"Fundaci\\u00f3n CAUCE: Cultura Ambiental - Causa Ecologista solicit\\u00f3 informaci\\u00f3n p\\u00fablica ambiental al Instituto Portuario de Entre R\\u00edos para conocer la composici\\u00f3n y los recursos asignados al Fondo afectado a la modernizaci\\u00f3n portuaria, establecido en el art. 51 de la ley provincial 9750. La solicitud, presentada el 25 de febrero, se enmarca en las acciones de\",\"inLanguage\":\"es-ES\",\"isPartOf\":{\"@id\":\"https:\\\/\\\/cauceecologico.org\\\/#website\"},\"breadcrumb\":{\"@id\":\"https:\\\/\\\/cauceecologico.org\\\/?p=3515#breadcrumblist\"},\"author\":{\"@id\":\"https:\\\/\\\/cauceecologico.org\\\/?author=2#author\"},\"creator\":{\"@id\":\"https:\\\/\\\/cauceecologico.org\\\/?author=2#author\"},\"image\":{\"@type\":\"ImageObject\",\"url\":\"https:\\\/\\\/cauceecologico.org\\\/wp-content\\\/uploads\\\/2022\\\/03\\\/339128_buque_puerto_diamante4.jpg\",\"@id\":\"https:\\\/\\\/cauceecologico.org\\\/?p=3515\\\/#mainImage\",\"width\":1024,\"height\":680},\"primaryImageOfPage\":{\"@id\":\"https:\\\/\\\/cauceecologico.org\\\/?p=3515#mainImage\"},\"datePublished\":\"2022-03-02T12:18:34+00:00\",\"dateModified\":\"2022-03-02T12:34:22+00:00\"},{\"@type\":\"WebSite\",\"@id\":\"https:\\\/\\\/cauceecologico.org\\\/#website\",\"url\":\"https:\\\/\\\/cauceecologico.org\\\/\",\"name\":\"CAUCE\",\"description\":\"Cultura Ambiental - Causa Ecologista\",\"inLanguage\":\"es-ES\",\"publisher\":{\"@id\":\"https:\\\/\\\/cauceecologico.org\\\/#organization\"}}]}\n\t\t<\/script>\n\t\t<!-- All in One SEO -->\n\n","aioseo_head_json":{"title":"Solicitud de informaci\u00f3n sobre el Fondo de Modernizaci\u00f3n Portuaria - CAUCE","description":"Fundaci\u00f3n CAUCE: Cultura Ambiental - Causa Ecologista solicit\u00f3 informaci\u00f3n p\u00fablica ambiental al Instituto Portuario de Entre R\u00edos para conocer la composici\u00f3n y los recursos asignados al Fondo afectado a la modernizaci\u00f3n portuaria, establecido en el art. 51 de la ley provincial 9750. La solicitud, presentada el 25 de febrero, se enmarca en las acciones de","canonical_url":"https:\/\/cauceecologico.org\/?p=3515","robots":"max-image-preview:large","keywords":"","webmasterTools":{"miscellaneous":""},"schema":{"@context":"https:\/\/schema.org","@graph":[{"@type":"BlogPosting","@id":"https:\/\/cauceecologico.org\/?p=3515#blogposting","name":"Solicitud de informaci\u00f3n sobre el Fondo de Modernizaci\u00f3n Portuaria - CAUCE","headline":"Solicitud de informaci\u00f3n sobre el Fondo de Modernizaci\u00f3n Portuaria","author":{"@id":"https:\/\/cauceecologico.org\/?author=2#author"},"publisher":{"@id":"https:\/\/cauceecologico.org\/#organization"},"image":{"@type":"ImageObject","url":"https:\/\/cauceecologico.org\/wp-content\/uploads\/2022\/03\/339128_buque_puerto_diamante4.jpg","width":1024,"height":680},"datePublished":"2022-03-02T12:18:34+00:00","dateModified":"2022-03-02T12:34:22+00:00","inLanguage":"es-ES","mainEntityOfPage":{"@id":"https:\/\/cauceecologico.org\/?p=3515#webpage"},"isPartOf":{"@id":"https:\/\/cauceecologico.org\/?p=3515#webpage"},"articleSection":"Hidrov\u00eda Paran\u00e1-Paraguay (HPP), informaci\u00f3n p\u00fablica, Noticias, R\u00edos libres"},{"@type":"BreadcrumbList","@id":"https:\/\/cauceecologico.org\/?p=3515#breadcrumblist","itemListElement":[{"@type":"ListItem","@id":"https:\/\/cauceecologico.org#listItem","position":1,"name":"Home","item":"https:\/\/cauceecologico.org","nextItem":{"@type":"ListItem","@id":"https:\/\/cauceecologico.org\/?cat=5#listItem","name":"Noticias"}},{"@type":"ListItem","@id":"https:\/\/cauceecologico.org\/?cat=5#listItem","position":2,"name":"Noticias","item":"https:\/\/cauceecologico.org\/?cat=5","nextItem":{"@type":"ListItem","@id":"https:\/\/cauceecologico.org\/?p=3515#listItem","name":"Solicitud de informaci\u00f3n sobre el Fondo de Modernizaci\u00f3n Portuaria"},"previousItem":{"@type":"ListItem","@id":"https:\/\/cauceecologico.org#listItem","name":"Home"}},{"@type":"ListItem","@id":"https:\/\/cauceecologico.org\/?p=3515#listItem","position":3,"name":"Solicitud de informaci\u00f3n sobre el Fondo de Modernizaci\u00f3n Portuaria","previousItem":{"@type":"ListItem","@id":"https:\/\/cauceecologico.org\/?cat=5#listItem","name":"Noticias"}}]},{"@type":"Organization","@id":"https:\/\/cauceecologico.org\/#organization","name":"CAUCE","description":"Cultura Ambiental - Causa Ecologista","url":"https:\/\/cauceecologico.org\/"},{"@type":"Person","@id":"https:\/\/cauceecologico.org\/?author=2#author","url":"https:\/\/cauceecologico.org\/?author=2","name":"Ana Lucia Vergara","image":{"@type":"ImageObject","@id":"https:\/\/cauceecologico.org\/?p=3515#authorImage","url":"https:\/\/secure.gravatar.com\/avatar\/e8720df08f5c466573fb9f3d6cec14bcac9a305e2049123e58e6bc9c03f3a77b?s=96&d=mm&r=g","width":96,"height":96,"caption":"Ana Lucia Vergara"}},{"@type":"WebPage","@id":"https:\/\/cauceecologico.org\/?p=3515#webpage","url":"https:\/\/cauceecologico.org\/?p=3515","name":"Solicitud de informaci\u00f3n sobre el Fondo de Modernizaci\u00f3n Portuaria - CAUCE","description":"Fundaci\u00f3n CAUCE: Cultura Ambiental - Causa Ecologista solicit\u00f3 informaci\u00f3n p\u00fablica ambiental al Instituto Portuario de Entre R\u00edos para conocer la composici\u00f3n y los recursos asignados al Fondo afectado a la modernizaci\u00f3n portuaria, establecido en el art. 51 de la ley provincial 9750. La solicitud, presentada el 25 de febrero, se enmarca en las acciones de","inLanguage":"es-ES","isPartOf":{"@id":"https:\/\/cauceecologico.org\/#website"},"breadcrumb":{"@id":"https:\/\/cauceecologico.org\/?p=3515#breadcrumblist"},"author":{"@id":"https:\/\/cauceecologico.org\/?author=2#author"},"creator":{"@id":"https:\/\/cauceecologico.org\/?author=2#author"},"image":{"@type":"ImageObject","url":"https:\/\/cauceecologico.org\/wp-content\/uploads\/2022\/03\/339128_buque_puerto_diamante4.jpg","@id":"https:\/\/cauceecologico.org\/?p=3515\/#mainImage","width":1024,"height":680},"primaryImageOfPage":{"@id":"https:\/\/cauceecologico.org\/?p=3515#mainImage"},"datePublished":"2022-03-02T12:18:34+00:00","dateModified":"2022-03-02T12:34:22+00:00"},{"@type":"WebSite","@id":"https:\/\/cauceecologico.org\/#website","url":"https:\/\/cauceecologico.org\/","name":"CAUCE","description":"Cultura Ambiental - Causa Ecologista","inLanguage":"es-ES","publisher":{"@id":"https:\/\/cauceecologico.org\/#organization"}}]},"og:locale":"es_ES","og:site_name":"CAUCE - Cultura Ambiental - Causa Ecologista","og:type":"article","og:title":"Solicitud de informaci\u00f3n sobre el Fondo de Modernizaci\u00f3n Portuaria - CAUCE","og:description":"Fundaci\u00f3n CAUCE: Cultura Ambiental - Causa Ecologista solicit\u00f3 informaci\u00f3n p\u00fablica ambiental al Instituto Portuario de Entre R\u00edos para conocer la composici\u00f3n y los recursos asignados al Fondo afectado a la modernizaci\u00f3n portuaria, establecido en el art. 51 de la ley provincial 9750. La solicitud, presentada el 25 de febrero, se enmarca en las acciones de","og:url":"https:\/\/cauceecologico.org\/?p=3515","article:published_time":"2022-03-02T12:18:34+00:00","article:modified_time":"2022-03-02T12:34:22+00:00","twitter:card":"summary_large_image","twitter:title":"Solicitud de informaci\u00f3n sobre el Fondo de Modernizaci\u00f3n Portuaria - CAUCE","twitter:description":"Fundaci\u00f3n CAUCE: Cultura Ambiental - Causa Ecologista solicit\u00f3 informaci\u00f3n p\u00fablica ambiental al Instituto Portuario de Entre R\u00edos para conocer la composici\u00f3n y los recursos asignados al Fondo afectado a la modernizaci\u00f3n portuaria, establecido en el art. 51 de la ley provincial 9750. La solicitud, presentada el 25 de febrero, se enmarca en las acciones de"},"aioseo_meta_data":{"post_id":"3515","title":null,"description":null,"keywords":null,"keyphrases":null,"primary_term":null,"canonical_url":null,"og_title":null,"og_description":null,"og_object_type":"default","og_image_type":"default","og_image_url":null,"og_image_width":null,"og_image_height":null,"og_image_custom_url":null,"og_image_custom_fields":null,"og_video":null,"og_custom_url":null,"og_article_section":null,"og_article_tags":null,"twitter_use_og":false,"twitter_card":"default","twitter_image_type":"default","twitter_image_url":null,"twitter_image_custom_url":null,"twitter_image_custom_fields":null,"twitter_title":null,"twitter_description":null,"schema":{"blockGraphs":[],"customGraphs":[],"default":{"data":{"Article":[],"Course":[],"Dataset":[],"FAQPage":[],"Movie":[],"Person":[],"Product":[],"ProductReview":[],"Car":[],"Recipe":[],"Service":[],"SoftwareApplication":[],"WebPage":[]},"graphName":"","isEnabled":true},"graphs":[]},"schema_type":"default","schema_type_options":null,"pillar_content":false,"robots_default":true,"robots_noindex":false,"robots_noarchive":false,"robots_nosnippet":false,"robots_nofollow":false,"robots_noimageindex":false,"robots_noodp":false,"robots_notranslate":false,"robots_max_snippet":null,"robots_max_videopreview":null,"robots_max_imagepreview":"large","priority":null,"frequency":null,"local_seo":null,"limit_modified_date":false,"created":"2023-03-16 21:10:21","updated":"2026-07-28 01:38:12","ai":null,"breadcrumb_settings":null,"seo_analyzer_scan_date":null},"aioseo_breadcrumb":"<div class=\"aioseo-breadcrumbs\"><span class=\"aioseo-breadcrumb\">\n\t\t\t<a href=\"https:\/\/cauceecologico.org\" title=\"Home\">Home<\/a>\n\t\t<\/span><span class=\"aioseo-breadcrumb-separator\">&raquo;<\/span><span class=\"aioseo-breadcrumb\">\n\t\t\t<a href=\"https:\/\/cauceecologico.org\/?cat=5\" title=\"Noticias\">Noticias<\/a>\n\t\t<\/span><span class=\"aioseo-breadcrumb-separator\">&raquo;<\/span><span class=\"aioseo-breadcrumb\">\n\t\t\tSolicitud de informaci\u00f3n sobre el Fondo de Modernizaci\u00f3n Portuaria\n\t\t<\/span><\/div>","aioseo_breadcrumb_json":[{"label":"Home","link":"https:\/\/cauceecologico.org"},{"label":"Noticias","link":"https:\/\/cauceecologico.org\/?cat=5"},{"label":"Solicitud de informaci\u00f3n sobre el Fondo de Modernizaci\u00f3n Portuaria","link":"https:\/\/cauceecologico.org\/?p=3515"}],"_links":{"self":[{"href":"https:\/\/cauceecologico.org\/index.php?rest_route=\/wp\/v2\/posts\/3515","targetHints":{"allow":["GET"]}}],"collection":[{"href":"https:\/\/cauceecologico.org\/index.php?rest_route=\/wp\/v2\/posts"}],"about":[{"href":"https:\/\/cauceecologico.org\/index.php?rest_route=\/wp\/v2\/types\/post"}],"author":[{"embeddable":true,"href":"https:\/\/cauceecologico.org\/index.php?rest_route=\/wp\/v2\/users\/2"}],"replies":[{"embeddable":true,"href":"https:\/\/cauceecologico.org\/index.php?rest_route=%2Fwp%2Fv2%2Fcomments&post=3515"}],"version-history":[{"count":3,"href":"https:\/\/cauceecologico.org\/index.php?rest_route=\/wp\/v2\/posts\/3515\/revisions"}],"predecessor-version":[{"id":3519,"href":"https:\/\/cauceecologico.org\/index.php?rest_route=\/wp\/v2\/posts\/3515\/revisions\/3519"}],"wp:featuredmedia":[{"embeddable":true,"href":"https:\/\/cauceecologico.org\/index.php?rest_route=\/wp\/v2\/media\/3516"}],"wp:attachment":[{"href":"https:\/\/cauceecologico.org\/index.php?rest_route=%2Fwp%2Fv2%2Fmedia&parent=3515"}],"wp:term":[{"taxonomy":"category","embeddable":true,"href":"https:\/\/cauceecologico.org\/index.php?rest_route=%2Fwp%2Fv2%2Fcategories&post=3515"},{"taxonomy":"post_tag","embeddable":true,"href":"https:\/\/cauceecologico.org\/index.php?rest_route=%2Fwp%2Fv2%2Ftags&post=3515"}],"curies":[{"name":"wp","href":"https:\/\/api.w.org\/{rel}","templated":true}]}}