{"id":3563,"date":"2022-04-04T14:54:47","date_gmt":"2022-04-04T14:54:47","guid":{"rendered":"https:\/\/cauceecologico.org\/?p=3563"},"modified":"2022-08-03T14:27:06","modified_gmt":"2022-08-03T14:27:06","slug":"arenas-siliceas-nuevas-solicitudes-de-informacion-sobre-su-extraccion-y-comercializacion","status":"publish","type":"post","link":"https:\/\/cauceecologico.org\/?p=3563","title":{"rendered":"Arenas sil\u00edceas: nuevas solicitudes de informaci\u00f3n sobre su extracci\u00f3n y comercializaci\u00f3n"},"content":{"rendered":"<p>En el marco del monitoreo y seguimiento sobre la extracci\u00f3n y comercializaci\u00f3n de arenas sil\u00edceas en la provincia, Fundaci\u00f3n CAUCE solicit\u00f3 informaci\u00f3n p\u00fablica ambiental a la Secretar\u00eda de Ambiente y la Secretar\u00eda de Miner\u00eda de Entre R\u00edos.<\/p>\n<p>En la SAIPA presentadas respetivamente el 29 de marzo y el 1\u00ba de abril requerimos informaci\u00f3n sobre:<\/p>\n<ul>\n<li>lista de empresas particulares que se dediquen a la extracci\u00f3n de arenas sil\u00edceas en la provincia, sea de cantera o de lecho de curso de agua, su ubicaci\u00f3n georreferenciada y el estado de sus certificados de aptitud ambiental. Si alguna de \u00e9stas se desarrolla en un \u00c1rea Natural Protegida.<\/li>\n<li>n\u00f3mina de plantas que se dediquen al procesamiento de arenas, ubicaci\u00f3n y estado de certificado de aptitud ambiental.<\/li>\n<li>empresas o particulares que est\u00e1n tramitando el certificado de aptitud ambiental para la realizaci\u00f3n de la actividad y\/o en proceso de renovaci\u00f3n.<\/li>\n<\/ul>\n<p>En el caso de la solicitud dirigida a la secretaria de Ambiente, Ing. Daniela Garc\u00eda. tambi\u00e9n se consult\u00f3:<\/p>\n<ul>\n<li>Si la empresa Arenas Argentinas del Paran\u00e1 (miembro del grupo Jan de Nul), tiene autorizaci\u00f3n para la extracci\u00f3n de arenas en el sitio comprendido entre los Parques Nacionales Islas de Santa Fe y Pre Delta, sea de esta Secretaria de Ambiente o que la haya obtenido de otro organismo.<\/li>\n<li>Qu\u00e9 tipo de controles se han realizado en el marco de sus facultades dispuestas en el Decreto 4977\/09 a las plantas de procesamiento de arenas existentes y a las canteras.<\/li>\n<li>Organismos e instituciones del Estado con las cuales se encuentra trabajando de manera coordinada, si es que lo est\u00e1 haciendo, por la actividad de extracci\u00f3n.<\/li>\n<li>Si ha establecido contacto con autoridades de jurisdicciones aleda\u00f1as a la provincia con el objeto de tomar conocimiento de autorizaciones otorgadas para la instalaci\u00f3n de canteras o plantas de procesamiento de arenas sil\u00edceas en dichos territorios.<\/li>\n<\/ul>\n<p>Al secretario de Miner\u00eda de la provincia de Entre R\u00edos,\u00a0 Dr. Jos\u00e9 Mar\u00eda Leiva Ch\u00e1vez, se le pregunt\u00f3 oportunamente con qu\u00e9 organismos e instituciones del Estado se encuentra trabajando de manera coordinada, si es que lo est\u00e1 haciendo, para la fiscalizaci\u00f3n y control de esta actividad extractiva.<\/p>\n<p><strong><span style=\"color: #3366ff;\"><a style=\"color: #3366ff;\" href=\"http:\/\/cauceecologico.org\/wp-content\/uploads\/2022\/07\/2636067_nota-respuesta-acceso-info-pulbica-canteras-Cause.pdf\"><span class=\"fe5nidar khvhiq1o r5qsrrlp i5tg98hk f9ovudaz przvwfww gx1rr48f gfz4du6o r7fjleex nz2484kf svot0ezm dcnh1tix sxl192xd t3g6t33p\"><span class=\"mpj7bzys xzlurrtv\">&#x27a1;&#xfe0f;<\/span><\/span>Respuesta Sec. de Ambiente<\/a><\/span><\/strong><\/p>\n<p><strong><span style=\"color: #3366ff;\"><a style=\"color: #3366ff;\" href=\"http:\/\/cauceecologico.org\/wp-content\/uploads\/2022\/04\/SAIPA-mineria-10-78.pdf\"><span class=\"fe5nidar khvhiq1o r5qsrrlp i5tg98hk f9ovudaz przvwfww gx1rr48f gfz4du6o r7fjleex nz2484kf svot0ezm dcnh1tix sxl192xd t3g6t33p\"><span class=\"mpj7bzys xzlurrtv\">&#x27a1;&#xfe0f;<\/span><\/span>Respuesta Miner\u00eda<\/a><\/span><\/strong><\/p>\n<p style=\"text-align: right;\">04\/04\/22<\/p>\n","protected":false},"excerpt":{"rendered":"<p>En el marco del monitoreo y seguimiento sobre la extracci\u00f3n y comercializaci\u00f3n de arenas sil\u00edceas en la provincia, Fundaci\u00f3n CAUCE solicit\u00f3 informaci\u00f3n p\u00fablica ambiental a la Secretar\u00eda de Ambiente y la Secretar\u00eda de Miner\u00eda de Entre R\u00edos. En la SAIPA presentadas respetivamente el 29 de marzo y el 1\u00ba de abril requerimos informaci\u00f3n sobre: lista [&hellip;]<\/p>\n","protected":false},"author":2,"featured_media":3578,"comment_status":"open","ping_status":"open","sticky":false,"template":"","format":"standard","meta":{"om_disable_all_campaigns":false,"_monsterinsights_skip_tracking":false,"amp_status":"","footnotes":""},"categories":[277,276,5],"tags":[],"class_list":["post-3563","post","type-post","status-publish","format-standard","has-post-thumbnail","hentry","category-acciones-de-monitoreo","category-delta","category-noticias"],"aioseo_notices":[],"aioseo_head":"\n\t\t<!-- All in One SEO 4.9.10 - aioseo.com -->\n\t<meta name=\"description\" content=\"En el marco del monitoreo y seguimiento sobre la extracci\u00f3n y comercializaci\u00f3n de arenas sil\u00edceas en la provincia, Fundaci\u00f3n CAUCE solicit\u00f3 informaci\u00f3n p\u00fablica ambiental a la Secretar\u00eda de Ambiente y la Secretar\u00eda de Miner\u00eda de Entre R\u00edos. En la SAIPA presentadas respetivamente el 29 de marzo y el 1\u00ba de abril requerimos informaci\u00f3n sobre: lista\" \/>\n\t<meta name=\"robots\" content=\"max-image-preview:large\" \/>\n\t<meta name=\"author\" content=\"Ana Lucia Vergara\"\/>\n\t<link rel=\"canonical\" href=\"https:\/\/cauceecologico.org\/?p=3563\" \/>\n\t<meta name=\"generator\" content=\"All in One SEO (AIOSEO) 4.9.10\" \/>\n\t\t<meta property=\"og:locale\" content=\"es_ES\" \/>\n\t\t<meta property=\"og:site_name\" content=\"CAUCE - Cultura Ambiental - Causa Ecologista\" \/>\n\t\t<meta property=\"og:type\" content=\"article\" \/>\n\t\t<meta property=\"og:title\" content=\"Arenas sil\u00edceas: nuevas solicitudes de informaci\u00f3n sobre su extracci\u00f3n y comercializaci\u00f3n - CAUCE\" \/>\n\t\t<meta property=\"og:description\" content=\"En el marco del monitoreo y seguimiento sobre la extracci\u00f3n y comercializaci\u00f3n de arenas sil\u00edceas en la provincia, Fundaci\u00f3n CAUCE solicit\u00f3 informaci\u00f3n p\u00fablica ambiental a la Secretar\u00eda de Ambiente y la Secretar\u00eda de Miner\u00eda de Entre R\u00edos. En la SAIPA presentadas respetivamente el 29 de marzo y el 1\u00ba de abril requerimos informaci\u00f3n sobre: lista\" \/>\n\t\t<meta property=\"og:url\" content=\"https:\/\/cauceecologico.org\/?p=3563\" \/>\n\t\t<meta property=\"article:published_time\" content=\"2022-04-04T14:54:47+00:00\" \/>\n\t\t<meta property=\"article:modified_time\" content=\"2022-08-03T14:27:06+00:00\" \/>\n\t\t<meta name=\"twitter:card\" content=\"summary_large_image\" \/>\n\t\t<meta name=\"twitter:title\" content=\"Arenas sil\u00edceas: nuevas solicitudes de informaci\u00f3n sobre su extracci\u00f3n y comercializaci\u00f3n - CAUCE\" \/>\n\t\t<meta name=\"twitter:description\" content=\"En el marco del monitoreo y seguimiento sobre la extracci\u00f3n y comercializaci\u00f3n de arenas sil\u00edceas en la provincia, Fundaci\u00f3n CAUCE solicit\u00f3 informaci\u00f3n p\u00fablica ambiental a la Secretar\u00eda de Ambiente y la Secretar\u00eda de Miner\u00eda de Entre R\u00edos. En la SAIPA presentadas respetivamente el 29 de marzo y el 1\u00ba de abril requerimos informaci\u00f3n sobre: lista\" \/>\n\t\t<script type=\"application\/ld+json\" class=\"aioseo-schema\">\n\t\t\t{\"@context\":\"https:\\\/\\\/schema.org\",\"@graph\":[{\"@type\":\"BlogPosting\",\"@id\":\"https:\\\/\\\/cauceecologico.org\\\/?p=3563#blogposting\",\"name\":\"Arenas sil\\u00edceas: nuevas solicitudes de informaci\\u00f3n sobre su extracci\\u00f3n y comercializaci\\u00f3n - CAUCE\",\"headline\":\"Arenas sil\\u00edceas: nuevas solicitudes de informaci\\u00f3n sobre su extracci\\u00f3n y comercializaci\\u00f3n\",\"author\":{\"@id\":\"https:\\\/\\\/cauceecologico.org\\\/?author=2#author\"},\"publisher\":{\"@id\":\"https:\\\/\\\/cauceecologico.org\\\/#organization\"},\"image\":{\"@type\":\"ImageObject\",\"url\":\"https:\\\/\\\/cauceecologico.org\\\/wp-content\\\/uploads\\\/2022\\\/04\\\/Screen-Shot-2020-07-02-at-19.13.00.png\",\"width\":1123,\"height\":628},\"datePublished\":\"2022-04-04T14:54:47+00:00\",\"dateModified\":\"2022-08-03T14:27:06+00:00\",\"inLanguage\":\"es-ES\",\"mainEntityOfPage\":{\"@id\":\"https:\\\/\\\/cauceecologico.org\\\/?p=3563#webpage\"},\"isPartOf\":{\"@id\":\"https:\\\/\\\/cauceecologico.org\\\/?p=3563#webpage\"},\"articleSection\":\"Acciones de monitoreo, Delta, Noticias\"},{\"@type\":\"BreadcrumbList\",\"@id\":\"https:\\\/\\\/cauceecologico.org\\\/?p=3563#breadcrumblist\",\"itemListElement\":[{\"@type\":\"ListItem\",\"@id\":\"https:\\\/\\\/cauceecologico.org#listItem\",\"position\":1,\"name\":\"Home\",\"item\":\"https:\\\/\\\/cauceecologico.org\",\"nextItem\":{\"@type\":\"ListItem\",\"@id\":\"https:\\\/\\\/cauceecologico.org\\\/?cat=5#listItem\",\"name\":\"Noticias\"}},{\"@type\":\"ListItem\",\"@id\":\"https:\\\/\\\/cauceecologico.org\\\/?cat=5#listItem\",\"position\":2,\"name\":\"Noticias\",\"item\":\"https:\\\/\\\/cauceecologico.org\\\/?cat=5\",\"nextItem\":{\"@type\":\"ListItem\",\"@id\":\"https:\\\/\\\/cauceecologico.org\\\/?p=3563#listItem\",\"name\":\"Arenas sil\\u00edceas: nuevas solicitudes de informaci\\u00f3n sobre su extracci\\u00f3n y comercializaci\\u00f3n\"},\"previousItem\":{\"@type\":\"ListItem\",\"@id\":\"https:\\\/\\\/cauceecologico.org#listItem\",\"name\":\"Home\"}},{\"@type\":\"ListItem\",\"@id\":\"https:\\\/\\\/cauceecologico.org\\\/?p=3563#listItem\",\"position\":3,\"name\":\"Arenas sil\\u00edceas: nuevas solicitudes de informaci\\u00f3n sobre su extracci\\u00f3n y comercializaci\\u00f3n\",\"previousItem\":{\"@type\":\"ListItem\",\"@id\":\"https:\\\/\\\/cauceecologico.org\\\/?cat=5#listItem\",\"name\":\"Noticias\"}}]},{\"@type\":\"Organization\",\"@id\":\"https:\\\/\\\/cauceecologico.org\\\/#organization\",\"name\":\"CAUCE\",\"description\":\"Cultura Ambiental - Causa Ecologista\",\"url\":\"https:\\\/\\\/cauceecologico.org\\\/\"},{\"@type\":\"Person\",\"@id\":\"https:\\\/\\\/cauceecologico.org\\\/?author=2#author\",\"url\":\"https:\\\/\\\/cauceecologico.org\\\/?author=2\",\"name\":\"Ana Lucia Vergara\",\"image\":{\"@type\":\"ImageObject\",\"@id\":\"https:\\\/\\\/cauceecologico.org\\\/?p=3563#authorImage\",\"url\":\"https:\\\/\\\/secure.gravatar.com\\\/avatar\\\/e8720df08f5c466573fb9f3d6cec14bcac9a305e2049123e58e6bc9c03f3a77b?s=96&d=mm&r=g\",\"width\":96,\"height\":96,\"caption\":\"Ana Lucia Vergara\"}},{\"@type\":\"WebPage\",\"@id\":\"https:\\\/\\\/cauceecologico.org\\\/?p=3563#webpage\",\"url\":\"https:\\\/\\\/cauceecologico.org\\\/?p=3563\",\"name\":\"Arenas sil\\u00edceas: nuevas solicitudes de informaci\\u00f3n sobre su extracci\\u00f3n y comercializaci\\u00f3n - CAUCE\",\"description\":\"En el marco del monitoreo y seguimiento sobre la extracci\\u00f3n y comercializaci\\u00f3n de arenas sil\\u00edceas en la provincia, Fundaci\\u00f3n CAUCE solicit\\u00f3 informaci\\u00f3n p\\u00fablica ambiental a la Secretar\\u00eda de Ambiente y la Secretar\\u00eda de Miner\\u00eda de Entre R\\u00edos. En la SAIPA presentadas respetivamente el 29 de marzo y el 1\\u00ba de abril requerimos informaci\\u00f3n sobre: lista\",\"inLanguage\":\"es-ES\",\"isPartOf\":{\"@id\":\"https:\\\/\\\/cauceecologico.org\\\/#website\"},\"breadcrumb\":{\"@id\":\"https:\\\/\\\/cauceecologico.org\\\/?p=3563#breadcrumblist\"},\"author\":{\"@id\":\"https:\\\/\\\/cauceecologico.org\\\/?author=2#author\"},\"creator\":{\"@id\":\"https:\\\/\\\/cauceecologico.org\\\/?author=2#author\"},\"image\":{\"@type\":\"ImageObject\",\"url\":\"https:\\\/\\\/cauceecologico.org\\\/wp-content\\\/uploads\\\/2022\\\/04\\\/Screen-Shot-2020-07-02-at-19.13.00.png\",\"@id\":\"https:\\\/\\\/cauceecologico.org\\\/?p=3563\\\/#mainImage\",\"width\":1123,\"height\":628},\"primaryImageOfPage\":{\"@id\":\"https:\\\/\\\/cauceecologico.org\\\/?p=3563#mainImage\"},\"datePublished\":\"2022-04-04T14:54:47+00:00\",\"dateModified\":\"2022-08-03T14:27:06+00:00\"},{\"@type\":\"WebSite\",\"@id\":\"https:\\\/\\\/cauceecologico.org\\\/#website\",\"url\":\"https:\\\/\\\/cauceecologico.org\\\/\",\"name\":\"CAUCE\",\"description\":\"Cultura Ambiental - Causa Ecologista\",\"inLanguage\":\"es-ES\",\"publisher\":{\"@id\":\"https:\\\/\\\/cauceecologico.org\\\/#organization\"}}]}\n\t\t<\/script>\n\t\t<!-- All in One SEO -->\n\n","aioseo_head_json":{"title":"Arenas sil\u00edceas: nuevas solicitudes de informaci\u00f3n sobre su extracci\u00f3n y comercializaci\u00f3n - CAUCE","description":"En el marco del monitoreo y seguimiento sobre la extracci\u00f3n y comercializaci\u00f3n de arenas sil\u00edceas en la provincia, Fundaci\u00f3n CAUCE solicit\u00f3 informaci\u00f3n p\u00fablica ambiental a la Secretar\u00eda de Ambiente y la Secretar\u00eda de Miner\u00eda de Entre R\u00edos. En la SAIPA presentadas respetivamente el 29 de marzo y el 1\u00ba de abril requerimos informaci\u00f3n sobre: lista","canonical_url":"https:\/\/cauceecologico.org\/?p=3563","robots":"max-image-preview:large","keywords":"","webmasterTools":{"miscellaneous":""},"schema":{"@context":"https:\/\/schema.org","@graph":[{"@type":"BlogPosting","@id":"https:\/\/cauceecologico.org\/?p=3563#blogposting","name":"Arenas sil\u00edceas: nuevas solicitudes de informaci\u00f3n sobre su extracci\u00f3n y comercializaci\u00f3n - CAUCE","headline":"Arenas sil\u00edceas: nuevas solicitudes de informaci\u00f3n sobre su extracci\u00f3n y comercializaci\u00f3n","author":{"@id":"https:\/\/cauceecologico.org\/?author=2#author"},"publisher":{"@id":"https:\/\/cauceecologico.org\/#organization"},"image":{"@type":"ImageObject","url":"https:\/\/cauceecologico.org\/wp-content\/uploads\/2022\/04\/Screen-Shot-2020-07-02-at-19.13.00.png","width":1123,"height":628},"datePublished":"2022-04-04T14:54:47+00:00","dateModified":"2022-08-03T14:27:06+00:00","inLanguage":"es-ES","mainEntityOfPage":{"@id":"https:\/\/cauceecologico.org\/?p=3563#webpage"},"isPartOf":{"@id":"https:\/\/cauceecologico.org\/?p=3563#webpage"},"articleSection":"Acciones de monitoreo, Delta, Noticias"},{"@type":"BreadcrumbList","@id":"https:\/\/cauceecologico.org\/?p=3563#breadcrumblist","itemListElement":[{"@type":"ListItem","@id":"https:\/\/cauceecologico.org#listItem","position":1,"name":"Home","item":"https:\/\/cauceecologico.org","nextItem":{"@type":"ListItem","@id":"https:\/\/cauceecologico.org\/?cat=5#listItem","name":"Noticias"}},{"@type":"ListItem","@id":"https:\/\/cauceecologico.org\/?cat=5#listItem","position":2,"name":"Noticias","item":"https:\/\/cauceecologico.org\/?cat=5","nextItem":{"@type":"ListItem","@id":"https:\/\/cauceecologico.org\/?p=3563#listItem","name":"Arenas sil\u00edceas: nuevas solicitudes de informaci\u00f3n sobre su extracci\u00f3n y comercializaci\u00f3n"},"previousItem":{"@type":"ListItem","@id":"https:\/\/cauceecologico.org#listItem","name":"Home"}},{"@type":"ListItem","@id":"https:\/\/cauceecologico.org\/?p=3563#listItem","position":3,"name":"Arenas sil\u00edceas: nuevas solicitudes de informaci\u00f3n sobre su extracci\u00f3n y comercializaci\u00f3n","previousItem":{"@type":"ListItem","@id":"https:\/\/cauceecologico.org\/?cat=5#listItem","name":"Noticias"}}]},{"@type":"Organization","@id":"https:\/\/cauceecologico.org\/#organization","name":"CAUCE","description":"Cultura Ambiental - Causa Ecologista","url":"https:\/\/cauceecologico.org\/"},{"@type":"Person","@id":"https:\/\/cauceecologico.org\/?author=2#author","url":"https:\/\/cauceecologico.org\/?author=2","name":"Ana Lucia Vergara","image":{"@type":"ImageObject","@id":"https:\/\/cauceecologico.org\/?p=3563#authorImage","url":"https:\/\/secure.gravatar.com\/avatar\/e8720df08f5c466573fb9f3d6cec14bcac9a305e2049123e58e6bc9c03f3a77b?s=96&d=mm&r=g","width":96,"height":96,"caption":"Ana Lucia Vergara"}},{"@type":"WebPage","@id":"https:\/\/cauceecologico.org\/?p=3563#webpage","url":"https:\/\/cauceecologico.org\/?p=3563","name":"Arenas sil\u00edceas: nuevas solicitudes de informaci\u00f3n sobre su extracci\u00f3n y comercializaci\u00f3n - CAUCE","description":"En el marco del monitoreo y seguimiento sobre la extracci\u00f3n y comercializaci\u00f3n de arenas sil\u00edceas en la provincia, Fundaci\u00f3n CAUCE solicit\u00f3 informaci\u00f3n p\u00fablica ambiental a la Secretar\u00eda de Ambiente y la Secretar\u00eda de Miner\u00eda de Entre R\u00edos. En la SAIPA presentadas respetivamente el 29 de marzo y el 1\u00ba de abril requerimos informaci\u00f3n sobre: lista","inLanguage":"es-ES","isPartOf":{"@id":"https:\/\/cauceecologico.org\/#website"},"breadcrumb":{"@id":"https:\/\/cauceecologico.org\/?p=3563#breadcrumblist"},"author":{"@id":"https:\/\/cauceecologico.org\/?author=2#author"},"creator":{"@id":"https:\/\/cauceecologico.org\/?author=2#author"},"image":{"@type":"ImageObject","url":"https:\/\/cauceecologico.org\/wp-content\/uploads\/2022\/04\/Screen-Shot-2020-07-02-at-19.13.00.png","@id":"https:\/\/cauceecologico.org\/?p=3563\/#mainImage","width":1123,"height":628},"primaryImageOfPage":{"@id":"https:\/\/cauceecologico.org\/?p=3563#mainImage"},"datePublished":"2022-04-04T14:54:47+00:00","dateModified":"2022-08-03T14:27:06+00:00"},{"@type":"WebSite","@id":"https:\/\/cauceecologico.org\/#website","url":"https:\/\/cauceecologico.org\/","name":"CAUCE","description":"Cultura Ambiental - Causa Ecologista","inLanguage":"es-ES","publisher":{"@id":"https:\/\/cauceecologico.org\/#organization"}}]},"og:locale":"es_ES","og:site_name":"CAUCE - Cultura Ambiental - Causa Ecologista","og:type":"article","og:title":"Arenas sil\u00edceas: nuevas solicitudes de informaci\u00f3n sobre su extracci\u00f3n y comercializaci\u00f3n - CAUCE","og:description":"En el marco del monitoreo y seguimiento sobre la extracci\u00f3n y comercializaci\u00f3n de arenas sil\u00edceas en la provincia, Fundaci\u00f3n CAUCE solicit\u00f3 informaci\u00f3n p\u00fablica ambiental a la Secretar\u00eda de Ambiente y la Secretar\u00eda de Miner\u00eda de Entre R\u00edos. En la SAIPA presentadas respetivamente el 29 de marzo y el 1\u00ba de abril requerimos informaci\u00f3n sobre: lista","og:url":"https:\/\/cauceecologico.org\/?p=3563","article:published_time":"2022-04-04T14:54:47+00:00","article:modified_time":"2022-08-03T14:27:06+00:00","twitter:card":"summary_large_image","twitter:title":"Arenas sil\u00edceas: nuevas solicitudes de informaci\u00f3n sobre su extracci\u00f3n y comercializaci\u00f3n - CAUCE","twitter:description":"En el marco del monitoreo y seguimiento sobre la extracci\u00f3n y comercializaci\u00f3n de arenas sil\u00edceas en la provincia, Fundaci\u00f3n CAUCE solicit\u00f3 informaci\u00f3n p\u00fablica ambiental a la Secretar\u00eda de Ambiente y la Secretar\u00eda de Miner\u00eda de Entre R\u00edos. En la SAIPA presentadas respetivamente el 29 de marzo y el 1\u00ba de abril requerimos informaci\u00f3n sobre: lista"},"aioseo_meta_data":{"post_id":"3563","title":null,"description":null,"keywords":null,"keyphrases":null,"primary_term":null,"canonical_url":null,"og_title":null,"og_description":null,"og_object_type":"default","og_image_type":"default","og_image_url":null,"og_image_width":null,"og_image_height":null,"og_image_custom_url":null,"og_image_custom_fields":null,"og_video":null,"og_custom_url":null,"og_article_section":null,"og_article_tags":null,"twitter_use_og":false,"twitter_card":"default","twitter_image_type":"default","twitter_image_url":null,"twitter_image_custom_url":null,"twitter_image_custom_fields":null,"twitter_title":null,"twitter_description":null,"schema":{"blockGraphs":[],"customGraphs":[],"default":{"data":{"Article":[],"Course":[],"Dataset":[],"FAQPage":[],"Movie":[],"Person":[],"Product":[],"ProductReview":[],"Car":[],"Recipe":[],"Service":[],"SoftwareApplication":[],"WebPage":[]},"graphName":"","isEnabled":true},"graphs":[]},"schema_type":"default","schema_type_options":null,"pillar_content":false,"robots_default":true,"robots_noindex":false,"robots_noarchive":false,"robots_nosnippet":false,"robots_nofollow":false,"robots_noimageindex":false,"robots_noodp":false,"robots_notranslate":false,"robots_max_snippet":null,"robots_max_videopreview":null,"robots_max_imagepreview":"large","priority":null,"frequency":null,"local_seo":null,"limit_modified_date":false,"created":"2023-03-16 21:10:21","updated":"2026-07-28 01:40:10","ai":null,"breadcrumb_settings":null,"seo_analyzer_scan_date":null},"aioseo_breadcrumb":"<div class=\"aioseo-breadcrumbs\"><span class=\"aioseo-breadcrumb\">\n\t\t\t<a href=\"https:\/\/cauceecologico.org\" title=\"Home\">Home<\/a>\n\t\t<\/span><span class=\"aioseo-breadcrumb-separator\">&raquo;<\/span><span class=\"aioseo-breadcrumb\">\n\t\t\t<a href=\"https:\/\/cauceecologico.org\/?cat=5\" title=\"Noticias\">Noticias<\/a>\n\t\t<\/span><span class=\"aioseo-breadcrumb-separator\">&raquo;<\/span><span class=\"aioseo-breadcrumb\">\n\t\t\tArenas sil\u00edceas: nuevas solicitudes de informaci\u00f3n sobre su extracci\u00f3n y comercializaci\u00f3n\n\t\t<\/span><\/div>","aioseo_breadcrumb_json":[{"label":"Home","link":"https:\/\/cauceecologico.org"},{"label":"Noticias","link":"https:\/\/cauceecologico.org\/?cat=5"},{"label":"Arenas sil\u00edceas: nuevas solicitudes de informaci\u00f3n sobre su extracci\u00f3n y comercializaci\u00f3n","link":"https:\/\/cauceecologico.org\/?p=3563"}],"_links":{"self":[{"href":"https:\/\/cauceecologico.org\/index.php?rest_route=\/wp\/v2\/posts\/3563","targetHints":{"allow":["GET"]}}],"collection":[{"href":"https:\/\/cauceecologico.org\/index.php?rest_route=\/wp\/v2\/posts"}],"about":[{"href":"https:\/\/cauceecologico.org\/index.php?rest_route=\/wp\/v2\/types\/post"}],"author":[{"embeddable":true,"href":"https:\/\/cauceecologico.org\/index.php?rest_route=\/wp\/v2\/users\/2"}],"replies":[{"embeddable":true,"href":"https:\/\/cauceecologico.org\/index.php?rest_route=%2Fwp%2Fv2%2Fcomments&post=3563"}],"version-history":[{"count":5,"href":"https:\/\/cauceecologico.org\/index.php?rest_route=\/wp\/v2\/posts\/3563\/revisions"}],"predecessor-version":[{"id":3799,"href":"https:\/\/cauceecologico.org\/index.php?rest_route=\/wp\/v2\/posts\/3563\/revisions\/3799"}],"wp:featuredmedia":[{"embeddable":true,"href":"https:\/\/cauceecologico.org\/index.php?rest_route=\/wp\/v2\/media\/3578"}],"wp:attachment":[{"href":"https:\/\/cauceecologico.org\/index.php?rest_route=%2Fwp%2Fv2%2Fmedia&parent=3563"}],"wp:term":[{"taxonomy":"category","embeddable":true,"href":"https:\/\/cauceecologico.org\/index.php?rest_route=%2Fwp%2Fv2%2Fcategories&post=3563"},{"taxonomy":"post_tag","embeddable":true,"href":"https:\/\/cauceecologico.org\/index.php?rest_route=%2Fwp%2Fv2%2Ftags&post=3563"}],"curies":[{"name":"wp","href":"https:\/\/api.w.org\/{rel}","templated":true}]}}