{"id":3713,"date":"2022-06-28T22:24:03","date_gmt":"2022-06-28T22:24:03","guid":{"rendered":"https:\/\/cauceecologico.org\/?p=3713"},"modified":"2022-06-28T22:28:40","modified_gmt":"2022-06-28T22:28:40","slug":"profundo-pesar-por-los-asesinatos-del-defensor-ambiental-bruno-pereira-y-el-periodista-dom-phillips","status":"publish","type":"post","link":"https:\/\/cauceecologico.org\/?p=3713","title":{"rendered":"Profundo pesar por los asesinatos del defensor Bruno Pereira y el periodista Dom Phillips"},"content":{"rendered":"<p>Desde Fundaci\u00f3n CAUCE expresamos nuestro pesar y exigimos justicia por los asesinatos del activista <strong>Bruno Pereira<\/strong>\u00a0y del\u00a0<strong>periodista brit\u00e1nico Dom Phillips<\/strong>, en la regi\u00f3n del Valle del Javari de la Amazon\u00eda brasile\u00f1a.<\/p>\n<p>Bruno Pereira, reconocido indigenista, comprometido con la lucha por los derechos de los pueblos ind\u00edgenas, trabaj\u00f3 durante m\u00e1s de 10 a\u00f1os en la regi\u00f3n del Valle del Javari. Pereira hab\u00eda recibido amenazas por sus denuncias contra organizaciones que se dedican al narcotr\u00e1fico, la tala, la pesca ilegal y la caza en las reservas ind\u00edgenas del Vale do Javari.<\/p>\n<p>Dom Phillips, un periodista brit\u00e1nico que escribi\u00f3 para varios medios internacionales, incluido The Guardian, visit\u00f3 la regi\u00f3n para entrevistar a los pueblos ind\u00edgenas como parte de la investigaci\u00f3n de su nuevo libro \u00abC\u00f3mo salvar el Amazonas\u00bb.<\/p>\n<p>Sumamos nuestro dolor al de sus seres queridos, amistades, activistas y pueblos ind\u00edgenas en este momento de duelo y pedimos por la vigencia de todos los derechos reconocidos en el Acuerdo Regional de Escaz\u00fa para que no tengamos que lamentar m\u00e1s muertes, amenazas y lesiones a personas defensoras de nuestra Madre Tierra y de todas las criaturas que la habitan.<\/p>\n<p>&nbsp;<\/p>\n","protected":false},"excerpt":{"rendered":"<p>Desde Fundaci\u00f3n CAUCE expresamos nuestro pesar y exigimos justicia por los asesinatos del activista Bruno Pereira\u00a0y del\u00a0periodista brit\u00e1nico Dom Phillips, en la regi\u00f3n del Valle del Javari de la Amazon\u00eda brasile\u00f1a. Bruno Pereira, reconocido indigenista, comprometido con la lucha por los derechos de los pueblos ind\u00edgenas, trabaj\u00f3 durante m\u00e1s de 10 a\u00f1os en la regi\u00f3n [&hellip;]<\/p>\n","protected":false},"author":2,"featured_media":3717,"comment_status":"open","ping_status":"open","sticky":false,"template":"","format":"standard","meta":{"om_disable_all_campaigns":false,"_monsterinsights_skip_tracking":false,"amp_status":"","footnotes":""},"categories":[5],"tags":[],"class_list":["post-3713","post","type-post","status-publish","format-standard","has-post-thumbnail","hentry","category-noticias"],"aioseo_notices":[],"aioseo_head":"\n\t\t<!-- All in One SEO 4.9.10 - aioseo.com -->\n\t<meta name=\"description\" content=\"Desde Fundaci\u00f3n CAUCE expresamos nuestro pesar y exigimos justicia por los asesinatos del activista Bruno Pereira y del periodista brit\u00e1nico Dom Phillips, en la regi\u00f3n del Valle del Javari de la Amazon\u00eda brasile\u00f1a. Bruno Pereira, reconocido indigenista, comprometido con la lucha por los derechos de los pueblos ind\u00edgenas, trabaj\u00f3 durante m\u00e1s de 10 a\u00f1os en la regi\u00f3n\" \/>\n\t<meta name=\"robots\" content=\"max-image-preview:large\" \/>\n\t<meta name=\"author\" content=\"Ana Lucia Vergara\"\/>\n\t<link rel=\"canonical\" href=\"https:\/\/cauceecologico.org\/?p=3713\" \/>\n\t<meta name=\"generator\" content=\"All in One SEO (AIOSEO) 4.9.10\" \/>\n\t\t<meta property=\"og:locale\" content=\"es_ES\" \/>\n\t\t<meta property=\"og:site_name\" content=\"CAUCE - Cultura Ambiental - Causa Ecologista\" \/>\n\t\t<meta property=\"og:type\" content=\"article\" \/>\n\t\t<meta property=\"og:title\" content=\"Profundo pesar por los asesinatos del defensor Bruno Pereira y el periodista Dom Phillips - CAUCE\" \/>\n\t\t<meta property=\"og:description\" content=\"Desde Fundaci\u00f3n CAUCE expresamos nuestro pesar y exigimos justicia por los asesinatos del activista Bruno Pereira y del periodista brit\u00e1nico Dom Phillips, en la regi\u00f3n del Valle del Javari de la Amazon\u00eda brasile\u00f1a. Bruno Pereira, reconocido indigenista, comprometido con la lucha por los derechos de los pueblos ind\u00edgenas, trabaj\u00f3 durante m\u00e1s de 10 a\u00f1os en la regi\u00f3n\" \/>\n\t\t<meta property=\"og:url\" content=\"https:\/\/cauceecologico.org\/?p=3713\" \/>\n\t\t<meta property=\"article:published_time\" content=\"2022-06-28T22:24:03+00:00\" \/>\n\t\t<meta property=\"article:modified_time\" content=\"2022-06-28T22:28:40+00:00\" \/>\n\t\t<meta name=\"twitter:card\" content=\"summary_large_image\" \/>\n\t\t<meta name=\"twitter:title\" content=\"Profundo pesar por los asesinatos del defensor Bruno Pereira y el periodista Dom Phillips - CAUCE\" \/>\n\t\t<meta name=\"twitter:description\" content=\"Desde Fundaci\u00f3n CAUCE expresamos nuestro pesar y exigimos justicia por los asesinatos del activista Bruno Pereira y del periodista brit\u00e1nico Dom Phillips, en la regi\u00f3n del Valle del Javari de la Amazon\u00eda brasile\u00f1a. Bruno Pereira, reconocido indigenista, comprometido con la lucha por los derechos de los pueblos ind\u00edgenas, trabaj\u00f3 durante m\u00e1s de 10 a\u00f1os en la regi\u00f3n\" \/>\n\t\t<script type=\"application\/ld+json\" class=\"aioseo-schema\">\n\t\t\t{\"@context\":\"https:\\\/\\\/schema.org\",\"@graph\":[{\"@type\":\"BlogPosting\",\"@id\":\"https:\\\/\\\/cauceecologico.org\\\/?p=3713#blogposting\",\"name\":\"Profundo pesar por los asesinatos del defensor Bruno Pereira y el periodista Dom Phillips - CAUCE\",\"headline\":\"Profundo pesar por los asesinatos del defensor Bruno Pereira y el periodista Dom Phillips\",\"author\":{\"@id\":\"https:\\\/\\\/cauceecologico.org\\\/?author=2#author\"},\"publisher\":{\"@id\":\"https:\\\/\\\/cauceecologico.org\\\/#organization\"},\"image\":{\"@type\":\"ImageObject\",\"url\":\"https:\\\/\\\/cauceecologico.org\\\/wp-content\\\/uploads\\\/2022\\\/06\\\/125431599_gettyimages-1241341826.jpg\",\"width\":640,\"height\":360},\"datePublished\":\"2022-06-28T22:24:03+00:00\",\"dateModified\":\"2022-06-28T22:28:40+00:00\",\"inLanguage\":\"es-ES\",\"mainEntityOfPage\":{\"@id\":\"https:\\\/\\\/cauceecologico.org\\\/?p=3713#webpage\"},\"isPartOf\":{\"@id\":\"https:\\\/\\\/cauceecologico.org\\\/?p=3713#webpage\"},\"articleSection\":\"Noticias\"},{\"@type\":\"BreadcrumbList\",\"@id\":\"https:\\\/\\\/cauceecologico.org\\\/?p=3713#breadcrumblist\",\"itemListElement\":[{\"@type\":\"ListItem\",\"@id\":\"https:\\\/\\\/cauceecologico.org#listItem\",\"position\":1,\"name\":\"Home\",\"item\":\"https:\\\/\\\/cauceecologico.org\",\"nextItem\":{\"@type\":\"ListItem\",\"@id\":\"https:\\\/\\\/cauceecologico.org\\\/?cat=5#listItem\",\"name\":\"Noticias\"}},{\"@type\":\"ListItem\",\"@id\":\"https:\\\/\\\/cauceecologico.org\\\/?cat=5#listItem\",\"position\":2,\"name\":\"Noticias\",\"item\":\"https:\\\/\\\/cauceecologico.org\\\/?cat=5\",\"nextItem\":{\"@type\":\"ListItem\",\"@id\":\"https:\\\/\\\/cauceecologico.org\\\/?p=3713#listItem\",\"name\":\"Profundo pesar por los asesinatos del defensor Bruno Pereira y el periodista Dom Phillips\"},\"previousItem\":{\"@type\":\"ListItem\",\"@id\":\"https:\\\/\\\/cauceecologico.org#listItem\",\"name\":\"Home\"}},{\"@type\":\"ListItem\",\"@id\":\"https:\\\/\\\/cauceecologico.org\\\/?p=3713#listItem\",\"position\":3,\"name\":\"Profundo pesar por los asesinatos del defensor Bruno Pereira y el periodista Dom Phillips\",\"previousItem\":{\"@type\":\"ListItem\",\"@id\":\"https:\\\/\\\/cauceecologico.org\\\/?cat=5#listItem\",\"name\":\"Noticias\"}}]},{\"@type\":\"Organization\",\"@id\":\"https:\\\/\\\/cauceecologico.org\\\/#organization\",\"name\":\"CAUCE\",\"description\":\"Cultura Ambiental - Causa Ecologista\",\"url\":\"https:\\\/\\\/cauceecologico.org\\\/\"},{\"@type\":\"Person\",\"@id\":\"https:\\\/\\\/cauceecologico.org\\\/?author=2#author\",\"url\":\"https:\\\/\\\/cauceecologico.org\\\/?author=2\",\"name\":\"Ana Lucia Vergara\",\"image\":{\"@type\":\"ImageObject\",\"@id\":\"https:\\\/\\\/cauceecologico.org\\\/?p=3713#authorImage\",\"url\":\"https:\\\/\\\/secure.gravatar.com\\\/avatar\\\/e8720df08f5c466573fb9f3d6cec14bcac9a305e2049123e58e6bc9c03f3a77b?s=96&d=mm&r=g\",\"width\":96,\"height\":96,\"caption\":\"Ana Lucia Vergara\"}},{\"@type\":\"WebPage\",\"@id\":\"https:\\\/\\\/cauceecologico.org\\\/?p=3713#webpage\",\"url\":\"https:\\\/\\\/cauceecologico.org\\\/?p=3713\",\"name\":\"Profundo pesar por los asesinatos del defensor Bruno Pereira y el periodista Dom Phillips - CAUCE\",\"description\":\"Desde Fundaci\\u00f3n CAUCE expresamos nuestro pesar y exigimos justicia por los asesinatos del activista Bruno Pereira y del periodista brit\\u00e1nico Dom Phillips, en la regi\\u00f3n del Valle del Javari de la Amazon\\u00eda brasile\\u00f1a. Bruno Pereira, reconocido indigenista, comprometido con la lucha por los derechos de los pueblos ind\\u00edgenas, trabaj\\u00f3 durante m\\u00e1s de 10 a\\u00f1os en la regi\\u00f3n\",\"inLanguage\":\"es-ES\",\"isPartOf\":{\"@id\":\"https:\\\/\\\/cauceecologico.org\\\/#website\"},\"breadcrumb\":{\"@id\":\"https:\\\/\\\/cauceecologico.org\\\/?p=3713#breadcrumblist\"},\"author\":{\"@id\":\"https:\\\/\\\/cauceecologico.org\\\/?author=2#author\"},\"creator\":{\"@id\":\"https:\\\/\\\/cauceecologico.org\\\/?author=2#author\"},\"image\":{\"@type\":\"ImageObject\",\"url\":\"https:\\\/\\\/cauceecologico.org\\\/wp-content\\\/uploads\\\/2022\\\/06\\\/125431599_gettyimages-1241341826.jpg\",\"@id\":\"https:\\\/\\\/cauceecologico.org\\\/?p=3713\\\/#mainImage\",\"width\":640,\"height\":360},\"primaryImageOfPage\":{\"@id\":\"https:\\\/\\\/cauceecologico.org\\\/?p=3713#mainImage\"},\"datePublished\":\"2022-06-28T22:24:03+00:00\",\"dateModified\":\"2022-06-28T22:28:40+00:00\"},{\"@type\":\"WebSite\",\"@id\":\"https:\\\/\\\/cauceecologico.org\\\/#website\",\"url\":\"https:\\\/\\\/cauceecologico.org\\\/\",\"name\":\"CAUCE\",\"description\":\"Cultura Ambiental - Causa Ecologista\",\"inLanguage\":\"es-ES\",\"publisher\":{\"@id\":\"https:\\\/\\\/cauceecologico.org\\\/#organization\"}}]}\n\t\t<\/script>\n\t\t<!-- All in One SEO -->\n\n","aioseo_head_json":{"title":"Profundo pesar por los asesinatos del defensor Bruno Pereira y el periodista Dom Phillips - CAUCE","description":"Desde Fundaci\u00f3n CAUCE expresamos nuestro pesar y exigimos justicia por los asesinatos del activista Bruno Pereira y del periodista brit\u00e1nico Dom Phillips, en la regi\u00f3n del Valle del Javari de la Amazon\u00eda brasile\u00f1a. Bruno Pereira, reconocido indigenista, comprometido con la lucha por los derechos de los pueblos ind\u00edgenas, trabaj\u00f3 durante m\u00e1s de 10 a\u00f1os en la regi\u00f3n","canonical_url":"https:\/\/cauceecologico.org\/?p=3713","robots":"max-image-preview:large","keywords":"","webmasterTools":{"miscellaneous":""},"schema":{"@context":"https:\/\/schema.org","@graph":[{"@type":"BlogPosting","@id":"https:\/\/cauceecologico.org\/?p=3713#blogposting","name":"Profundo pesar por los asesinatos del defensor Bruno Pereira y el periodista Dom Phillips - CAUCE","headline":"Profundo pesar por los asesinatos del defensor Bruno Pereira y el periodista Dom Phillips","author":{"@id":"https:\/\/cauceecologico.org\/?author=2#author"},"publisher":{"@id":"https:\/\/cauceecologico.org\/#organization"},"image":{"@type":"ImageObject","url":"https:\/\/cauceecologico.org\/wp-content\/uploads\/2022\/06\/125431599_gettyimages-1241341826.jpg","width":640,"height":360},"datePublished":"2022-06-28T22:24:03+00:00","dateModified":"2022-06-28T22:28:40+00:00","inLanguage":"es-ES","mainEntityOfPage":{"@id":"https:\/\/cauceecologico.org\/?p=3713#webpage"},"isPartOf":{"@id":"https:\/\/cauceecologico.org\/?p=3713#webpage"},"articleSection":"Noticias"},{"@type":"BreadcrumbList","@id":"https:\/\/cauceecologico.org\/?p=3713#breadcrumblist","itemListElement":[{"@type":"ListItem","@id":"https:\/\/cauceecologico.org#listItem","position":1,"name":"Home","item":"https:\/\/cauceecologico.org","nextItem":{"@type":"ListItem","@id":"https:\/\/cauceecologico.org\/?cat=5#listItem","name":"Noticias"}},{"@type":"ListItem","@id":"https:\/\/cauceecologico.org\/?cat=5#listItem","position":2,"name":"Noticias","item":"https:\/\/cauceecologico.org\/?cat=5","nextItem":{"@type":"ListItem","@id":"https:\/\/cauceecologico.org\/?p=3713#listItem","name":"Profundo pesar por los asesinatos del defensor Bruno Pereira y el periodista Dom Phillips"},"previousItem":{"@type":"ListItem","@id":"https:\/\/cauceecologico.org#listItem","name":"Home"}},{"@type":"ListItem","@id":"https:\/\/cauceecologico.org\/?p=3713#listItem","position":3,"name":"Profundo pesar por los asesinatos del defensor Bruno Pereira y el periodista Dom Phillips","previousItem":{"@type":"ListItem","@id":"https:\/\/cauceecologico.org\/?cat=5#listItem","name":"Noticias"}}]},{"@type":"Organization","@id":"https:\/\/cauceecologico.org\/#organization","name":"CAUCE","description":"Cultura Ambiental - Causa Ecologista","url":"https:\/\/cauceecologico.org\/"},{"@type":"Person","@id":"https:\/\/cauceecologico.org\/?author=2#author","url":"https:\/\/cauceecologico.org\/?author=2","name":"Ana Lucia Vergara","image":{"@type":"ImageObject","@id":"https:\/\/cauceecologico.org\/?p=3713#authorImage","url":"https:\/\/secure.gravatar.com\/avatar\/e8720df08f5c466573fb9f3d6cec14bcac9a305e2049123e58e6bc9c03f3a77b?s=96&d=mm&r=g","width":96,"height":96,"caption":"Ana Lucia Vergara"}},{"@type":"WebPage","@id":"https:\/\/cauceecologico.org\/?p=3713#webpage","url":"https:\/\/cauceecologico.org\/?p=3713","name":"Profundo pesar por los asesinatos del defensor Bruno Pereira y el periodista Dom Phillips - CAUCE","description":"Desde Fundaci\u00f3n CAUCE expresamos nuestro pesar y exigimos justicia por los asesinatos del activista Bruno Pereira y del periodista brit\u00e1nico Dom Phillips, en la regi\u00f3n del Valle del Javari de la Amazon\u00eda brasile\u00f1a. Bruno Pereira, reconocido indigenista, comprometido con la lucha por los derechos de los pueblos ind\u00edgenas, trabaj\u00f3 durante m\u00e1s de 10 a\u00f1os en la regi\u00f3n","inLanguage":"es-ES","isPartOf":{"@id":"https:\/\/cauceecologico.org\/#website"},"breadcrumb":{"@id":"https:\/\/cauceecologico.org\/?p=3713#breadcrumblist"},"author":{"@id":"https:\/\/cauceecologico.org\/?author=2#author"},"creator":{"@id":"https:\/\/cauceecologico.org\/?author=2#author"},"image":{"@type":"ImageObject","url":"https:\/\/cauceecologico.org\/wp-content\/uploads\/2022\/06\/125431599_gettyimages-1241341826.jpg","@id":"https:\/\/cauceecologico.org\/?p=3713\/#mainImage","width":640,"height":360},"primaryImageOfPage":{"@id":"https:\/\/cauceecologico.org\/?p=3713#mainImage"},"datePublished":"2022-06-28T22:24:03+00:00","dateModified":"2022-06-28T22:28:40+00:00"},{"@type":"WebSite","@id":"https:\/\/cauceecologico.org\/#website","url":"https:\/\/cauceecologico.org\/","name":"CAUCE","description":"Cultura Ambiental - Causa Ecologista","inLanguage":"es-ES","publisher":{"@id":"https:\/\/cauceecologico.org\/#organization"}}]},"og:locale":"es_ES","og:site_name":"CAUCE - Cultura Ambiental - Causa Ecologista","og:type":"article","og:title":"Profundo pesar por los asesinatos del defensor Bruno Pereira y el periodista Dom Phillips - CAUCE","og:description":"Desde Fundaci\u00f3n CAUCE expresamos nuestro pesar y exigimos justicia por los asesinatos del activista Bruno Pereira y del periodista brit\u00e1nico Dom Phillips, en la regi\u00f3n del Valle del Javari de la Amazon\u00eda brasile\u00f1a. Bruno Pereira, reconocido indigenista, comprometido con la lucha por los derechos de los pueblos ind\u00edgenas, trabaj\u00f3 durante m\u00e1s de 10 a\u00f1os en la regi\u00f3n","og:url":"https:\/\/cauceecologico.org\/?p=3713","article:published_time":"2022-06-28T22:24:03+00:00","article:modified_time":"2022-06-28T22:28:40+00:00","twitter:card":"summary_large_image","twitter:title":"Profundo pesar por los asesinatos del defensor Bruno Pereira y el periodista Dom Phillips - CAUCE","twitter:description":"Desde Fundaci\u00f3n CAUCE expresamos nuestro pesar y exigimos justicia por los asesinatos del activista Bruno Pereira y del periodista brit\u00e1nico Dom Phillips, en la regi\u00f3n del Valle del Javari de la Amazon\u00eda brasile\u00f1a. Bruno Pereira, reconocido indigenista, comprometido con la lucha por los derechos de los pueblos ind\u00edgenas, trabaj\u00f3 durante m\u00e1s de 10 a\u00f1os en la regi\u00f3n"},"aioseo_meta_data":{"post_id":"3713","title":null,"description":null,"keywords":null,"keyphrases":null,"primary_term":null,"canonical_url":null,"og_title":null,"og_description":null,"og_object_type":"default","og_image_type":"default","og_image_url":null,"og_image_width":null,"og_image_height":null,"og_image_custom_url":null,"og_image_custom_fields":null,"og_video":null,"og_custom_url":null,"og_article_section":null,"og_article_tags":null,"twitter_use_og":false,"twitter_card":"default","twitter_image_type":"default","twitter_image_url":null,"twitter_image_custom_url":null,"twitter_image_custom_fields":null,"twitter_title":null,"twitter_description":null,"schema":{"blockGraphs":[],"customGraphs":[],"default":{"data":{"Article":[],"Course":[],"Dataset":[],"FAQPage":[],"Movie":[],"Person":[],"Product":[],"ProductReview":[],"Car":[],"Recipe":[],"Service":[],"SoftwareApplication":[],"WebPage":[]},"graphName":"","isEnabled":true},"graphs":[]},"schema_type":"default","schema_type_options":null,"pillar_content":false,"robots_default":true,"robots_noindex":false,"robots_noarchive":false,"robots_nosnippet":false,"robots_nofollow":false,"robots_noimageindex":false,"robots_noodp":false,"robots_notranslate":false,"robots_max_snippet":null,"robots_max_videopreview":null,"robots_max_imagepreview":"large","priority":null,"frequency":null,"local_seo":null,"limit_modified_date":false,"created":"2023-03-16 21:19:18","updated":"2026-07-28 01:41:43","ai":null,"breadcrumb_settings":null,"seo_analyzer_scan_date":null},"aioseo_breadcrumb":"<div class=\"aioseo-breadcrumbs\"><span class=\"aioseo-breadcrumb\">\n\t\t\t<a href=\"https:\/\/cauceecologico.org\" title=\"Home\">Home<\/a>\n\t\t<\/span><span class=\"aioseo-breadcrumb-separator\">&raquo;<\/span><span class=\"aioseo-breadcrumb\">\n\t\t\t<a href=\"https:\/\/cauceecologico.org\/?cat=5\" title=\"Noticias\">Noticias<\/a>\n\t\t<\/span><span class=\"aioseo-breadcrumb-separator\">&raquo;<\/span><span class=\"aioseo-breadcrumb\">\n\t\t\tProfundo pesar por los asesinatos del defensor Bruno Pereira y el periodista Dom Phillips\n\t\t<\/span><\/div>","aioseo_breadcrumb_json":[{"label":"Home","link":"https:\/\/cauceecologico.org"},{"label":"Noticias","link":"https:\/\/cauceecologico.org\/?cat=5"},{"label":"Profundo pesar por los asesinatos del defensor Bruno Pereira y el periodista Dom Phillips","link":"https:\/\/cauceecologico.org\/?p=3713"}],"_links":{"self":[{"href":"https:\/\/cauceecologico.org\/index.php?rest_route=\/wp\/v2\/posts\/3713","targetHints":{"allow":["GET"]}}],"collection":[{"href":"https:\/\/cauceecologico.org\/index.php?rest_route=\/wp\/v2\/posts"}],"about":[{"href":"https:\/\/cauceecologico.org\/index.php?rest_route=\/wp\/v2\/types\/post"}],"author":[{"embeddable":true,"href":"https:\/\/cauceecologico.org\/index.php?rest_route=\/wp\/v2\/users\/2"}],"replies":[{"embeddable":true,"href":"https:\/\/cauceecologico.org\/index.php?rest_route=%2Fwp%2Fv2%2Fcomments&post=3713"}],"version-history":[{"count":3,"href":"https:\/\/cauceecologico.org\/index.php?rest_route=\/wp\/v2\/posts\/3713\/revisions"}],"predecessor-version":[{"id":3718,"href":"https:\/\/cauceecologico.org\/index.php?rest_route=\/wp\/v2\/posts\/3713\/revisions\/3718"}],"wp:featuredmedia":[{"embeddable":true,"href":"https:\/\/cauceecologico.org\/index.php?rest_route=\/wp\/v2\/media\/3717"}],"wp:attachment":[{"href":"https:\/\/cauceecologico.org\/index.php?rest_route=%2Fwp%2Fv2%2Fmedia&parent=3713"}],"wp:term":[{"taxonomy":"category","embeddable":true,"href":"https:\/\/cauceecologico.org\/index.php?rest_route=%2Fwp%2Fv2%2Fcategories&post=3713"},{"taxonomy":"post_tag","embeddable":true,"href":"https:\/\/cauceecologico.org\/index.php?rest_route=%2Fwp%2Fv2%2Ftags&post=3713"}],"curies":[{"name":"wp","href":"https:\/\/api.w.org\/{rel}","templated":true}]}}