{"id":3750,"date":"2022-07-14T13:43:53","date_gmt":"2022-07-14T13:43:53","guid":{"rendered":"https:\/\/cauceecologico.org\/?p=3750"},"modified":"2022-07-15T12:59:24","modified_gmt":"2022-07-15T12:59:24","slug":"materiales-sobre-bajante-y-depredacion-de-peces-en-el-parana","status":"publish","type":"post","link":"https:\/\/cauceecologico.org\/?p=3750","title":{"rendered":"Materiales sobre bajante y depredaci\u00f3n de peces en el r\u00edo Paran\u00e1"},"content":{"rendered":"<p>En el marco de los <strong>Encuentros de Territorialidad<\/strong> del programa Humedales Sin Fronteras, organizaciones, activistas, integrantes de la comunidad acad\u00e9mica y cient\u00edfica,\u00a0 y personas interesadas en una construcci\u00f3n colectiva de gobernanza de los territorios,\u00a0 definimos, en mayo de 2021, trabajar la tem\u00e1tica de bajante extraordinaria y depredaci\u00f3n de peces, dada la gravedad de la situaci\u00f3n que atravesaba la regi\u00f3n.<\/p>\n<p>Como resultado del aporte de los actores participantes, se elabor\u00f3 un <span style=\"color: #3366ff;\"><strong><a style=\"color: #3366ff;\" href=\"http:\/\/cauceecologico.org\/wp-content\/uploads\/2022\/07\/documento-bajante-del-Parana-y-peces.pdf\">documento<\/a> \u00a0<\/strong><\/span>que cuenta con una breve introducci\u00f3n sobre la fauna \u00edctica y la bajante extraordinaria actual, realizado por el INALI (Instituto Nacional de Limnolog\u00eda). Luego, incorpora el an\u00e1lisis de los efectos de la bajante sobre la pesca y el mapeo de actores gubernamentales que intervienen en el manejo y gesti\u00f3n del \u201crecurso pesquero\u201d. A continuaci\u00f3n, se presentan las acciones desarrolladas y su estado actual. Para finalizar, el material incluye algunas consideraciones y estrategias a desarrollar en el futuro.<\/p>\n<p>Asimismo, en el marco de este espacio, se llev\u00f3 a cabo un <span style=\"color: #3366ff;\"><strong><a style=\"color: #3366ff;\" href=\"https:\/\/cauceecologico.org\/?p=3326\">informe period\u00edstico escrito y audiovisual<\/a><\/strong><\/span> y el podcast: <span style=\"color: #3366ff;\"><strong><a style=\"color: #3366ff;\" href=\"https:\/\/open.spotify.com\/show\/4fzu3rAtsqKjfjA1xcsBYE?si=86122fe98e9840f2\">\u00ab3 cosas que quiere ense\u00f1arnos la bajante del Paran\u00e1\u00bb<\/a><\/strong><\/span> que compartimos a continuaci\u00f3n:<\/p>\n<p>&nbsp;<\/p>\n<p><iframe loading=\"lazy\" style=\"border-radius: 12px;\" src=\"https:\/\/open.spotify.com\/embed\/episode\/6LP8BfJWQ0npLseY9t0PbR?utm_source=generator\" width=\"100%\" height=\"232\" frameborder=\"0\" allowfullscreen=\"allowfullscreen\"><\/iframe><\/p>\n<p><iframe loading=\"lazy\" style=\"border-radius: 12px;\" src=\"https:\/\/open.spotify.com\/embed\/episode\/4fTgulzpRRZsZwqcz8EiKP?utm_source=generator\" width=\"100%\" height=\"232\" frameborder=\"0\" allowfullscreen=\"allowfullscreen\"><\/iframe><\/p>\n<p><iframe loading=\"lazy\" style=\"border-radius: 12px;\" src=\"https:\/\/open.spotify.com\/embed\/episode\/3v9bxSj9HANc8TDcihsAti?utm_source=generator\" width=\"100%\" height=\"232\" frameborder=\"0\" allowfullscreen=\"allowfullscreen\"><\/iframe><\/p>\n<p>&nbsp;<\/p>\n<p>&#x1f4c4;\u00a0<span style=\"color: #3366ff;\"><strong><a style=\"color: #3366ff;\" href=\"http:\/\/cauceecologico.org\/wp-content\/uploads\/2022\/07\/documento-bajante-del-Parana-y-peces.pdf\">Descargar documento<\/a><\/strong><\/span><\/p>\n<p>&nbsp;<\/p>\n<p style=\"text-align: right;\">Fecha: 14\/07\/22<\/p>\n<p>&nbsp;<\/p>\n<p>&nbsp;<\/p>\n","protected":false},"excerpt":{"rendered":"<p>En el marco de los Encuentros de Territorialidad del programa Humedales Sin Fronteras, organizaciones, activistas, integrantes de la comunidad acad\u00e9mica y cient\u00edfica,\u00a0 y personas interesadas en una construcci\u00f3n colectiva de gobernanza de los territorios,\u00a0 definimos, en mayo de 2021, trabajar la tem\u00e1tica de bajante extraordinaria y depredaci\u00f3n de peces, dada la gravedad de la situaci\u00f3n [&hellip;]<\/p>\n","protected":false},"author":2,"featured_media":3752,"comment_status":"open","ping_status":"open","sticky":false,"template":"","format":"standard","meta":{"om_disable_all_campaigns":false,"_monsterinsights_skip_tracking":false,"amp_status":"","footnotes":""},"categories":[277,5,112],"tags":[],"class_list":["post-3750","post","type-post","status-publish","format-standard","has-post-thumbnail","hentry","category-acciones-de-monitoreo","category-noticias","category-rios-libres"],"aioseo_notices":[],"aioseo_head":"\n\t\t<!-- All in One SEO 4.9.10 - aioseo.com -->\n\t<meta name=\"description\" content=\"En el marco de los Encuentros de Territorialidad del programa Humedales Sin Fronteras, organizaciones, activistas, integrantes de la comunidad acad\u00e9mica y cient\u00edfica, y personas interesadas en una construcci\u00f3n colectiva de gobernanza de los territorios, definimos, en mayo de 2021, trabajar la tem\u00e1tica de bajante extraordinaria y depredaci\u00f3n de peces, dada la gravedad de la situaci\u00f3n\" \/>\n\t<meta name=\"robots\" content=\"max-image-preview:large\" \/>\n\t<meta name=\"author\" content=\"Ana Lucia Vergara\"\/>\n\t<link rel=\"canonical\" href=\"https:\/\/cauceecologico.org\/?p=3750\" \/>\n\t<meta name=\"generator\" content=\"All in One SEO (AIOSEO) 4.9.10\" \/>\n\t\t<meta property=\"og:locale\" content=\"es_ES\" \/>\n\t\t<meta property=\"og:site_name\" content=\"CAUCE - Cultura Ambiental - Causa Ecologista\" \/>\n\t\t<meta property=\"og:type\" content=\"article\" \/>\n\t\t<meta property=\"og:title\" content=\"Materiales sobre bajante y depredaci\u00f3n de peces en el r\u00edo Paran\u00e1 - CAUCE\" \/>\n\t\t<meta property=\"og:description\" content=\"En el marco de los Encuentros de Territorialidad del programa Humedales Sin Fronteras, organizaciones, activistas, integrantes de la comunidad acad\u00e9mica y cient\u00edfica, y personas interesadas en una construcci\u00f3n colectiva de gobernanza de los territorios, definimos, en mayo de 2021, trabajar la tem\u00e1tica de bajante extraordinaria y depredaci\u00f3n de peces, dada la gravedad de la situaci\u00f3n\" \/>\n\t\t<meta property=\"og:url\" content=\"https:\/\/cauceecologico.org\/?p=3750\" \/>\n\t\t<meta property=\"article:published_time\" content=\"2022-07-14T13:43:53+00:00\" \/>\n\t\t<meta property=\"article:modified_time\" content=\"2022-07-15T12:59:24+00:00\" \/>\n\t\t<meta name=\"twitter:card\" content=\"summary_large_image\" \/>\n\t\t<meta name=\"twitter:title\" content=\"Materiales sobre bajante y depredaci\u00f3n de peces en el r\u00edo Paran\u00e1 - CAUCE\" \/>\n\t\t<meta name=\"twitter:description\" content=\"En el marco de los Encuentros de Territorialidad del programa Humedales Sin Fronteras, organizaciones, activistas, integrantes de la comunidad acad\u00e9mica y cient\u00edfica, y personas interesadas en una construcci\u00f3n colectiva de gobernanza de los territorios, definimos, en mayo de 2021, trabajar la tem\u00e1tica de bajante extraordinaria y depredaci\u00f3n de peces, dada la gravedad de la situaci\u00f3n\" \/>\n\t\t<script type=\"application\/ld+json\" class=\"aioseo-schema\">\n\t\t\t{\"@context\":\"https:\\\/\\\/schema.org\",\"@graph\":[{\"@type\":\"BlogPosting\",\"@id\":\"https:\\\/\\\/cauceecologico.org\\\/?p=3750#blogposting\",\"name\":\"Materiales sobre bajante y depredaci\\u00f3n de peces en el r\\u00edo Paran\\u00e1 - CAUCE\",\"headline\":\"Materiales sobre bajante y depredaci\\u00f3n de peces en el r\\u00edo Paran\\u00e1\",\"author\":{\"@id\":\"https:\\\/\\\/cauceecologico.org\\\/?author=2#author\"},\"publisher\":{\"@id\":\"https:\\\/\\\/cauceecologico.org\\\/#organization\"},\"image\":{\"@type\":\"ImageObject\",\"url\":\"https:\\\/\\\/cauceecologico.org\\\/wp-content\\\/uploads\\\/2022\\\/07\\\/pesca01.png\",\"width\":2035,\"height\":2103},\"datePublished\":\"2022-07-14T13:43:53+00:00\",\"dateModified\":\"2022-07-15T12:59:24+00:00\",\"inLanguage\":\"es-ES\",\"mainEntityOfPage\":{\"@id\":\"https:\\\/\\\/cauceecologico.org\\\/?p=3750#webpage\"},\"isPartOf\":{\"@id\":\"https:\\\/\\\/cauceecologico.org\\\/?p=3750#webpage\"},\"articleSection\":\"Acciones de monitoreo, Noticias, R\\u00edos libres\"},{\"@type\":\"BreadcrumbList\",\"@id\":\"https:\\\/\\\/cauceecologico.org\\\/?p=3750#breadcrumblist\",\"itemListElement\":[{\"@type\":\"ListItem\",\"@id\":\"https:\\\/\\\/cauceecologico.org#listItem\",\"position\":1,\"name\":\"Home\",\"item\":\"https:\\\/\\\/cauceecologico.org\",\"nextItem\":{\"@type\":\"ListItem\",\"@id\":\"https:\\\/\\\/cauceecologico.org\\\/?cat=5#listItem\",\"name\":\"Noticias\"}},{\"@type\":\"ListItem\",\"@id\":\"https:\\\/\\\/cauceecologico.org\\\/?cat=5#listItem\",\"position\":2,\"name\":\"Noticias\",\"item\":\"https:\\\/\\\/cauceecologico.org\\\/?cat=5\",\"nextItem\":{\"@type\":\"ListItem\",\"@id\":\"https:\\\/\\\/cauceecologico.org\\\/?p=3750#listItem\",\"name\":\"Materiales sobre bajante y depredaci\\u00f3n de peces en el r\\u00edo Paran\\u00e1\"},\"previousItem\":{\"@type\":\"ListItem\",\"@id\":\"https:\\\/\\\/cauceecologico.org#listItem\",\"name\":\"Home\"}},{\"@type\":\"ListItem\",\"@id\":\"https:\\\/\\\/cauceecologico.org\\\/?p=3750#listItem\",\"position\":3,\"name\":\"Materiales sobre bajante y depredaci\\u00f3n de peces en el r\\u00edo Paran\\u00e1\",\"previousItem\":{\"@type\":\"ListItem\",\"@id\":\"https:\\\/\\\/cauceecologico.org\\\/?cat=5#listItem\",\"name\":\"Noticias\"}}]},{\"@type\":\"Organization\",\"@id\":\"https:\\\/\\\/cauceecologico.org\\\/#organization\",\"name\":\"CAUCE\",\"description\":\"Cultura Ambiental - Causa Ecologista\",\"url\":\"https:\\\/\\\/cauceecologico.org\\\/\"},{\"@type\":\"Person\",\"@id\":\"https:\\\/\\\/cauceecologico.org\\\/?author=2#author\",\"url\":\"https:\\\/\\\/cauceecologico.org\\\/?author=2\",\"name\":\"Ana Lucia Vergara\",\"image\":{\"@type\":\"ImageObject\",\"@id\":\"https:\\\/\\\/cauceecologico.org\\\/?p=3750#authorImage\",\"url\":\"https:\\\/\\\/secure.gravatar.com\\\/avatar\\\/e8720df08f5c466573fb9f3d6cec14bcac9a305e2049123e58e6bc9c03f3a77b?s=96&d=mm&r=g\",\"width\":96,\"height\":96,\"caption\":\"Ana Lucia Vergara\"}},{\"@type\":\"WebPage\",\"@id\":\"https:\\\/\\\/cauceecologico.org\\\/?p=3750#webpage\",\"url\":\"https:\\\/\\\/cauceecologico.org\\\/?p=3750\",\"name\":\"Materiales sobre bajante y depredaci\\u00f3n de peces en el r\\u00edo Paran\\u00e1 - CAUCE\",\"description\":\"En el marco de los Encuentros de Territorialidad del programa Humedales Sin Fronteras, organizaciones, activistas, integrantes de la comunidad acad\\u00e9mica y cient\\u00edfica, y personas interesadas en una construcci\\u00f3n colectiva de gobernanza de los territorios, definimos, en mayo de 2021, trabajar la tem\\u00e1tica de bajante extraordinaria y depredaci\\u00f3n de peces, dada la gravedad de la situaci\\u00f3n\",\"inLanguage\":\"es-ES\",\"isPartOf\":{\"@id\":\"https:\\\/\\\/cauceecologico.org\\\/#website\"},\"breadcrumb\":{\"@id\":\"https:\\\/\\\/cauceecologico.org\\\/?p=3750#breadcrumblist\"},\"author\":{\"@id\":\"https:\\\/\\\/cauceecologico.org\\\/?author=2#author\"},\"creator\":{\"@id\":\"https:\\\/\\\/cauceecologico.org\\\/?author=2#author\"},\"image\":{\"@type\":\"ImageObject\",\"url\":\"https:\\\/\\\/cauceecologico.org\\\/wp-content\\\/uploads\\\/2022\\\/07\\\/pesca01.png\",\"@id\":\"https:\\\/\\\/cauceecologico.org\\\/?p=3750\\\/#mainImage\",\"width\":2035,\"height\":2103},\"primaryImageOfPage\":{\"@id\":\"https:\\\/\\\/cauceecologico.org\\\/?p=3750#mainImage\"},\"datePublished\":\"2022-07-14T13:43:53+00:00\",\"dateModified\":\"2022-07-15T12:59:24+00:00\"},{\"@type\":\"WebSite\",\"@id\":\"https:\\\/\\\/cauceecologico.org\\\/#website\",\"url\":\"https:\\\/\\\/cauceecologico.org\\\/\",\"name\":\"CAUCE\",\"description\":\"Cultura Ambiental - Causa Ecologista\",\"inLanguage\":\"es-ES\",\"publisher\":{\"@id\":\"https:\\\/\\\/cauceecologico.org\\\/#organization\"}}]}\n\t\t<\/script>\n\t\t<!-- All in One SEO -->\n\n","aioseo_head_json":{"title":"Materiales sobre bajante y depredaci\u00f3n de peces en el r\u00edo Paran\u00e1 - CAUCE","description":"En el marco de los Encuentros de Territorialidad del programa Humedales Sin Fronteras, organizaciones, activistas, integrantes de la comunidad acad\u00e9mica y cient\u00edfica, y personas interesadas en una construcci\u00f3n colectiva de gobernanza de los territorios, definimos, en mayo de 2021, trabajar la tem\u00e1tica de bajante extraordinaria y depredaci\u00f3n de peces, dada la gravedad de la situaci\u00f3n","canonical_url":"https:\/\/cauceecologico.org\/?p=3750","robots":"max-image-preview:large","keywords":"","webmasterTools":{"miscellaneous":""},"schema":{"@context":"https:\/\/schema.org","@graph":[{"@type":"BlogPosting","@id":"https:\/\/cauceecologico.org\/?p=3750#blogposting","name":"Materiales sobre bajante y depredaci\u00f3n de peces en el r\u00edo Paran\u00e1 - CAUCE","headline":"Materiales sobre bajante y depredaci\u00f3n de peces en el r\u00edo Paran\u00e1","author":{"@id":"https:\/\/cauceecologico.org\/?author=2#author"},"publisher":{"@id":"https:\/\/cauceecologico.org\/#organization"},"image":{"@type":"ImageObject","url":"https:\/\/cauceecologico.org\/wp-content\/uploads\/2022\/07\/pesca01.png","width":2035,"height":2103},"datePublished":"2022-07-14T13:43:53+00:00","dateModified":"2022-07-15T12:59:24+00:00","inLanguage":"es-ES","mainEntityOfPage":{"@id":"https:\/\/cauceecologico.org\/?p=3750#webpage"},"isPartOf":{"@id":"https:\/\/cauceecologico.org\/?p=3750#webpage"},"articleSection":"Acciones de monitoreo, Noticias, R\u00edos libres"},{"@type":"BreadcrumbList","@id":"https:\/\/cauceecologico.org\/?p=3750#breadcrumblist","itemListElement":[{"@type":"ListItem","@id":"https:\/\/cauceecologico.org#listItem","position":1,"name":"Home","item":"https:\/\/cauceecologico.org","nextItem":{"@type":"ListItem","@id":"https:\/\/cauceecologico.org\/?cat=5#listItem","name":"Noticias"}},{"@type":"ListItem","@id":"https:\/\/cauceecologico.org\/?cat=5#listItem","position":2,"name":"Noticias","item":"https:\/\/cauceecologico.org\/?cat=5","nextItem":{"@type":"ListItem","@id":"https:\/\/cauceecologico.org\/?p=3750#listItem","name":"Materiales sobre bajante y depredaci\u00f3n de peces en el r\u00edo Paran\u00e1"},"previousItem":{"@type":"ListItem","@id":"https:\/\/cauceecologico.org#listItem","name":"Home"}},{"@type":"ListItem","@id":"https:\/\/cauceecologico.org\/?p=3750#listItem","position":3,"name":"Materiales sobre bajante y depredaci\u00f3n de peces en el r\u00edo Paran\u00e1","previousItem":{"@type":"ListItem","@id":"https:\/\/cauceecologico.org\/?cat=5#listItem","name":"Noticias"}}]},{"@type":"Organization","@id":"https:\/\/cauceecologico.org\/#organization","name":"CAUCE","description":"Cultura Ambiental - Causa Ecologista","url":"https:\/\/cauceecologico.org\/"},{"@type":"Person","@id":"https:\/\/cauceecologico.org\/?author=2#author","url":"https:\/\/cauceecologico.org\/?author=2","name":"Ana Lucia Vergara","image":{"@type":"ImageObject","@id":"https:\/\/cauceecologico.org\/?p=3750#authorImage","url":"https:\/\/secure.gravatar.com\/avatar\/e8720df08f5c466573fb9f3d6cec14bcac9a305e2049123e58e6bc9c03f3a77b?s=96&d=mm&r=g","width":96,"height":96,"caption":"Ana Lucia Vergara"}},{"@type":"WebPage","@id":"https:\/\/cauceecologico.org\/?p=3750#webpage","url":"https:\/\/cauceecologico.org\/?p=3750","name":"Materiales sobre bajante y depredaci\u00f3n de peces en el r\u00edo Paran\u00e1 - CAUCE","description":"En el marco de los Encuentros de Territorialidad del programa Humedales Sin Fronteras, organizaciones, activistas, integrantes de la comunidad acad\u00e9mica y cient\u00edfica, y personas interesadas en una construcci\u00f3n colectiva de gobernanza de los territorios, definimos, en mayo de 2021, trabajar la tem\u00e1tica de bajante extraordinaria y depredaci\u00f3n de peces, dada la gravedad de la situaci\u00f3n","inLanguage":"es-ES","isPartOf":{"@id":"https:\/\/cauceecologico.org\/#website"},"breadcrumb":{"@id":"https:\/\/cauceecologico.org\/?p=3750#breadcrumblist"},"author":{"@id":"https:\/\/cauceecologico.org\/?author=2#author"},"creator":{"@id":"https:\/\/cauceecologico.org\/?author=2#author"},"image":{"@type":"ImageObject","url":"https:\/\/cauceecologico.org\/wp-content\/uploads\/2022\/07\/pesca01.png","@id":"https:\/\/cauceecologico.org\/?p=3750\/#mainImage","width":2035,"height":2103},"primaryImageOfPage":{"@id":"https:\/\/cauceecologico.org\/?p=3750#mainImage"},"datePublished":"2022-07-14T13:43:53+00:00","dateModified":"2022-07-15T12:59:24+00:00"},{"@type":"WebSite","@id":"https:\/\/cauceecologico.org\/#website","url":"https:\/\/cauceecologico.org\/","name":"CAUCE","description":"Cultura Ambiental - Causa Ecologista","inLanguage":"es-ES","publisher":{"@id":"https:\/\/cauceecologico.org\/#organization"}}]},"og:locale":"es_ES","og:site_name":"CAUCE - Cultura Ambiental - Causa Ecologista","og:type":"article","og:title":"Materiales sobre bajante y depredaci\u00f3n de peces en el r\u00edo Paran\u00e1 - CAUCE","og:description":"En el marco de los Encuentros de Territorialidad del programa Humedales Sin Fronteras, organizaciones, activistas, integrantes de la comunidad acad\u00e9mica y cient\u00edfica, y personas interesadas en una construcci\u00f3n colectiva de gobernanza de los territorios, definimos, en mayo de 2021, trabajar la tem\u00e1tica de bajante extraordinaria y depredaci\u00f3n de peces, dada la gravedad de la situaci\u00f3n","og:url":"https:\/\/cauceecologico.org\/?p=3750","article:published_time":"2022-07-14T13:43:53+00:00","article:modified_time":"2022-07-15T12:59:24+00:00","twitter:card":"summary_large_image","twitter:title":"Materiales sobre bajante y depredaci\u00f3n de peces en el r\u00edo Paran\u00e1 - CAUCE","twitter:description":"En el marco de los Encuentros de Territorialidad del programa Humedales Sin Fronteras, organizaciones, activistas, integrantes de la comunidad acad\u00e9mica y cient\u00edfica, y personas interesadas en una construcci\u00f3n colectiva de gobernanza de los territorios, definimos, en mayo de 2021, trabajar la tem\u00e1tica de bajante extraordinaria y depredaci\u00f3n de peces, dada la gravedad de la situaci\u00f3n"},"aioseo_meta_data":{"post_id":"3750","title":null,"description":null,"keywords":null,"keyphrases":null,"primary_term":null,"canonical_url":null,"og_title":null,"og_description":null,"og_object_type":"default","og_image_type":"default","og_image_url":null,"og_image_width":null,"og_image_height":null,"og_image_custom_url":null,"og_image_custom_fields":null,"og_video":null,"og_custom_url":null,"og_article_section":null,"og_article_tags":null,"twitter_use_og":false,"twitter_card":"default","twitter_image_type":"default","twitter_image_url":null,"twitter_image_custom_url":null,"twitter_image_custom_fields":null,"twitter_title":null,"twitter_description":null,"schema":{"blockGraphs":[],"customGraphs":[],"default":{"data":{"Article":[],"Course":[],"Dataset":[],"FAQPage":[],"Movie":[],"Person":[],"Product":[],"ProductReview":[],"Car":[],"Recipe":[],"Service":[],"SoftwareApplication":[],"WebPage":[]},"graphName":"","isEnabled":true},"graphs":[]},"schema_type":"default","schema_type_options":null,"pillar_content":false,"robots_default":true,"robots_noindex":false,"robots_noarchive":false,"robots_nosnippet":false,"robots_nofollow":false,"robots_noimageindex":false,"robots_noodp":false,"robots_notranslate":false,"robots_max_snippet":null,"robots_max_videopreview":null,"robots_max_imagepreview":"large","priority":null,"frequency":null,"local_seo":null,"limit_modified_date":false,"created":"2023-03-16 21:19:18","updated":"2026-07-28 01:41:43","ai":null,"breadcrumb_settings":null,"seo_analyzer_scan_date":null},"aioseo_breadcrumb":"<div class=\"aioseo-breadcrumbs\"><span class=\"aioseo-breadcrumb\">\n\t\t\t<a href=\"https:\/\/cauceecologico.org\" title=\"Home\">Home<\/a>\n\t\t<\/span><span class=\"aioseo-breadcrumb-separator\">&raquo;<\/span><span class=\"aioseo-breadcrumb\">\n\t\t\t<a href=\"https:\/\/cauceecologico.org\/?cat=5\" title=\"Noticias\">Noticias<\/a>\n\t\t<\/span><span class=\"aioseo-breadcrumb-separator\">&raquo;<\/span><span class=\"aioseo-breadcrumb\">\n\t\t\tMateriales sobre bajante y depredaci\u00f3n de peces en el r\u00edo Paran\u00e1\n\t\t<\/span><\/div>","aioseo_breadcrumb_json":[{"label":"Home","link":"https:\/\/cauceecologico.org"},{"label":"Noticias","link":"https:\/\/cauceecologico.org\/?cat=5"},{"label":"Materiales sobre bajante y depredaci\u00f3n de peces en el r\u00edo Paran\u00e1","link":"https:\/\/cauceecologico.org\/?p=3750"}],"_links":{"self":[{"href":"https:\/\/cauceecologico.org\/index.php?rest_route=\/wp\/v2\/posts\/3750","targetHints":{"allow":["GET"]}}],"collection":[{"href":"https:\/\/cauceecologico.org\/index.php?rest_route=\/wp\/v2\/posts"}],"about":[{"href":"https:\/\/cauceecologico.org\/index.php?rest_route=\/wp\/v2\/types\/post"}],"author":[{"embeddable":true,"href":"https:\/\/cauceecologico.org\/index.php?rest_route=\/wp\/v2\/users\/2"}],"replies":[{"embeddable":true,"href":"https:\/\/cauceecologico.org\/index.php?rest_route=%2Fwp%2Fv2%2Fcomments&post=3750"}],"version-history":[{"count":3,"href":"https:\/\/cauceecologico.org\/index.php?rest_route=\/wp\/v2\/posts\/3750\/revisions"}],"predecessor-version":[{"id":3757,"href":"https:\/\/cauceecologico.org\/index.php?rest_route=\/wp\/v2\/posts\/3750\/revisions\/3757"}],"wp:featuredmedia":[{"embeddable":true,"href":"https:\/\/cauceecologico.org\/index.php?rest_route=\/wp\/v2\/media\/3752"}],"wp:attachment":[{"href":"https:\/\/cauceecologico.org\/index.php?rest_route=%2Fwp%2Fv2%2Fmedia&parent=3750"}],"wp:term":[{"taxonomy":"category","embeddable":true,"href":"https:\/\/cauceecologico.org\/index.php?rest_route=%2Fwp%2Fv2%2Fcategories&post=3750"},{"taxonomy":"post_tag","embeddable":true,"href":"https:\/\/cauceecologico.org\/index.php?rest_route=%2Fwp%2Fv2%2Ftags&post=3750"}],"curies":[{"name":"wp","href":"https:\/\/api.w.org\/{rel}","templated":true}]}}