{"id":3847,"date":"2022-08-19T14:06:24","date_gmt":"2022-08-19T14:06:24","guid":{"rendered":"https:\/\/cauceecologico.org\/?p=3847"},"modified":"2022-08-19T14:08:27","modified_gmt":"2022-08-19T14:08:27","slug":"ley-de-humedales-140-organizaciones-socioambientales-presentamos-una-nota-a-diputados","status":"publish","type":"post","link":"https:\/\/cauceecologico.org\/?p=3847","title":{"rendered":"Ley de Humedales: 140 organizaciones socioambientales presentamos una nota a Diputados"},"content":{"rendered":"<p><span style=\"font-weight: 400;\">Esta semana m\u00e1s de 140 organizaciones socioambientales presentamos nota formal ante la Presidenta de la C\u00e1mara de Diputados y los presidentes de las Comisiones de Recursos Naturales, Agricultura y Ganader\u00eda y Presupuesto demandando Plenario de Comisiones y urgente tratamiento de la Ley de Humedales.<\/span><\/p>\n<p><span style=\"font-weight: 400;\">Exigimos Ley de Humedales, pero no cualquier ley. Apoyamos el proyecto consensuado en Diputados que espera ser votado desde 2020, actual <\/span><span style=\"color: #3366ff;\"><a style=\"color: #3366ff;\" href=\"https:\/\/www4.hcdn.gob.ar\/dependencias\/dsecretaria\/Periodo2022\/PDF2022\/TP2022\/0075-D-2022.pdf\"><span style=\"font-weight: 400;\">Proyecto 0075-D-2022<\/span><\/a><span style=\"font-weight: 400;\">.<\/span><\/span><\/p>\n<p><span style=\"font-weight: 400;\">Adem\u00e1s, anunciamos la convocatoria a una Acci\u00f3n Plurinacional por los Humedales los d\u00edas 3 y 4 de septiembre, que tendr\u00e1 difusi\u00f3n en redes los pr\u00f3ximos d\u00edas.\u00a0<\/span><\/p>\n<p><strong><span style=\"color: #3366ff;\"><a style=\"color: #3366ff;\" href=\"http:\/\/cauceecologico.org\/wp-content\/uploads\/2022\/08\/Nota-Comisiones-y-Presidente-Camara-x-Plenario-AGO-22.pdf\">Nota Comisiones y Presidente C\u00e1mara x Plenario &#8211; AGO 22<\/a><\/span><\/strong><\/p>\n<p>Relacionada:<\/p>\n<p><span style=\"color: #3366ff;\"><a style=\"color: #3366ff;\" href=\"https:\/\/cauceecologico.org\/?p=3056\"><span class=\"fe5nidar khvhiq1o r5qsrrlp i5tg98hk f9ovudaz przvwfww gx1rr48f gfz4du6o r7fjleex nz2484kf svot0ezm dcnh1tix sxl192xd t3g6t33p\"><span class=\"mpj7bzys xzlurrtv\">&#x1f517;<\/span><\/span>Nuevo informe: Delta del Paran\u00e1. Las quemas no tienen fin<\/a><\/span><\/p>\n","protected":false},"excerpt":{"rendered":"<p>Esta semana m\u00e1s de 140 organizaciones socioambientales presentamos nota formal ante la Presidenta de la C\u00e1mara de Diputados y los presidentes de las Comisiones de Recursos Naturales, Agricultura y Ganader\u00eda y Presupuesto demandando Plenario de Comisiones y urgente tratamiento de la Ley de Humedales. Exigimos Ley de Humedales, pero no cualquier ley. Apoyamos el proyecto [&hellip;]<\/p>\n","protected":false},"author":2,"featured_media":3365,"comment_status":"open","ping_status":"open","sticky":false,"template":"","format":"standard","meta":{"om_disable_all_campaigns":false,"_monsterinsights_skip_tracking":false,"amp_status":"","footnotes":""},"categories":[276,5],"tags":[],"class_list":["post-3847","post","type-post","status-publish","format-standard","has-post-thumbnail","hentry","category-delta","category-noticias"],"aioseo_notices":[],"aioseo_head":"\n\t\t<!-- All in One SEO 4.9.10 - aioseo.com -->\n\t<meta name=\"description\" content=\"Esta semana m\u00e1s de 140 organizaciones socioambientales presentamos nota formal ante la Presidenta de la C\u00e1mara de Diputados y los presidentes de las Comisiones de Recursos Naturales, Agricultura y Ganader\u00eda y Presupuesto demandando Plenario de Comisiones y urgente tratamiento de la Ley de Humedales. Exigimos Ley de Humedales, pero no cualquier ley. Apoyamos el proyecto\" \/>\n\t<meta name=\"robots\" content=\"max-image-preview:large\" \/>\n\t<meta name=\"author\" content=\"Ana Lucia Vergara\"\/>\n\t<link rel=\"canonical\" href=\"https:\/\/cauceecologico.org\/?p=3847\" \/>\n\t<meta name=\"generator\" content=\"All in One SEO (AIOSEO) 4.9.10\" \/>\n\t\t<meta property=\"og:locale\" content=\"es_ES\" \/>\n\t\t<meta property=\"og:site_name\" content=\"CAUCE - Cultura Ambiental - Causa Ecologista\" \/>\n\t\t<meta property=\"og:type\" content=\"article\" \/>\n\t\t<meta property=\"og:title\" content=\"Ley de Humedales: 140 organizaciones socioambientales presentamos una nota a Diputados - CAUCE\" \/>\n\t\t<meta property=\"og:description\" content=\"Esta semana m\u00e1s de 140 organizaciones socioambientales presentamos nota formal ante la Presidenta de la C\u00e1mara de Diputados y los presidentes de las Comisiones de Recursos Naturales, Agricultura y Ganader\u00eda y Presupuesto demandando Plenario de Comisiones y urgente tratamiento de la Ley de Humedales. Exigimos Ley de Humedales, pero no cualquier ley. Apoyamos el proyecto\" \/>\n\t\t<meta property=\"og:url\" content=\"https:\/\/cauceecologico.org\/?p=3847\" \/>\n\t\t<meta property=\"article:published_time\" content=\"2022-08-19T14:06:24+00:00\" \/>\n\t\t<meta property=\"article:modified_time\" content=\"2022-08-19T14:08:27+00:00\" \/>\n\t\t<meta name=\"twitter:card\" content=\"summary_large_image\" \/>\n\t\t<meta name=\"twitter:title\" content=\"Ley de Humedales: 140 organizaciones socioambientales presentamos una nota a Diputados - CAUCE\" \/>\n\t\t<meta name=\"twitter:description\" content=\"Esta semana m\u00e1s de 140 organizaciones socioambientales presentamos nota formal ante la Presidenta de la C\u00e1mara de Diputados y los presidentes de las Comisiones de Recursos Naturales, Agricultura y Ganader\u00eda y Presupuesto demandando Plenario de Comisiones y urgente tratamiento de la Ley de Humedales. Exigimos Ley de Humedales, pero no cualquier ley. Apoyamos el proyecto\" \/>\n\t\t<script type=\"application\/ld+json\" class=\"aioseo-schema\">\n\t\t\t{\"@context\":\"https:\\\/\\\/schema.org\",\"@graph\":[{\"@type\":\"BlogPosting\",\"@id\":\"https:\\\/\\\/cauceecologico.org\\\/?p=3847#blogposting\",\"name\":\"Ley de Humedales: 140 organizaciones socioambientales presentamos una nota a Diputados - CAUCE\",\"headline\":\"Ley de Humedales: 140 organizaciones socioambientales presentamos una nota a Diputados\",\"author\":{\"@id\":\"https:\\\/\\\/cauceecologico.org\\\/?author=2#author\"},\"publisher\":{\"@id\":\"https:\\\/\\\/cauceecologico.org\\\/#organization\"},\"image\":{\"@type\":\"ImageObject\",\"url\":\"https:\\\/\\\/cauceecologico.org\\\/wp-content\\\/uploads\\\/2021\\\/12\\\/20210818184704_IMG_3665-3.jpg\",\"width\":906,\"height\":604},\"datePublished\":\"2022-08-19T14:06:24+00:00\",\"dateModified\":\"2022-08-19T14:08:27+00:00\",\"inLanguage\":\"es-ES\",\"mainEntityOfPage\":{\"@id\":\"https:\\\/\\\/cauceecologico.org\\\/?p=3847#webpage\"},\"isPartOf\":{\"@id\":\"https:\\\/\\\/cauceecologico.org\\\/?p=3847#webpage\"},\"articleSection\":\"Delta, Noticias\"},{\"@type\":\"BreadcrumbList\",\"@id\":\"https:\\\/\\\/cauceecologico.org\\\/?p=3847#breadcrumblist\",\"itemListElement\":[{\"@type\":\"ListItem\",\"@id\":\"https:\\\/\\\/cauceecologico.org#listItem\",\"position\":1,\"name\":\"Home\",\"item\":\"https:\\\/\\\/cauceecologico.org\",\"nextItem\":{\"@type\":\"ListItem\",\"@id\":\"https:\\\/\\\/cauceecologico.org\\\/?cat=5#listItem\",\"name\":\"Noticias\"}},{\"@type\":\"ListItem\",\"@id\":\"https:\\\/\\\/cauceecologico.org\\\/?cat=5#listItem\",\"position\":2,\"name\":\"Noticias\",\"item\":\"https:\\\/\\\/cauceecologico.org\\\/?cat=5\",\"nextItem\":{\"@type\":\"ListItem\",\"@id\":\"https:\\\/\\\/cauceecologico.org\\\/?p=3847#listItem\",\"name\":\"Ley de Humedales: 140 organizaciones socioambientales presentamos una nota a Diputados\"},\"previousItem\":{\"@type\":\"ListItem\",\"@id\":\"https:\\\/\\\/cauceecologico.org#listItem\",\"name\":\"Home\"}},{\"@type\":\"ListItem\",\"@id\":\"https:\\\/\\\/cauceecologico.org\\\/?p=3847#listItem\",\"position\":3,\"name\":\"Ley de Humedales: 140 organizaciones socioambientales presentamos una nota a Diputados\",\"previousItem\":{\"@type\":\"ListItem\",\"@id\":\"https:\\\/\\\/cauceecologico.org\\\/?cat=5#listItem\",\"name\":\"Noticias\"}}]},{\"@type\":\"Organization\",\"@id\":\"https:\\\/\\\/cauceecologico.org\\\/#organization\",\"name\":\"CAUCE\",\"description\":\"Cultura Ambiental - Causa Ecologista\",\"url\":\"https:\\\/\\\/cauceecologico.org\\\/\"},{\"@type\":\"Person\",\"@id\":\"https:\\\/\\\/cauceecologico.org\\\/?author=2#author\",\"url\":\"https:\\\/\\\/cauceecologico.org\\\/?author=2\",\"name\":\"Ana Lucia Vergara\",\"image\":{\"@type\":\"ImageObject\",\"@id\":\"https:\\\/\\\/cauceecologico.org\\\/?p=3847#authorImage\",\"url\":\"https:\\\/\\\/secure.gravatar.com\\\/avatar\\\/e8720df08f5c466573fb9f3d6cec14bcac9a305e2049123e58e6bc9c03f3a77b?s=96&d=mm&r=g\",\"width\":96,\"height\":96,\"caption\":\"Ana Lucia Vergara\"}},{\"@type\":\"WebPage\",\"@id\":\"https:\\\/\\\/cauceecologico.org\\\/?p=3847#webpage\",\"url\":\"https:\\\/\\\/cauceecologico.org\\\/?p=3847\",\"name\":\"Ley de Humedales: 140 organizaciones socioambientales presentamos una nota a Diputados - CAUCE\",\"description\":\"Esta semana m\\u00e1s de 140 organizaciones socioambientales presentamos nota formal ante la Presidenta de la C\\u00e1mara de Diputados y los presidentes de las Comisiones de Recursos Naturales, Agricultura y Ganader\\u00eda y Presupuesto demandando Plenario de Comisiones y urgente tratamiento de la Ley de Humedales. Exigimos Ley de Humedales, pero no cualquier ley. Apoyamos el proyecto\",\"inLanguage\":\"es-ES\",\"isPartOf\":{\"@id\":\"https:\\\/\\\/cauceecologico.org\\\/#website\"},\"breadcrumb\":{\"@id\":\"https:\\\/\\\/cauceecologico.org\\\/?p=3847#breadcrumblist\"},\"author\":{\"@id\":\"https:\\\/\\\/cauceecologico.org\\\/?author=2#author\"},\"creator\":{\"@id\":\"https:\\\/\\\/cauceecologico.org\\\/?author=2#author\"},\"image\":{\"@type\":\"ImageObject\",\"url\":\"https:\\\/\\\/cauceecologico.org\\\/wp-content\\\/uploads\\\/2021\\\/12\\\/20210818184704_IMG_3665-3.jpg\",\"@id\":\"https:\\\/\\\/cauceecologico.org\\\/?p=3847\\\/#mainImage\",\"width\":906,\"height\":604},\"primaryImageOfPage\":{\"@id\":\"https:\\\/\\\/cauceecologico.org\\\/?p=3847#mainImage\"},\"datePublished\":\"2022-08-19T14:06:24+00:00\",\"dateModified\":\"2022-08-19T14:08:27+00:00\"},{\"@type\":\"WebSite\",\"@id\":\"https:\\\/\\\/cauceecologico.org\\\/#website\",\"url\":\"https:\\\/\\\/cauceecologico.org\\\/\",\"name\":\"CAUCE\",\"description\":\"Cultura Ambiental - Causa Ecologista\",\"inLanguage\":\"es-ES\",\"publisher\":{\"@id\":\"https:\\\/\\\/cauceecologico.org\\\/#organization\"}}]}\n\t\t<\/script>\n\t\t<!-- All in One SEO -->\n\n","aioseo_head_json":{"title":"Ley de Humedales: 140 organizaciones socioambientales presentamos una nota a Diputados - CAUCE","description":"Esta semana m\u00e1s de 140 organizaciones socioambientales presentamos nota formal ante la Presidenta de la C\u00e1mara de Diputados y los presidentes de las Comisiones de Recursos Naturales, Agricultura y Ganader\u00eda y Presupuesto demandando Plenario de Comisiones y urgente tratamiento de la Ley de Humedales. Exigimos Ley de Humedales, pero no cualquier ley. Apoyamos el proyecto","canonical_url":"https:\/\/cauceecologico.org\/?p=3847","robots":"max-image-preview:large","keywords":"","webmasterTools":{"miscellaneous":""},"schema":{"@context":"https:\/\/schema.org","@graph":[{"@type":"BlogPosting","@id":"https:\/\/cauceecologico.org\/?p=3847#blogposting","name":"Ley de Humedales: 140 organizaciones socioambientales presentamos una nota a Diputados - CAUCE","headline":"Ley de Humedales: 140 organizaciones socioambientales presentamos una nota a Diputados","author":{"@id":"https:\/\/cauceecologico.org\/?author=2#author"},"publisher":{"@id":"https:\/\/cauceecologico.org\/#organization"},"image":{"@type":"ImageObject","url":"https:\/\/cauceecologico.org\/wp-content\/uploads\/2021\/12\/20210818184704_IMG_3665-3.jpg","width":906,"height":604},"datePublished":"2022-08-19T14:06:24+00:00","dateModified":"2022-08-19T14:08:27+00:00","inLanguage":"es-ES","mainEntityOfPage":{"@id":"https:\/\/cauceecologico.org\/?p=3847#webpage"},"isPartOf":{"@id":"https:\/\/cauceecologico.org\/?p=3847#webpage"},"articleSection":"Delta, Noticias"},{"@type":"BreadcrumbList","@id":"https:\/\/cauceecologico.org\/?p=3847#breadcrumblist","itemListElement":[{"@type":"ListItem","@id":"https:\/\/cauceecologico.org#listItem","position":1,"name":"Home","item":"https:\/\/cauceecologico.org","nextItem":{"@type":"ListItem","@id":"https:\/\/cauceecologico.org\/?cat=5#listItem","name":"Noticias"}},{"@type":"ListItem","@id":"https:\/\/cauceecologico.org\/?cat=5#listItem","position":2,"name":"Noticias","item":"https:\/\/cauceecologico.org\/?cat=5","nextItem":{"@type":"ListItem","@id":"https:\/\/cauceecologico.org\/?p=3847#listItem","name":"Ley de Humedales: 140 organizaciones socioambientales presentamos una nota a Diputados"},"previousItem":{"@type":"ListItem","@id":"https:\/\/cauceecologico.org#listItem","name":"Home"}},{"@type":"ListItem","@id":"https:\/\/cauceecologico.org\/?p=3847#listItem","position":3,"name":"Ley de Humedales: 140 organizaciones socioambientales presentamos una nota a Diputados","previousItem":{"@type":"ListItem","@id":"https:\/\/cauceecologico.org\/?cat=5#listItem","name":"Noticias"}}]},{"@type":"Organization","@id":"https:\/\/cauceecologico.org\/#organization","name":"CAUCE","description":"Cultura Ambiental - Causa Ecologista","url":"https:\/\/cauceecologico.org\/"},{"@type":"Person","@id":"https:\/\/cauceecologico.org\/?author=2#author","url":"https:\/\/cauceecologico.org\/?author=2","name":"Ana Lucia Vergara","image":{"@type":"ImageObject","@id":"https:\/\/cauceecologico.org\/?p=3847#authorImage","url":"https:\/\/secure.gravatar.com\/avatar\/e8720df08f5c466573fb9f3d6cec14bcac9a305e2049123e58e6bc9c03f3a77b?s=96&d=mm&r=g","width":96,"height":96,"caption":"Ana Lucia Vergara"}},{"@type":"WebPage","@id":"https:\/\/cauceecologico.org\/?p=3847#webpage","url":"https:\/\/cauceecologico.org\/?p=3847","name":"Ley de Humedales: 140 organizaciones socioambientales presentamos una nota a Diputados - CAUCE","description":"Esta semana m\u00e1s de 140 organizaciones socioambientales presentamos nota formal ante la Presidenta de la C\u00e1mara de Diputados y los presidentes de las Comisiones de Recursos Naturales, Agricultura y Ganader\u00eda y Presupuesto demandando Plenario de Comisiones y urgente tratamiento de la Ley de Humedales. Exigimos Ley de Humedales, pero no cualquier ley. Apoyamos el proyecto","inLanguage":"es-ES","isPartOf":{"@id":"https:\/\/cauceecologico.org\/#website"},"breadcrumb":{"@id":"https:\/\/cauceecologico.org\/?p=3847#breadcrumblist"},"author":{"@id":"https:\/\/cauceecologico.org\/?author=2#author"},"creator":{"@id":"https:\/\/cauceecologico.org\/?author=2#author"},"image":{"@type":"ImageObject","url":"https:\/\/cauceecologico.org\/wp-content\/uploads\/2021\/12\/20210818184704_IMG_3665-3.jpg","@id":"https:\/\/cauceecologico.org\/?p=3847\/#mainImage","width":906,"height":604},"primaryImageOfPage":{"@id":"https:\/\/cauceecologico.org\/?p=3847#mainImage"},"datePublished":"2022-08-19T14:06:24+00:00","dateModified":"2022-08-19T14:08:27+00:00"},{"@type":"WebSite","@id":"https:\/\/cauceecologico.org\/#website","url":"https:\/\/cauceecologico.org\/","name":"CAUCE","description":"Cultura Ambiental - Causa Ecologista","inLanguage":"es-ES","publisher":{"@id":"https:\/\/cauceecologico.org\/#organization"}}]},"og:locale":"es_ES","og:site_name":"CAUCE - Cultura Ambiental - Causa Ecologista","og:type":"article","og:title":"Ley de Humedales: 140 organizaciones socioambientales presentamos una nota a Diputados - CAUCE","og:description":"Esta semana m\u00e1s de 140 organizaciones socioambientales presentamos nota formal ante la Presidenta de la C\u00e1mara de Diputados y los presidentes de las Comisiones de Recursos Naturales, Agricultura y Ganader\u00eda y Presupuesto demandando Plenario de Comisiones y urgente tratamiento de la Ley de Humedales. Exigimos Ley de Humedales, pero no cualquier ley. Apoyamos el proyecto","og:url":"https:\/\/cauceecologico.org\/?p=3847","article:published_time":"2022-08-19T14:06:24+00:00","article:modified_time":"2022-08-19T14:08:27+00:00","twitter:card":"summary_large_image","twitter:title":"Ley de Humedales: 140 organizaciones socioambientales presentamos una nota a Diputados - CAUCE","twitter:description":"Esta semana m\u00e1s de 140 organizaciones socioambientales presentamos nota formal ante la Presidenta de la C\u00e1mara de Diputados y los presidentes de las Comisiones de Recursos Naturales, Agricultura y Ganader\u00eda y Presupuesto demandando Plenario de Comisiones y urgente tratamiento de la Ley de Humedales. Exigimos Ley de Humedales, pero no cualquier ley. Apoyamos el proyecto"},"aioseo_meta_data":{"post_id":"3847","title":null,"description":null,"keywords":null,"keyphrases":null,"primary_term":null,"canonical_url":null,"og_title":null,"og_description":null,"og_object_type":"default","og_image_type":"default","og_image_url":null,"og_image_width":null,"og_image_height":null,"og_image_custom_url":null,"og_image_custom_fields":null,"og_video":null,"og_custom_url":null,"og_article_section":null,"og_article_tags":null,"twitter_use_og":false,"twitter_card":"default","twitter_image_type":"default","twitter_image_url":null,"twitter_image_custom_url":null,"twitter_image_custom_fields":null,"twitter_title":null,"twitter_description":null,"schema":{"blockGraphs":[],"customGraphs":[],"default":{"data":{"Article":[],"Course":[],"Dataset":[],"FAQPage":[],"Movie":[],"Person":[],"Product":[],"ProductReview":[],"Car":[],"Recipe":[],"Service":[],"SoftwareApplication":[],"WebPage":[]},"graphName":"","isEnabled":true},"graphs":[]},"schema_type":"default","schema_type_options":null,"pillar_content":false,"robots_default":true,"robots_noindex":false,"robots_noarchive":false,"robots_nosnippet":false,"robots_nofollow":false,"robots_noimageindex":false,"robots_noodp":false,"robots_notranslate":false,"robots_max_snippet":null,"robots_max_videopreview":null,"robots_max_imagepreview":"large","priority":null,"frequency":null,"local_seo":null,"limit_modified_date":false,"created":"2023-03-16 21:20:28","updated":"2026-07-28 01:43:08","ai":null,"breadcrumb_settings":null,"seo_analyzer_scan_date":null},"aioseo_breadcrumb":"<div class=\"aioseo-breadcrumbs\"><span class=\"aioseo-breadcrumb\">\n\t\t\t<a href=\"https:\/\/cauceecologico.org\" title=\"Home\">Home<\/a>\n\t\t<\/span><span class=\"aioseo-breadcrumb-separator\">&raquo;<\/span><span class=\"aioseo-breadcrumb\">\n\t\t\t<a href=\"https:\/\/cauceecologico.org\/?cat=5\" title=\"Noticias\">Noticias<\/a>\n\t\t<\/span><span class=\"aioseo-breadcrumb-separator\">&raquo;<\/span><span class=\"aioseo-breadcrumb\">\n\t\t\tLey de Humedales: 140 organizaciones socioambientales presentamos una nota a Diputados\n\t\t<\/span><\/div>","aioseo_breadcrumb_json":[{"label":"Home","link":"https:\/\/cauceecologico.org"},{"label":"Noticias","link":"https:\/\/cauceecologico.org\/?cat=5"},{"label":"Ley de Humedales: 140 organizaciones socioambientales presentamos una nota a Diputados","link":"https:\/\/cauceecologico.org\/?p=3847"}],"_links":{"self":[{"href":"https:\/\/cauceecologico.org\/index.php?rest_route=\/wp\/v2\/posts\/3847","targetHints":{"allow":["GET"]}}],"collection":[{"href":"https:\/\/cauceecologico.org\/index.php?rest_route=\/wp\/v2\/posts"}],"about":[{"href":"https:\/\/cauceecologico.org\/index.php?rest_route=\/wp\/v2\/types\/post"}],"author":[{"embeddable":true,"href":"https:\/\/cauceecologico.org\/index.php?rest_route=\/wp\/v2\/users\/2"}],"replies":[{"embeddable":true,"href":"https:\/\/cauceecologico.org\/index.php?rest_route=%2Fwp%2Fv2%2Fcomments&post=3847"}],"version-history":[{"count":2,"href":"https:\/\/cauceecologico.org\/index.php?rest_route=\/wp\/v2\/posts\/3847\/revisions"}],"predecessor-version":[{"id":3852,"href":"https:\/\/cauceecologico.org\/index.php?rest_route=\/wp\/v2\/posts\/3847\/revisions\/3852"}],"wp:featuredmedia":[{"embeddable":true,"href":"https:\/\/cauceecologico.org\/index.php?rest_route=\/wp\/v2\/media\/3365"}],"wp:attachment":[{"href":"https:\/\/cauceecologico.org\/index.php?rest_route=%2Fwp%2Fv2%2Fmedia&parent=3847"}],"wp:term":[{"taxonomy":"category","embeddable":true,"href":"https:\/\/cauceecologico.org\/index.php?rest_route=%2Fwp%2Fv2%2Fcategories&post=3847"},{"taxonomy":"post_tag","embeddable":true,"href":"https:\/\/cauceecologico.org\/index.php?rest_route=%2Fwp%2Fv2%2Ftags&post=3847"}],"curies":[{"name":"wp","href":"https:\/\/api.w.org\/{rel}","templated":true}]}}