{"id":3859,"date":"2022-08-24T23:56:27","date_gmt":"2022-08-24T23:56:27","guid":{"rendered":"https:\/\/cauceecologico.org\/?p=3859"},"modified":"2022-08-24T23:56:39","modified_gmt":"2022-08-24T23:56:39","slug":"delta-en-llamas-tres-anos-de-inaccion","status":"publish","type":"post","link":"https:\/\/cauceecologico.org\/?p=3859","title":{"rendered":"Delta en llamas: tres a\u00f1os de inacci\u00f3n"},"content":{"rendered":"<div class=\"l7ghb35v kjdc1dyq kmwttqpk gh25dzvf jikcssrz n3t5jt4f\">\n<p dir=\"auto\">Desde Fundaci\u00f3n CAUCE, <span class=\"rse6dlih\">FARN<\/span>, <span class=\"rse6dlih\">Casa R\u00edo<\/span>\u00a0y <span class=\"rse6dlih\">Taller Ecologista<\/span> expresamos nuestra preocupaci\u00f3n por el sostenido estado de emergencia socioambiental que atraviesa el Delta del Paran\u00e1 y por la inacci\u00f3n de los gobiernos de Entre R\u00edos, Santa Fe, Buenos Aires y de la Naci\u00f3n para implementar acciones urgentes.<\/p>\n<\/div>\n<div dir=\"auto\">Entre 2020 y 2021, en el contexto de una prolongada bajante extraordinaria del Paran\u00e1 y el agravamiento de la sequ\u00eda, se quemaron m\u00e1s de 700.000 hect\u00e1reas del Delta e islas del Paran\u00e1. En 2022, seg\u00fan datos elaborados por el Museo A. Scasso, hasta el 21 de agosto ya se quemaron 196.073 hect\u00e1reas del territorio comprendido en PIECAS-DP.<\/div>\n<div dir=\"auto\">Desde el 2020 solicitamos de manera reiterada a los gobiernos la implementaci\u00f3n urgente del PIECAS-DP, a trav\u00e9s de acciones territoriales efectivas y permanentes previstas en el Plan, con un enfoque comunitario y participaci\u00f3n social, que permitan llegar a acuerdos multisectoriales a corto plazo para detener las quemas.<\/div>\n<div dir=\"auto\">En junio de 2022 las autoridades nacionales comunicaron a nuestras organizaciones que en el segundo semestre se iniciar\u00eda un proceso de participaci\u00f3n social en vistas a implementar acciones del Plan, cuesti\u00f3n que hasta ahora no se ha dado. Nos preocupa que se siga sin priorizar y ejecutar de inmediato acciones que atiendan la cuesti\u00f3n de fondo: el uso del fuego en las actividades que se desarrollan en los humedales del Delta.<\/div>\n<div dir=\"auto\">Tras casi quince a\u00f1os desde la creaci\u00f3n del PIECAS-DP, es hora de actuar de manera efectiva. Es ahora.<\/div>\n<div dir=\"auto\">Pedimos la implementaci\u00f3n del PIECAS y Ley de Humedales Ya.<\/div>\n<div class=\"l7ghb35v kjdc1dyq kmwttqpk gh25dzvf jikcssrz n3t5jt4f\">\n<p dir=\"auto\">Le\u00e9 el <strong><span style=\"color: #3366ff;\"><a style=\"color: #3366ff;\" href=\"https:\/\/cauceecologico.org\/wp-content\/uploads\/2022\/08\/TEXTO-incendios-2022_final-1-2.pdf\">comunicado completo<\/a>.\u00a0<\/span><\/strong><\/p>\n<p dir=\"auto\"><a href=\"https:\/\/cauceecologico.org\/wp-content\/uploads\/2022\/08\/TEXTO-incendios-2022_final-1-2.pdf\"><img loading=\"lazy\" decoding=\"async\" class=\"alignnone size-large wp-image-3861\" src=\"http:\/\/cauceecologico.org\/wp-content\/uploads\/2022\/08\/WhatsApp-Image-2022-08-22-at-4.34.10-PM-1-1024x1024.jpeg\" alt=\"\" width=\"740\" height=\"740\" srcset=\"https:\/\/cauceecologico.org\/wp-content\/uploads\/2022\/08\/WhatsApp-Image-2022-08-22-at-4.34.10-PM-1-1024x1024.jpeg 1024w, https:\/\/cauceecologico.org\/wp-content\/uploads\/2022\/08\/WhatsApp-Image-2022-08-22-at-4.34.10-PM-1-300x300.jpeg 300w, https:\/\/cauceecologico.org\/wp-content\/uploads\/2022\/08\/WhatsApp-Image-2022-08-22-at-4.34.10-PM-1-150x150.jpeg 150w, https:\/\/cauceecologico.org\/wp-content\/uploads\/2022\/08\/WhatsApp-Image-2022-08-22-at-4.34.10-PM-1-768x768.jpeg 768w, https:\/\/cauceecologico.org\/wp-content\/uploads\/2022\/08\/WhatsApp-Image-2022-08-22-at-4.34.10-PM-1-80x80.jpeg 80w, https:\/\/cauceecologico.org\/wp-content\/uploads\/2022\/08\/WhatsApp-Image-2022-08-22-at-4.34.10-PM-1.jpeg 1280w\" sizes=\"auto, (max-width: 740px) 100vw, 740px\" \/><\/a><\/p>\n<\/div>\n","protected":false},"excerpt":{"rendered":"<p>Desde Fundaci\u00f3n CAUCE, FARN, Casa R\u00edo\u00a0y Taller Ecologista expresamos nuestra preocupaci\u00f3n por el sostenido estado de emergencia socioambiental que atraviesa el Delta del Paran\u00e1 y por la inacci\u00f3n de los gobiernos de Entre R\u00edos, Santa Fe, Buenos Aires y de la Naci\u00f3n para implementar acciones urgentes. Entre 2020 y 2021, en el contexto de una [&hellip;]<\/p>\n","protected":false},"author":2,"featured_media":3860,"comment_status":"open","ping_status":"open","sticky":false,"template":"","format":"standard","meta":{"om_disable_all_campaigns":false,"_monsterinsights_skip_tracking":false,"amp_status":"","footnotes":""},"categories":[276,5],"tags":[],"class_list":["post-3859","post","type-post","status-publish","format-standard","has-post-thumbnail","hentry","category-delta","category-noticias"],"aioseo_notices":[],"aioseo_head":"\n\t\t<!-- All in One SEO 4.9.10 - aioseo.com -->\n\t<meta name=\"description\" content=\"Desde Fundaci\u00f3n CAUCE, FARN, Casa R\u00edo y Taller Ecologista expresamos nuestra preocupaci\u00f3n por el sostenido estado de emergencia socioambiental que atraviesa el Delta del Paran\u00e1 y por la inacci\u00f3n de los gobiernos de Entre R\u00edos, Santa Fe, Buenos Aires y de la Naci\u00f3n para implementar acciones urgentes. Entre 2020 y 2021, en el contexto de una\" \/>\n\t<meta name=\"robots\" content=\"max-image-preview:large\" \/>\n\t<meta name=\"author\" content=\"Ana Lucia Vergara\"\/>\n\t<link rel=\"canonical\" href=\"https:\/\/cauceecologico.org\/?p=3859\" \/>\n\t<meta name=\"generator\" content=\"All in One SEO (AIOSEO) 4.9.10\" \/>\n\t\t<meta property=\"og:locale\" content=\"es_ES\" \/>\n\t\t<meta property=\"og:site_name\" content=\"CAUCE - Cultura Ambiental - Causa Ecologista\" \/>\n\t\t<meta property=\"og:type\" content=\"article\" \/>\n\t\t<meta property=\"og:title\" content=\"Delta en llamas: tres a\u00f1os de inacci\u00f3n - CAUCE\" \/>\n\t\t<meta property=\"og:description\" content=\"Desde Fundaci\u00f3n CAUCE, FARN, Casa R\u00edo y Taller Ecologista expresamos nuestra preocupaci\u00f3n por el sostenido estado de emergencia socioambiental que atraviesa el Delta del Paran\u00e1 y por la inacci\u00f3n de los gobiernos de Entre R\u00edos, Santa Fe, Buenos Aires y de la Naci\u00f3n para implementar acciones urgentes. Entre 2020 y 2021, en el contexto de una\" \/>\n\t\t<meta property=\"og:url\" content=\"https:\/\/cauceecologico.org\/?p=3859\" \/>\n\t\t<meta property=\"article:published_time\" content=\"2022-08-24T23:56:27+00:00\" \/>\n\t\t<meta property=\"article:modified_time\" content=\"2022-08-24T23:56:39+00:00\" \/>\n\t\t<meta name=\"twitter:card\" content=\"summary_large_image\" \/>\n\t\t<meta name=\"twitter:title\" content=\"Delta en llamas: tres a\u00f1os de inacci\u00f3n - CAUCE\" \/>\n\t\t<meta name=\"twitter:description\" content=\"Desde Fundaci\u00f3n CAUCE, FARN, Casa R\u00edo y Taller Ecologista expresamos nuestra preocupaci\u00f3n por el sostenido estado de emergencia socioambiental que atraviesa el Delta del Paran\u00e1 y por la inacci\u00f3n de los gobiernos de Entre R\u00edos, Santa Fe, Buenos Aires y de la Naci\u00f3n para implementar acciones urgentes. Entre 2020 y 2021, en el contexto de una\" \/>\n\t\t<script type=\"application\/ld+json\" class=\"aioseo-schema\">\n\t\t\t{\"@context\":\"https:\\\/\\\/schema.org\",\"@graph\":[{\"@type\":\"BlogPosting\",\"@id\":\"https:\\\/\\\/cauceecologico.org\\\/?p=3859#blogposting\",\"name\":\"Delta en llamas: tres a\\u00f1os de inacci\\u00f3n - CAUCE\",\"headline\":\"Delta en llamas: tres a\\u00f1os de inacci\\u00f3n\",\"author\":{\"@id\":\"https:\\\/\\\/cauceecologico.org\\\/?author=2#author\"},\"publisher\":{\"@id\":\"https:\\\/\\\/cauceecologico.org\\\/#organization\"},\"image\":{\"@type\":\"ImageObject\",\"url\":\"https:\\\/\\\/cauceecologico.org\\\/wp-content\\\/uploads\\\/2022\\\/08\\\/WhatsApp-Image-2022-08-22-at-4.34.11-PM.jpeg\",\"width\":1280,\"height\":720},\"datePublished\":\"2022-08-24T23:56:27+00:00\",\"dateModified\":\"2022-08-24T23:56:39+00:00\",\"inLanguage\":\"es-ES\",\"mainEntityOfPage\":{\"@id\":\"https:\\\/\\\/cauceecologico.org\\\/?p=3859#webpage\"},\"isPartOf\":{\"@id\":\"https:\\\/\\\/cauceecologico.org\\\/?p=3859#webpage\"},\"articleSection\":\"Delta, Noticias\"},{\"@type\":\"BreadcrumbList\",\"@id\":\"https:\\\/\\\/cauceecologico.org\\\/?p=3859#breadcrumblist\",\"itemListElement\":[{\"@type\":\"ListItem\",\"@id\":\"https:\\\/\\\/cauceecologico.org#listItem\",\"position\":1,\"name\":\"Home\",\"item\":\"https:\\\/\\\/cauceecologico.org\",\"nextItem\":{\"@type\":\"ListItem\",\"@id\":\"https:\\\/\\\/cauceecologico.org\\\/?cat=5#listItem\",\"name\":\"Noticias\"}},{\"@type\":\"ListItem\",\"@id\":\"https:\\\/\\\/cauceecologico.org\\\/?cat=5#listItem\",\"position\":2,\"name\":\"Noticias\",\"item\":\"https:\\\/\\\/cauceecologico.org\\\/?cat=5\",\"nextItem\":{\"@type\":\"ListItem\",\"@id\":\"https:\\\/\\\/cauceecologico.org\\\/?p=3859#listItem\",\"name\":\"Delta en llamas: tres a\\u00f1os de inacci\\u00f3n\"},\"previousItem\":{\"@type\":\"ListItem\",\"@id\":\"https:\\\/\\\/cauceecologico.org#listItem\",\"name\":\"Home\"}},{\"@type\":\"ListItem\",\"@id\":\"https:\\\/\\\/cauceecologico.org\\\/?p=3859#listItem\",\"position\":3,\"name\":\"Delta en llamas: tres a\\u00f1os de inacci\\u00f3n\",\"previousItem\":{\"@type\":\"ListItem\",\"@id\":\"https:\\\/\\\/cauceecologico.org\\\/?cat=5#listItem\",\"name\":\"Noticias\"}}]},{\"@type\":\"Organization\",\"@id\":\"https:\\\/\\\/cauceecologico.org\\\/#organization\",\"name\":\"CAUCE\",\"description\":\"Cultura Ambiental - Causa Ecologista\",\"url\":\"https:\\\/\\\/cauceecologico.org\\\/\"},{\"@type\":\"Person\",\"@id\":\"https:\\\/\\\/cauceecologico.org\\\/?author=2#author\",\"url\":\"https:\\\/\\\/cauceecologico.org\\\/?author=2\",\"name\":\"Ana Lucia Vergara\",\"image\":{\"@type\":\"ImageObject\",\"@id\":\"https:\\\/\\\/cauceecologico.org\\\/?p=3859#authorImage\",\"url\":\"https:\\\/\\\/secure.gravatar.com\\\/avatar\\\/e8720df08f5c466573fb9f3d6cec14bcac9a305e2049123e58e6bc9c03f3a77b?s=96&d=mm&r=g\",\"width\":96,\"height\":96,\"caption\":\"Ana Lucia Vergara\"}},{\"@type\":\"WebPage\",\"@id\":\"https:\\\/\\\/cauceecologico.org\\\/?p=3859#webpage\",\"url\":\"https:\\\/\\\/cauceecologico.org\\\/?p=3859\",\"name\":\"Delta en llamas: tres a\\u00f1os de inacci\\u00f3n - CAUCE\",\"description\":\"Desde Fundaci\\u00f3n CAUCE, FARN, Casa R\\u00edo y Taller Ecologista expresamos nuestra preocupaci\\u00f3n por el sostenido estado de emergencia socioambiental que atraviesa el Delta del Paran\\u00e1 y por la inacci\\u00f3n de los gobiernos de Entre R\\u00edos, Santa Fe, Buenos Aires y de la Naci\\u00f3n para implementar acciones urgentes. Entre 2020 y 2021, en el contexto de una\",\"inLanguage\":\"es-ES\",\"isPartOf\":{\"@id\":\"https:\\\/\\\/cauceecologico.org\\\/#website\"},\"breadcrumb\":{\"@id\":\"https:\\\/\\\/cauceecologico.org\\\/?p=3859#breadcrumblist\"},\"author\":{\"@id\":\"https:\\\/\\\/cauceecologico.org\\\/?author=2#author\"},\"creator\":{\"@id\":\"https:\\\/\\\/cauceecologico.org\\\/?author=2#author\"},\"image\":{\"@type\":\"ImageObject\",\"url\":\"https:\\\/\\\/cauceecologico.org\\\/wp-content\\\/uploads\\\/2022\\\/08\\\/WhatsApp-Image-2022-08-22-at-4.34.11-PM.jpeg\",\"@id\":\"https:\\\/\\\/cauceecologico.org\\\/?p=3859\\\/#mainImage\",\"width\":1280,\"height\":720},\"primaryImageOfPage\":{\"@id\":\"https:\\\/\\\/cauceecologico.org\\\/?p=3859#mainImage\"},\"datePublished\":\"2022-08-24T23:56:27+00:00\",\"dateModified\":\"2022-08-24T23:56:39+00:00\"},{\"@type\":\"WebSite\",\"@id\":\"https:\\\/\\\/cauceecologico.org\\\/#website\",\"url\":\"https:\\\/\\\/cauceecologico.org\\\/\",\"name\":\"CAUCE\",\"description\":\"Cultura Ambiental - Causa Ecologista\",\"inLanguage\":\"es-ES\",\"publisher\":{\"@id\":\"https:\\\/\\\/cauceecologico.org\\\/#organization\"}}]}\n\t\t<\/script>\n\t\t<!-- All in One SEO -->\n\n","aioseo_head_json":{"title":"Delta en llamas: tres a\u00f1os de inacci\u00f3n - CAUCE","description":"Desde Fundaci\u00f3n CAUCE, FARN, Casa R\u00edo y Taller Ecologista expresamos nuestra preocupaci\u00f3n por el sostenido estado de emergencia socioambiental que atraviesa el Delta del Paran\u00e1 y por la inacci\u00f3n de los gobiernos de Entre R\u00edos, Santa Fe, Buenos Aires y de la Naci\u00f3n para implementar acciones urgentes. Entre 2020 y 2021, en el contexto de una","canonical_url":"https:\/\/cauceecologico.org\/?p=3859","robots":"max-image-preview:large","keywords":"","webmasterTools":{"miscellaneous":""},"schema":{"@context":"https:\/\/schema.org","@graph":[{"@type":"BlogPosting","@id":"https:\/\/cauceecologico.org\/?p=3859#blogposting","name":"Delta en llamas: tres a\u00f1os de inacci\u00f3n - CAUCE","headline":"Delta en llamas: tres a\u00f1os de inacci\u00f3n","author":{"@id":"https:\/\/cauceecologico.org\/?author=2#author"},"publisher":{"@id":"https:\/\/cauceecologico.org\/#organization"},"image":{"@type":"ImageObject","url":"https:\/\/cauceecologico.org\/wp-content\/uploads\/2022\/08\/WhatsApp-Image-2022-08-22-at-4.34.11-PM.jpeg","width":1280,"height":720},"datePublished":"2022-08-24T23:56:27+00:00","dateModified":"2022-08-24T23:56:39+00:00","inLanguage":"es-ES","mainEntityOfPage":{"@id":"https:\/\/cauceecologico.org\/?p=3859#webpage"},"isPartOf":{"@id":"https:\/\/cauceecologico.org\/?p=3859#webpage"},"articleSection":"Delta, Noticias"},{"@type":"BreadcrumbList","@id":"https:\/\/cauceecologico.org\/?p=3859#breadcrumblist","itemListElement":[{"@type":"ListItem","@id":"https:\/\/cauceecologico.org#listItem","position":1,"name":"Home","item":"https:\/\/cauceecologico.org","nextItem":{"@type":"ListItem","@id":"https:\/\/cauceecologico.org\/?cat=5#listItem","name":"Noticias"}},{"@type":"ListItem","@id":"https:\/\/cauceecologico.org\/?cat=5#listItem","position":2,"name":"Noticias","item":"https:\/\/cauceecologico.org\/?cat=5","nextItem":{"@type":"ListItem","@id":"https:\/\/cauceecologico.org\/?p=3859#listItem","name":"Delta en llamas: tres a\u00f1os de inacci\u00f3n"},"previousItem":{"@type":"ListItem","@id":"https:\/\/cauceecologico.org#listItem","name":"Home"}},{"@type":"ListItem","@id":"https:\/\/cauceecologico.org\/?p=3859#listItem","position":3,"name":"Delta en llamas: tres a\u00f1os de inacci\u00f3n","previousItem":{"@type":"ListItem","@id":"https:\/\/cauceecologico.org\/?cat=5#listItem","name":"Noticias"}}]},{"@type":"Organization","@id":"https:\/\/cauceecologico.org\/#organization","name":"CAUCE","description":"Cultura Ambiental - Causa Ecologista","url":"https:\/\/cauceecologico.org\/"},{"@type":"Person","@id":"https:\/\/cauceecologico.org\/?author=2#author","url":"https:\/\/cauceecologico.org\/?author=2","name":"Ana Lucia Vergara","image":{"@type":"ImageObject","@id":"https:\/\/cauceecologico.org\/?p=3859#authorImage","url":"https:\/\/secure.gravatar.com\/avatar\/e8720df08f5c466573fb9f3d6cec14bcac9a305e2049123e58e6bc9c03f3a77b?s=96&d=mm&r=g","width":96,"height":96,"caption":"Ana Lucia Vergara"}},{"@type":"WebPage","@id":"https:\/\/cauceecologico.org\/?p=3859#webpage","url":"https:\/\/cauceecologico.org\/?p=3859","name":"Delta en llamas: tres a\u00f1os de inacci\u00f3n - CAUCE","description":"Desde Fundaci\u00f3n CAUCE, FARN, Casa R\u00edo y Taller Ecologista expresamos nuestra preocupaci\u00f3n por el sostenido estado de emergencia socioambiental que atraviesa el Delta del Paran\u00e1 y por la inacci\u00f3n de los gobiernos de Entre R\u00edos, Santa Fe, Buenos Aires y de la Naci\u00f3n para implementar acciones urgentes. Entre 2020 y 2021, en el contexto de una","inLanguage":"es-ES","isPartOf":{"@id":"https:\/\/cauceecologico.org\/#website"},"breadcrumb":{"@id":"https:\/\/cauceecologico.org\/?p=3859#breadcrumblist"},"author":{"@id":"https:\/\/cauceecologico.org\/?author=2#author"},"creator":{"@id":"https:\/\/cauceecologico.org\/?author=2#author"},"image":{"@type":"ImageObject","url":"https:\/\/cauceecologico.org\/wp-content\/uploads\/2022\/08\/WhatsApp-Image-2022-08-22-at-4.34.11-PM.jpeg","@id":"https:\/\/cauceecologico.org\/?p=3859\/#mainImage","width":1280,"height":720},"primaryImageOfPage":{"@id":"https:\/\/cauceecologico.org\/?p=3859#mainImage"},"datePublished":"2022-08-24T23:56:27+00:00","dateModified":"2022-08-24T23:56:39+00:00"},{"@type":"WebSite","@id":"https:\/\/cauceecologico.org\/#website","url":"https:\/\/cauceecologico.org\/","name":"CAUCE","description":"Cultura Ambiental - Causa Ecologista","inLanguage":"es-ES","publisher":{"@id":"https:\/\/cauceecologico.org\/#organization"}}]},"og:locale":"es_ES","og:site_name":"CAUCE - Cultura Ambiental - Causa Ecologista","og:type":"article","og:title":"Delta en llamas: tres a\u00f1os de inacci\u00f3n - CAUCE","og:description":"Desde Fundaci\u00f3n CAUCE, FARN, Casa R\u00edo y Taller Ecologista expresamos nuestra preocupaci\u00f3n por el sostenido estado de emergencia socioambiental que atraviesa el Delta del Paran\u00e1 y por la inacci\u00f3n de los gobiernos de Entre R\u00edos, Santa Fe, Buenos Aires y de la Naci\u00f3n para implementar acciones urgentes. Entre 2020 y 2021, en el contexto de una","og:url":"https:\/\/cauceecologico.org\/?p=3859","article:published_time":"2022-08-24T23:56:27+00:00","article:modified_time":"2022-08-24T23:56:39+00:00","twitter:card":"summary_large_image","twitter:title":"Delta en llamas: tres a\u00f1os de inacci\u00f3n - CAUCE","twitter:description":"Desde Fundaci\u00f3n CAUCE, FARN, Casa R\u00edo y Taller Ecologista expresamos nuestra preocupaci\u00f3n por el sostenido estado de emergencia socioambiental que atraviesa el Delta del Paran\u00e1 y por la inacci\u00f3n de los gobiernos de Entre R\u00edos, Santa Fe, Buenos Aires y de la Naci\u00f3n para implementar acciones urgentes. Entre 2020 y 2021, en el contexto de una"},"aioseo_meta_data":{"post_id":"3859","title":null,"description":null,"keywords":null,"keyphrases":null,"primary_term":null,"canonical_url":null,"og_title":null,"og_description":null,"og_object_type":"default","og_image_type":"default","og_image_url":null,"og_image_width":null,"og_image_height":null,"og_image_custom_url":null,"og_image_custom_fields":null,"og_video":null,"og_custom_url":null,"og_article_section":null,"og_article_tags":null,"twitter_use_og":false,"twitter_card":"default","twitter_image_type":"default","twitter_image_url":null,"twitter_image_custom_url":null,"twitter_image_custom_fields":null,"twitter_title":null,"twitter_description":null,"schema":{"blockGraphs":[],"customGraphs":[],"default":{"data":{"Article":[],"Course":[],"Dataset":[],"FAQPage":[],"Movie":[],"Person":[],"Product":[],"ProductReview":[],"Car":[],"Recipe":[],"Service":[],"SoftwareApplication":[],"WebPage":[]},"graphName":"","isEnabled":true},"graphs":[]},"schema_type":"default","schema_type_options":null,"pillar_content":false,"robots_default":true,"robots_noindex":false,"robots_noarchive":false,"robots_nosnippet":false,"robots_nofollow":false,"robots_noimageindex":false,"robots_noodp":false,"robots_notranslate":false,"robots_max_snippet":null,"robots_max_videopreview":null,"robots_max_imagepreview":"large","priority":null,"frequency":null,"local_seo":null,"limit_modified_date":false,"created":"2023-03-16 21:20:28","updated":"2026-07-28 01:43:08","ai":null,"breadcrumb_settings":null,"seo_analyzer_scan_date":null},"aioseo_breadcrumb":"<div class=\"aioseo-breadcrumbs\"><span class=\"aioseo-breadcrumb\">\n\t\t\t<a href=\"https:\/\/cauceecologico.org\" title=\"Home\">Home<\/a>\n\t\t<\/span><span class=\"aioseo-breadcrumb-separator\">&raquo;<\/span><span class=\"aioseo-breadcrumb\">\n\t\t\t<a href=\"https:\/\/cauceecologico.org\/?cat=5\" title=\"Noticias\">Noticias<\/a>\n\t\t<\/span><span class=\"aioseo-breadcrumb-separator\">&raquo;<\/span><span class=\"aioseo-breadcrumb\">\n\t\t\tDelta en llamas: tres a\u00f1os de inacci\u00f3n\n\t\t<\/span><\/div>","aioseo_breadcrumb_json":[{"label":"Home","link":"https:\/\/cauceecologico.org"},{"label":"Noticias","link":"https:\/\/cauceecologico.org\/?cat=5"},{"label":"Delta en llamas: tres a\u00f1os de inacci\u00f3n","link":"https:\/\/cauceecologico.org\/?p=3859"}],"_links":{"self":[{"href":"https:\/\/cauceecologico.org\/index.php?rest_route=\/wp\/v2\/posts\/3859","targetHints":{"allow":["GET"]}}],"collection":[{"href":"https:\/\/cauceecologico.org\/index.php?rest_route=\/wp\/v2\/posts"}],"about":[{"href":"https:\/\/cauceecologico.org\/index.php?rest_route=\/wp\/v2\/types\/post"}],"author":[{"embeddable":true,"href":"https:\/\/cauceecologico.org\/index.php?rest_route=\/wp\/v2\/users\/2"}],"replies":[{"embeddable":true,"href":"https:\/\/cauceecologico.org\/index.php?rest_route=%2Fwp%2Fv2%2Fcomments&post=3859"}],"version-history":[{"count":2,"href":"https:\/\/cauceecologico.org\/index.php?rest_route=\/wp\/v2\/posts\/3859\/revisions"}],"predecessor-version":[{"id":3863,"href":"https:\/\/cauceecologico.org\/index.php?rest_route=\/wp\/v2\/posts\/3859\/revisions\/3863"}],"wp:featuredmedia":[{"embeddable":true,"href":"https:\/\/cauceecologico.org\/index.php?rest_route=\/wp\/v2\/media\/3860"}],"wp:attachment":[{"href":"https:\/\/cauceecologico.org\/index.php?rest_route=%2Fwp%2Fv2%2Fmedia&parent=3859"}],"wp:term":[{"taxonomy":"category","embeddable":true,"href":"https:\/\/cauceecologico.org\/index.php?rest_route=%2Fwp%2Fv2%2Fcategories&post=3859"},{"taxonomy":"post_tag","embeddable":true,"href":"https:\/\/cauceecologico.org\/index.php?rest_route=%2Fwp%2Fv2%2Ftags&post=3859"}],"curies":[{"name":"wp","href":"https:\/\/api.w.org\/{rel}","templated":true}]}}