{"id":3946,"date":"2022-10-24T22:45:38","date_gmt":"2022-10-24T22:45:38","guid":{"rendered":"https:\/\/cauceecologico.org\/?p=3946"},"modified":"2023-06-27T14:28:34","modified_gmt":"2023-06-27T14:28:34","slug":"jornada-sobre-los-impactos-de-la-hidrovia-paraguay-parana","status":"publish","type":"post","link":"https:\/\/cauceecologico.org\/?p=3946","title":{"rendered":"Jornada sobre los impactos de la Hidrov\u00eda Paraguay &#8211; Paran\u00e1"},"content":{"rendered":"<p>Fundaci\u00f3n CAUCE y Taller Ecologista realizaran una jornada para abordar la actualidad del proyecto Hidrov\u00eda Paraguay-Paran\u00e1 y sus impactos ambientales. La misma tendr\u00e1 lugar el <strong>viernes 4 de noviembre de 14:00 a 19:00 en la Casa del Estudiante de Medicina, Tucum\u00e1n 2359, Rosario<\/strong>, y constar\u00e1 de la presentaci\u00f3n de informes y un taller participativo con organizaciones. <span style=\"color: #3366ff;\"><a style=\"color: #3366ff;\" href=\"https:\/\/bit.ly\/3gB0nSK\">Inscripciones abiertas<\/a><\/span><\/p>\n<p>En este encuentro, las organizaciones presentar\u00e1n el trabajo realizado junto a investigadores del Instituto Nacional de Limnolog\u00eda (INALI, CONICET-UNL), Luis Esp\u00ednola y Ana P\u00eda Rabuffetti (INALI-CONICET\/UNL) y el doctor en Geograf\u00eda, \u00c1lvaro \u00c1lvarez (CONICET\/UNICEN). Luego, se llevar\u00e1 adelante un espacio de intercambio con organizaciones e instituciones interesadas en la problem\u00e1tica, puntualmente en los aspectos socioambientales de la infraestructura en el marco del proceso actual de licitaci\u00f3n.<\/p>\n<p>La jornada buscar\u00e1 fortalecer el conocimiento sobre la hidrov\u00eda, concientizar en relaci\u00f3n a los impactos ambientales y sociales que derivan de su funcionamiento, as\u00ed como planificar acciones de incidencia pol\u00edtica de manera colectiva.<\/p>\n<p><iframe loading=\"lazy\" title=\"YouTube video player\" src=\"https:\/\/www.youtube.com\/embed\/dNfJ04dOyoI\" width=\"560\" height=\"315\" frameborder=\"0\" allowfullscreen=\"allowfullscreen\"><\/iframe><\/p>\n<h4><span style=\"color: #008080;\">Contexto y trabajo en la regi\u00f3n<\/span><\/h4>\n<p>En el marco del programa Humedales Sin Fronteras, Fundaci\u00f3n CAUCE: Cultura Ambiental \u2013 Causa Ecologista (Paran\u00e1, Entre R\u00edos), Taller Ecologista (Rosario) y otras organizaciones pertenecientes a pa\u00edses de la Cuenca del Plata, llevamos adelante un trabajo de estudio y an\u00e1lisis de los impactos y efectos que la Hidrov\u00eda Paraguay &#8211; Paran\u00e1 tiene sobre el ambiente y las comunidades de los territorios, como tambi\u00e9n de las actividades de las empresas agroexportadoras y de otros rubros que esta infraestructura soporta y promueve.<\/p>\n<p><strong><span style=\"color: #008080;\">Material relacionado:<\/span><\/strong><\/p>\n<p><strong><span style=\"color: #3366ff;\"><a style=\"color: #3366ff;\" href=\"https:\/\/cauceecologico.org\/wp-content\/uploads\/2020\/07\/CauceHPP-2.pdf\" target=\"_blank\" rel=\"noopener\">&#x1f517;<\/a><a style=\"color: #3366ff;\" href=\"https:\/\/cauceecologico.org\/?p=3876\">Hidrov\u00eda Paran\u00e1-Paraguay: actualizaci\u00f3n agosto<\/a><\/span><\/strong><\/p>\n<p><strong><span style=\"color: #3366ff;\"><a style=\"color: #3366ff;\" href=\"https:\/\/cauceecologico.org\/wp-content\/uploads\/2020\/07\/CauceHPP-2.pdf\" target=\"_blank\" rel=\"noopener\">&#x1f517;<\/a><a style=\"color: #3366ff;\" href=\"https:\/\/cauceecologico.org\/?p=3480\">\u00a1Alerta Hidrov\u00eda! Campa\u00f1a y materiales sobre sus impactos en nuestros r\u00edos y territorios<\/a><\/span><\/strong><\/p>\n<p><strong><span style=\"color: #3366ff;\"><a style=\"color: #3366ff;\" href=\"https:\/\/cauceecologico.org\/wp-content\/uploads\/2020\/07\/CauceHPP-2.pdf\" target=\"_blank\" rel=\"noopener\">&#x1f517;Documento: Hidrov\u00eda Paran\u00e1-Paraguay: caracter\u00edsticas, historia y actualidad<\/a><\/span><\/strong><\/p>\n<p><strong><span style=\"color: #3366ff;\"><a style=\"color: #3366ff;\" href=\"https:\/\/cauceecologico.org\/?p=2967\" target=\"_blank\" rel=\"noopener\">&#x1f517;Documento: Potenciales impactos ambientales de la Hidrov\u00eda en el tramo medio del r\u00edo Paran\u00e1<\/a><\/span><\/strong><\/p>\n","protected":false},"excerpt":{"rendered":"<p>Fundaci\u00f3n CAUCE y Taller Ecologista realizaran una jornada para abordar la actualidad del proyecto Hidrov\u00eda Paraguay-Paran\u00e1 y sus impactos ambientales. La misma tendr\u00e1 lugar el viernes 4 de noviembre de 14:00 a 19:00 en la Casa del Estudiante de Medicina, Tucum\u00e1n 2359, Rosario, y constar\u00e1 de la presentaci\u00f3n de informes y un taller participativo con [&hellip;]<\/p>\n","protected":false},"author":2,"featured_media":3493,"comment_status":"open","ping_status":"open","sticky":false,"template":"","format":"standard","meta":{"om_disable_all_campaigns":false,"_monsterinsights_skip_tracking":false,"amp_status":"","footnotes":""},"categories":[275,5,1],"tags":[],"class_list":["post-3946","post","type-post","status-publish","format-standard","has-post-thumbnail","hentry","category-hidrovia-parana-paraguay-hpp","category-noticias","category-uncategorized"],"aioseo_notices":[],"aioseo_head":"\n\t\t<!-- All in One SEO 4.9.10 - aioseo.com -->\n\t<meta name=\"description\" content=\"Fundaci\u00f3n CAUCE y Taller Ecologista realizaran una jornada para abordar la actualidad del proyecto Hidrov\u00eda Paraguay-Paran\u00e1 y sus impactos ambientales. La misma tendr\u00e1 lugar el viernes 4 de noviembre de 14:00 a 19:00 en la Casa del Estudiante de Medicina, Tucum\u00e1n 2359, Rosario, y constar\u00e1 de la presentaci\u00f3n de informes y un taller participativo con\" \/>\n\t<meta name=\"robots\" content=\"max-image-preview:large\" \/>\n\t<meta name=\"author\" content=\"Ana Lucia Vergara\"\/>\n\t<link rel=\"canonical\" href=\"https:\/\/cauceecologico.org\/?p=3946\" \/>\n\t<meta name=\"generator\" content=\"All in One SEO (AIOSEO) 4.9.10\" \/>\n\t\t<meta property=\"og:locale\" content=\"es_ES\" \/>\n\t\t<meta property=\"og:site_name\" content=\"CAUCE - Cultura Ambiental - Causa Ecologista\" \/>\n\t\t<meta property=\"og:type\" content=\"article\" \/>\n\t\t<meta property=\"og:title\" content=\"Jornada sobre los impactos de la Hidrov\u00eda Paraguay \u2013 Paran\u00e1 - CAUCE\" \/>\n\t\t<meta property=\"og:description\" content=\"Fundaci\u00f3n CAUCE y Taller Ecologista realizaran una jornada para abordar la actualidad del proyecto Hidrov\u00eda Paraguay-Paran\u00e1 y sus impactos ambientales. La misma tendr\u00e1 lugar el viernes 4 de noviembre de 14:00 a 19:00 en la Casa del Estudiante de Medicina, Tucum\u00e1n 2359, Rosario, y constar\u00e1 de la presentaci\u00f3n de informes y un taller participativo con\" \/>\n\t\t<meta property=\"og:url\" content=\"https:\/\/cauceecologico.org\/?p=3946\" \/>\n\t\t<meta property=\"article:published_time\" content=\"2022-10-24T22:45:38+00:00\" \/>\n\t\t<meta property=\"article:modified_time\" content=\"2023-06-27T14:28:34+00:00\" \/>\n\t\t<meta name=\"twitter:card\" content=\"summary_large_image\" \/>\n\t\t<meta name=\"twitter:title\" content=\"Jornada sobre los impactos de la Hidrov\u00eda Paraguay \u2013 Paran\u00e1 - CAUCE\" \/>\n\t\t<meta name=\"twitter:description\" content=\"Fundaci\u00f3n CAUCE y Taller Ecologista realizaran una jornada para abordar la actualidad del proyecto Hidrov\u00eda Paraguay-Paran\u00e1 y sus impactos ambientales. La misma tendr\u00e1 lugar el viernes 4 de noviembre de 14:00 a 19:00 en la Casa del Estudiante de Medicina, Tucum\u00e1n 2359, Rosario, y constar\u00e1 de la presentaci\u00f3n de informes y un taller participativo con\" \/>\n\t\t<script type=\"application\/ld+json\" class=\"aioseo-schema\">\n\t\t\t{\"@context\":\"https:\\\/\\\/schema.org\",\"@graph\":[{\"@type\":\"BlogPosting\",\"@id\":\"https:\\\/\\\/cauceecologico.org\\\/?p=3946#blogposting\",\"name\":\"Jornada sobre los impactos de la Hidrov\\u00eda Paraguay \\u2013 Paran\\u00e1 - CAUCE\",\"headline\":\"Jornada sobre los impactos de la Hidrov\\u00eda Paraguay &#8211; Paran\\u00e1\",\"author\":{\"@id\":\"https:\\\/\\\/cauceecologico.org\\\/?author=2#author\"},\"publisher\":{\"@id\":\"https:\\\/\\\/cauceecologico.org\\\/#organization\"},\"image\":{\"@type\":\"ImageObject\",\"url\":\"https:\\\/\\\/cauceecologico.org\\\/wp-content\\\/uploads\\\/2022\\\/02\\\/arterias-titulo-arriba-scaled-e1645198177522.jpg\",\"width\":2163,\"height\":1484},\"datePublished\":\"2022-10-24T22:45:38+00:00\",\"dateModified\":\"2023-06-27T14:28:34+00:00\",\"inLanguage\":\"es-ES\",\"mainEntityOfPage\":{\"@id\":\"https:\\\/\\\/cauceecologico.org\\\/?p=3946#webpage\"},\"isPartOf\":{\"@id\":\"https:\\\/\\\/cauceecologico.org\\\/?p=3946#webpage\"},\"articleSection\":\"Hidrov\\u00eda Paran\\u00e1-Paraguay (HPP), Noticias, Uncategorized\"},{\"@type\":\"BreadcrumbList\",\"@id\":\"https:\\\/\\\/cauceecologico.org\\\/?p=3946#breadcrumblist\",\"itemListElement\":[{\"@type\":\"ListItem\",\"@id\":\"https:\\\/\\\/cauceecologico.org#listItem\",\"position\":1,\"name\":\"Home\",\"item\":\"https:\\\/\\\/cauceecologico.org\",\"nextItem\":{\"@type\":\"ListItem\",\"@id\":\"https:\\\/\\\/cauceecologico.org\\\/?cat=1#listItem\",\"name\":\"Uncategorized\"}},{\"@type\":\"ListItem\",\"@id\":\"https:\\\/\\\/cauceecologico.org\\\/?cat=1#listItem\",\"position\":2,\"name\":\"Uncategorized\",\"item\":\"https:\\\/\\\/cauceecologico.org\\\/?cat=1\",\"nextItem\":{\"@type\":\"ListItem\",\"@id\":\"https:\\\/\\\/cauceecologico.org\\\/?p=3946#listItem\",\"name\":\"Jornada sobre los impactos de la Hidrov\\u00eda Paraguay &#8211; Paran\\u00e1\"},\"previousItem\":{\"@type\":\"ListItem\",\"@id\":\"https:\\\/\\\/cauceecologico.org#listItem\",\"name\":\"Home\"}},{\"@type\":\"ListItem\",\"@id\":\"https:\\\/\\\/cauceecologico.org\\\/?p=3946#listItem\",\"position\":3,\"name\":\"Jornada sobre los impactos de la Hidrov\\u00eda Paraguay &#8211; Paran\\u00e1\",\"previousItem\":{\"@type\":\"ListItem\",\"@id\":\"https:\\\/\\\/cauceecologico.org\\\/?cat=1#listItem\",\"name\":\"Uncategorized\"}}]},{\"@type\":\"Organization\",\"@id\":\"https:\\\/\\\/cauceecologico.org\\\/#organization\",\"name\":\"CAUCE\",\"description\":\"Cultura Ambiental - Causa Ecologista\",\"url\":\"https:\\\/\\\/cauceecologico.org\\\/\"},{\"@type\":\"Person\",\"@id\":\"https:\\\/\\\/cauceecologico.org\\\/?author=2#author\",\"url\":\"https:\\\/\\\/cauceecologico.org\\\/?author=2\",\"name\":\"Ana Lucia Vergara\",\"image\":{\"@type\":\"ImageObject\",\"@id\":\"https:\\\/\\\/cauceecologico.org\\\/?p=3946#authorImage\",\"url\":\"https:\\\/\\\/secure.gravatar.com\\\/avatar\\\/e8720df08f5c466573fb9f3d6cec14bcac9a305e2049123e58e6bc9c03f3a77b?s=96&d=mm&r=g\",\"width\":96,\"height\":96,\"caption\":\"Ana Lucia Vergara\"}},{\"@type\":\"WebPage\",\"@id\":\"https:\\\/\\\/cauceecologico.org\\\/?p=3946#webpage\",\"url\":\"https:\\\/\\\/cauceecologico.org\\\/?p=3946\",\"name\":\"Jornada sobre los impactos de la Hidrov\\u00eda Paraguay \\u2013 Paran\\u00e1 - CAUCE\",\"description\":\"Fundaci\\u00f3n CAUCE y Taller Ecologista realizaran una jornada para abordar la actualidad del proyecto Hidrov\\u00eda Paraguay-Paran\\u00e1 y sus impactos ambientales. La misma tendr\\u00e1 lugar el viernes 4 de noviembre de 14:00 a 19:00 en la Casa del Estudiante de Medicina, Tucum\\u00e1n 2359, Rosario, y constar\\u00e1 de la presentaci\\u00f3n de informes y un taller participativo con\",\"inLanguage\":\"es-ES\",\"isPartOf\":{\"@id\":\"https:\\\/\\\/cauceecologico.org\\\/#website\"},\"breadcrumb\":{\"@id\":\"https:\\\/\\\/cauceecologico.org\\\/?p=3946#breadcrumblist\"},\"author\":{\"@id\":\"https:\\\/\\\/cauceecologico.org\\\/?author=2#author\"},\"creator\":{\"@id\":\"https:\\\/\\\/cauceecologico.org\\\/?author=2#author\"},\"image\":{\"@type\":\"ImageObject\",\"url\":\"https:\\\/\\\/cauceecologico.org\\\/wp-content\\\/uploads\\\/2022\\\/02\\\/arterias-titulo-arriba-scaled-e1645198177522.jpg\",\"@id\":\"https:\\\/\\\/cauceecologico.org\\\/?p=3946\\\/#mainImage\",\"width\":2163,\"height\":1484},\"primaryImageOfPage\":{\"@id\":\"https:\\\/\\\/cauceecologico.org\\\/?p=3946#mainImage\"},\"datePublished\":\"2022-10-24T22:45:38+00:00\",\"dateModified\":\"2023-06-27T14:28:34+00:00\"},{\"@type\":\"WebSite\",\"@id\":\"https:\\\/\\\/cauceecologico.org\\\/#website\",\"url\":\"https:\\\/\\\/cauceecologico.org\\\/\",\"name\":\"CAUCE\",\"description\":\"Cultura Ambiental - Causa Ecologista\",\"inLanguage\":\"es-ES\",\"publisher\":{\"@id\":\"https:\\\/\\\/cauceecologico.org\\\/#organization\"}}]}\n\t\t<\/script>\n\t\t<!-- All in One SEO -->\n\n","aioseo_head_json":{"title":"Jornada sobre los impactos de la Hidrov\u00eda Paraguay \u2013 Paran\u00e1 - CAUCE","description":"Fundaci\u00f3n CAUCE y Taller Ecologista realizaran una jornada para abordar la actualidad del proyecto Hidrov\u00eda Paraguay-Paran\u00e1 y sus impactos ambientales. La misma tendr\u00e1 lugar el viernes 4 de noviembre de 14:00 a 19:00 en la Casa del Estudiante de Medicina, Tucum\u00e1n 2359, Rosario, y constar\u00e1 de la presentaci\u00f3n de informes y un taller participativo con","canonical_url":"https:\/\/cauceecologico.org\/?p=3946","robots":"max-image-preview:large","keywords":"","webmasterTools":{"miscellaneous":""},"schema":{"@context":"https:\/\/schema.org","@graph":[{"@type":"BlogPosting","@id":"https:\/\/cauceecologico.org\/?p=3946#blogposting","name":"Jornada sobre los impactos de la Hidrov\u00eda Paraguay \u2013 Paran\u00e1 - CAUCE","headline":"Jornada sobre los impactos de la Hidrov\u00eda Paraguay &#8211; Paran\u00e1","author":{"@id":"https:\/\/cauceecologico.org\/?author=2#author"},"publisher":{"@id":"https:\/\/cauceecologico.org\/#organization"},"image":{"@type":"ImageObject","url":"https:\/\/cauceecologico.org\/wp-content\/uploads\/2022\/02\/arterias-titulo-arriba-scaled-e1645198177522.jpg","width":2163,"height":1484},"datePublished":"2022-10-24T22:45:38+00:00","dateModified":"2023-06-27T14:28:34+00:00","inLanguage":"es-ES","mainEntityOfPage":{"@id":"https:\/\/cauceecologico.org\/?p=3946#webpage"},"isPartOf":{"@id":"https:\/\/cauceecologico.org\/?p=3946#webpage"},"articleSection":"Hidrov\u00eda Paran\u00e1-Paraguay (HPP), Noticias, Uncategorized"},{"@type":"BreadcrumbList","@id":"https:\/\/cauceecologico.org\/?p=3946#breadcrumblist","itemListElement":[{"@type":"ListItem","@id":"https:\/\/cauceecologico.org#listItem","position":1,"name":"Home","item":"https:\/\/cauceecologico.org","nextItem":{"@type":"ListItem","@id":"https:\/\/cauceecologico.org\/?cat=1#listItem","name":"Uncategorized"}},{"@type":"ListItem","@id":"https:\/\/cauceecologico.org\/?cat=1#listItem","position":2,"name":"Uncategorized","item":"https:\/\/cauceecologico.org\/?cat=1","nextItem":{"@type":"ListItem","@id":"https:\/\/cauceecologico.org\/?p=3946#listItem","name":"Jornada sobre los impactos de la Hidrov\u00eda Paraguay &#8211; Paran\u00e1"},"previousItem":{"@type":"ListItem","@id":"https:\/\/cauceecologico.org#listItem","name":"Home"}},{"@type":"ListItem","@id":"https:\/\/cauceecologico.org\/?p=3946#listItem","position":3,"name":"Jornada sobre los impactos de la Hidrov\u00eda Paraguay &#8211; Paran\u00e1","previousItem":{"@type":"ListItem","@id":"https:\/\/cauceecologico.org\/?cat=1#listItem","name":"Uncategorized"}}]},{"@type":"Organization","@id":"https:\/\/cauceecologico.org\/#organization","name":"CAUCE","description":"Cultura Ambiental - Causa Ecologista","url":"https:\/\/cauceecologico.org\/"},{"@type":"Person","@id":"https:\/\/cauceecologico.org\/?author=2#author","url":"https:\/\/cauceecologico.org\/?author=2","name":"Ana Lucia Vergara","image":{"@type":"ImageObject","@id":"https:\/\/cauceecologico.org\/?p=3946#authorImage","url":"https:\/\/secure.gravatar.com\/avatar\/e8720df08f5c466573fb9f3d6cec14bcac9a305e2049123e58e6bc9c03f3a77b?s=96&d=mm&r=g","width":96,"height":96,"caption":"Ana Lucia Vergara"}},{"@type":"WebPage","@id":"https:\/\/cauceecologico.org\/?p=3946#webpage","url":"https:\/\/cauceecologico.org\/?p=3946","name":"Jornada sobre los impactos de la Hidrov\u00eda Paraguay \u2013 Paran\u00e1 - CAUCE","description":"Fundaci\u00f3n CAUCE y Taller Ecologista realizaran una jornada para abordar la actualidad del proyecto Hidrov\u00eda Paraguay-Paran\u00e1 y sus impactos ambientales. La misma tendr\u00e1 lugar el viernes 4 de noviembre de 14:00 a 19:00 en la Casa del Estudiante de Medicina, Tucum\u00e1n 2359, Rosario, y constar\u00e1 de la presentaci\u00f3n de informes y un taller participativo con","inLanguage":"es-ES","isPartOf":{"@id":"https:\/\/cauceecologico.org\/#website"},"breadcrumb":{"@id":"https:\/\/cauceecologico.org\/?p=3946#breadcrumblist"},"author":{"@id":"https:\/\/cauceecologico.org\/?author=2#author"},"creator":{"@id":"https:\/\/cauceecologico.org\/?author=2#author"},"image":{"@type":"ImageObject","url":"https:\/\/cauceecologico.org\/wp-content\/uploads\/2022\/02\/arterias-titulo-arriba-scaled-e1645198177522.jpg","@id":"https:\/\/cauceecologico.org\/?p=3946\/#mainImage","width":2163,"height":1484},"primaryImageOfPage":{"@id":"https:\/\/cauceecologico.org\/?p=3946#mainImage"},"datePublished":"2022-10-24T22:45:38+00:00","dateModified":"2023-06-27T14:28:34+00:00"},{"@type":"WebSite","@id":"https:\/\/cauceecologico.org\/#website","url":"https:\/\/cauceecologico.org\/","name":"CAUCE","description":"Cultura Ambiental - Causa Ecologista","inLanguage":"es-ES","publisher":{"@id":"https:\/\/cauceecologico.org\/#organization"}}]},"og:locale":"es_ES","og:site_name":"CAUCE - Cultura Ambiental - Causa Ecologista","og:type":"article","og:title":"Jornada sobre los impactos de la Hidrov\u00eda Paraguay \u2013 Paran\u00e1 - CAUCE","og:description":"Fundaci\u00f3n CAUCE y Taller Ecologista realizaran una jornada para abordar la actualidad del proyecto Hidrov\u00eda Paraguay-Paran\u00e1 y sus impactos ambientales. La misma tendr\u00e1 lugar el viernes 4 de noviembre de 14:00 a 19:00 en la Casa del Estudiante de Medicina, Tucum\u00e1n 2359, Rosario, y constar\u00e1 de la presentaci\u00f3n de informes y un taller participativo con","og:url":"https:\/\/cauceecologico.org\/?p=3946","article:published_time":"2022-10-24T22:45:38+00:00","article:modified_time":"2023-06-27T14:28:34+00:00","twitter:card":"summary_large_image","twitter:title":"Jornada sobre los impactos de la Hidrov\u00eda Paraguay \u2013 Paran\u00e1 - CAUCE","twitter:description":"Fundaci\u00f3n CAUCE y Taller Ecologista realizaran una jornada para abordar la actualidad del proyecto Hidrov\u00eda Paraguay-Paran\u00e1 y sus impactos ambientales. La misma tendr\u00e1 lugar el viernes 4 de noviembre de 14:00 a 19:00 en la Casa del Estudiante de Medicina, Tucum\u00e1n 2359, Rosario, y constar\u00e1 de la presentaci\u00f3n de informes y un taller participativo con"},"aioseo_meta_data":{"post_id":"3946","title":null,"description":null,"keywords":[],"keyphrases":{"focus":{"keyphrase":"","score":0,"analysis":{"keyphraseInTitle":{"score":0,"maxScore":9,"error":1}}},"additional":[]},"primary_term":null,"canonical_url":null,"og_title":null,"og_description":null,"og_object_type":"default","og_image_type":"default","og_image_url":null,"og_image_width":null,"og_image_height":null,"og_image_custom_url":null,"og_image_custom_fields":null,"og_video":"","og_custom_url":null,"og_article_section":null,"og_article_tags":[],"twitter_use_og":false,"twitter_card":"default","twitter_image_type":"default","twitter_image_url":null,"twitter_image_custom_url":null,"twitter_image_custom_fields":null,"twitter_title":null,"twitter_description":null,"schema":{"blockGraphs":[],"customGraphs":[],"default":{"data":{"Article":[],"Course":[],"Dataset":[],"FAQPage":[],"Movie":[],"Person":[],"Product":[],"ProductReview":[],"Car":[],"Recipe":[],"Service":[],"SoftwareApplication":[],"WebPage":[]},"graphName":"","isEnabled":true},"graphs":[]},"schema_type":"default","schema_type_options":null,"pillar_content":false,"robots_default":true,"robots_noindex":false,"robots_noarchive":false,"robots_nosnippet":false,"robots_nofollow":false,"robots_noimageindex":false,"robots_noodp":false,"robots_notranslate":false,"robots_max_snippet":"-1","robots_max_videopreview":"-1","robots_max_imagepreview":"large","priority":0,"frequency":"default","local_seo":null,"limit_modified_date":false,"created":"2023-03-16 21:29:15","updated":"2026-07-28 01:44:43","ai":null,"breadcrumb_settings":null,"seo_analyzer_scan_date":null},"aioseo_breadcrumb":"<div class=\"aioseo-breadcrumbs\"><span class=\"aioseo-breadcrumb\">\n\t\t\t<a href=\"https:\/\/cauceecologico.org\" title=\"Home\">Home<\/a>\n\t\t<\/span><span class=\"aioseo-breadcrumb-separator\">&raquo;<\/span><span class=\"aioseo-breadcrumb\">\n\t\t\t<a href=\"https:\/\/cauceecologico.org\/?cat=1\" title=\"Uncategorized\">Uncategorized<\/a>\n\t\t<\/span><span class=\"aioseo-breadcrumb-separator\">&raquo;<\/span><span class=\"aioseo-breadcrumb\">\n\t\t\tJornada sobre los impactos de la Hidrov\u00eda Paraguay \u2013 Paran\u00e1\n\t\t<\/span><\/div>","aioseo_breadcrumb_json":[{"label":"Home","link":"https:\/\/cauceecologico.org"},{"label":"Uncategorized","link":"https:\/\/cauceecologico.org\/?cat=1"},{"label":"Jornada sobre los impactos de la Hidrov\u00eda Paraguay &#8211; Paran\u00e1","link":"https:\/\/cauceecologico.org\/?p=3946"}],"_links":{"self":[{"href":"https:\/\/cauceecologico.org\/index.php?rest_route=\/wp\/v2\/posts\/3946","targetHints":{"allow":["GET"]}}],"collection":[{"href":"https:\/\/cauceecologico.org\/index.php?rest_route=\/wp\/v2\/posts"}],"about":[{"href":"https:\/\/cauceecologico.org\/index.php?rest_route=\/wp\/v2\/types\/post"}],"author":[{"embeddable":true,"href":"https:\/\/cauceecologico.org\/index.php?rest_route=\/wp\/v2\/users\/2"}],"replies":[{"embeddable":true,"href":"https:\/\/cauceecologico.org\/index.php?rest_route=%2Fwp%2Fv2%2Fcomments&post=3946"}],"version-history":[{"count":7,"href":"https:\/\/cauceecologico.org\/index.php?rest_route=\/wp\/v2\/posts\/3946\/revisions"}],"predecessor-version":[{"id":4332,"href":"https:\/\/cauceecologico.org\/index.php?rest_route=\/wp\/v2\/posts\/3946\/revisions\/4332"}],"wp:featuredmedia":[{"embeddable":true,"href":"https:\/\/cauceecologico.org\/index.php?rest_route=\/wp\/v2\/media\/3493"}],"wp:attachment":[{"href":"https:\/\/cauceecologico.org\/index.php?rest_route=%2Fwp%2Fv2%2Fmedia&parent=3946"}],"wp:term":[{"taxonomy":"category","embeddable":true,"href":"https:\/\/cauceecologico.org\/index.php?rest_route=%2Fwp%2Fv2%2Fcategories&post=3946"},{"taxonomy":"post_tag","embeddable":true,"href":"https:\/\/cauceecologico.org\/index.php?rest_route=%2Fwp%2Fv2%2Ftags&post=3946"}],"curies":[{"name":"wp","href":"https:\/\/api.w.org\/{rel}","templated":true}]}}