{"id":3965,"date":"2022-11-10T12:26:00","date_gmt":"2022-11-10T12:26:00","guid":{"rendered":"https:\/\/cauceecologico.org\/?p=3965"},"modified":"2023-02-01T11:11:41","modified_gmt":"2023-02-01T11:11:41","slug":"cauce-invita-al-festival-ambiental-alma-delta-2022","status":"publish","type":"post","link":"https:\/\/cauceecologico.org\/?p=3965","title":{"rendered":"CAUCE invita al festival ambiental Alma Delta 2022"},"content":{"rendered":"<p><span style=\"font-weight: 400;\">Fundaci\u00f3n CAUCE: Cultura Ambiental \u2013 Causa Ecologista realizar\u00e1 la cuarta edici\u00f3n de Alma Delta, un festival ambiental que se desarrolla anualmente en Paran\u00e1. Ser\u00e1 el pr\u00f3ximo viernes 18 de noviembre en la Biblioteca Provincial, con una programaci\u00f3n que incluye taller, un conversatorio sobre la contaminaci\u00f3n del r\u00edo y los arroyos urbanos, instalaciones, intervenciones art\u00edsticas, una feria gastron\u00f3mica agroecol\u00f3gica y la presentaci\u00f3n en vivo de Lauphan.<\/span><\/p>\n<p><span style=\"font-weight: 400;\">Alma Delta se realiza desde 2019, en el marco del programa Humedales Sin Fronteras, con distintas sedes y lemas. En esta edici\u00f3n, el eje estar\u00e1 puesto en los r\u00edos y arroyos libres, a 25 a\u00f1os de la sanci\u00f3n de la ley 9092 de Libertad de los r\u00edos Paran\u00e1 y Uruguay en la provincia de Entre R\u00edos.<\/span><\/p>\n<p><span style=\"font-weight: 400;\">Las actividades se desarrollar\u00e1n en la Biblioteca Provincial (Alameda de la Federaci\u00f3n 278), a partir de las 17.00. A continuaci\u00f3n, se detalla la programaci\u00f3n completa:<\/span><\/p>\n<p><span style=\"font-weight: 400;\"><strong>17:00<\/strong> &#8211; Taller de fanzines | Coordinado por Proyecto Toda Persona (requiere inscripci\u00f3n previa a trav\u00e9s del siguiente <span style=\"color: #3366ff;\"><a style=\"color: #3366ff;\" href=\"https:\/\/forms.gle\/FqcDx9DH2PoDjTX27\">formulario<\/a><\/span>)<\/span><\/p>\n<p><span style=\"font-weight: 400;\"><strong>20:00<\/strong> &#8211; Conversatorio: \u201c\u00bfQu\u00e9 pasa con el r\u00edo? Contaminaci\u00f3n del r\u00edo Paran\u00e1 y arroyos urbanos\u201d<\/span><\/p>\n<p><span style=\"font-weight: 400;\"><strong>21:30<\/strong> &#8211; Presentaci\u00f3n del poemario \u201cLas cenizas llegaron a mi patio\u201d: Lecturas y retroproyecci\u00f3n con Mart\u00edn Roda y Maje \u00c1lvarez<\/span><\/p>\n<p><span style=\"font-weight: 400;\"><strong>22:00<\/strong> &#8211; Show en vivo de Lauphan<\/span><\/p>\n<p><span style=\"font-weight: 400;\">Durante la jornada se exhibir\u00e1 la instalaci\u00f3n \u201cPr\u00f3tesis IV: Lo fr\u00e1gil est\u00e1 afuera\u201d d<\/span><span style=\"font-weight: 400;\">el artista y gestor cultural Guido Bertos, junto a otros contenidos desarrollados por CAUCE. Adem\u00e1s, habr\u00e1 una feria agroecol\u00f3gica con la presencia de productores y emprendedores locales y una cantina de comidas y cerveza artesanal desde las 19:00.<\/span><\/p>\n<p><img loading=\"lazy\" decoding=\"async\" class=\"alignnone size-large wp-image-3966\" src=\"http:\/\/cauceecologico.org\/wp-content\/uploads\/2022\/11\/almadelta-2022-1024x1024.png\" alt=\"\" width=\"740\" height=\"740\" srcset=\"https:\/\/cauceecologico.org\/wp-content\/uploads\/2022\/11\/almadelta-2022-1024x1024.png 1024w, https:\/\/cauceecologico.org\/wp-content\/uploads\/2022\/11\/almadelta-2022-300x300.png 300w, https:\/\/cauceecologico.org\/wp-content\/uploads\/2022\/11\/almadelta-2022-150x150.png 150w, https:\/\/cauceecologico.org\/wp-content\/uploads\/2022\/11\/almadelta-2022-768x768.png 768w, https:\/\/cauceecologico.org\/wp-content\/uploads\/2022\/11\/almadelta-2022-80x80.png 80w, https:\/\/cauceecologico.org\/wp-content\/uploads\/2022\/11\/almadelta-2022.png 1080w\" sizes=\"auto, (max-width: 740px) 100vw, 740px\" \/><\/p>\n<p><strong>Cobertura Canal Once<\/strong><\/p>\n<p><iframe loading=\"lazy\" title=\"YouTube video player\" src=\"https:\/\/www.youtube.com\/embed\/mQCcRrAhobY\" width=\"560\" height=\"315\" frameborder=\"0\" allowfullscreen=\"allowfullscreen\"><\/iframe><\/p>\n","protected":false},"excerpt":{"rendered":"<p>Fundaci\u00f3n CAUCE: Cultura Ambiental \u2013 Causa Ecologista realizar\u00e1 la cuarta edici\u00f3n de Alma Delta, un festival ambiental que se desarrolla anualmente en Paran\u00e1. Ser\u00e1 el pr\u00f3ximo viernes 18 de noviembre en la Biblioteca Provincial, con una programaci\u00f3n que incluye taller, un conversatorio sobre la contaminaci\u00f3n del r\u00edo y los arroyos urbanos, instalaciones, intervenciones art\u00edsticas, una [&hellip;]<\/p>\n","protected":false},"author":2,"featured_media":3234,"comment_status":"open","ping_status":"open","sticky":false,"template":"","format":"standard","meta":{"om_disable_all_campaigns":false,"_monsterinsights_skip_tracking":false,"amp_status":"","footnotes":""},"categories":[274,276,5],"tags":[],"class_list":["post-3965","post","type-post","status-publish","format-standard","has-post-thumbnail","hentry","category-agroecologia","category-delta","category-noticias"],"aioseo_notices":[],"aioseo_head":"\n\t\t<!-- All in One SEO 4.9.10 - aioseo.com -->\n\t<meta name=\"description\" content=\"Fundaci\u00f3n CAUCE: Cultura Ambiental \u2013 Causa Ecologista realizar\u00e1 la cuarta edici\u00f3n de Alma Delta, un festival ambiental que se desarrolla anualmente en Paran\u00e1. Ser\u00e1 el pr\u00f3ximo viernes 18 de noviembre en la Biblioteca Provincial, con una programaci\u00f3n que incluye taller, un conversatorio sobre la contaminaci\u00f3n del r\u00edo y los arroyos urbanos, instalaciones, intervenciones art\u00edsticas, una\" \/>\n\t<meta name=\"robots\" content=\"max-image-preview:large\" \/>\n\t<meta name=\"author\" content=\"Ana Lucia Vergara\"\/>\n\t<link rel=\"canonical\" href=\"https:\/\/cauceecologico.org\/?p=3965\" \/>\n\t<meta name=\"generator\" content=\"All in One SEO (AIOSEO) 4.9.10\" \/>\n\t\t<meta property=\"og:locale\" content=\"es_ES\" \/>\n\t\t<meta property=\"og:site_name\" content=\"CAUCE - Cultura Ambiental - Causa Ecologista\" \/>\n\t\t<meta property=\"og:type\" content=\"article\" \/>\n\t\t<meta property=\"og:title\" content=\"CAUCE invita al festival ambiental Alma Delta 2022 - CAUCE\" \/>\n\t\t<meta property=\"og:description\" content=\"Fundaci\u00f3n CAUCE: Cultura Ambiental \u2013 Causa Ecologista realizar\u00e1 la cuarta edici\u00f3n de Alma Delta, un festival ambiental que se desarrolla anualmente en Paran\u00e1. Ser\u00e1 el pr\u00f3ximo viernes 18 de noviembre en la Biblioteca Provincial, con una programaci\u00f3n que incluye taller, un conversatorio sobre la contaminaci\u00f3n del r\u00edo y los arroyos urbanos, instalaciones, intervenciones art\u00edsticas, una\" \/>\n\t\t<meta property=\"og:url\" content=\"https:\/\/cauceecologico.org\/?p=3965\" \/>\n\t\t<meta property=\"article:published_time\" content=\"2022-11-10T12:26:00+00:00\" \/>\n\t\t<meta property=\"article:modified_time\" content=\"2023-02-01T11:11:41+00:00\" \/>\n\t\t<meta name=\"twitter:card\" content=\"summary_large_image\" \/>\n\t\t<meta name=\"twitter:title\" content=\"CAUCE invita al festival ambiental Alma Delta 2022 - CAUCE\" \/>\n\t\t<meta name=\"twitter:description\" content=\"Fundaci\u00f3n CAUCE: Cultura Ambiental \u2013 Causa Ecologista realizar\u00e1 la cuarta edici\u00f3n de Alma Delta, un festival ambiental que se desarrolla anualmente en Paran\u00e1. Ser\u00e1 el pr\u00f3ximo viernes 18 de noviembre en la Biblioteca Provincial, con una programaci\u00f3n que incluye taller, un conversatorio sobre la contaminaci\u00f3n del r\u00edo y los arroyos urbanos, instalaciones, intervenciones art\u00edsticas, una\" \/>\n\t\t<script type=\"application\/ld+json\" class=\"aioseo-schema\">\n\t\t\t{\"@context\":\"https:\\\/\\\/schema.org\",\"@graph\":[{\"@type\":\"BlogPosting\",\"@id\":\"https:\\\/\\\/cauceecologico.org\\\/?p=3965#blogposting\",\"name\":\"CAUCE invita al festival ambiental Alma Delta 2022 - CAUCE\",\"headline\":\"CAUCE invita al festival ambiental Alma Delta 2022\",\"author\":{\"@id\":\"https:\\\/\\\/cauceecologico.org\\\/?author=2#author\"},\"publisher\":{\"@id\":\"https:\\\/\\\/cauceecologico.org\\\/#organization\"},\"image\":{\"@type\":\"ImageObject\",\"url\":\"https:\\\/\\\/cauceecologico.org\\\/wp-content\\\/uploads\\\/2021\\\/11\\\/WhatsApp-Image-2019-12-09-at-16.14.33.jpeg\",\"width\":1280,\"height\":853},\"datePublished\":\"2022-11-10T12:26:00+00:00\",\"dateModified\":\"2023-02-01T11:11:41+00:00\",\"inLanguage\":\"es-ES\",\"mainEntityOfPage\":{\"@id\":\"https:\\\/\\\/cauceecologico.org\\\/?p=3965#webpage\"},\"isPartOf\":{\"@id\":\"https:\\\/\\\/cauceecologico.org\\\/?p=3965#webpage\"},\"articleSection\":\"Agroecolog\\u00eda, Delta, Noticias\"},{\"@type\":\"BreadcrumbList\",\"@id\":\"https:\\\/\\\/cauceecologico.org\\\/?p=3965#breadcrumblist\",\"itemListElement\":[{\"@type\":\"ListItem\",\"@id\":\"https:\\\/\\\/cauceecologico.org#listItem\",\"position\":1,\"name\":\"Home\",\"item\":\"https:\\\/\\\/cauceecologico.org\",\"nextItem\":{\"@type\":\"ListItem\",\"@id\":\"https:\\\/\\\/cauceecologico.org\\\/?cat=5#listItem\",\"name\":\"Noticias\"}},{\"@type\":\"ListItem\",\"@id\":\"https:\\\/\\\/cauceecologico.org\\\/?cat=5#listItem\",\"position\":2,\"name\":\"Noticias\",\"item\":\"https:\\\/\\\/cauceecologico.org\\\/?cat=5\",\"nextItem\":{\"@type\":\"ListItem\",\"@id\":\"https:\\\/\\\/cauceecologico.org\\\/?p=3965#listItem\",\"name\":\"CAUCE invita al festival ambiental Alma Delta 2022\"},\"previousItem\":{\"@type\":\"ListItem\",\"@id\":\"https:\\\/\\\/cauceecologico.org#listItem\",\"name\":\"Home\"}},{\"@type\":\"ListItem\",\"@id\":\"https:\\\/\\\/cauceecologico.org\\\/?p=3965#listItem\",\"position\":3,\"name\":\"CAUCE invita al festival ambiental Alma Delta 2022\",\"previousItem\":{\"@type\":\"ListItem\",\"@id\":\"https:\\\/\\\/cauceecologico.org\\\/?cat=5#listItem\",\"name\":\"Noticias\"}}]},{\"@type\":\"Organization\",\"@id\":\"https:\\\/\\\/cauceecologico.org\\\/#organization\",\"name\":\"CAUCE\",\"description\":\"Cultura Ambiental - Causa Ecologista\",\"url\":\"https:\\\/\\\/cauceecologico.org\\\/\"},{\"@type\":\"Person\",\"@id\":\"https:\\\/\\\/cauceecologico.org\\\/?author=2#author\",\"url\":\"https:\\\/\\\/cauceecologico.org\\\/?author=2\",\"name\":\"Ana Lucia Vergara\",\"image\":{\"@type\":\"ImageObject\",\"@id\":\"https:\\\/\\\/cauceecologico.org\\\/?p=3965#authorImage\",\"url\":\"https:\\\/\\\/secure.gravatar.com\\\/avatar\\\/e8720df08f5c466573fb9f3d6cec14bcac9a305e2049123e58e6bc9c03f3a77b?s=96&d=mm&r=g\",\"width\":96,\"height\":96,\"caption\":\"Ana Lucia Vergara\"}},{\"@type\":\"WebPage\",\"@id\":\"https:\\\/\\\/cauceecologico.org\\\/?p=3965#webpage\",\"url\":\"https:\\\/\\\/cauceecologico.org\\\/?p=3965\",\"name\":\"CAUCE invita al festival ambiental Alma Delta 2022 - CAUCE\",\"description\":\"Fundaci\\u00f3n CAUCE: Cultura Ambiental \\u2013 Causa Ecologista realizar\\u00e1 la cuarta edici\\u00f3n de Alma Delta, un festival ambiental que se desarrolla anualmente en Paran\\u00e1. Ser\\u00e1 el pr\\u00f3ximo viernes 18 de noviembre en la Biblioteca Provincial, con una programaci\\u00f3n que incluye taller, un conversatorio sobre la contaminaci\\u00f3n del r\\u00edo y los arroyos urbanos, instalaciones, intervenciones art\\u00edsticas, una\",\"inLanguage\":\"es-ES\",\"isPartOf\":{\"@id\":\"https:\\\/\\\/cauceecologico.org\\\/#website\"},\"breadcrumb\":{\"@id\":\"https:\\\/\\\/cauceecologico.org\\\/?p=3965#breadcrumblist\"},\"author\":{\"@id\":\"https:\\\/\\\/cauceecologico.org\\\/?author=2#author\"},\"creator\":{\"@id\":\"https:\\\/\\\/cauceecologico.org\\\/?author=2#author\"},\"image\":{\"@type\":\"ImageObject\",\"url\":\"https:\\\/\\\/cauceecologico.org\\\/wp-content\\\/uploads\\\/2021\\\/11\\\/WhatsApp-Image-2019-12-09-at-16.14.33.jpeg\",\"@id\":\"https:\\\/\\\/cauceecologico.org\\\/?p=3965\\\/#mainImage\",\"width\":1280,\"height\":853},\"primaryImageOfPage\":{\"@id\":\"https:\\\/\\\/cauceecologico.org\\\/?p=3965#mainImage\"},\"datePublished\":\"2022-11-10T12:26:00+00:00\",\"dateModified\":\"2023-02-01T11:11:41+00:00\"},{\"@type\":\"WebSite\",\"@id\":\"https:\\\/\\\/cauceecologico.org\\\/#website\",\"url\":\"https:\\\/\\\/cauceecologico.org\\\/\",\"name\":\"CAUCE\",\"description\":\"Cultura Ambiental - Causa Ecologista\",\"inLanguage\":\"es-ES\",\"publisher\":{\"@id\":\"https:\\\/\\\/cauceecologico.org\\\/#organization\"}}]}\n\t\t<\/script>\n\t\t<!-- All in One SEO -->\n\n","aioseo_head_json":{"title":"CAUCE invita al festival ambiental Alma Delta 2022 - CAUCE","description":"Fundaci\u00f3n CAUCE: Cultura Ambiental \u2013 Causa Ecologista realizar\u00e1 la cuarta edici\u00f3n de Alma Delta, un festival ambiental que se desarrolla anualmente en Paran\u00e1. Ser\u00e1 el pr\u00f3ximo viernes 18 de noviembre en la Biblioteca Provincial, con una programaci\u00f3n que incluye taller, un conversatorio sobre la contaminaci\u00f3n del r\u00edo y los arroyos urbanos, instalaciones, intervenciones art\u00edsticas, una","canonical_url":"https:\/\/cauceecologico.org\/?p=3965","robots":"max-image-preview:large","keywords":"","webmasterTools":{"miscellaneous":""},"schema":{"@context":"https:\/\/schema.org","@graph":[{"@type":"BlogPosting","@id":"https:\/\/cauceecologico.org\/?p=3965#blogposting","name":"CAUCE invita al festival ambiental Alma Delta 2022 - CAUCE","headline":"CAUCE invita al festival ambiental Alma Delta 2022","author":{"@id":"https:\/\/cauceecologico.org\/?author=2#author"},"publisher":{"@id":"https:\/\/cauceecologico.org\/#organization"},"image":{"@type":"ImageObject","url":"https:\/\/cauceecologico.org\/wp-content\/uploads\/2021\/11\/WhatsApp-Image-2019-12-09-at-16.14.33.jpeg","width":1280,"height":853},"datePublished":"2022-11-10T12:26:00+00:00","dateModified":"2023-02-01T11:11:41+00:00","inLanguage":"es-ES","mainEntityOfPage":{"@id":"https:\/\/cauceecologico.org\/?p=3965#webpage"},"isPartOf":{"@id":"https:\/\/cauceecologico.org\/?p=3965#webpage"},"articleSection":"Agroecolog\u00eda, Delta, Noticias"},{"@type":"BreadcrumbList","@id":"https:\/\/cauceecologico.org\/?p=3965#breadcrumblist","itemListElement":[{"@type":"ListItem","@id":"https:\/\/cauceecologico.org#listItem","position":1,"name":"Home","item":"https:\/\/cauceecologico.org","nextItem":{"@type":"ListItem","@id":"https:\/\/cauceecologico.org\/?cat=5#listItem","name":"Noticias"}},{"@type":"ListItem","@id":"https:\/\/cauceecologico.org\/?cat=5#listItem","position":2,"name":"Noticias","item":"https:\/\/cauceecologico.org\/?cat=5","nextItem":{"@type":"ListItem","@id":"https:\/\/cauceecologico.org\/?p=3965#listItem","name":"CAUCE invita al festival ambiental Alma Delta 2022"},"previousItem":{"@type":"ListItem","@id":"https:\/\/cauceecologico.org#listItem","name":"Home"}},{"@type":"ListItem","@id":"https:\/\/cauceecologico.org\/?p=3965#listItem","position":3,"name":"CAUCE invita al festival ambiental Alma Delta 2022","previousItem":{"@type":"ListItem","@id":"https:\/\/cauceecologico.org\/?cat=5#listItem","name":"Noticias"}}]},{"@type":"Organization","@id":"https:\/\/cauceecologico.org\/#organization","name":"CAUCE","description":"Cultura Ambiental - Causa Ecologista","url":"https:\/\/cauceecologico.org\/"},{"@type":"Person","@id":"https:\/\/cauceecologico.org\/?author=2#author","url":"https:\/\/cauceecologico.org\/?author=2","name":"Ana Lucia Vergara","image":{"@type":"ImageObject","@id":"https:\/\/cauceecologico.org\/?p=3965#authorImage","url":"https:\/\/secure.gravatar.com\/avatar\/e8720df08f5c466573fb9f3d6cec14bcac9a305e2049123e58e6bc9c03f3a77b?s=96&d=mm&r=g","width":96,"height":96,"caption":"Ana Lucia Vergara"}},{"@type":"WebPage","@id":"https:\/\/cauceecologico.org\/?p=3965#webpage","url":"https:\/\/cauceecologico.org\/?p=3965","name":"CAUCE invita al festival ambiental Alma Delta 2022 - CAUCE","description":"Fundaci\u00f3n CAUCE: Cultura Ambiental \u2013 Causa Ecologista realizar\u00e1 la cuarta edici\u00f3n de Alma Delta, un festival ambiental que se desarrolla anualmente en Paran\u00e1. Ser\u00e1 el pr\u00f3ximo viernes 18 de noviembre en la Biblioteca Provincial, con una programaci\u00f3n que incluye taller, un conversatorio sobre la contaminaci\u00f3n del r\u00edo y los arroyos urbanos, instalaciones, intervenciones art\u00edsticas, una","inLanguage":"es-ES","isPartOf":{"@id":"https:\/\/cauceecologico.org\/#website"},"breadcrumb":{"@id":"https:\/\/cauceecologico.org\/?p=3965#breadcrumblist"},"author":{"@id":"https:\/\/cauceecologico.org\/?author=2#author"},"creator":{"@id":"https:\/\/cauceecologico.org\/?author=2#author"},"image":{"@type":"ImageObject","url":"https:\/\/cauceecologico.org\/wp-content\/uploads\/2021\/11\/WhatsApp-Image-2019-12-09-at-16.14.33.jpeg","@id":"https:\/\/cauceecologico.org\/?p=3965\/#mainImage","width":1280,"height":853},"primaryImageOfPage":{"@id":"https:\/\/cauceecologico.org\/?p=3965#mainImage"},"datePublished":"2022-11-10T12:26:00+00:00","dateModified":"2023-02-01T11:11:41+00:00"},{"@type":"WebSite","@id":"https:\/\/cauceecologico.org\/#website","url":"https:\/\/cauceecologico.org\/","name":"CAUCE","description":"Cultura Ambiental - Causa Ecologista","inLanguage":"es-ES","publisher":{"@id":"https:\/\/cauceecologico.org\/#organization"}}]},"og:locale":"es_ES","og:site_name":"CAUCE - Cultura Ambiental - Causa Ecologista","og:type":"article","og:title":"CAUCE invita al festival ambiental Alma Delta 2022 - CAUCE","og:description":"Fundaci\u00f3n CAUCE: Cultura Ambiental \u2013 Causa Ecologista realizar\u00e1 la cuarta edici\u00f3n de Alma Delta, un festival ambiental que se desarrolla anualmente en Paran\u00e1. Ser\u00e1 el pr\u00f3ximo viernes 18 de noviembre en la Biblioteca Provincial, con una programaci\u00f3n que incluye taller, un conversatorio sobre la contaminaci\u00f3n del r\u00edo y los arroyos urbanos, instalaciones, intervenciones art\u00edsticas, una","og:url":"https:\/\/cauceecologico.org\/?p=3965","article:published_time":"2022-11-10T12:26:00+00:00","article:modified_time":"2023-02-01T11:11:41+00:00","twitter:card":"summary_large_image","twitter:title":"CAUCE invita al festival ambiental Alma Delta 2022 - CAUCE","twitter:description":"Fundaci\u00f3n CAUCE: Cultura Ambiental \u2013 Causa Ecologista realizar\u00e1 la cuarta edici\u00f3n de Alma Delta, un festival ambiental que se desarrolla anualmente en Paran\u00e1. Ser\u00e1 el pr\u00f3ximo viernes 18 de noviembre en la Biblioteca Provincial, con una programaci\u00f3n que incluye taller, un conversatorio sobre la contaminaci\u00f3n del r\u00edo y los arroyos urbanos, instalaciones, intervenciones art\u00edsticas, una"},"aioseo_meta_data":{"post_id":"3965","title":null,"description":null,"keywords":null,"keyphrases":null,"primary_term":null,"canonical_url":null,"og_title":null,"og_description":null,"og_object_type":"default","og_image_type":"default","og_image_url":null,"og_image_width":null,"og_image_height":null,"og_image_custom_url":null,"og_image_custom_fields":null,"og_video":null,"og_custom_url":null,"og_article_section":null,"og_article_tags":null,"twitter_use_og":false,"twitter_card":"default","twitter_image_type":"default","twitter_image_url":null,"twitter_image_custom_url":null,"twitter_image_custom_fields":null,"twitter_title":null,"twitter_description":null,"schema":{"blockGraphs":[],"customGraphs":[],"default":{"data":{"Article":[],"Course":[],"Dataset":[],"FAQPage":[],"Movie":[],"Person":[],"Product":[],"ProductReview":[],"Car":[],"Recipe":[],"Service":[],"SoftwareApplication":[],"WebPage":[]},"graphName":"","isEnabled":true},"graphs":[]},"schema_type":"default","schema_type_options":null,"pillar_content":false,"robots_default":true,"robots_noindex":false,"robots_noarchive":false,"robots_nosnippet":false,"robots_nofollow":false,"robots_noimageindex":false,"robots_noodp":false,"robots_notranslate":false,"robots_max_snippet":null,"robots_max_videopreview":null,"robots_max_imagepreview":"large","priority":null,"frequency":null,"local_seo":null,"limit_modified_date":false,"created":"2023-03-16 21:29:15","updated":"2026-07-28 01:46:04","ai":null,"breadcrumb_settings":null,"seo_analyzer_scan_date":null},"aioseo_breadcrumb":"<div class=\"aioseo-breadcrumbs\"><span class=\"aioseo-breadcrumb\">\n\t\t\t<a href=\"https:\/\/cauceecologico.org\" title=\"Home\">Home<\/a>\n\t\t<\/span><span class=\"aioseo-breadcrumb-separator\">&raquo;<\/span><span class=\"aioseo-breadcrumb\">\n\t\t\t<a href=\"https:\/\/cauceecologico.org\/?cat=5\" title=\"Noticias\">Noticias<\/a>\n\t\t<\/span><span class=\"aioseo-breadcrumb-separator\">&raquo;<\/span><span class=\"aioseo-breadcrumb\">\n\t\t\tCAUCE invita al festival ambiental Alma Delta 2022\n\t\t<\/span><\/div>","aioseo_breadcrumb_json":[{"label":"Home","link":"https:\/\/cauceecologico.org"},{"label":"Noticias","link":"https:\/\/cauceecologico.org\/?cat=5"},{"label":"CAUCE invita al festival ambiental Alma Delta 2022","link":"https:\/\/cauceecologico.org\/?p=3965"}],"_links":{"self":[{"href":"https:\/\/cauceecologico.org\/index.php?rest_route=\/wp\/v2\/posts\/3965","targetHints":{"allow":["GET"]}}],"collection":[{"href":"https:\/\/cauceecologico.org\/index.php?rest_route=\/wp\/v2\/posts"}],"about":[{"href":"https:\/\/cauceecologico.org\/index.php?rest_route=\/wp\/v2\/types\/post"}],"author":[{"embeddable":true,"href":"https:\/\/cauceecologico.org\/index.php?rest_route=\/wp\/v2\/users\/2"}],"replies":[{"embeddable":true,"href":"https:\/\/cauceecologico.org\/index.php?rest_route=%2Fwp%2Fv2%2Fcomments&post=3965"}],"version-history":[{"count":5,"href":"https:\/\/cauceecologico.org\/index.php?rest_route=\/wp\/v2\/posts\/3965\/revisions"}],"predecessor-version":[{"id":4132,"href":"https:\/\/cauceecologico.org\/index.php?rest_route=\/wp\/v2\/posts\/3965\/revisions\/4132"}],"wp:featuredmedia":[{"embeddable":true,"href":"https:\/\/cauceecologico.org\/index.php?rest_route=\/wp\/v2\/media\/3234"}],"wp:attachment":[{"href":"https:\/\/cauceecologico.org\/index.php?rest_route=%2Fwp%2Fv2%2Fmedia&parent=3965"}],"wp:term":[{"taxonomy":"category","embeddable":true,"href":"https:\/\/cauceecologico.org\/index.php?rest_route=%2Fwp%2Fv2%2Fcategories&post=3965"},{"taxonomy":"post_tag","embeddable":true,"href":"https:\/\/cauceecologico.org\/index.php?rest_route=%2Fwp%2Fv2%2Ftags&post=3965"}],"curies":[{"name":"wp","href":"https:\/\/api.w.org\/{rel}","templated":true}]}}