{"id":4028,"date":"2022-12-12T22:13:15","date_gmt":"2022-12-12T22:13:15","guid":{"rendered":"https:\/\/cauceecologico.org\/?p=4028"},"modified":"2023-06-27T14:30:47","modified_gmt":"2023-06-27T14:30:47","slug":"nuevos-materiales-sobre-hidrovia-paraguay-parana","status":"publish","type":"post","link":"https:\/\/cauceecologico.org\/?p=4028","title":{"rendered":"Nuevos materiales sobre Hidrov\u00eda Paraguay &#8211; Paran\u00e1"},"content":{"rendered":"<p>El 4 de noviembre en Rosario, Fundaci\u00f3n CAUCE y Taller Ecologista realizamos una jornada de debate sobre la situaci\u00f3n actual de la Hidrov\u00eda Paraguay &#8211; Paran\u00e1, en ese espacio presentamos documentos e informes elaborados desde las organizaciones.\u00a0<br aria-hidden=\"true\" \/><br aria-hidden=\"true\" \/>El doctor en Geograf\u00eda, \u00c1lvaro \u00c1lvarez, present\u00f3\u00a0<span style=\"color: #3366ff;\"><a style=\"color: #3366ff;\" href=\"https:\/\/cauceecologico.org\/wp-content\/uploads\/2022\/10\/hpp22web-oct.pdf\"><strong>\u00abHidrov\u00eda Paraguay &#8211; Paran\u00e1: entre el r\u00edo y la autopista fluvial\u00bb<\/strong><\/a><\/span>, documento que se propone contribuir al debate sobre los usos en el r\u00edo Paran\u00e1 y el desarrollo de esta infraestructura de transporte que transforma al Paran\u00e1 en una hidrov\u00eda al servicio de grandes empresas.\u00a0<br aria-hidden=\"true\" \/><br aria-hidden=\"true\" \/>Luis Esp\u00ednola y Ana Pia Rabuffetti, integrantes del INALI (Instituto Nacional de Limnolog\u00eda &#8211; CONICET-UNL), presentaron el documento\u00a0<span style=\"color: #3366ff;\"><a style=\"color: #3366ff;\" href=\"https:\/\/cauceecologico.org\/wp-content\/uploads\/2022\/11\/Informe-Hidrovia-1.pdf\"><strong>\u00abEvaluaci\u00f3n temporal de la gesti\u00f3n ambiental de la Hidrov\u00eda Paraguay &#8211; Paran\u00e1 en el tramo medio e inferior del r\u00edo Paran\u00e1\u00bb<\/strong><\/a><\/span>, realizado junto al doctor Elie Abrial, que analiza la gesti\u00f3n ambiental de los informes de la empresa Hidrov\u00eda S. A. para evaluar los principales impactos que ocasiona esta infraestructura sobre el ecosistema del r\u00edo Paran\u00e1 y proponer medidas para reducir eventuales da\u00f1os y opciones de mitigaci\u00f3n.<\/p>\n\n\t\t<style type=\"text\/css\">\n\t\t\t#gallery-1 {\n\t\t\t\tmargin: auto;\n\t\t\t}\n\t\t\t#gallery-1 .gallery-item {\n\t\t\t\tfloat: left;\n\t\t\t\tmargin-top: 10px;\n\t\t\t\ttext-align: center;\n\t\t\t\twidth: 25%;\n\t\t\t}\n\t\t\t#gallery-1 img {\n\t\t\t\tborder: 2px solid #cfcfcf;\n\t\t\t}\n\t\t\t#gallery-1 .gallery-caption {\n\t\t\t\tmargin-left: 0;\n\t\t\t}\n\t\t\t\/* see gallery_shortcode() in wp-includes\/media.php *\/\n\t\t<\/style>\n\t\t<div id='gallery-1' class='gallery galleryid-4028 gallery-columns-4 gallery-size-large'><dl class='gallery-item'>\n\t\t\t<dt class='gallery-icon landscape'>\n\t\t\t\t<a href='https:\/\/cauceecologico.org\/?attachment_id=4032'><img loading=\"lazy\" decoding=\"async\" width=\"740\" height=\"493\" src=\"https:\/\/cauceecologico.org\/wp-content\/uploads\/2022\/12\/20221104160308_IMG_5155.jpg\" class=\"attachment-large size-large\" alt=\"\" \/><\/a>\n\t\t\t<\/dt><\/dl><dl class='gallery-item'>\n\t\t\t<dt class='gallery-icon landscape'>\n\t\t\t\t<a href='https:\/\/cauceecologico.org\/?attachment_id=4034'><img loading=\"lazy\" decoding=\"async\" width=\"740\" height=\"493\" src=\"https:\/\/cauceecologico.org\/wp-content\/uploads\/2022\/12\/20221104161600_IMG_5170.jpg\" class=\"attachment-large size-large\" alt=\"\" \/><\/a>\n\t\t\t<\/dt><\/dl><dl class='gallery-item'>\n\t\t\t<dt class='gallery-icon landscape'>\n\t\t\t\t<a href='https:\/\/cauceecologico.org\/?attachment_id=4035'><img loading=\"lazy\" decoding=\"async\" width=\"740\" height=\"493\" src=\"https:\/\/cauceecologico.org\/wp-content\/uploads\/2022\/12\/20221104161852_IMG_5190.jpg\" class=\"attachment-large size-large\" alt=\"\" \/><\/a>\n\t\t\t<\/dt><\/dl><dl class='gallery-item'>\n\t\t\t<dt class='gallery-icon landscape'>\n\t\t\t\t<a href='https:\/\/cauceecologico.org\/?attachment_id=4036'><img loading=\"lazy\" decoding=\"async\" width=\"740\" height=\"493\" src=\"https:\/\/cauceecologico.org\/wp-content\/uploads\/2022\/12\/20221104175832_IMG_5224-1.jpg\" class=\"attachment-large size-large\" alt=\"\" \/><\/a>\n\t\t\t<\/dt><\/dl><br style=\"clear: both\" \/>\n\t\t<\/div>\n\n<p>Ver registro audiovisual <strong><span style=\"color: #3366ff;\"><a style=\"color: #3366ff;\" href=\"https:\/\/www.youtube.com\/playlist?list=PLgkpJEv-jfJI0rZNrEA9VVjHI0QuxiBTV\">ac\u00e1<\/a>.<\/span><\/strong><\/p>\n<p><iframe loading=\"lazy\" title=\"Hidrov\u00eda Paraguay-Paran\u00e1: jornada sobre sus impactos\" width=\"740\" height=\"416\" src=\"https:\/\/www.youtube.com\/embed\/videoseries?list=PLgkpJEv-jfJI0rZNrEA9VVjHI0QuxiBTV\" frameborder=\"0\" allow=\"accelerometer; autoplay; clipboard-write; encrypted-media; gyroscope; picture-in-picture; web-share\" allowfullscreen><\/iframe><\/p>\n<p>&nbsp;<\/p>\n","protected":false},"excerpt":{"rendered":"<p>El 4 de noviembre en Rosario, Fundaci\u00f3n CAUCE y Taller Ecologista realizamos una jornada de debate sobre la situaci\u00f3n actual de la Hidrov\u00eda Paraguay &#8211; Paran\u00e1, en ese espacio presentamos documentos e informes elaborados desde las organizaciones.\u00a0El doctor en Geograf\u00eda, \u00c1lvaro \u00c1lvarez, present\u00f3\u00a0\u00abHidrov\u00eda Paraguay &#8211; Paran\u00e1: entre el r\u00edo y la autopista fluvial\u00bb, documento que [&hellip;]<\/p>\n","protected":false},"author":2,"featured_media":4078,"comment_status":"open","ping_status":"open","sticky":false,"template":"","format":"standard","meta":{"om_disable_all_campaigns":false,"_monsterinsights_skip_tracking":false,"amp_status":"","footnotes":""},"categories":[3,275,111,5],"tags":[],"class_list":["post-4028","post","type-post","status-publish","format-standard","has-post-thumbnail","hentry","category-documentos","category-hidrovia-parana-paraguay-hpp","category-info-publica","category-noticias"],"aioseo_notices":[],"aioseo_head":"\n\t\t<!-- All in One SEO 4.9.10 - aioseo.com -->\n\t<meta name=\"description\" content=\"El 4 de noviembre en Rosario, Fundaci\u00f3n CAUCE y Taller Ecologista realizamos una jornada de debate sobre la situaci\u00f3n actual de la Hidrov\u00eda Paraguay - Paran\u00e1, en ese espacio presentamos documentos e informes elaborados desde las organizaciones. El doctor en Geograf\u00eda, \u00c1lvaro \u00c1lvarez, present\u00f3 &quot;Hidrov\u00eda Paraguay - Paran\u00e1: entre el r\u00edo y la autopista fluvial&quot;, documento que\" \/>\n\t<meta name=\"robots\" content=\"max-image-preview:large\" \/>\n\t<meta name=\"author\" content=\"Ana Lucia Vergara\"\/>\n\t<link rel=\"canonical\" href=\"https:\/\/cauceecologico.org\/?p=4028\" \/>\n\t<meta name=\"generator\" content=\"All in One SEO (AIOSEO) 4.9.10\" \/>\n\t\t<meta property=\"og:locale\" content=\"es_ES\" \/>\n\t\t<meta property=\"og:site_name\" content=\"CAUCE - Cultura Ambiental - Causa Ecologista\" \/>\n\t\t<meta property=\"og:type\" content=\"article\" \/>\n\t\t<meta property=\"og:title\" content=\"Nuevos materiales sobre Hidrov\u00eda Paraguay \u2013 Paran\u00e1 - CAUCE\" \/>\n\t\t<meta property=\"og:description\" content=\"El 4 de noviembre en Rosario, Fundaci\u00f3n CAUCE y Taller Ecologista realizamos una jornada de debate sobre la situaci\u00f3n actual de la Hidrov\u00eda Paraguay - Paran\u00e1, en ese espacio presentamos documentos e informes elaborados desde las organizaciones. El doctor en Geograf\u00eda, \u00c1lvaro \u00c1lvarez, present\u00f3 &quot;Hidrov\u00eda Paraguay - Paran\u00e1: entre el r\u00edo y la autopista fluvial&quot;, documento que\" \/>\n\t\t<meta property=\"og:url\" content=\"https:\/\/cauceecologico.org\/?p=4028\" \/>\n\t\t<meta property=\"article:published_time\" content=\"2022-12-12T22:13:15+00:00\" \/>\n\t\t<meta property=\"article:modified_time\" content=\"2023-06-27T14:30:47+00:00\" \/>\n\t\t<meta name=\"twitter:card\" content=\"summary_large_image\" \/>\n\t\t<meta name=\"twitter:title\" content=\"Nuevos materiales sobre Hidrov\u00eda Paraguay \u2013 Paran\u00e1 - CAUCE\" \/>\n\t\t<meta name=\"twitter:description\" content=\"El 4 de noviembre en Rosario, Fundaci\u00f3n CAUCE y Taller Ecologista realizamos una jornada de debate sobre la situaci\u00f3n actual de la Hidrov\u00eda Paraguay - Paran\u00e1, en ese espacio presentamos documentos e informes elaborados desde las organizaciones. El doctor en Geograf\u00eda, \u00c1lvaro \u00c1lvarez, present\u00f3 &quot;Hidrov\u00eda Paraguay - Paran\u00e1: entre el r\u00edo y la autopista fluvial&quot;, documento que\" \/>\n\t\t<script type=\"application\/ld+json\" class=\"aioseo-schema\">\n\t\t\t{\"@context\":\"https:\\\/\\\/schema.org\",\"@graph\":[{\"@type\":\"BlogPosting\",\"@id\":\"https:\\\/\\\/cauceecologico.org\\\/?p=4028#blogposting\",\"name\":\"Nuevos materiales sobre Hidrov\\u00eda Paraguay \\u2013 Paran\\u00e1 - CAUCE\",\"headline\":\"Nuevos materiales sobre Hidrov\\u00eda Paraguay &#8211; Paran\\u00e1\",\"author\":{\"@id\":\"https:\\\/\\\/cauceecologico.org\\\/?author=2#author\"},\"publisher\":{\"@id\":\"https:\\\/\\\/cauceecologico.org\\\/#organization\"},\"image\":{\"@type\":\"ImageObject\",\"url\":\"https:\\\/\\\/cauceecologico.org\\\/wp-content\\\/uploads\\\/2022\\\/12\\\/foto1.jpg\",\"width\":1920,\"height\":1151},\"datePublished\":\"2022-12-12T22:13:15+00:00\",\"dateModified\":\"2023-06-27T14:30:47+00:00\",\"inLanguage\":\"es-ES\",\"mainEntityOfPage\":{\"@id\":\"https:\\\/\\\/cauceecologico.org\\\/?p=4028#webpage\"},\"isPartOf\":{\"@id\":\"https:\\\/\\\/cauceecologico.org\\\/?p=4028#webpage\"},\"articleSection\":\"Documentos, Hidrov\\u00eda Paran\\u00e1-Paraguay (HPP), informaci\\u00f3n p\\u00fablica, Noticias\"},{\"@type\":\"BreadcrumbList\",\"@id\":\"https:\\\/\\\/cauceecologico.org\\\/?p=4028#breadcrumblist\",\"itemListElement\":[{\"@type\":\"ListItem\",\"@id\":\"https:\\\/\\\/cauceecologico.org#listItem\",\"position\":1,\"name\":\"Home\",\"item\":\"https:\\\/\\\/cauceecologico.org\",\"nextItem\":{\"@type\":\"ListItem\",\"@id\":\"https:\\\/\\\/cauceecologico.org\\\/?cat=3#listItem\",\"name\":\"Documentos\"}},{\"@type\":\"ListItem\",\"@id\":\"https:\\\/\\\/cauceecologico.org\\\/?cat=3#listItem\",\"position\":2,\"name\":\"Documentos\",\"item\":\"https:\\\/\\\/cauceecologico.org\\\/?cat=3\",\"nextItem\":{\"@type\":\"ListItem\",\"@id\":\"https:\\\/\\\/cauceecologico.org\\\/?p=4028#listItem\",\"name\":\"Nuevos materiales sobre Hidrov\\u00eda Paraguay &#8211; Paran\\u00e1\"},\"previousItem\":{\"@type\":\"ListItem\",\"@id\":\"https:\\\/\\\/cauceecologico.org#listItem\",\"name\":\"Home\"}},{\"@type\":\"ListItem\",\"@id\":\"https:\\\/\\\/cauceecologico.org\\\/?p=4028#listItem\",\"position\":3,\"name\":\"Nuevos materiales sobre Hidrov\\u00eda Paraguay &#8211; Paran\\u00e1\",\"previousItem\":{\"@type\":\"ListItem\",\"@id\":\"https:\\\/\\\/cauceecologico.org\\\/?cat=3#listItem\",\"name\":\"Documentos\"}}]},{\"@type\":\"Organization\",\"@id\":\"https:\\\/\\\/cauceecologico.org\\\/#organization\",\"name\":\"CAUCE\",\"description\":\"Cultura Ambiental - Causa Ecologista\",\"url\":\"https:\\\/\\\/cauceecologico.org\\\/\"},{\"@type\":\"Person\",\"@id\":\"https:\\\/\\\/cauceecologico.org\\\/?author=2#author\",\"url\":\"https:\\\/\\\/cauceecologico.org\\\/?author=2\",\"name\":\"Ana Lucia Vergara\",\"image\":{\"@type\":\"ImageObject\",\"@id\":\"https:\\\/\\\/cauceecologico.org\\\/?p=4028#authorImage\",\"url\":\"https:\\\/\\\/secure.gravatar.com\\\/avatar\\\/e8720df08f5c466573fb9f3d6cec14bcac9a305e2049123e58e6bc9c03f3a77b?s=96&d=mm&r=g\",\"width\":96,\"height\":96,\"caption\":\"Ana Lucia Vergara\"}},{\"@type\":\"WebPage\",\"@id\":\"https:\\\/\\\/cauceecologico.org\\\/?p=4028#webpage\",\"url\":\"https:\\\/\\\/cauceecologico.org\\\/?p=4028\",\"name\":\"Nuevos materiales sobre Hidrov\\u00eda Paraguay \\u2013 Paran\\u00e1 - CAUCE\",\"description\":\"El 4 de noviembre en Rosario, Fundaci\\u00f3n CAUCE y Taller Ecologista realizamos una jornada de debate sobre la situaci\\u00f3n actual de la Hidrov\\u00eda Paraguay - Paran\\u00e1, en ese espacio presentamos documentos e informes elaborados desde las organizaciones. El doctor en Geograf\\u00eda, \\u00c1lvaro \\u00c1lvarez, present\\u00f3 \\\"Hidrov\\u00eda Paraguay - Paran\\u00e1: entre el r\\u00edo y la autopista fluvial\\\", documento que\",\"inLanguage\":\"es-ES\",\"isPartOf\":{\"@id\":\"https:\\\/\\\/cauceecologico.org\\\/#website\"},\"breadcrumb\":{\"@id\":\"https:\\\/\\\/cauceecologico.org\\\/?p=4028#breadcrumblist\"},\"author\":{\"@id\":\"https:\\\/\\\/cauceecologico.org\\\/?author=2#author\"},\"creator\":{\"@id\":\"https:\\\/\\\/cauceecologico.org\\\/?author=2#author\"},\"image\":{\"@type\":\"ImageObject\",\"url\":\"https:\\\/\\\/cauceecologico.org\\\/wp-content\\\/uploads\\\/2022\\\/12\\\/foto1.jpg\",\"@id\":\"https:\\\/\\\/cauceecologico.org\\\/?p=4028\\\/#mainImage\",\"width\":1920,\"height\":1151},\"primaryImageOfPage\":{\"@id\":\"https:\\\/\\\/cauceecologico.org\\\/?p=4028#mainImage\"},\"datePublished\":\"2022-12-12T22:13:15+00:00\",\"dateModified\":\"2023-06-27T14:30:47+00:00\"},{\"@type\":\"WebSite\",\"@id\":\"https:\\\/\\\/cauceecologico.org\\\/#website\",\"url\":\"https:\\\/\\\/cauceecologico.org\\\/\",\"name\":\"CAUCE\",\"description\":\"Cultura Ambiental - Causa Ecologista\",\"inLanguage\":\"es-ES\",\"publisher\":{\"@id\":\"https:\\\/\\\/cauceecologico.org\\\/#organization\"}}]}\n\t\t<\/script>\n\t\t<!-- All in One SEO -->\n\n","aioseo_head_json":{"title":"Nuevos materiales sobre Hidrov\u00eda Paraguay \u2013 Paran\u00e1 - CAUCE","description":"El 4 de noviembre en Rosario, Fundaci\u00f3n CAUCE y Taller Ecologista realizamos una jornada de debate sobre la situaci\u00f3n actual de la Hidrov\u00eda Paraguay - Paran\u00e1, en ese espacio presentamos documentos e informes elaborados desde las organizaciones. El doctor en Geograf\u00eda, \u00c1lvaro \u00c1lvarez, present\u00f3 \"Hidrov\u00eda Paraguay - Paran\u00e1: entre el r\u00edo y la autopista fluvial\", documento que","canonical_url":"https:\/\/cauceecologico.org\/?p=4028","robots":"max-image-preview:large","keywords":"","webmasterTools":{"miscellaneous":""},"schema":{"@context":"https:\/\/schema.org","@graph":[{"@type":"BlogPosting","@id":"https:\/\/cauceecologico.org\/?p=4028#blogposting","name":"Nuevos materiales sobre Hidrov\u00eda Paraguay \u2013 Paran\u00e1 - CAUCE","headline":"Nuevos materiales sobre Hidrov\u00eda Paraguay &#8211; Paran\u00e1","author":{"@id":"https:\/\/cauceecologico.org\/?author=2#author"},"publisher":{"@id":"https:\/\/cauceecologico.org\/#organization"},"image":{"@type":"ImageObject","url":"https:\/\/cauceecologico.org\/wp-content\/uploads\/2022\/12\/foto1.jpg","width":1920,"height":1151},"datePublished":"2022-12-12T22:13:15+00:00","dateModified":"2023-06-27T14:30:47+00:00","inLanguage":"es-ES","mainEntityOfPage":{"@id":"https:\/\/cauceecologico.org\/?p=4028#webpage"},"isPartOf":{"@id":"https:\/\/cauceecologico.org\/?p=4028#webpage"},"articleSection":"Documentos, Hidrov\u00eda Paran\u00e1-Paraguay (HPP), informaci\u00f3n p\u00fablica, Noticias"},{"@type":"BreadcrumbList","@id":"https:\/\/cauceecologico.org\/?p=4028#breadcrumblist","itemListElement":[{"@type":"ListItem","@id":"https:\/\/cauceecologico.org#listItem","position":1,"name":"Home","item":"https:\/\/cauceecologico.org","nextItem":{"@type":"ListItem","@id":"https:\/\/cauceecologico.org\/?cat=3#listItem","name":"Documentos"}},{"@type":"ListItem","@id":"https:\/\/cauceecologico.org\/?cat=3#listItem","position":2,"name":"Documentos","item":"https:\/\/cauceecologico.org\/?cat=3","nextItem":{"@type":"ListItem","@id":"https:\/\/cauceecologico.org\/?p=4028#listItem","name":"Nuevos materiales sobre Hidrov\u00eda Paraguay &#8211; Paran\u00e1"},"previousItem":{"@type":"ListItem","@id":"https:\/\/cauceecologico.org#listItem","name":"Home"}},{"@type":"ListItem","@id":"https:\/\/cauceecologico.org\/?p=4028#listItem","position":3,"name":"Nuevos materiales sobre Hidrov\u00eda Paraguay &#8211; Paran\u00e1","previousItem":{"@type":"ListItem","@id":"https:\/\/cauceecologico.org\/?cat=3#listItem","name":"Documentos"}}]},{"@type":"Organization","@id":"https:\/\/cauceecologico.org\/#organization","name":"CAUCE","description":"Cultura Ambiental - Causa Ecologista","url":"https:\/\/cauceecologico.org\/"},{"@type":"Person","@id":"https:\/\/cauceecologico.org\/?author=2#author","url":"https:\/\/cauceecologico.org\/?author=2","name":"Ana Lucia Vergara","image":{"@type":"ImageObject","@id":"https:\/\/cauceecologico.org\/?p=4028#authorImage","url":"https:\/\/secure.gravatar.com\/avatar\/e8720df08f5c466573fb9f3d6cec14bcac9a305e2049123e58e6bc9c03f3a77b?s=96&d=mm&r=g","width":96,"height":96,"caption":"Ana Lucia Vergara"}},{"@type":"WebPage","@id":"https:\/\/cauceecologico.org\/?p=4028#webpage","url":"https:\/\/cauceecologico.org\/?p=4028","name":"Nuevos materiales sobre Hidrov\u00eda Paraguay \u2013 Paran\u00e1 - CAUCE","description":"El 4 de noviembre en Rosario, Fundaci\u00f3n CAUCE y Taller Ecologista realizamos una jornada de debate sobre la situaci\u00f3n actual de la Hidrov\u00eda Paraguay - Paran\u00e1, en ese espacio presentamos documentos e informes elaborados desde las organizaciones. El doctor en Geograf\u00eda, \u00c1lvaro \u00c1lvarez, present\u00f3 \"Hidrov\u00eda Paraguay - Paran\u00e1: entre el r\u00edo y la autopista fluvial\", documento que","inLanguage":"es-ES","isPartOf":{"@id":"https:\/\/cauceecologico.org\/#website"},"breadcrumb":{"@id":"https:\/\/cauceecologico.org\/?p=4028#breadcrumblist"},"author":{"@id":"https:\/\/cauceecologico.org\/?author=2#author"},"creator":{"@id":"https:\/\/cauceecologico.org\/?author=2#author"},"image":{"@type":"ImageObject","url":"https:\/\/cauceecologico.org\/wp-content\/uploads\/2022\/12\/foto1.jpg","@id":"https:\/\/cauceecologico.org\/?p=4028\/#mainImage","width":1920,"height":1151},"primaryImageOfPage":{"@id":"https:\/\/cauceecologico.org\/?p=4028#mainImage"},"datePublished":"2022-12-12T22:13:15+00:00","dateModified":"2023-06-27T14:30:47+00:00"},{"@type":"WebSite","@id":"https:\/\/cauceecologico.org\/#website","url":"https:\/\/cauceecologico.org\/","name":"CAUCE","description":"Cultura Ambiental - Causa Ecologista","inLanguage":"es-ES","publisher":{"@id":"https:\/\/cauceecologico.org\/#organization"}}]},"og:locale":"es_ES","og:site_name":"CAUCE - Cultura Ambiental - Causa Ecologista","og:type":"article","og:title":"Nuevos materiales sobre Hidrov\u00eda Paraguay \u2013 Paran\u00e1 - CAUCE","og:description":"El 4 de noviembre en Rosario, Fundaci\u00f3n CAUCE y Taller Ecologista realizamos una jornada de debate sobre la situaci\u00f3n actual de la Hidrov\u00eda Paraguay - Paran\u00e1, en ese espacio presentamos documentos e informes elaborados desde las organizaciones. El doctor en Geograf\u00eda, \u00c1lvaro \u00c1lvarez, present\u00f3 &quot;Hidrov\u00eda Paraguay - Paran\u00e1: entre el r\u00edo y la autopista fluvial&quot;, documento que","og:url":"https:\/\/cauceecologico.org\/?p=4028","article:published_time":"2022-12-12T22:13:15+00:00","article:modified_time":"2023-06-27T14:30:47+00:00","twitter:card":"summary_large_image","twitter:title":"Nuevos materiales sobre Hidrov\u00eda Paraguay \u2013 Paran\u00e1 - CAUCE","twitter:description":"El 4 de noviembre en Rosario, Fundaci\u00f3n CAUCE y Taller Ecologista realizamos una jornada de debate sobre la situaci\u00f3n actual de la Hidrov\u00eda Paraguay - Paran\u00e1, en ese espacio presentamos documentos e informes elaborados desde las organizaciones. El doctor en Geograf\u00eda, \u00c1lvaro \u00c1lvarez, present\u00f3 &quot;Hidrov\u00eda Paraguay - Paran\u00e1: entre el r\u00edo y la autopista fluvial&quot;, documento que"},"aioseo_meta_data":{"post_id":"4028","title":null,"description":null,"keywords":[],"keyphrases":{"focus":{"keyphrase":"","score":0,"analysis":{"keyphraseInTitle":{"score":0,"maxScore":9,"error":1}}},"additional":[]},"primary_term":null,"canonical_url":null,"og_title":null,"og_description":null,"og_object_type":"default","og_image_type":"default","og_image_url":null,"og_image_width":null,"og_image_height":null,"og_image_custom_url":null,"og_image_custom_fields":null,"og_video":"","og_custom_url":null,"og_article_section":null,"og_article_tags":[],"twitter_use_og":false,"twitter_card":"default","twitter_image_type":"default","twitter_image_url":null,"twitter_image_custom_url":null,"twitter_image_custom_fields":null,"twitter_title":null,"twitter_description":null,"schema":{"blockGraphs":[],"customGraphs":[],"default":{"data":{"Article":[],"Course":[],"Dataset":[],"FAQPage":[],"Movie":[],"Person":[],"Product":[],"ProductReview":[],"Car":[],"Recipe":[],"Service":[],"SoftwareApplication":[],"WebPage":[]},"graphName":"","isEnabled":true},"graphs":[]},"schema_type":"default","schema_type_options":null,"pillar_content":false,"robots_default":true,"robots_noindex":false,"robots_noarchive":false,"robots_nosnippet":false,"robots_nofollow":false,"robots_noimageindex":false,"robots_noodp":false,"robots_notranslate":false,"robots_max_snippet":"-1","robots_max_videopreview":"-1","robots_max_imagepreview":"large","priority":0,"frequency":"default","local_seo":null,"limit_modified_date":false,"created":"2023-03-16 21:31:16","updated":"2026-07-28 01:46:05","ai":null,"breadcrumb_settings":null,"seo_analyzer_scan_date":null},"aioseo_breadcrumb":"<div class=\"aioseo-breadcrumbs\"><span class=\"aioseo-breadcrumb\">\n\t\t\t<a href=\"https:\/\/cauceecologico.org\" title=\"Home\">Home<\/a>\n\t\t<\/span><span class=\"aioseo-breadcrumb-separator\">&raquo;<\/span><span class=\"aioseo-breadcrumb\">\n\t\t\t<a href=\"https:\/\/cauceecologico.org\/?cat=3\" title=\"Documentos\">Documentos<\/a>\n\t\t<\/span><span class=\"aioseo-breadcrumb-separator\">&raquo;<\/span><span class=\"aioseo-breadcrumb\">\n\t\t\tNuevos materiales sobre Hidrov\u00eda Paraguay \u2013 Paran\u00e1\n\t\t<\/span><\/div>","aioseo_breadcrumb_json":[{"label":"Home","link":"https:\/\/cauceecologico.org"},{"label":"Documentos","link":"https:\/\/cauceecologico.org\/?cat=3"},{"label":"Nuevos materiales sobre Hidrov\u00eda Paraguay &#8211; Paran\u00e1","link":"https:\/\/cauceecologico.org\/?p=4028"}],"_links":{"self":[{"href":"https:\/\/cauceecologico.org\/index.php?rest_route=\/wp\/v2\/posts\/4028","targetHints":{"allow":["GET"]}}],"collection":[{"href":"https:\/\/cauceecologico.org\/index.php?rest_route=\/wp\/v2\/posts"}],"about":[{"href":"https:\/\/cauceecologico.org\/index.php?rest_route=\/wp\/v2\/types\/post"}],"author":[{"embeddable":true,"href":"https:\/\/cauceecologico.org\/index.php?rest_route=\/wp\/v2\/users\/2"}],"replies":[{"embeddable":true,"href":"https:\/\/cauceecologico.org\/index.php?rest_route=%2Fwp%2Fv2%2Fcomments&post=4028"}],"version-history":[{"count":4,"href":"https:\/\/cauceecologico.org\/index.php?rest_route=\/wp\/v2\/posts\/4028\/revisions"}],"predecessor-version":[{"id":4334,"href":"https:\/\/cauceecologico.org\/index.php?rest_route=\/wp\/v2\/posts\/4028\/revisions\/4334"}],"wp:featuredmedia":[{"embeddable":true,"href":"https:\/\/cauceecologico.org\/index.php?rest_route=\/wp\/v2\/media\/4078"}],"wp:attachment":[{"href":"https:\/\/cauceecologico.org\/index.php?rest_route=%2Fwp%2Fv2%2Fmedia&parent=4028"}],"wp:term":[{"taxonomy":"category","embeddable":true,"href":"https:\/\/cauceecologico.org\/index.php?rest_route=%2Fwp%2Fv2%2Fcategories&post=4028"},{"taxonomy":"post_tag","embeddable":true,"href":"https:\/\/cauceecologico.org\/index.php?rest_route=%2Fwp%2Fv2%2Ftags&post=4028"}],"curies":[{"name":"wp","href":"https:\/\/api.w.org\/{rel}","templated":true}]}}